{"id":68491,"date":"2013-02-09T00:49:05","date_gmt":"2013-02-08T23:49:05","guid":{"rendered":"http:\/\/www.visit-ulcinj.com\/blog\/?p=68491"},"modified":"2013-02-09T00:49:05","modified_gmt":"2013-02-08T23:49:05","slug":"ulcinj-otvaranje-mosta-port-milena-u-aprilu","status":"publish","type":"post","link":"https:\/\/www.visit-ulcinj.com\/blog\/2013\/02\/09\/ulcinj-otvaranje-mosta-port-milena-u-aprilu\/","title":{"rendered":"Ulcinj: Otvaranje mosta Port Milena u aprilu"},"content":{"rendered":"<p><a href=\"http:\/\/www.visit-ulcinj.com\/blog\/wp-content\/uploads\/2013\/02\/NazifCungu_Ivan-Brajovic_port-milena_ulcinj.png\"><img loading=\"lazy\" class=\"alignleft  wp-image-68474\" alt=\"NazifCungu_Ivan Brajovic_port milena_ulcinj\" src=\"http:\/\/www.visit-ulcinj.com\/blog\/wp-content\/uploads\/2013\/02\/NazifCungu_Ivan-Brajovic_port-milena_ulcinj.png\" width=\"508\" height=\"360\" \/><\/a>Najskuplji infrastrukturni projekat u Crnoj Gori, gradnja mosta Port Milena u Ulcinju, bi\u0107e zavr\u0161en krajem marta i pu\u0161ten u funkciju po\u010detkom aprila, najavili su danas predstavnici Vlade i lokalne uprave.<\/p>\n<p>Ministar saobra\u0107aja Ivan Brajovi\u0107 precizirao je da je rije\u010d o investiciji od 13,9 miliona eura, isti\u010du\u0107i da \u0107e most zna\u010dajno rasteretiti saobra\u0107aj i relaksirati, kako je rekao, nezamislive gu\u017eve tokom ljetnjih mjeseci.<\/p>\n<p>-Ovo je najzna\u010dajnija investicija iz oblasti saobra\u0107aja. Du\u017eina zahvata mosta je 920 metara, dok je most dug 350 i \u0161irok 20,3 metara, sa \u010detiri trake za vozila, razdijelnim ostrvom i trakama za pje\u0161ake. Nakon zavr\u0161etka projekta ima\u0107emo jedan od najljep\u0161ih prilaza Ulcinju- naveo je Brajovi\u0107.<\/p>\n<p>Podsjetio je da je gradnja mosta povjerena slovena\u010dkoj firmi Primorje, koja je sredinom pro\u0161le godine odustala od projekta zbog finansijskih problema, tako da zavr\u0161ne radove izvode podizvo\u0111a\u010di, predvo\u0111eni firmama Bemaks i Metalac.<\/p>\n<p>Predsjednik op\u0161tine Ulcinj Nazif Cungu naglasio je da se bez mosta na Port Mileni ne mo\u017ee zamisliti razvoj turizma na Velikoj pla\u017ei.<\/p>\n<p>-Zahvaljujem se vlasnicima zemlji\u0161ta na kojem se gradi kru\u017eni tok na razumijevanju. Ovim \u0107e se bulevar nastaviti sve do Velike pla\u017ee- kazao je Cungu.<\/p>\n<p>Brajovi\u0107 je ponovio da su najozbiljniji kandidati za realizaciju gradnje autoputa od Bara do granice ss Srbijom Evropska investiciona banka, konzorcijum Enka- Behtel i kineski partneri.<\/p>\n<p>-Svakodnevno primamo zainteresovane- razgovarao sam sa potencijalnim partnerima iz Poljske i Velike britanije, a o\u010dekujemo i partnere iz Indije. Dakle, ni\u0161ta ne\u0107emo prepustiti slu\u010daju i razgovara\u0107emo sa svima o eventualnom anga\u017emanu. Osnovni uslovi u pregovorima su najbolja finansijska ponuda i \u0161to br\u017ei po\u010detak radova. U optimisti\u010dnoj varijanti, autoput bi po\u010deo da se gradi u drugoj polovini ove godine- rekao je Brajovi\u0107.<\/p>\n<p><strong>Analitika &#8211; Informativni Portal<\/strong><\/p>\n<p><strong>Esklizive Video \u201cPortal Analitika\u201d &#8211; Klikni i Blokiraj video<\/strong><\/p>\n<p>1.[flv]http:\/\/www.infobiro.info\/files\/webvideo02cg\/Ulcinj%20Ivan%20Brajovic%20Ministar%20pomorstva%20i%20saobracaja%20tokom%20obilaska%20radova%20na%20Port%20Mileni.flv[\/flv]<\/p>\n<p>2.[flv]http:\/\/www.infobiro.info\/files\/webvideo02cg\/Ulcinj%20Predsjednik%20Opstine%20Ulcinj%20Nazif%20Cungu%20o%20znacaju%20mosta%20Port%20Milena.flv[\/flv]<\/p>\n<p>3.[flv]http:\/\/www.infobiro.info\/files\/webvideo02cg\/Ulcinj%20Obilazak%20radova%20na%20mostu%20preko%20kanala%20Port%20Milena%20KADROVI.flv[\/flv]<\/p>\n","protected":false},"excerpt":{"rendered":"<p>Najskuplji infrastrukturni projekat u Crnoj Gori, gradnja mosta Port Milena u Ulcinju, bi\u0107e zavr\u0161en krajem marta i pu\u0161ten u funkciju po\u010detkom aprila, najavili su danas predstavnici Vlade i lokalne uprave. Ministar saobra\u0107aja Ivan Brajovi\u0107 precizirao je da je rije\u010d o investiciji od 13,9 miliona eura, isti\u010du\u0107i da \u0107e most zna\u010dajno rasteretiti saobra\u0107aj i relaksirati, kako [&hellip;]<\/p>\n","protected":false},"author":1,"featured_media":0,"comment_status":"open","ping_status":"closed","sticky":false,"template":"","format":"standard","meta":{"spay_email":"","jetpack_publicize_message":"","jetpack_is_tweetstorm":false,"jetpack_publicize_feature_enabled":true},"categories":[8337],"tags":[21780,21779,118,295,21778,19],"jetpack_publicize_connections":[],"yoast_head":"<!-- This site is optimized with the Yoast SEO plugin v19.1 - https:\/\/yoast.com\/wordpress\/plugins\/seo\/ -->\n<title>Ulcinj: Otvaranje mosta Port Milena u aprilu - Lajme nga Ulqini<\/title>\n<meta name=\"description\" content=\"Najskuplji infrastrukturni projekat u Crnoj Gori, gradnja mosta Port Milena u Ulcinju, bi\u0107e zavr\u0161en krajem marta i pu\u0161ten u funkciju po\u010detkom aprila,\" \/>\n<meta name=\"robots\" content=\"index, follow, max-snippet:-1, max-image-preview:large, max-video-preview:-1\" \/>\n<link rel=\"canonical\" href=\"https:\/\/www.visit-ulcinj.com\/blog\/2013\/02\/09\/ulcinj-otvaranje-mosta-port-milena-u-aprilu\/\" \/>\n<meta property=\"og:locale\" content=\"en_US\" \/>\n<meta property=\"og:type\" content=\"article\" \/>\n<meta property=\"og:title\" content=\"Ulcinj: Otvaranje mosta Port Milena u aprilu - Lajme nga Ulqini\" \/>\n<meta property=\"og:description\" content=\"Najskuplji infrastrukturni projekat u Crnoj Gori, gradnja mosta Port Milena u Ulcinju, bi\u0107e zavr\u0161en krajem marta i pu\u0161ten u funkciju po\u010detkom aprila,\" \/>\n<meta property=\"og:url\" content=\"https:\/\/www.visit-ulcinj.com\/blog\/2013\/02\/09\/ulcinj-otvaranje-mosta-port-milena-u-aprilu\/\" \/>\n<meta property=\"og:site_name\" content=\"Lajme nga Ulqini\" \/>\n<meta property=\"article:published_time\" content=\"2013-02-08T23:49:05+00:00\" \/>\n<meta property=\"og:image\" content=\"http:\/\/www.visit-ulcinj.com\/blog\/wp-content\/uploads\/2013\/02\/NazifCungu_Ivan-Brajovic_port-milena_ulcinj.png\" \/>\n<meta name=\"twitter:label1\" content=\"Written by\" \/>\n\t<meta name=\"twitter:data1\" content=\"ulqini\" \/>\n\t<meta name=\"twitter:label2\" content=\"Est. reading time\" \/>\n\t<meta name=\"twitter:data2\" content=\"2 minutes\" \/>\n<script type=\"application\/ld+json\" class=\"yoast-schema-graph\">{\"@context\":\"https:\/\/schema.org\",\"@graph\":[{\"@type\":\"WebSite\",\"@id\":\"https:\/\/www.visit-ulcinj.com\/blog\/#website\",\"url\":\"https:\/\/www.visit-ulcinj.com\/blog\/\",\"name\":\"Lajme nga Ulqini\",\"description\":\"Lajme,Vijesti,Ulqini,Ulqin,Crna Gora,Mali i Zi\",\"potentialAction\":[{\"@type\":\"SearchAction\",\"target\":{\"@type\":\"EntryPoint\",\"urlTemplate\":\"https:\/\/www.visit-ulcinj.com\/blog\/?s={search_term_string}\"},\"query-input\":\"required name=search_term_string\"}],\"inLanguage\":\"en-US\"},{\"@type\":\"ImageObject\",\"inLanguage\":\"en-US\",\"@id\":\"https:\/\/www.visit-ulcinj.com\/blog\/2013\/02\/09\/ulcinj-otvaranje-mosta-port-milena-u-aprilu\/#primaryimage\",\"url\":\"https:\/\/www.visit-ulcinj.com\/blog\/wp-content\/uploads\/2013\/02\/NazifCungu_Ivan-Brajovic_port-milena_ulcinj.png\",\"contentUrl\":\"https:\/\/www.visit-ulcinj.com\/blog\/wp-content\/uploads\/2013\/02\/NazifCungu_Ivan-Brajovic_port-milena_ulcinj.png\",\"width\":429,\"height\":389},{\"@type\":\"WebPage\",\"@id\":\"https:\/\/www.visit-ulcinj.com\/blog\/2013\/02\/09\/ulcinj-otvaranje-mosta-port-milena-u-aprilu\/#webpage\",\"url\":\"https:\/\/www.visit-ulcinj.com\/blog\/2013\/02\/09\/ulcinj-otvaranje-mosta-port-milena-u-aprilu\/\",\"name\":\"Ulcinj: Otvaranje mosta Port Milena u aprilu - Lajme nga Ulqini\",\"isPartOf\":{\"@id\":\"https:\/\/www.visit-ulcinj.com\/blog\/#website\"},\"primaryImageOfPage\":{\"@id\":\"https:\/\/www.visit-ulcinj.com\/blog\/2013\/02\/09\/ulcinj-otvaranje-mosta-port-milena-u-aprilu\/#primaryimage\"},\"datePublished\":\"2013-02-08T23:49:05+00:00\",\"dateModified\":\"2013-02-08T23:49:05+00:00\",\"author\":{\"@id\":\"https:\/\/www.visit-ulcinj.com\/blog\/#\/schema\/person\/dcab619c614d3038751c63bc2aadc06d\"},\"description\":\"Najskuplji infrastrukturni projekat u Crnoj Gori, gradnja mosta Port Milena u Ulcinju, bi\u0107e zavr\u0161en krajem marta i pu\u0161ten u funkciju po\u010detkom aprila,\",\"breadcrumb\":{\"@id\":\"https:\/\/www.visit-ulcinj.com\/blog\/2013\/02\/09\/ulcinj-otvaranje-mosta-port-milena-u-aprilu\/#breadcrumb\"},\"inLanguage\":\"en-US\",\"potentialAction\":[{\"@type\":\"ReadAction\",\"target\":[\"https:\/\/www.visit-ulcinj.com\/blog\/2013\/02\/09\/ulcinj-otvaranje-mosta-port-milena-u-aprilu\/\"]}]},{\"@type\":\"BreadcrumbList\",\"@id\":\"https:\/\/www.visit-ulcinj.com\/blog\/2013\/02\/09\/ulcinj-otvaranje-mosta-port-milena-u-aprilu\/#breadcrumb\",\"itemListElement\":[{\"@type\":\"ListItem\",\"position\":1,\"name\":\"Ulcinj: Otvaranje mosta Port Milena u aprilu\"}]},{\"@type\":\"Person\",\"@id\":\"https:\/\/www.visit-ulcinj.com\/blog\/#\/schema\/person\/dcab619c614d3038751c63bc2aadc06d\",\"name\":\"ulqini\",\"sameAs\":[\"http:\/\/www.visit-ulcinj.com\"],\"url\":\"https:\/\/www.visit-ulcinj.com\/blog\/author\/admin\/\"}]}<\/script>\n<!-- \/ Yoast SEO plugin. -->","yoast_head_json":{"title":"Ulcinj: Otvaranje mosta Port Milena u aprilu - Lajme nga Ulqini","description":"Najskuplji infrastrukturni projekat u Crnoj Gori, gradnja mosta Port Milena u Ulcinju, bi\u0107e zavr\u0161en krajem marta i pu\u0161ten u funkciju po\u010detkom aprila,","robots":{"index":"index","follow":"follow","max-snippet":"max-snippet:-1","max-image-preview":"max-image-preview:large","max-video-preview":"max-video-preview:-1"},"canonical":"https:\/\/www.visit-ulcinj.com\/blog\/2013\/02\/09\/ulcinj-otvaranje-mosta-port-milena-u-aprilu\/","og_locale":"en_US","og_type":"article","og_title":"Ulcinj: Otvaranje mosta Port Milena u aprilu - Lajme nga Ulqini","og_description":"Najskuplji infrastrukturni projekat u Crnoj Gori, gradnja mosta Port Milena u Ulcinju, bi\u0107e zavr\u0161en krajem marta i pu\u0161ten u funkciju po\u010detkom aprila,","og_url":"https:\/\/www.visit-ulcinj.com\/blog\/2013\/02\/09\/ulcinj-otvaranje-mosta-port-milena-u-aprilu\/","og_site_name":"Lajme nga Ulqini","article_published_time":"2013-02-08T23:49:05+00:00","og_image":[{"url":"http:\/\/www.visit-ulcinj.com\/blog\/wp-content\/uploads\/2013\/02\/NazifCungu_Ivan-Brajovic_port-milena_ulcinj.png"}],"twitter_misc":{"Written by":"ulqini","Est. reading time":"2 minutes"},"schema":{"@context":"https:\/\/schema.org","@graph":[{"@type":"WebSite","@id":"https:\/\/www.visit-ulcinj.com\/blog\/#website","url":"https:\/\/www.visit-ulcinj.com\/blog\/","name":"Lajme nga Ulqini","description":"Lajme,Vijesti,Ulqini,Ulqin,Crna Gora,Mali i Zi","potentialAction":[{"@type":"SearchAction","target":{"@type":"EntryPoint","urlTemplate":"https:\/\/www.visit-ulcinj.com\/blog\/?s={search_term_string}"},"query-input":"required name=search_term_string"}],"inLanguage":"en-US"},{"@type":"ImageObject","inLanguage":"en-US","@id":"https:\/\/www.visit-ulcinj.com\/blog\/2013\/02\/09\/ulcinj-otvaranje-mosta-port-milena-u-aprilu\/#primaryimage","url":"https:\/\/www.visit-ulcinj.com\/blog\/wp-content\/uploads\/2013\/02\/NazifCungu_Ivan-Brajovic_port-milena_ulcinj.png","contentUrl":"https:\/\/www.visit-ulcinj.com\/blog\/wp-content\/uploads\/2013\/02\/NazifCungu_Ivan-Brajovic_port-milena_ulcinj.png","width":429,"height":389},{"@type":"WebPage","@id":"https:\/\/www.visit-ulcinj.com\/blog\/2013\/02\/09\/ulcinj-otvaranje-mosta-port-milena-u-aprilu\/#webpage","url":"https:\/\/www.visit-ulcinj.com\/blog\/2013\/02\/09\/ulcinj-otvaranje-mosta-port-milena-u-aprilu\/","name":"Ulcinj: Otvaranje mosta Port Milena u aprilu - Lajme nga Ulqini","isPartOf":{"@id":"https:\/\/www.visit-ulcinj.com\/blog\/#website"},"primaryImageOfPage":{"@id":"https:\/\/www.visit-ulcinj.com\/blog\/2013\/02\/09\/ulcinj-otvaranje-mosta-port-milena-u-aprilu\/#primaryimage"},"datePublished":"2013-02-08T23:49:05+00:00","dateModified":"2013-02-08T23:49:05+00:00","author":{"@id":"https:\/\/www.visit-ulcinj.com\/blog\/#\/schema\/person\/dcab619c614d3038751c63bc2aadc06d"},"description":"Najskuplji infrastrukturni projekat u Crnoj Gori, gradnja mosta Port Milena u Ulcinju, bi\u0107e zavr\u0161en krajem marta i pu\u0161ten u funkciju po\u010detkom aprila,","breadcrumb":{"@id":"https:\/\/www.visit-ulcinj.com\/blog\/2013\/02\/09\/ulcinj-otvaranje-mosta-port-milena-u-aprilu\/#breadcrumb"},"inLanguage":"en-US","potentialAction":[{"@type":"ReadAction","target":["https:\/\/www.visit-ulcinj.com\/blog\/2013\/02\/09\/ulcinj-otvaranje-mosta-port-milena-u-aprilu\/"]}]},{"@type":"BreadcrumbList","@id":"https:\/\/www.visit-ulcinj.com\/blog\/2013\/02\/09\/ulcinj-otvaranje-mosta-port-milena-u-aprilu\/#breadcrumb","itemListElement":[{"@type":"ListItem","position":1,"name":"Ulcinj: Otvaranje mosta Port Milena u aprilu"}]},{"@type":"Person","@id":"https:\/\/www.visit-ulcinj.com\/blog\/#\/schema\/person\/dcab619c614d3038751c63bc2aadc06d","name":"ulqini","sameAs":["http:\/\/www.visit-ulcinj.com"],"url":"https:\/\/www.visit-ulcinj.com\/blog\/author\/admin\/"}]}},"jetpack_featured_media_url":"","jetpack_sharing_enabled":true,"jetpack_shortlink":"https:\/\/wp.me\/pe6lTn-hOH","_links":{"self":[{"href":"https:\/\/www.visit-ulcinj.com\/blog\/wp-json\/wp\/v2\/posts\/68491"}],"collection":[{"href":"https:\/\/www.visit-ulcinj.com\/blog\/wp-json\/wp\/v2\/posts"}],"about":[{"href":"https:\/\/www.visit-ulcinj.com\/blog\/wp-json\/wp\/v2\/types\/post"}],"author":[{"embeddable":true,"href":"https:\/\/www.visit-ulcinj.com\/blog\/wp-json\/wp\/v2\/users\/1"}],"replies":[{"embeddable":true,"href":"https:\/\/www.visit-ulcinj.com\/blog\/wp-json\/wp\/v2\/comments?post=68491"}],"version-history":[{"count":1,"href":"https:\/\/www.visit-ulcinj.com\/blog\/wp-json\/wp\/v2\/posts\/68491\/revisions"}],"predecessor-version":[{"id":68492,"href":"https:\/\/www.visit-ulcinj.com\/blog\/wp-json\/wp\/v2\/posts\/68491\/revisions\/68492"}],"wp:attachment":[{"href":"https:\/\/www.visit-ulcinj.com\/blog\/wp-json\/wp\/v2\/media?parent=68491"}],"wp:term":[{"taxonomy":"category","embeddable":true,"href":"https:\/\/www.visit-ulcinj.com\/blog\/wp-json\/wp\/v2\/categories?post=68491"},{"taxonomy":"post_tag","embeddable":true,"href":"https:\/\/www.visit-ulcinj.com\/blog\/wp-json\/wp\/v2\/tags?post=68491"}],"curies":[{"name":"wp","href":"https:\/\/api.w.org\/{rel}","templated":true}]}}