{"id":68513,"date":"2013-02-09T09:07:50","date_gmt":"2013-02-09T08:07:50","guid":{"rendered":"http:\/\/www.visit-ulcinj.com\/blog\/?p=68513"},"modified":"2013-02-10T10:13:54","modified_gmt":"2013-02-10T09:13:54","slug":"noizy-kam-bere-seks-me-tunen-dhe-adelinen-jane-te-egra-ne-shtrat","status":"publish","type":"post","link":"https:\/\/www.visit-ulcinj.com\/blog\/2013\/02\/09\/noizy-kam-bere-seks-me-tunen-dhe-adelinen-jane-te-egra-ne-shtrat\/","title":{"rendered":"NOIZY: Kam b\u00ebr\u00eb seks me Tun\u00ebn dhe Adelin\u00ebn, jan\u00eb t\u00eb egra n\u00eb shtrat&#8230;"},"content":{"rendered":"<div><a href=\"http:\/\/www.visit-ulcinj.com\/blog\/wp-content\/uploads\/2013\/02\/Noizy.jpg\"><img loading=\"lazy\" class=\"alignleft  wp-image-68514\" alt=\"Noizy\" src=\"http:\/\/www.visit-ulcinj.com\/blog\/wp-content\/uploads\/2013\/02\/Noizy.jpg\" width=\"508\" height=\"367\" \/><\/a>A \u00ebsht\u00eb kjo nga intervistat\u00a0m\u00eb t\u00eb forta q\u00eb keni lexuar ndonj\u00ebher\u00eb? Absolutisht po! Noizy, reperi m\u00eb i p\u00ebrfolur shqiptar, rr\u00ebfen n\u00eb k\u00ebt\u00eb intervist\u00eb p\u00ebr \u201cBluetooth\u201d, jet\u00ebn e tij seksuale dhe jo vet\u00ebm&#8230; Pasuria dhe muzika, jan\u00eb dy stacionet e tjera ku jemi ndalur. Po p\u00ebr t\u00eb mos u zgjatur, ju ftojm\u00eb t\u00eb lexoni intervist\u00ebn e m\u00ebposhtme, q\u00eb do t\u2019ju l\u00ebr\u00eb pa frym\u00eb.<\/div>\n<div><strong>Sa koh\u00eb ke pa b\u00ebr\u00eb seks, se m\u00eb dukesh me nerva?<\/strong><\/div>\n<div>Kam gati 1 or\u00eb, po k\u00ebshtu dukem n\u00eb p\u00ebrgjith\u00ebsi, nuk m\u00eb ndryshon seksi.<\/div>\n<div><strong>At\u00ebher\u00eb, pse je me nerva?\u00a0<\/strong><\/div>\n<div>Sepse m\u00eb acaron ti, q\u00eb m\u00eb k\u00ebrkon intervista \u00e7do 1 jav\u00eb.<\/div>\n<div><strong>Si e ka emrin vajza e fundit me t\u00eb cil\u00ebn ke fjetur?\u00a0<\/strong><\/div>\n<div>Denisa.<\/div>\n<div><strong>Po nga showbiz-i?<\/strong><\/div>\n<div>Hm\u2026 Duhet patjet\u00ebr nj\u00eb p\u00ebrgjigje?<\/div>\n<div>Ok, po ta b\u00ebj m\u00eb t\u00eb thjesht\u00eb. Tuna, Adelina Tahiri, Adelina Berisha\u2026<\/div>\n<div><strong>Ke shkuar me to?<\/strong><\/div>\n<div>Po.<\/div>\n<div><strong>Si jan\u00eb k\u00ebto n\u00eb shtrat?\u00a0<\/strong><\/div>\n<div>T\u00eb egra.<\/div>\n<div><strong>Cila \u00ebsht\u00eb m\u00eb e mir\u00eb?<\/strong><\/div>\n<div>Tuna.<\/div>\n<div><strong>Sa her\u00eb kalon ereksion brenda nj\u00eb nate?<\/strong><\/div>\n<div>Vdeksh (qesh).<\/div>\n<div><strong>Sa ka vajtur numri i vajzave me t\u00eb cilat ke fjetur?<\/strong><\/div>\n<div>Nuk i kam num\u00ebruar, e kam humbur fillin q\u00eb kur kam qen\u00eb 16 vje\u00e7.<\/div>\n<div><a href=\"http:\/\/www.visit-ulcinj.com\/blog\/wp-content\/uploads\/2013\/02\/tunasejdi-adelinatahiri.jpg\"><img loading=\"lazy\" class=\"alignleft  wp-image-68515\" alt=\"tunasejdi-adelinatahiri\" src=\"http:\/\/www.visit-ulcinj.com\/blog\/wp-content\/uploads\/2013\/02\/tunasejdi-adelinatahiri.jpg\" width=\"508\" height=\"302\" \/><\/a><\/div>\n<div><strong>Kurioz\u00eb jemi t\u00eb m\u00ebsojm\u00eb se si \u00ebsht\u00eb Noizy n\u00eb nj\u00eb marr\u00ebdh\u00ebnie?\u00a0<\/strong><\/div>\n<div>Varet nga momenti, situata dhe vendi.<\/div>\n<div><strong>Je tip romantik?<\/strong><\/div>\n<div>Her\u00eb pas here.<\/div>\n<div><strong>Zakonisht, si i zgjedh t\u00eb dashurat?\u00a0<\/strong><\/div>\n<div>Superseksi dhe pa mend.<\/div>\n<div><strong>Mendon se \u00ebsht\u00eb i r\u00ebnd\u00ebsish\u00ebm seksi n\u00eb nj\u00eb marr\u00ebdh\u00ebnie?\u00a0<\/strong><\/div>\n<div>Normal q\u00eb \u00ebsht\u00eb i r\u00ebnd\u00ebsish\u00ebm, por jo gj\u00ebja kryesore.<\/div>\n<div><strong>Sa her\u00eb n\u00eb muaj b\u00ebn seks?<\/strong><\/div>\n<div>Shum\u00eb her\u00eb.<\/div>\n<div><strong>T\u00eb ka ndodhur ndonj\u00ebher\u00eb t\u00eb b\u00ebsh seks vet\u00ebm p\u00ebr nj\u00eb nat\u00eb (one night stand)?\u00a0<\/strong><\/div>\n<div>Ndonj\u00ebher\u00eb?!<\/div>\n<div><strong>Ok, \u00e7\u2019ke menduar n\u00eb m\u00ebngjes?\u00a0<\/strong><\/div>\n<div>Nuk mendoj shum\u00eb p\u00ebr gj\u00ebrat q\u00eb nuk kan\u00eb shum\u00eb r\u00ebnd\u00ebsi n\u00eb jet\u00ebn time.<\/div>\n<div><strong>B\u00ebn seks t\u00eb sigurt? Merr masa mbrojt\u00ebse?\u00a0<\/strong><\/div>\n<div>Me ato q\u00eb nuk i njoh, po.<\/div>\n<div><strong>Kur je n\u00eb shtrat vet\u00ebm, \u00e7far\u00eb mendon?<\/strong><\/div>\n<div>Mendoj p\u00ebr suksesin, se si do e doja jet\u00ebn n\u00eb t\u00eb ardhmen, derisa m\u00eb z\u00eb gjumi. Pastaj kur zgjohem, shoh q\u00eb at\u00eb jet\u00eb po e jetoj.<\/div>\n<div><strong>Masturbon n\u00eb k\u00ebt\u00eb mosh\u00eb, apo e ke kaluar at\u00eb stad?<\/strong><\/div>\n<div>Ai stad kalohet vet\u00ebm kur s\u2019ke fuqi m\u00eb p\u00ebr t\u00eb ecur. Le t\u00eb thot\u00eb kush t\u00eb doj\u00eb q\u00eb s\u2019e b\u00ebn. G\u00ebnjen.<\/div>\n<div><strong>Aktualisht, ke nj\u00eb fem\u00ebr n\u00eb krah, Noizy?\u00a0<\/strong><\/div>\n<div>Jo.<\/div>\n<div><strong>T\u00eb p\u00eblqen ndonj\u00eb?<\/strong><\/div>\n<div>Po.<\/div>\n<div><strong>Ka nj\u00eb artiste t\u00eb cil\u00ebn do doje ta kishe t\u00eb dashur?<\/strong><\/div>\n<div>Jo.<\/div>\n<div><strong>T\u00eb ka propozuar ndonj\u00eb fanse?\u00a0<\/strong><\/div>\n<div>Shum\u00eb her\u00eb.<\/div>\n<div><strong>\u00c7\u2019mendon p\u00ebr homoseksual\u00ebt?<\/strong><\/div>\n<div>Nuk mendoj fare p\u00ebr ta.<\/div>\n<div><strong>T\u00eb ka gjuajtur ndonj\u00ebher\u00eb nj\u00eb gay?\u00a0<\/strong><\/div>\n<div>Jo, shyqyr Zotit.<\/div>\n<div><strong>T\u00eb flasim pak tani p\u00ebr muzik\u00ebn, p\u00ebr planet e tua&#8230; Ndonj\u00eb k\u00ebng\u00eb t\u00eb re?\u00a0<\/strong><\/div>\n<div>Muzik\u00eb prodhoj \u00e7do dit\u00eb, pasi kam studion time dhe punoj pa kufij.<\/div>\n<div><strong>P\u00ebrve\u00e7se k\u00ebng\u00ebtar, je edhe producent; si po ec\u00ebn studioja, po b\u00ebn biznes?\u00a0<\/strong><\/div>\n<div>N\u00eb studio punoj vet\u00ebm p\u00ebr veten dhe \u00e7unat e grupit p\u00ebr momentin, por edhe p\u00ebr disa koleg\u00eb mund t\u00eb punoj, pse jo!<\/div>\n<div><strong>Noizy, p\u00ebrflitesh si nj\u00eb prej k\u00ebng\u00ebtar\u00ebve m\u00eb t\u00eb pasur. Sa e madhe \u00ebsht\u00eb pasuria jote? Sa sht\u00ebpi ke n\u00eb pron\u00ebsi dhe a \u00ebsht\u00eb e v\u00ebrtet\u00eb q\u00eb vila ku jeton ka nj\u00eb vler\u00eb prej qindra-mij\u00ebra eurosh?<\/strong><\/div>\n<div>Fati im \u00ebsht\u00eb se familjen e kam mir\u00eb me biznese dhe \u00e7do p\u00ebrfitim q\u00eb kam nga muzika mbetet aty, por t\u00eb siguroj q\u00eb pasuria nuk \u00ebsht\u00eb e vog\u00ebl p\u00ebr mosh\u00ebn time. Sht\u00ebpi n\u00eb emrin tim kam tre; vet\u00ebm studioja m\u00eb ka kushtuar 200.000 euro, pasi edhe e kam bler\u00eb ambientin, nuk jam me qira. Edhe vila \u00ebsht\u00eb goxha e kushtueshme. Jeta \u00ebsht\u00eb perfekte.<\/div>\n<div><strong>Ke nj\u00eb fiksim t\u00eb madh pas makinave, apo jo<\/strong>?<\/div>\n<div>Shum\u00eb, \u00e7mendem pas shpejt\u00ebsis\u00eb&#8230;<\/div>\n<div><strong>Sa t\u00eb tilla ke?<\/strong><\/div>\n<div>Kat\u00ebr.<\/div>\n<div><\/div>\n<div><strong>Burimi: Bluetooth<\/strong><\/div>\n<div><!--YouTube Error: bad URL entered--><\/div>\n","protected":false},"excerpt":{"rendered":"<p>A \u00ebsht\u00eb kjo nga intervistat\u00a0m\u00eb t\u00eb forta q\u00eb keni lexuar ndonj\u00ebher\u00eb? Absolutisht po! Noizy, reperi m\u00eb i p\u00ebrfolur shqiptar, rr\u00ebfen n\u00eb k\u00ebt\u00eb intervist\u00eb p\u00ebr \u201cBluetooth\u201d, jet\u00ebn e tij seksuale dhe jo vet\u00ebm&#8230; Pasuria dhe muzika, jan\u00eb dy stacionet e tjera ku jemi ndalur. Po p\u00ebr t\u00eb mos u zgjatur, ju ftojm\u00eb t\u00eb lexoni intervist\u00ebn e [&hellip;]<\/p>\n","protected":false},"author":1,"featured_media":0,"comment_status":"open","ping_status":"closed","sticky":false,"template":"","format":"standard","meta":{"spay_email":"","jetpack_publicize_message":"","jetpack_is_tweetstorm":false,"jetpack_publicize_feature_enabled":true},"categories":[1],"tags":[6597,12963,20808,19677,4926,20070,7895,19806,4888,19641,16036,19514,9004,5051,19511,17191,19459,4953,4964,20816,19870,6693,4684,19460],"jetpack_publicize_connections":[],"yoast_head":"<!-- This site is optimized with the Yoast SEO plugin v19.1 - https:\/\/yoast.com\/wordpress\/plugins\/seo\/ -->\n<title>NOIZY: Kam b\u00ebr\u00eb seks me Tun\u00ebn dhe Adelin\u00ebn, jan\u00eb t\u00eb egra n\u00eb shtrat... - Lajme nga Ulqini<\/title>\n<meta name=\"description\" content=\"A \u00ebsht\u00eb kjo nga intervistat\u00a0m\u00eb t\u00eb forta q\u00eb keni lexuar ndonj\u00ebher\u00eb? Absolutisht po! Noizy, reperi m\u00eb i p\u00ebrfolur shqiptar, rr\u00ebfen n\u00eb k\u00ebt\u00eb intervist\u00eb p\u00ebr\" \/>\n<meta name=\"robots\" content=\"index, follow, max-snippet:-1, max-image-preview:large, max-video-preview:-1\" \/>\n<link rel=\"canonical\" href=\"https:\/\/www.visit-ulcinj.com\/blog\/2013\/02\/09\/noizy-kam-bere-seks-me-tunen-dhe-adelinen-jane-te-egra-ne-shtrat\/\" \/>\n<meta property=\"og:locale\" content=\"en_US\" \/>\n<meta property=\"og:type\" content=\"article\" \/>\n<meta property=\"og:title\" content=\"NOIZY: Kam b\u00ebr\u00eb seks me Tun\u00ebn dhe Adelin\u00ebn, jan\u00eb t\u00eb egra n\u00eb shtrat... - Lajme nga Ulqini\" \/>\n<meta property=\"og:description\" content=\"A \u00ebsht\u00eb kjo nga intervistat\u00a0m\u00eb t\u00eb forta q\u00eb keni lexuar ndonj\u00ebher\u00eb? Absolutisht po! Noizy, reperi m\u00eb i p\u00ebrfolur shqiptar, rr\u00ebfen n\u00eb k\u00ebt\u00eb intervist\u00eb p\u00ebr\" \/>\n<meta property=\"og:url\" content=\"https:\/\/www.visit-ulcinj.com\/blog\/2013\/02\/09\/noizy-kam-bere-seks-me-tunen-dhe-adelinen-jane-te-egra-ne-shtrat\/\" \/>\n<meta property=\"og:site_name\" content=\"Lajme nga Ulqini\" \/>\n<meta property=\"article:published_time\" content=\"2013-02-09T08:07:50+00:00\" \/>\n<meta property=\"article:modified_time\" content=\"2013-02-10T09:13:54+00:00\" \/>\n<meta property=\"og:image\" content=\"http:\/\/www.visit-ulcinj.com\/blog\/wp-content\/uploads\/2013\/02\/Noizy.jpg\" \/>\n<meta name=\"twitter:label1\" content=\"Written by\" \/>\n\t<meta name=\"twitter:data1\" content=\"ulqini\" \/>\n\t<meta name=\"twitter:label2\" content=\"Est. reading time\" \/>\n\t<meta name=\"twitter:data2\" content=\"3 minutes\" \/>\n<script type=\"application\/ld+json\" class=\"yoast-schema-graph\">{\"@context\":\"https:\/\/schema.org\",\"@graph\":[{\"@type\":\"WebSite\",\"@id\":\"https:\/\/www.visit-ulcinj.com\/blog\/#website\",\"url\":\"https:\/\/www.visit-ulcinj.com\/blog\/\",\"name\":\"Lajme nga Ulqini\",\"description\":\"Lajme,Vijesti,Ulqini,Ulqin,Crna Gora,Mali i Zi\",\"potentialAction\":[{\"@type\":\"SearchAction\",\"target\":{\"@type\":\"EntryPoint\",\"urlTemplate\":\"https:\/\/www.visit-ulcinj.com\/blog\/?s={search_term_string}\"},\"query-input\":\"required name=search_term_string\"}],\"inLanguage\":\"en-US\"},{\"@type\":\"ImageObject\",\"inLanguage\":\"en-US\",\"@id\":\"https:\/\/www.visit-ulcinj.com\/blog\/2013\/02\/09\/noizy-kam-bere-seks-me-tunen-dhe-adelinen-jane-te-egra-ne-shtrat\/#primaryimage\",\"url\":\"http:\/\/www.visit-ulcinj.com\/blog\/wp-content\/uploads\/2013\/02\/Noizy.jpg\",\"contentUrl\":\"http:\/\/www.visit-ulcinj.com\/blog\/wp-content\/uploads\/2013\/02\/Noizy.jpg\"},{\"@type\":\"WebPage\",\"@id\":\"https:\/\/www.visit-ulcinj.com\/blog\/2013\/02\/09\/noizy-kam-bere-seks-me-tunen-dhe-adelinen-jane-te-egra-ne-shtrat\/#webpage\",\"url\":\"https:\/\/www.visit-ulcinj.com\/blog\/2013\/02\/09\/noizy-kam-bere-seks-me-tunen-dhe-adelinen-jane-te-egra-ne-shtrat\/\",\"name\":\"NOIZY: Kam b\u00ebr\u00eb seks me Tun\u00ebn dhe Adelin\u00ebn, jan\u00eb t\u00eb egra n\u00eb shtrat... - Lajme nga Ulqini\",\"isPartOf\":{\"@id\":\"https:\/\/www.visit-ulcinj.com\/blog\/#website\"},\"primaryImageOfPage\":{\"@id\":\"https:\/\/www.visit-ulcinj.com\/blog\/2013\/02\/09\/noizy-kam-bere-seks-me-tunen-dhe-adelinen-jane-te-egra-ne-shtrat\/#primaryimage\"},\"datePublished\":\"2013-02-09T08:07:50+00:00\",\"dateModified\":\"2013-02-10T09:13:54+00:00\",\"author\":{\"@id\":\"https:\/\/www.visit-ulcinj.com\/blog\/#\/schema\/person\/dcab619c614d3038751c63bc2aadc06d\"},\"description\":\"A \u00ebsht\u00eb kjo nga intervistat\u00a0m\u00eb t\u00eb forta q\u00eb keni lexuar ndonj\u00ebher\u00eb? Absolutisht po! Noizy, reperi m\u00eb i p\u00ebrfolur shqiptar, rr\u00ebfen n\u00eb k\u00ebt\u00eb intervist\u00eb p\u00ebr\",\"breadcrumb\":{\"@id\":\"https:\/\/www.visit-ulcinj.com\/blog\/2013\/02\/09\/noizy-kam-bere-seks-me-tunen-dhe-adelinen-jane-te-egra-ne-shtrat\/#breadcrumb\"},\"inLanguage\":\"en-US\",\"potentialAction\":[{\"@type\":\"ReadAction\",\"target\":[\"https:\/\/www.visit-ulcinj.com\/blog\/2013\/02\/09\/noizy-kam-bere-seks-me-tunen-dhe-adelinen-jane-te-egra-ne-shtrat\/\"]}]},{\"@type\":\"BreadcrumbList\",\"@id\":\"https:\/\/www.visit-ulcinj.com\/blog\/2013\/02\/09\/noizy-kam-bere-seks-me-tunen-dhe-adelinen-jane-te-egra-ne-shtrat\/#breadcrumb\",\"itemListElement\":[{\"@type\":\"ListItem\",\"position\":1,\"name\":\"NOIZY: Kam b\u00ebr\u00eb seks me Tun\u00ebn dhe Adelin\u00ebn, jan\u00eb t\u00eb egra n\u00eb shtrat&#8230;\"}]},{\"@type\":\"Person\",\"@id\":\"https:\/\/www.visit-ulcinj.com\/blog\/#\/schema\/person\/dcab619c614d3038751c63bc2aadc06d\",\"name\":\"ulqini\",\"sameAs\":[\"http:\/\/www.visit-ulcinj.com\"],\"url\":\"https:\/\/www.visit-ulcinj.com\/blog\/author\/admin\/\"}]}<\/script>\n<!-- \/ Yoast SEO plugin. -->","yoast_head_json":{"title":"NOIZY: Kam b\u00ebr\u00eb seks me Tun\u00ebn dhe Adelin\u00ebn, jan\u00eb t\u00eb egra n\u00eb shtrat... - Lajme nga Ulqini","description":"A \u00ebsht\u00eb kjo nga intervistat\u00a0m\u00eb t\u00eb forta q\u00eb keni lexuar ndonj\u00ebher\u00eb? Absolutisht po! Noizy, reperi m\u00eb i p\u00ebrfolur shqiptar, rr\u00ebfen n\u00eb k\u00ebt\u00eb intervist\u00eb p\u00ebr","robots":{"index":"index","follow":"follow","max-snippet":"max-snippet:-1","max-image-preview":"max-image-preview:large","max-video-preview":"max-video-preview:-1"},"canonical":"https:\/\/www.visit-ulcinj.com\/blog\/2013\/02\/09\/noizy-kam-bere-seks-me-tunen-dhe-adelinen-jane-te-egra-ne-shtrat\/","og_locale":"en_US","og_type":"article","og_title":"NOIZY: Kam b\u00ebr\u00eb seks me Tun\u00ebn dhe Adelin\u00ebn, jan\u00eb t\u00eb egra n\u00eb shtrat... - Lajme nga Ulqini","og_description":"A \u00ebsht\u00eb kjo nga intervistat\u00a0m\u00eb t\u00eb forta q\u00eb keni lexuar ndonj\u00ebher\u00eb? Absolutisht po! Noizy, reperi m\u00eb i p\u00ebrfolur shqiptar, rr\u00ebfen n\u00eb k\u00ebt\u00eb intervist\u00eb p\u00ebr","og_url":"https:\/\/www.visit-ulcinj.com\/blog\/2013\/02\/09\/noizy-kam-bere-seks-me-tunen-dhe-adelinen-jane-te-egra-ne-shtrat\/","og_site_name":"Lajme nga Ulqini","article_published_time":"2013-02-09T08:07:50+00:00","article_modified_time":"2013-02-10T09:13:54+00:00","og_image":[{"url":"http:\/\/www.visit-ulcinj.com\/blog\/wp-content\/uploads\/2013\/02\/Noizy.jpg"}],"twitter_misc":{"Written by":"ulqini","Est. reading time":"3 minutes"},"schema":{"@context":"https:\/\/schema.org","@graph":[{"@type":"WebSite","@id":"https:\/\/www.visit-ulcinj.com\/blog\/#website","url":"https:\/\/www.visit-ulcinj.com\/blog\/","name":"Lajme nga Ulqini","description":"Lajme,Vijesti,Ulqini,Ulqin,Crna Gora,Mali i Zi","potentialAction":[{"@type":"SearchAction","target":{"@type":"EntryPoint","urlTemplate":"https:\/\/www.visit-ulcinj.com\/blog\/?s={search_term_string}"},"query-input":"required name=search_term_string"}],"inLanguage":"en-US"},{"@type":"ImageObject","inLanguage":"en-US","@id":"https:\/\/www.visit-ulcinj.com\/blog\/2013\/02\/09\/noizy-kam-bere-seks-me-tunen-dhe-adelinen-jane-te-egra-ne-shtrat\/#primaryimage","url":"http:\/\/www.visit-ulcinj.com\/blog\/wp-content\/uploads\/2013\/02\/Noizy.jpg","contentUrl":"http:\/\/www.visit-ulcinj.com\/blog\/wp-content\/uploads\/2013\/02\/Noizy.jpg"},{"@type":"WebPage","@id":"https:\/\/www.visit-ulcinj.com\/blog\/2013\/02\/09\/noizy-kam-bere-seks-me-tunen-dhe-adelinen-jane-te-egra-ne-shtrat\/#webpage","url":"https:\/\/www.visit-ulcinj.com\/blog\/2013\/02\/09\/noizy-kam-bere-seks-me-tunen-dhe-adelinen-jane-te-egra-ne-shtrat\/","name":"NOIZY: Kam b\u00ebr\u00eb seks me Tun\u00ebn dhe Adelin\u00ebn, jan\u00eb t\u00eb egra n\u00eb shtrat... - Lajme nga Ulqini","isPartOf":{"@id":"https:\/\/www.visit-ulcinj.com\/blog\/#website"},"primaryImageOfPage":{"@id":"https:\/\/www.visit-ulcinj.com\/blog\/2013\/02\/09\/noizy-kam-bere-seks-me-tunen-dhe-adelinen-jane-te-egra-ne-shtrat\/#primaryimage"},"datePublished":"2013-02-09T08:07:50+00:00","dateModified":"2013-02-10T09:13:54+00:00","author":{"@id":"https:\/\/www.visit-ulcinj.com\/blog\/#\/schema\/person\/dcab619c614d3038751c63bc2aadc06d"},"description":"A \u00ebsht\u00eb kjo nga intervistat\u00a0m\u00eb t\u00eb forta q\u00eb keni lexuar ndonj\u00ebher\u00eb? Absolutisht po! Noizy, reperi m\u00eb i p\u00ebrfolur shqiptar, rr\u00ebfen n\u00eb k\u00ebt\u00eb intervist\u00eb p\u00ebr","breadcrumb":{"@id":"https:\/\/www.visit-ulcinj.com\/blog\/2013\/02\/09\/noizy-kam-bere-seks-me-tunen-dhe-adelinen-jane-te-egra-ne-shtrat\/#breadcrumb"},"inLanguage":"en-US","potentialAction":[{"@type":"ReadAction","target":["https:\/\/www.visit-ulcinj.com\/blog\/2013\/02\/09\/noizy-kam-bere-seks-me-tunen-dhe-adelinen-jane-te-egra-ne-shtrat\/"]}]},{"@type":"BreadcrumbList","@id":"https:\/\/www.visit-ulcinj.com\/blog\/2013\/02\/09\/noizy-kam-bere-seks-me-tunen-dhe-adelinen-jane-te-egra-ne-shtrat\/#breadcrumb","itemListElement":[{"@type":"ListItem","position":1,"name":"NOIZY: Kam b\u00ebr\u00eb seks me Tun\u00ebn dhe Adelin\u00ebn, jan\u00eb t\u00eb egra n\u00eb shtrat&#8230;"}]},{"@type":"Person","@id":"https:\/\/www.visit-ulcinj.com\/blog\/#\/schema\/person\/dcab619c614d3038751c63bc2aadc06d","name":"ulqini","sameAs":["http:\/\/www.visit-ulcinj.com"],"url":"https:\/\/www.visit-ulcinj.com\/blog\/author\/admin\/"}]}},"jetpack_featured_media_url":"","jetpack_sharing_enabled":true,"jetpack_shortlink":"https:\/\/wp.me\/pe6lTn-hP3","_links":{"self":[{"href":"https:\/\/www.visit-ulcinj.com\/blog\/wp-json\/wp\/v2\/posts\/68513"}],"collection":[{"href":"https:\/\/www.visit-ulcinj.com\/blog\/wp-json\/wp\/v2\/posts"}],"about":[{"href":"https:\/\/www.visit-ulcinj.com\/blog\/wp-json\/wp\/v2\/types\/post"}],"author":[{"embeddable":true,"href":"https:\/\/www.visit-ulcinj.com\/blog\/wp-json\/wp\/v2\/users\/1"}],"replies":[{"embeddable":true,"href":"https:\/\/www.visit-ulcinj.com\/blog\/wp-json\/wp\/v2\/comments?post=68513"}],"version-history":[{"count":5,"href":"https:\/\/www.visit-ulcinj.com\/blog\/wp-json\/wp\/v2\/posts\/68513\/revisions"}],"predecessor-version":[{"id":68595,"href":"https:\/\/www.visit-ulcinj.com\/blog\/wp-json\/wp\/v2\/posts\/68513\/revisions\/68595"}],"wp:attachment":[{"href":"https:\/\/www.visit-ulcinj.com\/blog\/wp-json\/wp\/v2\/media?parent=68513"}],"wp:term":[{"taxonomy":"category","embeddable":true,"href":"https:\/\/www.visit-ulcinj.com\/blog\/wp-json\/wp\/v2\/categories?post=68513"},{"taxonomy":"post_tag","embeddable":true,"href":"https:\/\/www.visit-ulcinj.com\/blog\/wp-json\/wp\/v2\/tags?post=68513"}],"curies":[{"name":"wp","href":"https:\/\/api.w.org\/{rel}","templated":true}]}}