{"id":68521,"date":"2013-02-09T11:28:35","date_gmt":"2013-02-09T10:28:35","guid":{"rendered":"http:\/\/www.visit-ulcinj.com\/blog\/?p=68521"},"modified":"2013-02-11T23:13:45","modified_gmt":"2013-02-11T22:13:45","slug":"unaza-e-re-dhe-ura-e-port-milenes-leshohet-ne-prill-ne-perdorim-video","status":"publish","type":"post","link":"https:\/\/www.visit-ulcinj.com\/blog\/2013\/02\/09\/unaza-e-re-dhe-ura-e-port-milenes-leshohet-ne-prill-ne-perdorim-video\/","title":{"rendered":"Unaza e Re dhe Ura e Port Milenes, l\u00ebshohet n\u00eb prill n\u00eb p\u00ebrdorim &#8211; Video"},"content":{"rendered":"<p><a href=\"http:\/\/www.visit-ulcinj.com\/blog\/wp-content\/uploads\/2013\/02\/Unaza-re-e-rruges-tek-furra-Evropa.jpg\"><img loading=\"lazy\" class=\"alignleft size-full wp-image-68522\" alt=\"Unaza re e rruges tek furra Evropa\" src=\"http:\/\/www.visit-ulcinj.com\/blog\/wp-content\/uploads\/2013\/02\/Unaza-re-e-rruges-tek-furra-Evropa.jpg\" width=\"508\" height=\"302\" srcset=\"https:\/\/www.visit-ulcinj.com\/blog\/wp-content\/uploads\/2013\/02\/Unaza-re-e-rruges-tek-furra-Evropa.jpg 508w, https:\/\/www.visit-ulcinj.com\/blog\/wp-content\/uploads\/2013\/02\/Unaza-re-e-rruges-tek-furra-Evropa-300x178.jpg 300w\" sizes=\"(max-width: 508px) 100vw, 508px\" \/><\/a>Ministri p\u00ebr komunikacion n\u00eb Qeverin\u00eb e Malit t\u00eb Zi, \u00a0Ivan Brajoviq, ka b\u00eb t\u00eb ditur p\u00ebr \u201cPortalin Analitika\u201dduke premtuar gjat\u00eb vizit\u00ebs s\u00eb tij\u00eb n\u00eb Ulqin se pritet te jete e aksesueshme dhe t\u00eb p\u00ebrfundoj\u00eb nd\u00ebrtimi i Ur\u00ebs s\u00eb Port Milen\u00ebs dhe Unaz\u00ebs s\u00eb re tek furra &#8220;Evropa&#8221; deri n\u00eb fund t\u00eb muajit Mars, fillim t\u00eb muajit prill\u00eb 2013.<br \/>\nMinistri p\u00ebr komunikacion n\u00eb Qeverin\u00eb e Malit t\u00eb Zi, \u00a0Ivan Brajoviq, \u00a0me bashk\u00ebpun\u00ebtor\u00ebt gjat\u00eb q\u00ebndrimit t\u00eb tij\u00eb n\u00eb Komun\u00ebn e Ulqinit ku gjat\u00eb k\u00ebsaj vizite ata u njoh\u00ebn me rrejdh\u00ebn e deritashme t\u00eb punimeve n\u00eb nd\u00ebrtimin e ur\u00ebs s\u00eb Port Milen\u00ebs , si nj\u00ebrit prej objekteve m\u00eb t\u00eb r\u00ebnd\u00ebsish\u00ebm t\u00eb infrastruktur\u00ebs n\u00eb k\u00ebt\u00eb komun\u00eb.<br \/>\n<a href=\"http:\/\/www.visit-ulcinj.com\/blog\/wp-content\/uploads\/2013\/02\/NazifCungu_Ivan-Brajovic_port-milena_ulqin.png\"><img loading=\"lazy\" class=\"alignleft  wp-image-68523\" alt=\"NazifCungu_Ivan-Brajovic_port-milena_ulqin\" src=\"http:\/\/www.visit-ulcinj.com\/blog\/wp-content\/uploads\/2013\/02\/NazifCungu_Ivan-Brajovic_port-milena_ulqin.png\" width=\"508\" height=\"300\" \/><\/a><\/p>\n<p>Ministri Brajoviq ishte i shoq\u00ebruar nga kryetari i Komun\u00ebs s\u00eb Ulqinit, Nazif Cungu, Selim Rasulbegoviq, Skender Elezagiq, Met Gjoni, Milazim Mustafa dhe me bashk\u00ebpun\u00ebtor\u00ebt tjer\u00eb.<\/p>\n<p>Ministri p\u00ebr komunikacion Brajoviq, e beri nje deklarate te tille, teksa inspektoi punimet per realizimin e ketij projekti te madh qe pritet te lehtesoje se tepermi trafikun ne qytetin e Ulqinit. Ministri u shpreh mjaft i kenaqur me ecurine e punimeve te kryera dhe deklaroi se ky segment i rendesishem per qytetin, do te jete i hapur per trafikun ne fillim t\u00eb prillit te vitit 2013, pra ne nje kohe me te shpejte se afatet kontraktuale. &#8220;Jemi ne piken lidhese te dy projekteve qe ne kemi ne zhvillim e siper, pra ne piken ku takohet njeri lot i Unaz\u00ebs s\u00eb re tek furra &#8220;Evropa&#8221; dhe ku mu aty ku fiilon ura e Port Milen\u00ebs &#8220;, tha Brajoviq. Jam i bindur qe ne fillimin e pranveres , projektet do te jene te hapura dhe te kalueshme per trafikun tranzit nga Ulqini ne drejtim te Plazhit t\u00eb madh\u00eb vijoi ministri.<\/p>\n<p>Gjate inspektimit, ai falenderoi kompanite qe po kryejne punimet ne keto segmente, konkretisht kompanine &#8221; Bemaks&#8221; dhe kompanine &#8220;Metalac.&#8221;, per shpejtesine me te cilen kane ecur ne kete projekt, si dhe Drejtori i \u00a0Drejtoris\u00eb s\u00eb Komunikacionit, Veselin Grboviq ,per ndjekjen shume te mire qe i kane bere projektit.<br \/>\n<a href=\"http:\/\/www.visit-ulcinj.com\/blog\/wp-content\/uploads\/2013\/02\/NazifCungu_Veselin-Grbovic_port-milena_ulqin.jpg\"><img loading=\"lazy\" class=\"alignleft  wp-image-68524\" alt=\"NazifCungu_Veselin Grbovic_port-milena_ulqin\" src=\"http:\/\/www.visit-ulcinj.com\/blog\/wp-content\/uploads\/2013\/02\/NazifCungu_Veselin-Grbovic_port-milena_ulqin.jpg\" width=\"508\" height=\"300\" \/><\/a><\/p>\n<p>Kryetari i Ulqinit,Nazif Cungu u shpreh i knaqur me punimet e kryera,dhe tha se n\u00eb fillim t\u00eb muajit prill pritet q\u00eb t\u00eb hapen p\u00ebr trafikun edhe 405 metra t\u00eb tjer\u00eb t\u00eb Unaz\u00ebs s\u00eb re tek furra &#8220;Evropa&#8221;rrug\u00eb kjo q\u00eb t\u00eb \u00e7on p\u00ebr n\u00eb Plazhin e madh t\u00eb Ulqinit.Si\u00e7 tha kryetari i Ulqinit z.Nazif Cungu q\u00ebllimi i k\u00ebtij eksprorimi prej rreth 405 metra katror\u00eb tok\u00eb t\u00eb pronareve Radmilla Filipoviq, Millorad dhe Viktor Zhizhek si dhe Stjepo Maroviq, na mund\u00ebsoi nd\u00ebrtimin e unaz\u00ebs q\u00eb do t\u00eb lidh\u00eb bulevarin me ur\u00ebn e re n\u00eb Port\u00eb Milen\u00eb dhe me ur\u00ebn e vjet\u00ebr t\u00eb Port\u00eb Milen\u00ebs.<br \/>\n<a href=\"http:\/\/www.visit-ulcinj.com\/blog\/wp-content\/uploads\/2013\/02\/Ura-e-port-Milenes-Ulqin1.jpg\"><img loading=\"lazy\" class=\"alignleft  wp-image-68525\" alt=\"Ura-e-port-Milenes-Ulqin\" src=\"http:\/\/www.visit-ulcinj.com\/blog\/wp-content\/uploads\/2013\/02\/Ura-e-port-Milenes-Ulqin1.jpg\" width=\"508\" height=\"300\" \/><\/a><\/p>\n<p>Pra projekti i kesaj ure u ba realitetN\u00eb k\u00ebt\u00eb aspekt, objektivi kryesor n\u00eb planin e investimeve \u00ebsht\u00eb nd\u00ebrtimi i rrug\u00ebve dhe urave t\u00eb reja moderne, si dhe vazhdimi i rehabilitimit t\u00eb rrjetit rrugor ne Ulqin dhe rrethinen e saj, \u00e7ka do t\u00eb sjell\u00eb rritjen e standarteve t\u00eb akseve m\u00eb t\u00eb r\u00ebnd\u00ebsishme.Neve na nevojitet nj\u00eb rip\u00ebrtrirje e aktivitetit ekonomiko-turistik dhe Infrastruktura dhe investimet jan\u00eb gj\u00ebrat q\u00eb na nevojiten m\u00eb s\u00eb shumti n\u00eb rajonin e ulqinit.Tash duhet gjithe ne t\u00eb luajm nj\u00eb rol kryesor n\u00eb k\u00ebt\u00eb proces. Vitet e mira pritet t\u00eb vijn\u00eb thek\u00ebsoi m\u00eb ne fund Cungu.<\/p>\n<p><strong>Video Eskluzive Portal Analitika<\/strong><\/p>\n<p>[flv]http:\/\/www.infobiro.info\/files\/webvideo02cg\/Ulcinj%20Obilazak%20radova%20na%20mostu%20preko%20kanala%20Port%20Milena%20KADROVI.flv[\/flv]<\/p>\n<p>&nbsp;<\/p>\n","protected":false},"excerpt":{"rendered":"<p>Ministri p\u00ebr komunikacion n\u00eb Qeverin\u00eb e Malit t\u00eb Zi, \u00a0Ivan Brajoviq, ka b\u00eb t\u00eb ditur p\u00ebr \u201cPortalin Analitika\u201dduke premtuar gjat\u00eb vizit\u00ebs s\u00eb tij\u00eb n\u00eb Ulqin se pritet te jete e aksesueshme dhe t\u00eb p\u00ebrfundoj\u00eb nd\u00ebrtimi i Ur\u00ebs s\u00eb Port Milen\u00ebs dhe Unaz\u00ebs s\u00eb re tek furra &#8220;Evropa&#8221; deri n\u00eb fund t\u00eb muajit Mars, fillim t\u00eb [&hellip;]<\/p>\n","protected":false},"author":1,"featured_media":0,"comment_status":"open","ping_status":"closed","sticky":false,"template":"","format":"standard","meta":{"spay_email":"","jetpack_publicize_message":"","jetpack_is_tweetstorm":false,"jetpack_publicize_feature_enabled":true},"categories":[10,1],"tags":[11609,21509,21512,21521,212,21522,17828,21239,17834,3382,21237,18370,17811,21523,21242,20884,7930,17831,18362,14353,17808,14354,12340,17840,17839,17468,8161,18363,21524,21221,21525,21222,18532,17835,21240,17814,17810,17816,2326,17071,2319,21246,10400,17807,21526,21253,21468,21469,19517,3516,14652,17837,2322,10529,17827,18023,21219,21416,8470,21244,21494,2338,21238,21527,21248,14358,21528,222,2321,17802,17812,17803,2323,3584,17820,1499,21236,21250,21529,17825,21530,17817,21531,17805,21252,3169,305,21251,840,17823,2325,17832,3506,17818,214,21231,3993,5913,17680,2327,14362,21532,14363,18371,21493,21230,21241,21513,21533,3507,730,21471,21249,17800,498,3500,21421,21534,21228,21255,115,14364,21234,18694,21254,21535,21536,21223,21418,21537,17799,21538,3327,21226,17841,3944,17826,15213,18236,3512,17806,21539,18399,11648,18289,21233,21540,17838,499,21541,95,2331,21542,21543,2348,21427,17813,21544,17804,21545,15141,347,21546,19495,17836,14366,21547,21510,2332,3875,79,17073,18294,612,318,118,18368,18369,21417,21257,21258,1653,21420,21426,21419,21548,2304,21261,2360,21232,1909,21549,21550,21551,16430,21243,21224,14367,500,21552,21553,21235,13393,2354,5380,21554,17801,2306,2334,2335,21470,18360,21227,3577,17822,14368,14369,21555,208,21225,21492,17824,14370,4244,21247,18291,16228,21556,21259,2083,3231,14371,21220,41,3617,5040,3582,2350,3722,21260,2310,14372,17844,17821,2312,21557,5589,18372,21256,17830,17077,18295,14375,17833,17829,899,21245,20894,2337,3797,3583,1655,21558,21559,21229,21560,200,18,21785,21786,10421,17819,21561,21562,2339,4243,16445,3333,17809,21563,2340,4265,14376],"jetpack_publicize_connections":[],"yoast_head":"<!-- This site is optimized with the Yoast SEO plugin v19.1 - https:\/\/yoast.com\/wordpress\/plugins\/seo\/ -->\n<title>Unaza e Re dhe Ura e Port Milenes, l\u00ebshohet n\u00eb prill n\u00eb p\u00ebrdorim - Video - Lajme nga Ulqini<\/title>\n<meta name=\"description\" content=\"Ministri p\u00ebr komunikacion n\u00eb Qeverin\u00eb e Malit t\u00eb Zi, \u00a0Ivan Brajoviq, ka b\u00eb t\u00eb ditur p\u00ebr \u201cPortalin Analitika\u201dduke premtuar gjat\u00eb vizit\u00ebs s\u00eb tij\u00eb n\u00eb Ulqin\" \/>\n<meta name=\"robots\" content=\"index, follow, max-snippet:-1, max-image-preview:large, max-video-preview:-1\" \/>\n<link rel=\"canonical\" href=\"https:\/\/www.visit-ulcinj.com\/blog\/2013\/02\/09\/unaza-e-re-dhe-ura-e-port-milenes-leshohet-ne-prill-ne-perdorim-video\/\" \/>\n<meta property=\"og:locale\" content=\"en_US\" \/>\n<meta property=\"og:type\" content=\"article\" \/>\n<meta property=\"og:title\" content=\"Unaza e Re dhe Ura e Port Milenes, l\u00ebshohet n\u00eb prill n\u00eb p\u00ebrdorim - Video - Lajme nga Ulqini\" \/>\n<meta property=\"og:description\" content=\"Ministri p\u00ebr komunikacion n\u00eb Qeverin\u00eb e Malit t\u00eb Zi, \u00a0Ivan Brajoviq, ka b\u00eb t\u00eb ditur p\u00ebr \u201cPortalin Analitika\u201dduke premtuar gjat\u00eb vizit\u00ebs s\u00eb tij\u00eb n\u00eb Ulqin\" \/>\n<meta property=\"og:url\" content=\"https:\/\/www.visit-ulcinj.com\/blog\/2013\/02\/09\/unaza-e-re-dhe-ura-e-port-milenes-leshohet-ne-prill-ne-perdorim-video\/\" \/>\n<meta property=\"og:site_name\" content=\"Lajme nga Ulqini\" \/>\n<meta property=\"article:published_time\" content=\"2013-02-09T10:28:35+00:00\" \/>\n<meta property=\"article:modified_time\" content=\"2013-02-11T22:13:45+00:00\" \/>\n<meta property=\"og:image\" content=\"http:\/\/www.visit-ulcinj.com\/blog\/wp-content\/uploads\/2013\/02\/Unaza-re-e-rruges-tek-furra-Evropa.jpg\" \/>\n<meta name=\"twitter:label1\" content=\"Written by\" \/>\n\t<meta name=\"twitter:data1\" content=\"ulqini\" \/>\n\t<meta name=\"twitter:label2\" content=\"Est. reading time\" \/>\n\t<meta name=\"twitter:data2\" content=\"3 minutes\" \/>\n<script type=\"application\/ld+json\" class=\"yoast-schema-graph\">{\"@context\":\"https:\/\/schema.org\",\"@graph\":[{\"@type\":\"WebSite\",\"@id\":\"https:\/\/www.visit-ulcinj.com\/blog\/#website\",\"url\":\"https:\/\/www.visit-ulcinj.com\/blog\/\",\"name\":\"Lajme nga Ulqini\",\"description\":\"Lajme,Vijesti,Ulqini,Ulqin,Crna Gora,Mali i Zi\",\"potentialAction\":[{\"@type\":\"SearchAction\",\"target\":{\"@type\":\"EntryPoint\",\"urlTemplate\":\"https:\/\/www.visit-ulcinj.com\/blog\/?s={search_term_string}\"},\"query-input\":\"required name=search_term_string\"}],\"inLanguage\":\"en-US\"},{\"@type\":\"ImageObject\",\"inLanguage\":\"en-US\",\"@id\":\"https:\/\/www.visit-ulcinj.com\/blog\/2013\/02\/09\/unaza-e-re-dhe-ura-e-port-milenes-leshohet-ne-prill-ne-perdorim-video\/#primaryimage\",\"url\":\"https:\/\/www.visit-ulcinj.com\/blog\/wp-content\/uploads\/2013\/02\/Unaza-re-e-rruges-tek-furra-Evropa.jpg\",\"contentUrl\":\"https:\/\/www.visit-ulcinj.com\/blog\/wp-content\/uploads\/2013\/02\/Unaza-re-e-rruges-tek-furra-Evropa.jpg\",\"width\":508,\"height\":302},{\"@type\":\"WebPage\",\"@id\":\"https:\/\/www.visit-ulcinj.com\/blog\/2013\/02\/09\/unaza-e-re-dhe-ura-e-port-milenes-leshohet-ne-prill-ne-perdorim-video\/#webpage\",\"url\":\"https:\/\/www.visit-ulcinj.com\/blog\/2013\/02\/09\/unaza-e-re-dhe-ura-e-port-milenes-leshohet-ne-prill-ne-perdorim-video\/\",\"name\":\"Unaza e Re dhe Ura e Port Milenes, l\u00ebshohet n\u00eb prill n\u00eb p\u00ebrdorim - Video - Lajme nga Ulqini\",\"isPartOf\":{\"@id\":\"https:\/\/www.visit-ulcinj.com\/blog\/#website\"},\"primaryImageOfPage\":{\"@id\":\"https:\/\/www.visit-ulcinj.com\/blog\/2013\/02\/09\/unaza-e-re-dhe-ura-e-port-milenes-leshohet-ne-prill-ne-perdorim-video\/#primaryimage\"},\"datePublished\":\"2013-02-09T10:28:35+00:00\",\"dateModified\":\"2013-02-11T22:13:45+00:00\",\"author\":{\"@id\":\"https:\/\/www.visit-ulcinj.com\/blog\/#\/schema\/person\/dcab619c614d3038751c63bc2aadc06d\"},\"description\":\"Ministri p\u00ebr komunikacion n\u00eb Qeverin\u00eb e Malit t\u00eb Zi, \u00a0Ivan Brajoviq, ka b\u00eb t\u00eb ditur p\u00ebr \u201cPortalin Analitika\u201dduke premtuar gjat\u00eb vizit\u00ebs s\u00eb tij\u00eb n\u00eb Ulqin\",\"breadcrumb\":{\"@id\":\"https:\/\/www.visit-ulcinj.com\/blog\/2013\/02\/09\/unaza-e-re-dhe-ura-e-port-milenes-leshohet-ne-prill-ne-perdorim-video\/#breadcrumb\"},\"inLanguage\":\"en-US\",\"potentialAction\":[{\"@type\":\"ReadAction\",\"target\":[\"https:\/\/www.visit-ulcinj.com\/blog\/2013\/02\/09\/unaza-e-re-dhe-ura-e-port-milenes-leshohet-ne-prill-ne-perdorim-video\/\"]}]},{\"@type\":\"BreadcrumbList\",\"@id\":\"https:\/\/www.visit-ulcinj.com\/blog\/2013\/02\/09\/unaza-e-re-dhe-ura-e-port-milenes-leshohet-ne-prill-ne-perdorim-video\/#breadcrumb\",\"itemListElement\":[{\"@type\":\"ListItem\",\"position\":1,\"name\":\"Unaza e Re dhe Ura e Port Milenes, l\u00ebshohet n\u00eb prill n\u00eb p\u00ebrdorim &#8211; Video\"}]},{\"@type\":\"Person\",\"@id\":\"https:\/\/www.visit-ulcinj.com\/blog\/#\/schema\/person\/dcab619c614d3038751c63bc2aadc06d\",\"name\":\"ulqini\",\"sameAs\":[\"http:\/\/www.visit-ulcinj.com\"],\"url\":\"https:\/\/www.visit-ulcinj.com\/blog\/author\/admin\/\"}]}<\/script>\n<!-- \/ Yoast SEO plugin. -->","yoast_head_json":{"title":"Unaza e Re dhe Ura e Port Milenes, l\u00ebshohet n\u00eb prill n\u00eb p\u00ebrdorim - Video - Lajme nga Ulqini","description":"Ministri p\u00ebr komunikacion n\u00eb Qeverin\u00eb e Malit t\u00eb Zi, \u00a0Ivan Brajoviq, ka b\u00eb t\u00eb ditur p\u00ebr \u201cPortalin Analitika\u201dduke premtuar gjat\u00eb vizit\u00ebs s\u00eb tij\u00eb n\u00eb Ulqin","robots":{"index":"index","follow":"follow","max-snippet":"max-snippet:-1","max-image-preview":"max-image-preview:large","max-video-preview":"max-video-preview:-1"},"canonical":"https:\/\/www.visit-ulcinj.com\/blog\/2013\/02\/09\/unaza-e-re-dhe-ura-e-port-milenes-leshohet-ne-prill-ne-perdorim-video\/","og_locale":"en_US","og_type":"article","og_title":"Unaza e Re dhe Ura e Port Milenes, l\u00ebshohet n\u00eb prill n\u00eb p\u00ebrdorim - Video - Lajme nga Ulqini","og_description":"Ministri p\u00ebr komunikacion n\u00eb Qeverin\u00eb e Malit t\u00eb Zi, \u00a0Ivan Brajoviq, ka b\u00eb t\u00eb ditur p\u00ebr \u201cPortalin Analitika\u201dduke premtuar gjat\u00eb vizit\u00ebs s\u00eb tij\u00eb n\u00eb Ulqin","og_url":"https:\/\/www.visit-ulcinj.com\/blog\/2013\/02\/09\/unaza-e-re-dhe-ura-e-port-milenes-leshohet-ne-prill-ne-perdorim-video\/","og_site_name":"Lajme nga Ulqini","article_published_time":"2013-02-09T10:28:35+00:00","article_modified_time":"2013-02-11T22:13:45+00:00","og_image":[{"url":"http:\/\/www.visit-ulcinj.com\/blog\/wp-content\/uploads\/2013\/02\/Unaza-re-e-rruges-tek-furra-Evropa.jpg"}],"twitter_misc":{"Written by":"ulqini","Est. reading time":"3 minutes"},"schema":{"@context":"https:\/\/schema.org","@graph":[{"@type":"WebSite","@id":"https:\/\/www.visit-ulcinj.com\/blog\/#website","url":"https:\/\/www.visit-ulcinj.com\/blog\/","name":"Lajme nga Ulqini","description":"Lajme,Vijesti,Ulqini,Ulqin,Crna Gora,Mali i Zi","potentialAction":[{"@type":"SearchAction","target":{"@type":"EntryPoint","urlTemplate":"https:\/\/www.visit-ulcinj.com\/blog\/?s={search_term_string}"},"query-input":"required name=search_term_string"}],"inLanguage":"en-US"},{"@type":"ImageObject","inLanguage":"en-US","@id":"https:\/\/www.visit-ulcinj.com\/blog\/2013\/02\/09\/unaza-e-re-dhe-ura-e-port-milenes-leshohet-ne-prill-ne-perdorim-video\/#primaryimage","url":"https:\/\/www.visit-ulcinj.com\/blog\/wp-content\/uploads\/2013\/02\/Unaza-re-e-rruges-tek-furra-Evropa.jpg","contentUrl":"https:\/\/www.visit-ulcinj.com\/blog\/wp-content\/uploads\/2013\/02\/Unaza-re-e-rruges-tek-furra-Evropa.jpg","width":508,"height":302},{"@type":"WebPage","@id":"https:\/\/www.visit-ulcinj.com\/blog\/2013\/02\/09\/unaza-e-re-dhe-ura-e-port-milenes-leshohet-ne-prill-ne-perdorim-video\/#webpage","url":"https:\/\/www.visit-ulcinj.com\/blog\/2013\/02\/09\/unaza-e-re-dhe-ura-e-port-milenes-leshohet-ne-prill-ne-perdorim-video\/","name":"Unaza e Re dhe Ura e Port Milenes, l\u00ebshohet n\u00eb prill n\u00eb p\u00ebrdorim - Video - Lajme nga Ulqini","isPartOf":{"@id":"https:\/\/www.visit-ulcinj.com\/blog\/#website"},"primaryImageOfPage":{"@id":"https:\/\/www.visit-ulcinj.com\/blog\/2013\/02\/09\/unaza-e-re-dhe-ura-e-port-milenes-leshohet-ne-prill-ne-perdorim-video\/#primaryimage"},"datePublished":"2013-02-09T10:28:35+00:00","dateModified":"2013-02-11T22:13:45+00:00","author":{"@id":"https:\/\/www.visit-ulcinj.com\/blog\/#\/schema\/person\/dcab619c614d3038751c63bc2aadc06d"},"description":"Ministri p\u00ebr komunikacion n\u00eb Qeverin\u00eb e Malit t\u00eb Zi, \u00a0Ivan Brajoviq, ka b\u00eb t\u00eb ditur p\u00ebr \u201cPortalin Analitika\u201dduke premtuar gjat\u00eb vizit\u00ebs s\u00eb tij\u00eb n\u00eb Ulqin","breadcrumb":{"@id":"https:\/\/www.visit-ulcinj.com\/blog\/2013\/02\/09\/unaza-e-re-dhe-ura-e-port-milenes-leshohet-ne-prill-ne-perdorim-video\/#breadcrumb"},"inLanguage":"en-US","potentialAction":[{"@type":"ReadAction","target":["https:\/\/www.visit-ulcinj.com\/blog\/2013\/02\/09\/unaza-e-re-dhe-ura-e-port-milenes-leshohet-ne-prill-ne-perdorim-video\/"]}]},{"@type":"BreadcrumbList","@id":"https:\/\/www.visit-ulcinj.com\/blog\/2013\/02\/09\/unaza-e-re-dhe-ura-e-port-milenes-leshohet-ne-prill-ne-perdorim-video\/#breadcrumb","itemListElement":[{"@type":"ListItem","position":1,"name":"Unaza e Re dhe Ura e Port Milenes, l\u00ebshohet n\u00eb prill n\u00eb p\u00ebrdorim &#8211; Video"}]},{"@type":"Person","@id":"https:\/\/www.visit-ulcinj.com\/blog\/#\/schema\/person\/dcab619c614d3038751c63bc2aadc06d","name":"ulqini","sameAs":["http:\/\/www.visit-ulcinj.com"],"url":"https:\/\/www.visit-ulcinj.com\/blog\/author\/admin\/"}]}},"jetpack_featured_media_url":"","jetpack_sharing_enabled":true,"jetpack_shortlink":"https:\/\/wp.me\/pe6lTn-hPb","_links":{"self":[{"href":"https:\/\/www.visit-ulcinj.com\/blog\/wp-json\/wp\/v2\/posts\/68521"}],"collection":[{"href":"https:\/\/www.visit-ulcinj.com\/blog\/wp-json\/wp\/v2\/posts"}],"about":[{"href":"https:\/\/www.visit-ulcinj.com\/blog\/wp-json\/wp\/v2\/types\/post"}],"author":[{"embeddable":true,"href":"https:\/\/www.visit-ulcinj.com\/blog\/wp-json\/wp\/v2\/users\/1"}],"replies":[{"embeddable":true,"href":"https:\/\/www.visit-ulcinj.com\/blog\/wp-json\/wp\/v2\/comments?post=68521"}],"version-history":[{"count":7,"href":"https:\/\/www.visit-ulcinj.com\/blog\/wp-json\/wp\/v2\/posts\/68521\/revisions"}],"predecessor-version":[{"id":68594,"href":"https:\/\/www.visit-ulcinj.com\/blog\/wp-json\/wp\/v2\/posts\/68521\/revisions\/68594"}],"wp:attachment":[{"href":"https:\/\/www.visit-ulcinj.com\/blog\/wp-json\/wp\/v2\/media?parent=68521"}],"wp:term":[{"taxonomy":"category","embeddable":true,"href":"https:\/\/www.visit-ulcinj.com\/blog\/wp-json\/wp\/v2\/categories?post=68521"},{"taxonomy":"post_tag","embeddable":true,"href":"https:\/\/www.visit-ulcinj.com\/blog\/wp-json\/wp\/v2\/tags?post=68521"}],"curies":[{"name":"wp","href":"https:\/\/api.w.org\/{rel}","templated":true}]}}