{"id":68528,"date":"2013-02-09T11:50:20","date_gmt":"2013-02-09T10:50:20","guid":{"rendered":"http:\/\/www.visit-ulcinj.com\/blog\/?p=68528"},"modified":"2013-02-09T11:50:20","modified_gmt":"2013-02-09T10:50:20","slug":"promjene-u-rukovodstvu-ulcinjske-solane","status":"publish","type":"post","link":"https:\/\/www.visit-ulcinj.com\/blog\/2013\/02\/09\/promjene-u-rukovodstvu-ulcinjske-solane\/","title":{"rendered":"Promjene u rukovodstvu ulcinjske solane"},"content":{"rendered":"<p><strong><a href=\"http:\/\/www.visit-ulcinj.com\/blog\/wp-content\/uploads\/2013\/02\/Ulcinjska-Solana.jpg\"><img loading=\"lazy\" class=\"alignleft  wp-image-68529\" alt=\"Ulcinjska Solana\" src=\"http:\/\/www.visit-ulcinj.com\/blog\/wp-content\/uploads\/2013\/02\/Ulcinjska-Solana.jpg\" width=\"508\" height=\"360\" \/><\/a>Barovi\u0107 smijenio direktora Solane<\/strong><\/p>\n<p>Izvr\u0161ni direktor Solane \u201eBajo Sekuli\u0107\u201d Dragi\u0161a Rosandi\u0107 smijenjen je sa te funkcije, a na njegovo mjesto bi\u0107e imenovan Ratko Prenti\u0107, ekonomista iz Podgorice, saznaje \u201eDan\u201c u najstarijem ulcinjskom preduze\u0107u. Prenti\u0107a je na mjesto izvr\u0161nog direktora predlo\u017eio Eurofond, biznismena Veselina Barovi\u0107a, koji je ve\u0107inski vlasnik preduze\u0107a. Novi direktor je, kako saznajemo, do sada bio anga\u017eovan u barskom \u201eIzboru\u201c, koji je tako\u0111e pod Barovi\u0107evom kontrolom. Podsjetimo, Rosandi\u0107 je u nekoliko navrata podnosio ostavku zbog te\u0161ke situacije u kojem se gotovo deceniju nalazi to preduze\u0107e. Poslednji put to je u\u010dinio uo\u010di pro\u0161logodi\u0161nje berbe, koja je bila dovedena u pitanje zbog isklju\u010denja sa elektromre\u017ee zbog duga, dotrajale tehnike i finansijske krize.<br \/>\n\u2013 Moja ostavka je logi\u010dan \u010din jer nijesmo uspjeli da realizujemo sve \u0161to je bilo zacrtano u planu. Ispunili smo samo ono \u0161to smo sami mogli da uradimo \u2013 rekao je tom prilikom Rosandi\u0107. Njegova ostavka tada nije prihva\u0107ena. Sada ve\u0107 biv\u0161i izvr\u0161ni direktor potvrdio je sino\u0107 na\u0161em listu da od ju\u010de vi\u0161e nije na toj funkciji. \u2013 Nisam podnio ostavku, ali je ve\u0107inski vlasnik odlu\u010dio da dovede svje\u017ee snage. To je ve\u0107 dogovoreno i na moje mjesto dolazi Ratko Prenti\u0107 \u2013 kazao je Rosandi\u0107. Na pitanje da li i dalje ostaje u firmi u kojoj je ranije obavljao i funkciju tehni\u010dkog direktora, odgovorio je da ima namjeru da ostane ukoliko se dogovori sa ve\u0107inskim vlasnikom. \u2013 Ukoliko na\u0111emo zajedni\u010dki jezik, vjerovatno \u0107u ostati \u2013 rekao je Rosandi\u0107.<br \/>\nU Solani, koju od 2003. godine, kupovinom kontrolnog paketa akcija za 800 hiljada eura, kontroli\u0161e Barovi\u0107, programirani ste\u010daj uveden je 2005. godine zbog duga od 13 hiljada eura. U me\u0111uvremenu reorganizacija i poslovni plan nisu dali o\u010dekivane rezulatate, pa je po\u010detkom pro\u0161le godine ste\u010dajni sudija Dragan Vu\u010devi\u0107 uveo klasi\u010dni ste\u010daj. Kompletan dug preduze\u0107a u ste\u010daju je tri miliona eura, od \u010dega se 1.7 miliona odnosi na kreditna zadu\u017eenja u Prvoj banci i Crnogorskoj komercijalnoj banci, zbog \u010dega je sva imovina pod hipotekom. Firma duguje za struju a duguje se dobavlja\u010dima i zaposlenima. Tokom protekle i po\u010detkom ove godine imovina Solane bezuspje\u0161no se prodavala u \u010detiri navrata. Krajem januara propala je \u010detvrta javna licitacija za prodaju imovine tog preduze\u0107a, koja je nu\u0111ena po po\u010detnoj cijeni od 225 miliona eura, \u0161to je za skoro 28 miliona ni\u017ee, nego u januaru, pro\u0161le godine kada je nu\u0111ena za 257.8 miliona. Ponu\u0111enu movinu Solane \u010dine pokretna i nepokretna imovina, odnosno tehni\u010dka oprema, gra\u0111evinska mehanizacija, transportna sredstva, kancelarijska oprema, objekti i hangar, kao i zemlji\u0161te povr\u0161ine 14, 5 miliona kvadrata u zale\u0111u Velike pla\u017ee. Krajem januara propala je i \u010detvrta javna licitacija za prodaju imovine tog preduze\u0107a.<br \/>\n<strong>M.K.<\/strong><br \/>\n<strong>Izvor: DAN<\/strong><\/p>\n","protected":false},"excerpt":{"rendered":"<p>Barovi\u0107 smijenio direktora Solane Izvr\u0161ni direktor Solane \u201eBajo Sekuli\u0107\u201d Dragi\u0161a Rosandi\u0107 smijenjen je sa te funkcije, a na njegovo mjesto bi\u0107e imenovan Ratko Prenti\u0107, ekonomista iz Podgorice, saznaje \u201eDan\u201c u najstarijem ulcinjskom preduze\u0107u. Prenti\u0107a je na mjesto izvr\u0161nog direktora predlo\u017eio Eurofond, biznismena Veselina Barovi\u0107a, koji je ve\u0107inski vlasnik preduze\u0107a. Novi direktor je, kako saznajemo, do [&hellip;]<\/p>\n","protected":false},"author":1,"featured_media":0,"comment_status":"open","ping_status":"closed","sticky":false,"template":"","format":"standard","meta":{"spay_email":"","jetpack_publicize_message":"","jetpack_is_tweetstorm":false,"jetpack_publicize_feature_enabled":true},"categories":[6950],"tags":[4575,1968],"jetpack_publicize_connections":[],"yoast_head":"<!-- This site is optimized with the Yoast SEO plugin v19.1 - https:\/\/yoast.com\/wordpress\/plugins\/seo\/ -->\n<title>Promjene u rukovodstvu ulcinjske solane - Lajme nga Ulqini<\/title>\n<meta name=\"description\" content=\"Barovi\u0107 smijenio direktora Solane Izvr\u0161ni direktor Solane \u201eBajo Sekuli\u0107\u201d Dragi\u0161a Rosandi\u0107 smijenjen je sa te funkcije, a na njegovo mjesto bi\u0107e imenovan\" \/>\n<meta name=\"robots\" content=\"index, follow, max-snippet:-1, max-image-preview:large, max-video-preview:-1\" \/>\n<link rel=\"canonical\" href=\"https:\/\/www.visit-ulcinj.com\/blog\/2013\/02\/09\/promjene-u-rukovodstvu-ulcinjske-solane\/\" \/>\n<meta property=\"og:locale\" content=\"en_US\" \/>\n<meta property=\"og:type\" content=\"article\" \/>\n<meta property=\"og:title\" content=\"Promjene u rukovodstvu ulcinjske solane - Lajme nga Ulqini\" \/>\n<meta property=\"og:description\" content=\"Barovi\u0107 smijenio direktora Solane Izvr\u0161ni direktor Solane \u201eBajo Sekuli\u0107\u201d Dragi\u0161a Rosandi\u0107 smijenjen je sa te funkcije, a na njegovo mjesto bi\u0107e imenovan\" \/>\n<meta property=\"og:url\" content=\"https:\/\/www.visit-ulcinj.com\/blog\/2013\/02\/09\/promjene-u-rukovodstvu-ulcinjske-solane\/\" \/>\n<meta property=\"og:site_name\" content=\"Lajme nga Ulqini\" \/>\n<meta property=\"article:published_time\" content=\"2013-02-09T10:50:20+00:00\" \/>\n<meta property=\"og:image\" content=\"http:\/\/www.visit-ulcinj.com\/blog\/wp-content\/uploads\/2013\/02\/Ulcinjska-Solana.jpg\" \/>\n<meta name=\"twitter:label1\" content=\"Written by\" \/>\n\t<meta name=\"twitter:data1\" content=\"ulqini\" \/>\n\t<meta name=\"twitter:label2\" content=\"Est. reading time\" \/>\n\t<meta name=\"twitter:data2\" content=\"2 minutes\" \/>\n<script type=\"application\/ld+json\" class=\"yoast-schema-graph\">{\"@context\":\"https:\/\/schema.org\",\"@graph\":[{\"@type\":\"WebSite\",\"@id\":\"https:\/\/www.visit-ulcinj.com\/blog\/#website\",\"url\":\"https:\/\/www.visit-ulcinj.com\/blog\/\",\"name\":\"Lajme nga Ulqini\",\"description\":\"Lajme,Vijesti,Ulqini,Ulqin,Crna Gora,Mali i Zi\",\"potentialAction\":[{\"@type\":\"SearchAction\",\"target\":{\"@type\":\"EntryPoint\",\"urlTemplate\":\"https:\/\/www.visit-ulcinj.com\/blog\/?s={search_term_string}\"},\"query-input\":\"required name=search_term_string\"}],\"inLanguage\":\"en-US\"},{\"@type\":\"ImageObject\",\"inLanguage\":\"en-US\",\"@id\":\"https:\/\/www.visit-ulcinj.com\/blog\/2013\/02\/09\/promjene-u-rukovodstvu-ulcinjske-solane\/#primaryimage\",\"url\":\"https:\/\/www.visit-ulcinj.com\/blog\/wp-content\/uploads\/2013\/02\/Ulcinjska-Solana.jpg\",\"contentUrl\":\"https:\/\/www.visit-ulcinj.com\/blog\/wp-content\/uploads\/2013\/02\/Ulcinjska-Solana.jpg\",\"width\":1064,\"height\":633},{\"@type\":\"WebPage\",\"@id\":\"https:\/\/www.visit-ulcinj.com\/blog\/2013\/02\/09\/promjene-u-rukovodstvu-ulcinjske-solane\/#webpage\",\"url\":\"https:\/\/www.visit-ulcinj.com\/blog\/2013\/02\/09\/promjene-u-rukovodstvu-ulcinjske-solane\/\",\"name\":\"Promjene u rukovodstvu ulcinjske solane - Lajme nga Ulqini\",\"isPartOf\":{\"@id\":\"https:\/\/www.visit-ulcinj.com\/blog\/#website\"},\"primaryImageOfPage\":{\"@id\":\"https:\/\/www.visit-ulcinj.com\/blog\/2013\/02\/09\/promjene-u-rukovodstvu-ulcinjske-solane\/#primaryimage\"},\"datePublished\":\"2013-02-09T10:50:20+00:00\",\"dateModified\":\"2013-02-09T10:50:20+00:00\",\"author\":{\"@id\":\"https:\/\/www.visit-ulcinj.com\/blog\/#\/schema\/person\/dcab619c614d3038751c63bc2aadc06d\"},\"description\":\"Barovi\u0107 smijenio direktora Solane Izvr\u0161ni direktor Solane \u201eBajo Sekuli\u0107\u201d Dragi\u0161a Rosandi\u0107 smijenjen je sa te funkcije, a na njegovo mjesto bi\u0107e imenovan\",\"breadcrumb\":{\"@id\":\"https:\/\/www.visit-ulcinj.com\/blog\/2013\/02\/09\/promjene-u-rukovodstvu-ulcinjske-solane\/#breadcrumb\"},\"inLanguage\":\"en-US\",\"potentialAction\":[{\"@type\":\"ReadAction\",\"target\":[\"https:\/\/www.visit-ulcinj.com\/blog\/2013\/02\/09\/promjene-u-rukovodstvu-ulcinjske-solane\/\"]}]},{\"@type\":\"BreadcrumbList\",\"@id\":\"https:\/\/www.visit-ulcinj.com\/blog\/2013\/02\/09\/promjene-u-rukovodstvu-ulcinjske-solane\/#breadcrumb\",\"itemListElement\":[{\"@type\":\"ListItem\",\"position\":1,\"name\":\"Promjene u rukovodstvu ulcinjske solane\"}]},{\"@type\":\"Person\",\"@id\":\"https:\/\/www.visit-ulcinj.com\/blog\/#\/schema\/person\/dcab619c614d3038751c63bc2aadc06d\",\"name\":\"ulqini\",\"sameAs\":[\"http:\/\/www.visit-ulcinj.com\"],\"url\":\"https:\/\/www.visit-ulcinj.com\/blog\/author\/admin\/\"}]}<\/script>\n<!-- \/ Yoast SEO plugin. -->","yoast_head_json":{"title":"Promjene u rukovodstvu ulcinjske solane - Lajme nga Ulqini","description":"Barovi\u0107 smijenio direktora Solane Izvr\u0161ni direktor Solane \u201eBajo Sekuli\u0107\u201d Dragi\u0161a Rosandi\u0107 smijenjen je sa te funkcije, a na njegovo mjesto bi\u0107e imenovan","robots":{"index":"index","follow":"follow","max-snippet":"max-snippet:-1","max-image-preview":"max-image-preview:large","max-video-preview":"max-video-preview:-1"},"canonical":"https:\/\/www.visit-ulcinj.com\/blog\/2013\/02\/09\/promjene-u-rukovodstvu-ulcinjske-solane\/","og_locale":"en_US","og_type":"article","og_title":"Promjene u rukovodstvu ulcinjske solane - Lajme nga Ulqini","og_description":"Barovi\u0107 smijenio direktora Solane Izvr\u0161ni direktor Solane \u201eBajo Sekuli\u0107\u201d Dragi\u0161a Rosandi\u0107 smijenjen je sa te funkcije, a na njegovo mjesto bi\u0107e imenovan","og_url":"https:\/\/www.visit-ulcinj.com\/blog\/2013\/02\/09\/promjene-u-rukovodstvu-ulcinjske-solane\/","og_site_name":"Lajme nga Ulqini","article_published_time":"2013-02-09T10:50:20+00:00","og_image":[{"url":"http:\/\/www.visit-ulcinj.com\/blog\/wp-content\/uploads\/2013\/02\/Ulcinjska-Solana.jpg"}],"twitter_misc":{"Written by":"ulqini","Est. reading time":"2 minutes"},"schema":{"@context":"https:\/\/schema.org","@graph":[{"@type":"WebSite","@id":"https:\/\/www.visit-ulcinj.com\/blog\/#website","url":"https:\/\/www.visit-ulcinj.com\/blog\/","name":"Lajme nga Ulqini","description":"Lajme,Vijesti,Ulqini,Ulqin,Crna Gora,Mali i Zi","potentialAction":[{"@type":"SearchAction","target":{"@type":"EntryPoint","urlTemplate":"https:\/\/www.visit-ulcinj.com\/blog\/?s={search_term_string}"},"query-input":"required name=search_term_string"}],"inLanguage":"en-US"},{"@type":"ImageObject","inLanguage":"en-US","@id":"https:\/\/www.visit-ulcinj.com\/blog\/2013\/02\/09\/promjene-u-rukovodstvu-ulcinjske-solane\/#primaryimage","url":"https:\/\/www.visit-ulcinj.com\/blog\/wp-content\/uploads\/2013\/02\/Ulcinjska-Solana.jpg","contentUrl":"https:\/\/www.visit-ulcinj.com\/blog\/wp-content\/uploads\/2013\/02\/Ulcinjska-Solana.jpg","width":1064,"height":633},{"@type":"WebPage","@id":"https:\/\/www.visit-ulcinj.com\/blog\/2013\/02\/09\/promjene-u-rukovodstvu-ulcinjske-solane\/#webpage","url":"https:\/\/www.visit-ulcinj.com\/blog\/2013\/02\/09\/promjene-u-rukovodstvu-ulcinjske-solane\/","name":"Promjene u rukovodstvu ulcinjske solane - Lajme nga Ulqini","isPartOf":{"@id":"https:\/\/www.visit-ulcinj.com\/blog\/#website"},"primaryImageOfPage":{"@id":"https:\/\/www.visit-ulcinj.com\/blog\/2013\/02\/09\/promjene-u-rukovodstvu-ulcinjske-solane\/#primaryimage"},"datePublished":"2013-02-09T10:50:20+00:00","dateModified":"2013-02-09T10:50:20+00:00","author":{"@id":"https:\/\/www.visit-ulcinj.com\/blog\/#\/schema\/person\/dcab619c614d3038751c63bc2aadc06d"},"description":"Barovi\u0107 smijenio direktora Solane Izvr\u0161ni direktor Solane \u201eBajo Sekuli\u0107\u201d Dragi\u0161a Rosandi\u0107 smijenjen je sa te funkcije, a na njegovo mjesto bi\u0107e imenovan","breadcrumb":{"@id":"https:\/\/www.visit-ulcinj.com\/blog\/2013\/02\/09\/promjene-u-rukovodstvu-ulcinjske-solane\/#breadcrumb"},"inLanguage":"en-US","potentialAction":[{"@type":"ReadAction","target":["https:\/\/www.visit-ulcinj.com\/blog\/2013\/02\/09\/promjene-u-rukovodstvu-ulcinjske-solane\/"]}]},{"@type":"BreadcrumbList","@id":"https:\/\/www.visit-ulcinj.com\/blog\/2013\/02\/09\/promjene-u-rukovodstvu-ulcinjske-solane\/#breadcrumb","itemListElement":[{"@type":"ListItem","position":1,"name":"Promjene u rukovodstvu ulcinjske solane"}]},{"@type":"Person","@id":"https:\/\/www.visit-ulcinj.com\/blog\/#\/schema\/person\/dcab619c614d3038751c63bc2aadc06d","name":"ulqini","sameAs":["http:\/\/www.visit-ulcinj.com"],"url":"https:\/\/www.visit-ulcinj.com\/blog\/author\/admin\/"}]}},"jetpack_featured_media_url":"","jetpack_sharing_enabled":true,"jetpack_shortlink":"https:\/\/wp.me\/pe6lTn-hPi","_links":{"self":[{"href":"https:\/\/www.visit-ulcinj.com\/blog\/wp-json\/wp\/v2\/posts\/68528"}],"collection":[{"href":"https:\/\/www.visit-ulcinj.com\/blog\/wp-json\/wp\/v2\/posts"}],"about":[{"href":"https:\/\/www.visit-ulcinj.com\/blog\/wp-json\/wp\/v2\/types\/post"}],"author":[{"embeddable":true,"href":"https:\/\/www.visit-ulcinj.com\/blog\/wp-json\/wp\/v2\/users\/1"}],"replies":[{"embeddable":true,"href":"https:\/\/www.visit-ulcinj.com\/blog\/wp-json\/wp\/v2\/comments?post=68528"}],"version-history":[{"count":1,"href":"https:\/\/www.visit-ulcinj.com\/blog\/wp-json\/wp\/v2\/posts\/68528\/revisions"}],"predecessor-version":[{"id":68530,"href":"https:\/\/www.visit-ulcinj.com\/blog\/wp-json\/wp\/v2\/posts\/68528\/revisions\/68530"}],"wp:attachment":[{"href":"https:\/\/www.visit-ulcinj.com\/blog\/wp-json\/wp\/v2\/media?parent=68528"}],"wp:term":[{"taxonomy":"category","embeddable":true,"href":"https:\/\/www.visit-ulcinj.com\/blog\/wp-json\/wp\/v2\/categories?post=68528"},{"taxonomy":"post_tag","embeddable":true,"href":"https:\/\/www.visit-ulcinj.com\/blog\/wp-json\/wp\/v2\/tags?post=68528"}],"curies":[{"name":"wp","href":"https:\/\/api.w.org\/{rel}","templated":true}]}}