{"id":68536,"date":"2013-02-09T18:28:05","date_gmt":"2013-02-09T17:28:05","guid":{"rendered":"http:\/\/www.visit-ulcinj.com\/blog\/?p=68536"},"modified":"2013-02-15T08:01:32","modified_gmt":"2013-02-15T07:01:32","slug":"gjyste-vulaj-lindi-djalin-besartin","status":"publish","type":"post","link":"https:\/\/www.visit-ulcinj.com\/blog\/2013\/02\/09\/gjyste-vulaj-lindi-djalin-besartin\/","title":{"rendered":"Gjyste Vulaj lindi djalin Besartin"},"content":{"rendered":"<p><a href=\"http:\/\/www.visit-ulcinj.com\/blog\/wp-content\/uploads\/2013\/02\/Gjyste-Vulaj_djali-Besarti.jpg\"><img loading=\"lazy\" class=\"alignleft  wp-image-68537\" alt=\"Gjyste Vulaj_djali Besarti\" src=\"http:\/\/www.visit-ulcinj.com\/blog\/wp-content\/uploads\/2013\/02\/Gjyste-Vulaj_djali-Besarti.jpg\" width=\"508\" height=\"360\" \/><\/a><strong>Kengetarja Gjyste Vulaj dje sjelli ne jete djalin e saj Besartin..<\/strong>.<\/p>\n<p>Lajmin p\u00ebr lindjen e Gjyste Vulajt e ka b\u00ebr\u00eb publike motra e k\u00ebng\u00ebtares, Valentina Spaho.<\/p>\n<p>Gjyste Vulaj dit\u00ebn e ejte, ka sjell\u00eb n\u00eb jet\u00eb f\u00ebmij\u00ebn e saj t\u00eb dyt\u00eb \u2013 nj\u00eb djal\u00eb, i cili do t\u00eb quhet Besart.<br \/>\nK\u00ebng\u00ebtarja nga Ulqini dhe djali i saj thuhet t\u00eb jen\u00eb n\u00eb gjendje t\u00eb mir\u00eb sh\u00ebndet\u00ebsore.Ne m\u00ebsojm\u00eb se ajo gjindet\u00a0 pik\u00ebrisht n\u00eb Amerik\u00eb ku edhe ajo ndodhet me djalin e saj.<br \/>\n<a href=\"http:\/\/www.visit-ulcinj.com\/blog\/wp-content\/uploads\/2013\/02\/Vajza-e-Gjyste-Vules-Rozana.jpg\"><img loading=\"lazy\" class=\"alignleft  wp-image-68554\" alt=\"Vajza e Gjyste Vules -Rozana\" src=\"http:\/\/www.visit-ulcinj.com\/blog\/wp-content\/uploads\/2013\/02\/Vajza-e-Gjyste-Vules-Rozana.jpg\" width=\"508\" height=\"300\" \/><\/a><\/p>\n<p>Pas vajz\u00ebs\u00a0 Rozan\u00ebs e cila \u00ebsht\u00eb duke e kaluar periudh\u00ebn e adoleshenc\u00ebs, k\u00ebng\u00ebtarja e njohur Gjyste Vulaj, pas shum\u00eb vitesh martes\u00eb ka vendosur q\u00eb t\u00eb sjell\u00eb n\u00eb jet\u00eb edhe nj\u00eb tjet\u00ebr f\u00ebmij\u00eb.\u00e7ka edhe ndodhi.<br \/>\nGjystja shprehet se deshti \u201cT\u2019ia plot\u00ebsoj d\u00ebshir\u00ebn vjehrr\u00ebs\u201d, ka qen\u00eb mesazhi i par\u00eb i dh\u00ebn\u00eb nga k\u00ebng\u00ebtarja, e cila b\u00ebnte me dije se vjehrra e saj d\u00ebshironte me \u00e7do kusht nj\u00eb nip. Dhe si duket ashtu edhe\u00a0 ndodhi.<br \/>\n<a href=\"http:\/\/www.visit-ulcinj.com\/blog\/wp-content\/uploads\/2013\/02\/Besart-Vulaj.1.jpg\"><img loading=\"lazy\" class=\"alignleft  wp-image-68556\" alt=\"Besart Vulaj.1\" src=\"http:\/\/www.visit-ulcinj.com\/blog\/wp-content\/uploads\/2013\/02\/Besart-Vulaj.1.jpg\" width=\"508\" height=\"300\" \/><\/a><br \/>\nE ka pag\u00ebzuar me emrin Besart, djalin e saj k\u00ebng\u00ebtarja e njohur shqiptare Gjyste Vulaj.<\/p>\n<p>K\u00ebng\u00ebtarja m\u00eb popullore shqiptare \u00ebsht\u00eb mbuluar me mesazhe dhe urime pafund edhe n\u00eb rrjetin social Favcebook dhe Twiter.<br \/>\nUrime dhe me jet\u00eb t\u00eb gjat\u00eb Besarti!<br \/>\n<a href=\"http:\/\/www.visit-ulcinj.com\/blog\/wp-content\/uploads\/2013\/02\/Besart-Vulaj.jpg\"><img loading=\"lazy\" class=\"alignleft  wp-image-68539\" alt=\"Besart Vulaj\" src=\"http:\/\/www.visit-ulcinj.com\/blog\/wp-content\/uploads\/2013\/02\/Besart-Vulaj.jpg\" width=\"508\" height=\"600\" \/><\/a><\/p>\n<p>Gjystja e v\u00ebrteton me 18 vite e kaluara me bashk\u00ebshortin e saj Sokolin.E veshur me shum\u00eb eleganc\u00eb, por edhe ekstravegante, ajo mbetet dikush q\u00eb di t\u00eb luaj shum\u00eb mir\u00eb n\u00eb show biznesin shqiptar. \u201cKam qen\u00eb 15 vje\u00e7e kur zemr\u00ebn dhe gjith\u00e7ka tjet\u00ebr i\u2019a fala Sokolit.<br \/>\n<a href=\"http:\/\/www.visit-ulcinj.com\/blog\/wp-content\/uploads\/2013\/02\/Gjyste-Vulaj_Sokoli.jpg\"><img loading=\"lazy\" class=\"alignleft  wp-image-68538\" alt=\"Gjyste Vulaj_Sokoli\" src=\"http:\/\/www.visit-ulcinj.com\/blog\/wp-content\/uploads\/2013\/02\/Gjyste-Vulaj_Sokoli.jpg\" width=\"508\" height=\"300\" \/><\/a><\/p>\n<p>Kemi 18 vjet martes\u00eb dhe nuk m\u00eb ka prekur asnj\u00eb mashkull tjet\u00ebr p\u00ebrve\u00e7 tij\u201d, thekson k\u00ebng\u00ebtarja e njohur Vulaj duke shtuar se jeta \u00ebsht\u00eb e shkurt\u00ebr por edhe e gjat\u00eb nj\u00ebkoh\u00ebsisht.<br \/>\n<a href=\"http:\/\/www.visit-ulcinj.com\/blog\/wp-content\/uploads\/2013\/02\/BESART-VULAJ.2.jpg\"><img loading=\"lazy\" class=\"alignleft  wp-image-68656\" alt=\"BESART VULAJ.2\" src=\"http:\/\/www.visit-ulcinj.com\/blog\/wp-content\/uploads\/2013\/02\/BESART-VULAJ.2.jpg\" width=\"508\" height=\"600\" \/><\/a><\/p>\n<p><strong>Lajme nga Ulqini<\/strong><\/p>\n<!--YouTube Error: bad URL entered-->\n","protected":false},"excerpt":{"rendered":"<p>Kengetarja Gjyste Vulaj dje sjelli ne jete djalin e saj Besartin&#8230; Lajmin p\u00ebr lindjen e Gjyste Vulajt e ka b\u00ebr\u00eb publike motra e k\u00ebng\u00ebtares, Valentina Spaho. Gjyste Vulaj dit\u00ebn e ejte, ka sjell\u00eb n\u00eb jet\u00eb f\u00ebmij\u00ebn e saj t\u00eb dyt\u00eb \u2013 nj\u00eb djal\u00eb, i cili do t\u00eb quhet Besart. K\u00ebng\u00ebtarja nga Ulqini dhe djali i [&hellip;]<\/p>\n","protected":false},"author":1,"featured_media":0,"comment_status":"open","ping_status":"closed","sticky":false,"template":"","format":"standard","meta":{"spay_email":"","jetpack_publicize_message":"","jetpack_is_tweetstorm":false,"jetpack_publicize_feature_enabled":true},"categories":[5],"tags":[],"jetpack_publicize_connections":[],"yoast_head":"<!-- This site is optimized with the Yoast SEO plugin v19.1 - https:\/\/yoast.com\/wordpress\/plugins\/seo\/ -->\n<title>Gjyste Vulaj lindi djalin Besartin - Lajme nga Ulqini<\/title>\n<meta name=\"description\" content=\"Kengetarja Gjyste Vulaj dje sjelli ne jete djalin e saj Besartin... Lajmin p\u00ebr lindjen e Gjyste Vulajt e ka b\u00ebr\u00eb publike motra e k\u00ebng\u00ebtares, Valentina\" \/>\n<meta name=\"robots\" content=\"index, follow, max-snippet:-1, max-image-preview:large, max-video-preview:-1\" \/>\n<link rel=\"canonical\" href=\"https:\/\/www.visit-ulcinj.com\/blog\/2013\/02\/09\/gjyste-vulaj-lindi-djalin-besartin\/\" \/>\n<meta property=\"og:locale\" content=\"en_US\" \/>\n<meta property=\"og:type\" content=\"article\" \/>\n<meta property=\"og:title\" content=\"Gjyste Vulaj lindi djalin Besartin - Lajme nga Ulqini\" \/>\n<meta property=\"og:description\" content=\"Kengetarja Gjyste Vulaj dje sjelli ne jete djalin e saj Besartin... Lajmin p\u00ebr lindjen e Gjyste Vulajt e ka b\u00ebr\u00eb publike motra e k\u00ebng\u00ebtares, Valentina\" \/>\n<meta property=\"og:url\" content=\"https:\/\/www.visit-ulcinj.com\/blog\/2013\/02\/09\/gjyste-vulaj-lindi-djalin-besartin\/\" \/>\n<meta property=\"og:site_name\" content=\"Lajme nga Ulqini\" \/>\n<meta property=\"article:published_time\" content=\"2013-02-09T17:28:05+00:00\" \/>\n<meta property=\"article:modified_time\" content=\"2013-02-15T07:01:32+00:00\" \/>\n<meta property=\"og:image\" content=\"http:\/\/www.visit-ulcinj.com\/blog\/wp-content\/uploads\/2013\/02\/Gjyste-Vulaj_djali-Besarti.jpg\" \/>\n<meta name=\"twitter:label1\" content=\"Written by\" \/>\n\t<meta name=\"twitter:data1\" content=\"ulqini\" \/>\n\t<meta name=\"twitter:label2\" content=\"Est. reading time\" \/>\n\t<meta name=\"twitter:data2\" content=\"2 minutes\" \/>\n<script type=\"application\/ld+json\" class=\"yoast-schema-graph\">{\"@context\":\"https:\/\/schema.org\",\"@graph\":[{\"@type\":\"WebSite\",\"@id\":\"https:\/\/www.visit-ulcinj.com\/blog\/#website\",\"url\":\"https:\/\/www.visit-ulcinj.com\/blog\/\",\"name\":\"Lajme nga Ulqini\",\"description\":\"Lajme,Vijesti,Ulqini,Ulqin,Crna Gora,Mali i Zi\",\"potentialAction\":[{\"@type\":\"SearchAction\",\"target\":{\"@type\":\"EntryPoint\",\"urlTemplate\":\"https:\/\/www.visit-ulcinj.com\/blog\/?s={search_term_string}\"},\"query-input\":\"required name=search_term_string\"}],\"inLanguage\":\"en-US\"},{\"@type\":\"ImageObject\",\"inLanguage\":\"en-US\",\"@id\":\"https:\/\/www.visit-ulcinj.com\/blog\/2013\/02\/09\/gjyste-vulaj-lindi-djalin-besartin\/#primaryimage\",\"url\":\"http:\/\/www.visit-ulcinj.com\/blog\/wp-content\/uploads\/2013\/02\/Gjyste-Vulaj_djali-Besarti.jpg\",\"contentUrl\":\"http:\/\/www.visit-ulcinj.com\/blog\/wp-content\/uploads\/2013\/02\/Gjyste-Vulaj_djali-Besarti.jpg\"},{\"@type\":\"WebPage\",\"@id\":\"https:\/\/www.visit-ulcinj.com\/blog\/2013\/02\/09\/gjyste-vulaj-lindi-djalin-besartin\/#webpage\",\"url\":\"https:\/\/www.visit-ulcinj.com\/blog\/2013\/02\/09\/gjyste-vulaj-lindi-djalin-besartin\/\",\"name\":\"Gjyste Vulaj lindi djalin Besartin - Lajme nga Ulqini\",\"isPartOf\":{\"@id\":\"https:\/\/www.visit-ulcinj.com\/blog\/#website\"},\"primaryImageOfPage\":{\"@id\":\"https:\/\/www.visit-ulcinj.com\/blog\/2013\/02\/09\/gjyste-vulaj-lindi-djalin-besartin\/#primaryimage\"},\"datePublished\":\"2013-02-09T17:28:05+00:00\",\"dateModified\":\"2013-02-15T07:01:32+00:00\",\"author\":{\"@id\":\"https:\/\/www.visit-ulcinj.com\/blog\/#\/schema\/person\/dcab619c614d3038751c63bc2aadc06d\"},\"description\":\"Kengetarja Gjyste Vulaj dje sjelli ne jete djalin e saj Besartin... Lajmin p\u00ebr lindjen e Gjyste Vulajt e ka b\u00ebr\u00eb publike motra e k\u00ebng\u00ebtares, Valentina\",\"breadcrumb\":{\"@id\":\"https:\/\/www.visit-ulcinj.com\/blog\/2013\/02\/09\/gjyste-vulaj-lindi-djalin-besartin\/#breadcrumb\"},\"inLanguage\":\"en-US\",\"potentialAction\":[{\"@type\":\"ReadAction\",\"target\":[\"https:\/\/www.visit-ulcinj.com\/blog\/2013\/02\/09\/gjyste-vulaj-lindi-djalin-besartin\/\"]}]},{\"@type\":\"BreadcrumbList\",\"@id\":\"https:\/\/www.visit-ulcinj.com\/blog\/2013\/02\/09\/gjyste-vulaj-lindi-djalin-besartin\/#breadcrumb\",\"itemListElement\":[{\"@type\":\"ListItem\",\"position\":1,\"name\":\"Gjyste Vulaj lindi djalin Besartin\"}]},{\"@type\":\"Person\",\"@id\":\"https:\/\/www.visit-ulcinj.com\/blog\/#\/schema\/person\/dcab619c614d3038751c63bc2aadc06d\",\"name\":\"ulqini\",\"sameAs\":[\"http:\/\/www.visit-ulcinj.com\"],\"url\":\"https:\/\/www.visit-ulcinj.com\/blog\/author\/admin\/\"}]}<\/script>\n<!-- \/ Yoast SEO plugin. -->","yoast_head_json":{"title":"Gjyste Vulaj lindi djalin Besartin - Lajme nga Ulqini","description":"Kengetarja Gjyste Vulaj dje sjelli ne jete djalin e saj Besartin... Lajmin p\u00ebr lindjen e Gjyste Vulajt e ka b\u00ebr\u00eb publike motra e k\u00ebng\u00ebtares, Valentina","robots":{"index":"index","follow":"follow","max-snippet":"max-snippet:-1","max-image-preview":"max-image-preview:large","max-video-preview":"max-video-preview:-1"},"canonical":"https:\/\/www.visit-ulcinj.com\/blog\/2013\/02\/09\/gjyste-vulaj-lindi-djalin-besartin\/","og_locale":"en_US","og_type":"article","og_title":"Gjyste Vulaj lindi djalin Besartin - Lajme nga Ulqini","og_description":"Kengetarja Gjyste Vulaj dje sjelli ne jete djalin e saj Besartin... Lajmin p\u00ebr lindjen e Gjyste Vulajt e ka b\u00ebr\u00eb publike motra e k\u00ebng\u00ebtares, Valentina","og_url":"https:\/\/www.visit-ulcinj.com\/blog\/2013\/02\/09\/gjyste-vulaj-lindi-djalin-besartin\/","og_site_name":"Lajme nga Ulqini","article_published_time":"2013-02-09T17:28:05+00:00","article_modified_time":"2013-02-15T07:01:32+00:00","og_image":[{"url":"http:\/\/www.visit-ulcinj.com\/blog\/wp-content\/uploads\/2013\/02\/Gjyste-Vulaj_djali-Besarti.jpg"}],"twitter_misc":{"Written by":"ulqini","Est. reading time":"2 minutes"},"schema":{"@context":"https:\/\/schema.org","@graph":[{"@type":"WebSite","@id":"https:\/\/www.visit-ulcinj.com\/blog\/#website","url":"https:\/\/www.visit-ulcinj.com\/blog\/","name":"Lajme nga Ulqini","description":"Lajme,Vijesti,Ulqini,Ulqin,Crna Gora,Mali i Zi","potentialAction":[{"@type":"SearchAction","target":{"@type":"EntryPoint","urlTemplate":"https:\/\/www.visit-ulcinj.com\/blog\/?s={search_term_string}"},"query-input":"required name=search_term_string"}],"inLanguage":"en-US"},{"@type":"ImageObject","inLanguage":"en-US","@id":"https:\/\/www.visit-ulcinj.com\/blog\/2013\/02\/09\/gjyste-vulaj-lindi-djalin-besartin\/#primaryimage","url":"http:\/\/www.visit-ulcinj.com\/blog\/wp-content\/uploads\/2013\/02\/Gjyste-Vulaj_djali-Besarti.jpg","contentUrl":"http:\/\/www.visit-ulcinj.com\/blog\/wp-content\/uploads\/2013\/02\/Gjyste-Vulaj_djali-Besarti.jpg"},{"@type":"WebPage","@id":"https:\/\/www.visit-ulcinj.com\/blog\/2013\/02\/09\/gjyste-vulaj-lindi-djalin-besartin\/#webpage","url":"https:\/\/www.visit-ulcinj.com\/blog\/2013\/02\/09\/gjyste-vulaj-lindi-djalin-besartin\/","name":"Gjyste Vulaj lindi djalin Besartin - Lajme nga Ulqini","isPartOf":{"@id":"https:\/\/www.visit-ulcinj.com\/blog\/#website"},"primaryImageOfPage":{"@id":"https:\/\/www.visit-ulcinj.com\/blog\/2013\/02\/09\/gjyste-vulaj-lindi-djalin-besartin\/#primaryimage"},"datePublished":"2013-02-09T17:28:05+00:00","dateModified":"2013-02-15T07:01:32+00:00","author":{"@id":"https:\/\/www.visit-ulcinj.com\/blog\/#\/schema\/person\/dcab619c614d3038751c63bc2aadc06d"},"description":"Kengetarja Gjyste Vulaj dje sjelli ne jete djalin e saj Besartin... Lajmin p\u00ebr lindjen e Gjyste Vulajt e ka b\u00ebr\u00eb publike motra e k\u00ebng\u00ebtares, Valentina","breadcrumb":{"@id":"https:\/\/www.visit-ulcinj.com\/blog\/2013\/02\/09\/gjyste-vulaj-lindi-djalin-besartin\/#breadcrumb"},"inLanguage":"en-US","potentialAction":[{"@type":"ReadAction","target":["https:\/\/www.visit-ulcinj.com\/blog\/2013\/02\/09\/gjyste-vulaj-lindi-djalin-besartin\/"]}]},{"@type":"BreadcrumbList","@id":"https:\/\/www.visit-ulcinj.com\/blog\/2013\/02\/09\/gjyste-vulaj-lindi-djalin-besartin\/#breadcrumb","itemListElement":[{"@type":"ListItem","position":1,"name":"Gjyste Vulaj lindi djalin Besartin"}]},{"@type":"Person","@id":"https:\/\/www.visit-ulcinj.com\/blog\/#\/schema\/person\/dcab619c614d3038751c63bc2aadc06d","name":"ulqini","sameAs":["http:\/\/www.visit-ulcinj.com"],"url":"https:\/\/www.visit-ulcinj.com\/blog\/author\/admin\/"}]}},"jetpack_featured_media_url":"","jetpack_sharing_enabled":true,"jetpack_shortlink":"https:\/\/wp.me\/pe6lTn-hPq","_links":{"self":[{"href":"https:\/\/www.visit-ulcinj.com\/blog\/wp-json\/wp\/v2\/posts\/68536"}],"collection":[{"href":"https:\/\/www.visit-ulcinj.com\/blog\/wp-json\/wp\/v2\/posts"}],"about":[{"href":"https:\/\/www.visit-ulcinj.com\/blog\/wp-json\/wp\/v2\/types\/post"}],"author":[{"embeddable":true,"href":"https:\/\/www.visit-ulcinj.com\/blog\/wp-json\/wp\/v2\/users\/1"}],"replies":[{"embeddable":true,"href":"https:\/\/www.visit-ulcinj.com\/blog\/wp-json\/wp\/v2\/comments?post=68536"}],"version-history":[{"count":19,"href":"https:\/\/www.visit-ulcinj.com\/blog\/wp-json\/wp\/v2\/posts\/68536\/revisions"}],"predecessor-version":[{"id":68765,"href":"https:\/\/www.visit-ulcinj.com\/blog\/wp-json\/wp\/v2\/posts\/68536\/revisions\/68765"}],"wp:attachment":[{"href":"https:\/\/www.visit-ulcinj.com\/blog\/wp-json\/wp\/v2\/media?parent=68536"}],"wp:term":[{"taxonomy":"category","embeddable":true,"href":"https:\/\/www.visit-ulcinj.com\/blog\/wp-json\/wp\/v2\/categories?post=68536"},{"taxonomy":"post_tag","embeddable":true,"href":"https:\/\/www.visit-ulcinj.com\/blog\/wp-json\/wp\/v2\/tags?post=68536"}],"curies":[{"name":"wp","href":"https:\/\/api.w.org\/{rel}","templated":true}]}}