{"id":6855,"date":"2008-12-05T16:46:15","date_gmt":"2008-12-05T15:46:15","guid":{"rendered":"http:\/\/www.visit-ulcinj.com\/blog\/?p=6855"},"modified":"2008-12-06T18:23:17","modified_gmt":"2008-12-06T17:23:17","slug":"forca-vlast-disciplinuje-niku","status":"publish","type":"post","link":"https:\/\/www.visit-ulcinj.com\/blog\/2008\/12\/05\/forca-vlast-disciplinuje-niku\/","title":{"rendered":"Forca: Vlast disciplinuje Niku"},"content":{"rendered":"<p><a href=\"http:\/\/www.visit-ulcinj.com\/blog\/wp-content\/uploads\/2008\/12\/politicka-tolerancija.jpg\"><img loading=\"lazy\" class=\"alignleft size-medium wp-image-6856\" title=\"politicka-tolerancija\" src=\"http:\/\/www.visit-ulcinj.com\/blog\/wp-content\/uploads\/2008\/12\/politicka-tolerancija-300x224.jpg\" alt=\"\" width=\"318\" height=\"237\" \/><\/a>Ulcinj \u2013 Vrije?anja, replike van dnevnog reda i te\u0161ke rije?i, metode su kojima se lokalna vlast u Ulcinju koristi u namjeri da zamaskira svaku konstruktivnu diskusiju na bilo koju temu u lokalnom parlamentu. Koalicija \u201cZa evropski Ulcinj\u201d namjerno umanjuje autoritet Skup\u0161tine time \u0161to ne \u017eeli da zauzme stav ni u vezi sa pitanjem za povra?aj imovine, a tako?e i time \u0161to toleri\u0161e arogantnost izvr\u0161ne vlasti koja od jula ne dostavlja Skup\u0161tini izvje\u0161taj o realizaciji bud\u017eeta za prethodni period \u2013 navodi se u saop\u0161tenju \u201cForce\u201d. Dodaje se da \u201caktuelna vlast demonstrira svoju bahatost i neodgovornost prema gra?anima u namjeri da disciplinuje predsjednika SO Muhameta Niku samo zbog toga \u0161to je podr\u017eao predlog \u201cForce\u201d i svojim glasom presudio da povra?aj imovine i bud\u017eet budu na dnevnom redu sjednice SO\u201c.<a title=\"ulcinj\" href=\"http:\/\/www.ngo-horizonti.org\/images\/download\/publikacije\/4_ODBORNIK__kESHILLTARI.pdf\" target=\"_blank\"><img loading=\"lazy\" class=\"alignright size-medium wp-image-6895\" title=\"kakva-je-uloga-odbornika-ulcinja\" src=\"http:\/\/www.visit-ulcinj.com\/blog\/wp-content\/uploads\/2008\/12\/kakva-je-uloga-odbornika-ulcinja-300x265.jpg\" alt=\"\" width=\"180\" height=\"159\" srcset=\"https:\/\/www.visit-ulcinj.com\/blog\/wp-content\/uploads\/2008\/12\/kakva-je-uloga-odbornika-ulcinja-300x265.jpg 300w, https:\/\/www.visit-ulcinj.com\/blog\/wp-content\/uploads\/2008\/12\/kakva-je-uloga-odbornika-ulcinja.jpg 467w\" sizes=\"(max-width: 180px) 100vw, 180px\" \/><\/a><br \/>\nU \u201cForci\u201d tvrde da se gra?ani sa pravom pitaju ?ije interese brane odbornici koalicije \u201cZa evropski Ulcinj\u201c budu?i \u201eda nijesu dozvolili glasanje o zaklju?cima kojima se tra\u017ei da regionalna komisija o povra?aju imovine informi\u0161e ulcinjsku SO o dosada\u0161njem radu u vezi sa zahtjevima gra?ana Ulcinja\u201c.<br \/>\n&#8211; Da bi apsurd bio ve?i, takav zaklju?ak predlo\u017eio je jedan odbornik iz redova te koalicije. Svoju bahatost koalicija demonstrira i kad od opozicije tra\u017ei da izradi izvje\u0161taj o realizaciji bud\u017eeta \u2013 zaklju?uje se u saop\u0161tenju.<br \/>\n<strong>S.A.<br \/>\nIzvor \/ Vijesti<\/strong><\/p>\n","protected":false},"excerpt":{"rendered":"<p>Ulcinj \u2013 Vrije?anja, replike van dnevnog reda i te\u0161ke rije?i, metode su kojima se lokalna vlast u Ulcinju koristi u namjeri da zamaskira svaku konstruktivnu diskusiju na bilo koju temu u lokalnom parlamentu. Koalicija \u201cZa evropski Ulcinj\u201d namjerno umanjuje autoritet Skup\u0161tine time \u0161to ne \u017eeli da zauzme stav ni u vezi sa pitanjem za povra?aj [&hellip;]<\/p>\n","protected":false},"author":1,"featured_media":0,"comment_status":"open","ping_status":"closed","sticky":false,"template":"","format":"standard","meta":{"spay_email":"","jetpack_publicize_message":"","jetpack_is_tweetstorm":false,"jetpack_publicize_feature_enabled":true},"categories":[1],"tags":[117,19],"jetpack_publicize_connections":[],"yoast_head":"<!-- This site is optimized with the Yoast SEO plugin v19.1 - https:\/\/yoast.com\/wordpress\/plugins\/seo\/ -->\n<title>Forca: Vlast disciplinuje Niku - Lajme nga Ulqini<\/title>\n<meta name=\"description\" content=\"Ulcinj \u2013 Vrije?anja, replike van dnevnog reda i te\u0161ke rije?i, metode su kojima se lokalna vlast u Ulcinju koristi u namjeri da zamaskira svaku\" \/>\n<meta name=\"robots\" content=\"index, follow, max-snippet:-1, max-image-preview:large, max-video-preview:-1\" \/>\n<link rel=\"canonical\" href=\"https:\/\/www.visit-ulcinj.com\/blog\/2008\/12\/05\/forca-vlast-disciplinuje-niku\/\" \/>\n<meta property=\"og:locale\" content=\"en_US\" \/>\n<meta property=\"og:type\" content=\"article\" \/>\n<meta property=\"og:title\" content=\"Forca: Vlast disciplinuje Niku - Lajme nga Ulqini\" \/>\n<meta property=\"og:description\" content=\"Ulcinj \u2013 Vrije?anja, replike van dnevnog reda i te\u0161ke rije?i, metode su kojima se lokalna vlast u Ulcinju koristi u namjeri da zamaskira svaku\" \/>\n<meta property=\"og:url\" content=\"https:\/\/www.visit-ulcinj.com\/blog\/2008\/12\/05\/forca-vlast-disciplinuje-niku\/\" \/>\n<meta property=\"og:site_name\" content=\"Lajme nga Ulqini\" \/>\n<meta property=\"article:published_time\" content=\"2008-12-05T15:46:15+00:00\" \/>\n<meta property=\"article:modified_time\" content=\"2008-12-06T17:23:17+00:00\" \/>\n<meta property=\"og:image\" content=\"http:\/\/www.visit-ulcinj.com\/blog\/wp-content\/uploads\/2008\/12\/politicka-tolerancija-300x224.jpg\" \/>\n<meta name=\"twitter:label1\" content=\"Written by\" \/>\n\t<meta name=\"twitter:data1\" content=\"ulqini\" \/>\n\t<meta name=\"twitter:label2\" content=\"Est. reading time\" \/>\n\t<meta name=\"twitter:data2\" content=\"1 minute\" \/>\n<script type=\"application\/ld+json\" class=\"yoast-schema-graph\">{\"@context\":\"https:\/\/schema.org\",\"@graph\":[{\"@type\":\"WebSite\",\"@id\":\"https:\/\/www.visit-ulcinj.com\/blog\/#website\",\"url\":\"https:\/\/www.visit-ulcinj.com\/blog\/\",\"name\":\"Lajme nga Ulqini\",\"description\":\"Lajme,Vijesti,Ulqini,Ulqin,Crna Gora,Mali i Zi\",\"potentialAction\":[{\"@type\":\"SearchAction\",\"target\":{\"@type\":\"EntryPoint\",\"urlTemplate\":\"https:\/\/www.visit-ulcinj.com\/blog\/?s={search_term_string}\"},\"query-input\":\"required name=search_term_string\"}],\"inLanguage\":\"en-US\"},{\"@type\":\"ImageObject\",\"inLanguage\":\"en-US\",\"@id\":\"https:\/\/www.visit-ulcinj.com\/blog\/2008\/12\/05\/forca-vlast-disciplinuje-niku\/#primaryimage\",\"url\":\"http:\/\/www.visit-ulcinj.com\/blog\/wp-content\/uploads\/2008\/12\/politicka-tolerancija-300x224.jpg\",\"contentUrl\":\"http:\/\/www.visit-ulcinj.com\/blog\/wp-content\/uploads\/2008\/12\/politicka-tolerancija-300x224.jpg\"},{\"@type\":\"WebPage\",\"@id\":\"https:\/\/www.visit-ulcinj.com\/blog\/2008\/12\/05\/forca-vlast-disciplinuje-niku\/#webpage\",\"url\":\"https:\/\/www.visit-ulcinj.com\/blog\/2008\/12\/05\/forca-vlast-disciplinuje-niku\/\",\"name\":\"Forca: Vlast disciplinuje Niku - Lajme nga Ulqini\",\"isPartOf\":{\"@id\":\"https:\/\/www.visit-ulcinj.com\/blog\/#website\"},\"primaryImageOfPage\":{\"@id\":\"https:\/\/www.visit-ulcinj.com\/blog\/2008\/12\/05\/forca-vlast-disciplinuje-niku\/#primaryimage\"},\"datePublished\":\"2008-12-05T15:46:15+00:00\",\"dateModified\":\"2008-12-06T17:23:17+00:00\",\"author\":{\"@id\":\"https:\/\/www.visit-ulcinj.com\/blog\/#\/schema\/person\/dcab619c614d3038751c63bc2aadc06d\"},\"description\":\"Ulcinj \u2013 Vrije?anja, replike van dnevnog reda i te\u0161ke rije?i, metode su kojima se lokalna vlast u Ulcinju koristi u namjeri da zamaskira svaku\",\"breadcrumb\":{\"@id\":\"https:\/\/www.visit-ulcinj.com\/blog\/2008\/12\/05\/forca-vlast-disciplinuje-niku\/#breadcrumb\"},\"inLanguage\":\"en-US\",\"potentialAction\":[{\"@type\":\"ReadAction\",\"target\":[\"https:\/\/www.visit-ulcinj.com\/blog\/2008\/12\/05\/forca-vlast-disciplinuje-niku\/\"]}]},{\"@type\":\"BreadcrumbList\",\"@id\":\"https:\/\/www.visit-ulcinj.com\/blog\/2008\/12\/05\/forca-vlast-disciplinuje-niku\/#breadcrumb\",\"itemListElement\":[{\"@type\":\"ListItem\",\"position\":1,\"name\":\"Forca: Vlast disciplinuje Niku\"}]},{\"@type\":\"Person\",\"@id\":\"https:\/\/www.visit-ulcinj.com\/blog\/#\/schema\/person\/dcab619c614d3038751c63bc2aadc06d\",\"name\":\"ulqini\",\"sameAs\":[\"http:\/\/www.visit-ulcinj.com\"],\"url\":\"https:\/\/www.visit-ulcinj.com\/blog\/author\/admin\/\"}]}<\/script>\n<!-- \/ Yoast SEO plugin. -->","yoast_head_json":{"title":"Forca: Vlast disciplinuje Niku - Lajme nga Ulqini","description":"Ulcinj \u2013 Vrije?anja, replike van dnevnog reda i te\u0161ke rije?i, metode su kojima se lokalna vlast u Ulcinju koristi u namjeri da zamaskira svaku","robots":{"index":"index","follow":"follow","max-snippet":"max-snippet:-1","max-image-preview":"max-image-preview:large","max-video-preview":"max-video-preview:-1"},"canonical":"https:\/\/www.visit-ulcinj.com\/blog\/2008\/12\/05\/forca-vlast-disciplinuje-niku\/","og_locale":"en_US","og_type":"article","og_title":"Forca: Vlast disciplinuje Niku - Lajme nga Ulqini","og_description":"Ulcinj \u2013 Vrije?anja, replike van dnevnog reda i te\u0161ke rije?i, metode su kojima se lokalna vlast u Ulcinju koristi u namjeri da zamaskira svaku","og_url":"https:\/\/www.visit-ulcinj.com\/blog\/2008\/12\/05\/forca-vlast-disciplinuje-niku\/","og_site_name":"Lajme nga Ulqini","article_published_time":"2008-12-05T15:46:15+00:00","article_modified_time":"2008-12-06T17:23:17+00:00","og_image":[{"url":"http:\/\/www.visit-ulcinj.com\/blog\/wp-content\/uploads\/2008\/12\/politicka-tolerancija-300x224.jpg"}],"twitter_misc":{"Written by":"ulqini","Est. reading time":"1 minute"},"schema":{"@context":"https:\/\/schema.org","@graph":[{"@type":"WebSite","@id":"https:\/\/www.visit-ulcinj.com\/blog\/#website","url":"https:\/\/www.visit-ulcinj.com\/blog\/","name":"Lajme nga Ulqini","description":"Lajme,Vijesti,Ulqini,Ulqin,Crna Gora,Mali i Zi","potentialAction":[{"@type":"SearchAction","target":{"@type":"EntryPoint","urlTemplate":"https:\/\/www.visit-ulcinj.com\/blog\/?s={search_term_string}"},"query-input":"required name=search_term_string"}],"inLanguage":"en-US"},{"@type":"ImageObject","inLanguage":"en-US","@id":"https:\/\/www.visit-ulcinj.com\/blog\/2008\/12\/05\/forca-vlast-disciplinuje-niku\/#primaryimage","url":"http:\/\/www.visit-ulcinj.com\/blog\/wp-content\/uploads\/2008\/12\/politicka-tolerancija-300x224.jpg","contentUrl":"http:\/\/www.visit-ulcinj.com\/blog\/wp-content\/uploads\/2008\/12\/politicka-tolerancija-300x224.jpg"},{"@type":"WebPage","@id":"https:\/\/www.visit-ulcinj.com\/blog\/2008\/12\/05\/forca-vlast-disciplinuje-niku\/#webpage","url":"https:\/\/www.visit-ulcinj.com\/blog\/2008\/12\/05\/forca-vlast-disciplinuje-niku\/","name":"Forca: Vlast disciplinuje Niku - Lajme nga Ulqini","isPartOf":{"@id":"https:\/\/www.visit-ulcinj.com\/blog\/#website"},"primaryImageOfPage":{"@id":"https:\/\/www.visit-ulcinj.com\/blog\/2008\/12\/05\/forca-vlast-disciplinuje-niku\/#primaryimage"},"datePublished":"2008-12-05T15:46:15+00:00","dateModified":"2008-12-06T17:23:17+00:00","author":{"@id":"https:\/\/www.visit-ulcinj.com\/blog\/#\/schema\/person\/dcab619c614d3038751c63bc2aadc06d"},"description":"Ulcinj \u2013 Vrije?anja, replike van dnevnog reda i te\u0161ke rije?i, metode su kojima se lokalna vlast u Ulcinju koristi u namjeri da zamaskira svaku","breadcrumb":{"@id":"https:\/\/www.visit-ulcinj.com\/blog\/2008\/12\/05\/forca-vlast-disciplinuje-niku\/#breadcrumb"},"inLanguage":"en-US","potentialAction":[{"@type":"ReadAction","target":["https:\/\/www.visit-ulcinj.com\/blog\/2008\/12\/05\/forca-vlast-disciplinuje-niku\/"]}]},{"@type":"BreadcrumbList","@id":"https:\/\/www.visit-ulcinj.com\/blog\/2008\/12\/05\/forca-vlast-disciplinuje-niku\/#breadcrumb","itemListElement":[{"@type":"ListItem","position":1,"name":"Forca: Vlast disciplinuje Niku"}]},{"@type":"Person","@id":"https:\/\/www.visit-ulcinj.com\/blog\/#\/schema\/person\/dcab619c614d3038751c63bc2aadc06d","name":"ulqini","sameAs":["http:\/\/www.visit-ulcinj.com"],"url":"https:\/\/www.visit-ulcinj.com\/blog\/author\/admin\/"}]}},"jetpack_featured_media_url":"","jetpack_sharing_enabled":true,"jetpack_shortlink":"https:\/\/wp.me\/pe6lTn-1Mz","_links":{"self":[{"href":"https:\/\/www.visit-ulcinj.com\/blog\/wp-json\/wp\/v2\/posts\/6855"}],"collection":[{"href":"https:\/\/www.visit-ulcinj.com\/blog\/wp-json\/wp\/v2\/posts"}],"about":[{"href":"https:\/\/www.visit-ulcinj.com\/blog\/wp-json\/wp\/v2\/types\/post"}],"author":[{"embeddable":true,"href":"https:\/\/www.visit-ulcinj.com\/blog\/wp-json\/wp\/v2\/users\/1"}],"replies":[{"embeddable":true,"href":"https:\/\/www.visit-ulcinj.com\/blog\/wp-json\/wp\/v2\/comments?post=6855"}],"version-history":[{"count":0,"href":"https:\/\/www.visit-ulcinj.com\/blog\/wp-json\/wp\/v2\/posts\/6855\/revisions"}],"wp:attachment":[{"href":"https:\/\/www.visit-ulcinj.com\/blog\/wp-json\/wp\/v2\/media?parent=6855"}],"wp:term":[{"taxonomy":"category","embeddable":true,"href":"https:\/\/www.visit-ulcinj.com\/blog\/wp-json\/wp\/v2\/categories?post=6855"},{"taxonomy":"post_tag","embeddable":true,"href":"https:\/\/www.visit-ulcinj.com\/blog\/wp-json\/wp\/v2\/tags?post=6855"}],"curies":[{"name":"wp","href":"https:\/\/api.w.org\/{rel}","templated":true}]}}