{"id":68563,"date":"2013-02-09T21:39:18","date_gmt":"2013-02-09T20:39:18","guid":{"rendered":"http:\/\/www.visit-ulcinj.com\/blog\/?p=68563"},"modified":"2013-02-10T12:46:10","modified_gmt":"2013-02-10T11:46:10","slug":"adonis-markasevic-osvojio-bronzanu-medalju","status":"publish","type":"post","link":"https:\/\/www.visit-ulcinj.com\/blog\/2013\/02\/09\/adonis-markasevic-osvojio-bronzanu-medalju\/","title":{"rendered":"Adonis Marka\u0161evi\u0107 osvojio bronzanu medalju"},"content":{"rendered":"<div id=\"article_text\">\n<p><strong><a href=\"http:\/\/www.visit-ulcinj.com\/blog\/wp-content\/uploads\/2013\/02\/turkey-Konya-karate-champ.jpg\"><img loading=\"lazy\" class=\"alignleft size-full wp-image-68565\" alt=\"turkey - Konya karate champ\" src=\"http:\/\/www.visit-ulcinj.com\/blog\/wp-content\/uploads\/2013\/02\/turkey-Konya-karate-champ.jpg\" width=\"215\" height=\"279\" \/><\/a>Juniorski karate reprezentativac Crne Gore Adonis Marka\u0161evi\u0107 osvojio je danas bronzanu medalju na Evropskom prvenstvu u turskom gradu Kinja.<\/strong><\/p>\n<p>On je u kategoriji do 55 kilograma, u me\u010du za tre\u0107e mjesto, savladao njema\u010dkog reprezentativca 4:1.<\/p>\n<p>To je druga medalja za Crnu Goru, nakon \u0161to je Anja Jovi\u0107 ju\u010de bila zlatna.<\/p>\n<p>\u010clan ulcinjskog kluba \u010cempion u prvom kolu bio je slobodan, u drugom kolu eliminisao je \u0160vajcarca 4:2, dok je u tre\u0107em izgubio od Hrvata 4:0.<\/p>\n<p>U repesa\u017eu bio je bolji od Belgijanca 7:0, a za tre\u0107e mjesto pobijedio je Njemca 4:1.<\/p>\n<p>Uspjeh crnogorske reprezentacije upotpunili su Vido Kopitovi\u0107 u borbama i Dragoljub Vukoti\u0107 u katama, osvajanjem petog mjesta.<\/p>\n<p>Kopitovi\u0107, u kategoriji do 76 kilograma, u prvom kolu pobijedio je Francuza 1:0, u drugom Hrvata 2:1, a u tre\u0107em Ma\u0111ara 5:0.<\/p>\n<div id=\"attachment_68602\" style=\"width: 518px\" class=\"wp-caption alignleft\"><a href=\"http:\/\/www.visit-ulcinj.com\/blog\/wp-content\/uploads\/2013\/02\/Adonis-Markasevic.jpg\"><img aria-describedby=\"caption-attachment-68602\" loading=\"lazy\" class=\" wp-image-68602 \" alt=\"Adonis Markasevic\" src=\"http:\/\/www.visit-ulcinj.com\/blog\/wp-content\/uploads\/2013\/02\/Adonis-Markasevic.jpg\" width=\"508\" height=\"600\" \/><\/a><p id=\"caption-attachment-68602\" class=\"wp-caption-text\">Foto: Vijesti<\/p><\/div>\n<p>&nbsp;<\/p>\n<p>U \u010detvrtom izgubio je od Danca 9:3, dok je u me\u010du za tre\u0107e mjesto bolji od \u010dlana Budu\u0107nosti bio makedonski karatista 2:0.<\/p>\n<p>Vukoti\u0107 je u prvom kolu bio slobodan, u drugom je dobio Austrijanca, dok je u tre\u0107em izgubio od Rusa.<\/p>\n<p>U repesa\u017eu dobio je Slovaka, a za tre\u0107e mjesto izgubio je od engleskog karatiste.<\/p>\n<p>Nastup u repesa\u017eu zavr\u0161ila Anica Mijatovi\u0107 u kategoriji do 59 kilograma.<\/p>\n<p>Posljednjeg dana \u0161ampionata na programu su takmi\u010denja mla\u0111ih seniora, kao i juniora ekipno u katama i borbama.<\/p>\n<p><a href=\"http:\/\/www.vijesti.me\/sport\/markasevic-osvojio-bronzanu-medalju-clanak-113153\"><strong>Slavi\u0161a \u017divaljevic<\/strong><\/a><br \/>\n<a href=\"http:\/\/www.vijesti.me\/sport\/markasevic-osvojio-bronzanu-medalju-clanak-113153\"><strong>Izvor: Vijesti<\/strong><\/a><\/p>\n<\/div>\n","protected":false},"excerpt":{"rendered":"<p>Juniorski karate reprezentativac Crne Gore Adonis Marka\u0161evi\u0107 osvojio je danas bronzanu medalju na Evropskom prvenstvu u turskom gradu Kinja. On je u kategoriji do 55 kilograma, u me\u010du za tre\u0107e mjesto, savladao njema\u010dkog reprezentativca 4:1. To je druga medalja za Crnu Goru, nakon \u0161to je Anja Jovi\u0107 ju\u010de bila zlatna. \u010clan ulcinjskog kluba \u010cempion u [&hellip;]<\/p>\n","protected":false},"author":1,"featured_media":0,"comment_status":"open","ping_status":"closed","sticky":false,"template":"","format":"standard","meta":{"spay_email":"","jetpack_publicize_message":"","jetpack_is_tweetstorm":false,"jetpack_publicize_feature_enabled":true},"categories":[8337],"tags":[1817,21816,21819,21808,21803,21802,21799,1838,21790,10342,21793,21798,21818,6691,21796,3967,1339,21804,21795,21815,1828,21791,21792,21806,5392,79,14310,21807,21809,21817,21797,21813,21800,21794,21801,13087,21814,21811,18073,21812,22014,21805,21810],"jetpack_publicize_connections":[],"yoast_head":"<!-- This site is optimized with the Yoast SEO plugin v19.1 - https:\/\/yoast.com\/wordpress\/plugins\/seo\/ -->\n<title>Adonis Marka\u0161evi\u0107 osvojio bronzanu medalju - Lajme nga Ulqini<\/title>\n<meta name=\"description\" content=\"Juniorski karate reprezentativac Crne Gore Adonis Marka\u0161evi\u0107 osvojio je danas bronzanu medalju na Evropskom prvenstvu u turskom gradu Kinja. On je u\" \/>\n<meta name=\"robots\" content=\"index, follow, max-snippet:-1, max-image-preview:large, max-video-preview:-1\" \/>\n<link rel=\"canonical\" href=\"https:\/\/www.visit-ulcinj.com\/blog\/2013\/02\/09\/adonis-markasevic-osvojio-bronzanu-medalju\/\" \/>\n<meta property=\"og:locale\" content=\"en_US\" \/>\n<meta property=\"og:type\" content=\"article\" \/>\n<meta property=\"og:title\" content=\"Adonis Marka\u0161evi\u0107 osvojio bronzanu medalju - Lajme nga Ulqini\" \/>\n<meta property=\"og:description\" content=\"Juniorski karate reprezentativac Crne Gore Adonis Marka\u0161evi\u0107 osvojio je danas bronzanu medalju na Evropskom prvenstvu u turskom gradu Kinja. On je u\" \/>\n<meta property=\"og:url\" content=\"https:\/\/www.visit-ulcinj.com\/blog\/2013\/02\/09\/adonis-markasevic-osvojio-bronzanu-medalju\/\" \/>\n<meta property=\"og:site_name\" content=\"Lajme nga Ulqini\" \/>\n<meta property=\"article:published_time\" content=\"2013-02-09T20:39:18+00:00\" \/>\n<meta property=\"article:modified_time\" content=\"2013-02-10T11:46:10+00:00\" \/>\n<meta property=\"og:image\" content=\"http:\/\/www.visit-ulcinj.com\/blog\/wp-content\/uploads\/2013\/02\/turkey-Konya-karate-champ.jpg\" \/>\n<meta name=\"twitter:label1\" content=\"Written by\" \/>\n\t<meta name=\"twitter:data1\" content=\"ulqini\" \/>\n\t<meta name=\"twitter:label2\" content=\"Est. reading time\" \/>\n\t<meta name=\"twitter:data2\" content=\"1 minute\" \/>\n<script type=\"application\/ld+json\" class=\"yoast-schema-graph\">{\"@context\":\"https:\/\/schema.org\",\"@graph\":[{\"@type\":\"WebSite\",\"@id\":\"https:\/\/www.visit-ulcinj.com\/blog\/#website\",\"url\":\"https:\/\/www.visit-ulcinj.com\/blog\/\",\"name\":\"Lajme nga Ulqini\",\"description\":\"Lajme,Vijesti,Ulqini,Ulqin,Crna Gora,Mali i Zi\",\"potentialAction\":[{\"@type\":\"SearchAction\",\"target\":{\"@type\":\"EntryPoint\",\"urlTemplate\":\"https:\/\/www.visit-ulcinj.com\/blog\/?s={search_term_string}\"},\"query-input\":\"required name=search_term_string\"}],\"inLanguage\":\"en-US\"},{\"@type\":\"ImageObject\",\"inLanguage\":\"en-US\",\"@id\":\"https:\/\/www.visit-ulcinj.com\/blog\/2013\/02\/09\/adonis-markasevic-osvojio-bronzanu-medalju\/#primaryimage\",\"url\":\"https:\/\/www.visit-ulcinj.com\/blog\/wp-content\/uploads\/2013\/02\/turkey-Konya-karate-champ.jpg\",\"contentUrl\":\"https:\/\/www.visit-ulcinj.com\/blog\/wp-content\/uploads\/2013\/02\/turkey-Konya-karate-champ.jpg\",\"width\":215,\"height\":279},{\"@type\":\"WebPage\",\"@id\":\"https:\/\/www.visit-ulcinj.com\/blog\/2013\/02\/09\/adonis-markasevic-osvojio-bronzanu-medalju\/#webpage\",\"url\":\"https:\/\/www.visit-ulcinj.com\/blog\/2013\/02\/09\/adonis-markasevic-osvojio-bronzanu-medalju\/\",\"name\":\"Adonis Marka\u0161evi\u0107 osvojio bronzanu medalju - Lajme nga Ulqini\",\"isPartOf\":{\"@id\":\"https:\/\/www.visit-ulcinj.com\/blog\/#website\"},\"primaryImageOfPage\":{\"@id\":\"https:\/\/www.visit-ulcinj.com\/blog\/2013\/02\/09\/adonis-markasevic-osvojio-bronzanu-medalju\/#primaryimage\"},\"datePublished\":\"2013-02-09T20:39:18+00:00\",\"dateModified\":\"2013-02-10T11:46:10+00:00\",\"author\":{\"@id\":\"https:\/\/www.visit-ulcinj.com\/blog\/#\/schema\/person\/dcab619c614d3038751c63bc2aadc06d\"},\"description\":\"Juniorski karate reprezentativac Crne Gore Adonis Marka\u0161evi\u0107 osvojio je danas bronzanu medalju na Evropskom prvenstvu u turskom gradu Kinja. On je u\",\"breadcrumb\":{\"@id\":\"https:\/\/www.visit-ulcinj.com\/blog\/2013\/02\/09\/adonis-markasevic-osvojio-bronzanu-medalju\/#breadcrumb\"},\"inLanguage\":\"en-US\",\"potentialAction\":[{\"@type\":\"ReadAction\",\"target\":[\"https:\/\/www.visit-ulcinj.com\/blog\/2013\/02\/09\/adonis-markasevic-osvojio-bronzanu-medalju\/\"]}]},{\"@type\":\"BreadcrumbList\",\"@id\":\"https:\/\/www.visit-ulcinj.com\/blog\/2013\/02\/09\/adonis-markasevic-osvojio-bronzanu-medalju\/#breadcrumb\",\"itemListElement\":[{\"@type\":\"ListItem\",\"position\":1,\"name\":\"Adonis Marka\u0161evi\u0107 osvojio bronzanu medalju\"}]},{\"@type\":\"Person\",\"@id\":\"https:\/\/www.visit-ulcinj.com\/blog\/#\/schema\/person\/dcab619c614d3038751c63bc2aadc06d\",\"name\":\"ulqini\",\"sameAs\":[\"http:\/\/www.visit-ulcinj.com\"],\"url\":\"https:\/\/www.visit-ulcinj.com\/blog\/author\/admin\/\"}]}<\/script>\n<!-- \/ Yoast SEO plugin. -->","yoast_head_json":{"title":"Adonis Marka\u0161evi\u0107 osvojio bronzanu medalju - Lajme nga Ulqini","description":"Juniorski karate reprezentativac Crne Gore Adonis Marka\u0161evi\u0107 osvojio je danas bronzanu medalju na Evropskom prvenstvu u turskom gradu Kinja. On je u","robots":{"index":"index","follow":"follow","max-snippet":"max-snippet:-1","max-image-preview":"max-image-preview:large","max-video-preview":"max-video-preview:-1"},"canonical":"https:\/\/www.visit-ulcinj.com\/blog\/2013\/02\/09\/adonis-markasevic-osvojio-bronzanu-medalju\/","og_locale":"en_US","og_type":"article","og_title":"Adonis Marka\u0161evi\u0107 osvojio bronzanu medalju - Lajme nga Ulqini","og_description":"Juniorski karate reprezentativac Crne Gore Adonis Marka\u0161evi\u0107 osvojio je danas bronzanu medalju na Evropskom prvenstvu u turskom gradu Kinja. On je u","og_url":"https:\/\/www.visit-ulcinj.com\/blog\/2013\/02\/09\/adonis-markasevic-osvojio-bronzanu-medalju\/","og_site_name":"Lajme nga Ulqini","article_published_time":"2013-02-09T20:39:18+00:00","article_modified_time":"2013-02-10T11:46:10+00:00","og_image":[{"url":"http:\/\/www.visit-ulcinj.com\/blog\/wp-content\/uploads\/2013\/02\/turkey-Konya-karate-champ.jpg"}],"twitter_misc":{"Written by":"ulqini","Est. reading time":"1 minute"},"schema":{"@context":"https:\/\/schema.org","@graph":[{"@type":"WebSite","@id":"https:\/\/www.visit-ulcinj.com\/blog\/#website","url":"https:\/\/www.visit-ulcinj.com\/blog\/","name":"Lajme nga Ulqini","description":"Lajme,Vijesti,Ulqini,Ulqin,Crna Gora,Mali i Zi","potentialAction":[{"@type":"SearchAction","target":{"@type":"EntryPoint","urlTemplate":"https:\/\/www.visit-ulcinj.com\/blog\/?s={search_term_string}"},"query-input":"required name=search_term_string"}],"inLanguage":"en-US"},{"@type":"ImageObject","inLanguage":"en-US","@id":"https:\/\/www.visit-ulcinj.com\/blog\/2013\/02\/09\/adonis-markasevic-osvojio-bronzanu-medalju\/#primaryimage","url":"https:\/\/www.visit-ulcinj.com\/blog\/wp-content\/uploads\/2013\/02\/turkey-Konya-karate-champ.jpg","contentUrl":"https:\/\/www.visit-ulcinj.com\/blog\/wp-content\/uploads\/2013\/02\/turkey-Konya-karate-champ.jpg","width":215,"height":279},{"@type":"WebPage","@id":"https:\/\/www.visit-ulcinj.com\/blog\/2013\/02\/09\/adonis-markasevic-osvojio-bronzanu-medalju\/#webpage","url":"https:\/\/www.visit-ulcinj.com\/blog\/2013\/02\/09\/adonis-markasevic-osvojio-bronzanu-medalju\/","name":"Adonis Marka\u0161evi\u0107 osvojio bronzanu medalju - Lajme nga Ulqini","isPartOf":{"@id":"https:\/\/www.visit-ulcinj.com\/blog\/#website"},"primaryImageOfPage":{"@id":"https:\/\/www.visit-ulcinj.com\/blog\/2013\/02\/09\/adonis-markasevic-osvojio-bronzanu-medalju\/#primaryimage"},"datePublished":"2013-02-09T20:39:18+00:00","dateModified":"2013-02-10T11:46:10+00:00","author":{"@id":"https:\/\/www.visit-ulcinj.com\/blog\/#\/schema\/person\/dcab619c614d3038751c63bc2aadc06d"},"description":"Juniorski karate reprezentativac Crne Gore Adonis Marka\u0161evi\u0107 osvojio je danas bronzanu medalju na Evropskom prvenstvu u turskom gradu Kinja. On je u","breadcrumb":{"@id":"https:\/\/www.visit-ulcinj.com\/blog\/2013\/02\/09\/adonis-markasevic-osvojio-bronzanu-medalju\/#breadcrumb"},"inLanguage":"en-US","potentialAction":[{"@type":"ReadAction","target":["https:\/\/www.visit-ulcinj.com\/blog\/2013\/02\/09\/adonis-markasevic-osvojio-bronzanu-medalju\/"]}]},{"@type":"BreadcrumbList","@id":"https:\/\/www.visit-ulcinj.com\/blog\/2013\/02\/09\/adonis-markasevic-osvojio-bronzanu-medalju\/#breadcrumb","itemListElement":[{"@type":"ListItem","position":1,"name":"Adonis Marka\u0161evi\u0107 osvojio bronzanu medalju"}]},{"@type":"Person","@id":"https:\/\/www.visit-ulcinj.com\/blog\/#\/schema\/person\/dcab619c614d3038751c63bc2aadc06d","name":"ulqini","sameAs":["http:\/\/www.visit-ulcinj.com"],"url":"https:\/\/www.visit-ulcinj.com\/blog\/author\/admin\/"}]}},"jetpack_featured_media_url":"","jetpack_sharing_enabled":true,"jetpack_shortlink":"https:\/\/wp.me\/pe6lTn-hPR","_links":{"self":[{"href":"https:\/\/www.visit-ulcinj.com\/blog\/wp-json\/wp\/v2\/posts\/68563"}],"collection":[{"href":"https:\/\/www.visit-ulcinj.com\/blog\/wp-json\/wp\/v2\/posts"}],"about":[{"href":"https:\/\/www.visit-ulcinj.com\/blog\/wp-json\/wp\/v2\/types\/post"}],"author":[{"embeddable":true,"href":"https:\/\/www.visit-ulcinj.com\/blog\/wp-json\/wp\/v2\/users\/1"}],"replies":[{"embeddable":true,"href":"https:\/\/www.visit-ulcinj.com\/blog\/wp-json\/wp\/v2\/comments?post=68563"}],"version-history":[{"count":8,"href":"https:\/\/www.visit-ulcinj.com\/blog\/wp-json\/wp\/v2\/posts\/68563\/revisions"}],"predecessor-version":[{"id":68568,"href":"https:\/\/www.visit-ulcinj.com\/blog\/wp-json\/wp\/v2\/posts\/68563\/revisions\/68568"}],"wp:attachment":[{"href":"https:\/\/www.visit-ulcinj.com\/blog\/wp-json\/wp\/v2\/media?parent=68563"}],"wp:term":[{"taxonomy":"category","embeddable":true,"href":"https:\/\/www.visit-ulcinj.com\/blog\/wp-json\/wp\/v2\/categories?post=68563"},{"taxonomy":"post_tag","embeddable":true,"href":"https:\/\/www.visit-ulcinj.com\/blog\/wp-json\/wp\/v2\/tags?post=68563"}],"curies":[{"name":"wp","href":"https:\/\/api.w.org\/{rel}","templated":true}]}}