{"id":68574,"date":"2013-02-09T22:40:19","date_gmt":"2013-02-09T21:40:19","guid":{"rendered":"http:\/\/www.visit-ulcinj.com\/blog\/?p=68574"},"modified":"2013-02-10T10:07:19","modified_gmt":"2013-02-10T09:07:19","slug":"adonis-markashi-medalje-e-bronzit-ne-kampionatin-evropian-ne-konya-te-turqise","status":"publish","type":"post","link":"https:\/\/www.visit-ulcinj.com\/blog\/2013\/02\/09\/adonis-markashi-medalje-e-bronzit-ne-kampionatin-evropian-ne-konya-te-turqise\/","title":{"rendered":"Adonis Markashi medalje e bronzit n\u00eb kampionatin evropian n\u00eb Konya t\u00eb Turqis\u00eb"},"content":{"rendered":"<p><strong><a href=\"http:\/\/www.visit-ulcinj.com\/blog\/wp-content\/uploads\/2013\/02\/Adonis-Markashi_Klub-Champion-Ulcinj.jpg\"><img loading=\"lazy\" class=\"alignleft  wp-image-68575\" alt=\"Adonis Markashi_Klub Champion Ulcinj\" src=\"http:\/\/www.visit-ulcinj.com\/blog\/wp-content\/uploads\/2013\/02\/Adonis-Markashi_Klub-Champion-Ulcinj.jpg\" width=\"350\" height=\"400\" \/><\/a>Nxenesi i klubit te karatese \u201cChampion\u201d nga Ulqini, Adonis Markashi \u00ebsht\u00eb kuror\u00ebzuar sot me medaljen e bronzit n\u00eb kampionatin evropian q\u00eb po zhvillohet n\u00eb Konya t\u00eb Turqis\u00eb.<\/strong><\/p>\n<p>Adonis Markashi ishte pjese e perfaqesueses se Malit te Zi ne kampionatin Evropean, nd\u00ebrsa garoi n\u00eb kategorin\u00eb e kadet\u00ebve -55 kg. Adonisi ishte i lir\u00eb n\u00eb raundin e par\u00eb nd\u00ebrsa mundi n\u00eb raundin e dyt\u00eb p\u00ebrfaq\u00ebsuesin e Zvicr\u00ebs 4-2. N\u00eb raundin e tret\u00eb humbi nga p\u00ebrfaq\u00ebsuesi i Kroacis\u00eb 4-0.<\/p>\n<p>Por Adonis Markashi nuk u dor\u00ebzuar pas k\u00ebsaj humbje dhe arriti t\u00eb fitonte p\u00ebrfaq\u00ebsuesin e Belgjik\u00ebs, nd\u00ebrsa p\u00ebr vendin e tret\u00eb u ndesh me p\u00ebrfaq\u00ebsuesin e Gjermanis\u00eb t\u00eb cilin e mundi me rezultatin 4-1 me \u00e7ka u kuror\u00ebzua me medaljen e bronzit.<\/p>\n<p>Adonis Markashi u zgjodh nga federata e karatese se Malit te Zi si rrjedhoje e rezultateve dhe sukseseve te tij te medha.Vlen te permendet se Adonis Markashi u shpall kampion shtet\u00ebtor i Mali t\u00eb Zi (dhjetor 2012) n\u00eb kategorin\u00eb e tij.<strong>\/KrajaOnline\/<\/strong><\/p>\n<p>&nbsp;<\/p>\n","protected":false},"excerpt":{"rendered":"<p>Nxenesi i klubit te karatese \u201cChampion\u201d nga Ulqini, Adonis Markashi \u00ebsht\u00eb kuror\u00ebzuar sot me medaljen e bronzit n\u00eb kampionatin evropian q\u00eb po zhvillohet n\u00eb Konya t\u00eb Turqis\u00eb. Adonis Markashi ishte pjese e perfaqesueses se Malit te Zi ne kampionatin Evropean, nd\u00ebrsa garoi n\u00eb kategorin\u00eb e kadet\u00ebve -55 kg. Adonisi ishte i lir\u00eb n\u00eb raundin e [&hellip;]<\/p>\n","protected":false},"author":1,"featured_media":0,"comment_status":"open","ping_status":"closed","sticky":false,"template":"","format":"standard","meta":{"spay_email":"","jetpack_publicize_message":"","jetpack_is_tweetstorm":false,"jetpack_publicize_feature_enabled":true},"categories":[3],"tags":[1817,21820,21791,14086,21821],"jetpack_publicize_connections":[],"yoast_head":"<!-- This site is optimized with the Yoast SEO plugin v19.1 - https:\/\/yoast.com\/wordpress\/plugins\/seo\/ -->\n<title>Adonis Markashi medalje e bronzit n\u00eb kampionatin evropian n\u00eb Konya t\u00eb Turqis\u00eb - Lajme nga Ulqini<\/title>\n<meta name=\"description\" content=\"Nxenesi i klubit te karatese \u201cChampion\u201d nga Ulqini, Adonis Markashi \u00ebsht\u00eb kuror\u00ebzuar sot me medaljen e bronzit n\u00eb kampionatin evropian q\u00eb po zhvillohet n\u00eb\" \/>\n<meta name=\"robots\" content=\"index, follow, max-snippet:-1, max-image-preview:large, max-video-preview:-1\" \/>\n<link rel=\"canonical\" href=\"https:\/\/www.visit-ulcinj.com\/blog\/2013\/02\/09\/adonis-markashi-medalje-e-bronzit-ne-kampionatin-evropian-ne-konya-te-turqise\/\" \/>\n<meta property=\"og:locale\" content=\"en_US\" \/>\n<meta property=\"og:type\" content=\"article\" \/>\n<meta property=\"og:title\" content=\"Adonis Markashi medalje e bronzit n\u00eb kampionatin evropian n\u00eb Konya t\u00eb Turqis\u00eb - Lajme nga Ulqini\" \/>\n<meta property=\"og:description\" content=\"Nxenesi i klubit te karatese \u201cChampion\u201d nga Ulqini, Adonis Markashi \u00ebsht\u00eb kuror\u00ebzuar sot me medaljen e bronzit n\u00eb kampionatin evropian q\u00eb po zhvillohet n\u00eb\" \/>\n<meta property=\"og:url\" content=\"https:\/\/www.visit-ulcinj.com\/blog\/2013\/02\/09\/adonis-markashi-medalje-e-bronzit-ne-kampionatin-evropian-ne-konya-te-turqise\/\" \/>\n<meta property=\"og:site_name\" content=\"Lajme nga Ulqini\" \/>\n<meta property=\"article:published_time\" content=\"2013-02-09T21:40:19+00:00\" \/>\n<meta property=\"article:modified_time\" content=\"2013-02-10T09:07:19+00:00\" \/>\n<meta property=\"og:image\" content=\"http:\/\/www.visit-ulcinj.com\/blog\/wp-content\/uploads\/2013\/02\/Adonis-Markashi_Klub-Champion-Ulcinj.jpg\" \/>\n<meta name=\"twitter:label1\" content=\"Written by\" \/>\n\t<meta name=\"twitter:data1\" content=\"ulqini\" \/>\n\t<meta name=\"twitter:label2\" content=\"Est. reading time\" \/>\n\t<meta name=\"twitter:data2\" content=\"1 minute\" \/>\n<script type=\"application\/ld+json\" class=\"yoast-schema-graph\">{\"@context\":\"https:\/\/schema.org\",\"@graph\":[{\"@type\":\"WebSite\",\"@id\":\"https:\/\/www.visit-ulcinj.com\/blog\/#website\",\"url\":\"https:\/\/www.visit-ulcinj.com\/blog\/\",\"name\":\"Lajme nga Ulqini\",\"description\":\"Lajme,Vijesti,Ulqini,Ulqin,Crna Gora,Mali i Zi\",\"potentialAction\":[{\"@type\":\"SearchAction\",\"target\":{\"@type\":\"EntryPoint\",\"urlTemplate\":\"https:\/\/www.visit-ulcinj.com\/blog\/?s={search_term_string}\"},\"query-input\":\"required name=search_term_string\"}],\"inLanguage\":\"en-US\"},{\"@type\":\"ImageObject\",\"inLanguage\":\"en-US\",\"@id\":\"https:\/\/www.visit-ulcinj.com\/blog\/2013\/02\/09\/adonis-markashi-medalje-e-bronzit-ne-kampionatin-evropian-ne-konya-te-turqise\/#primaryimage\",\"url\":\"https:\/\/www.visit-ulcinj.com\/blog\/wp-content\/uploads\/2013\/02\/Adonis-Markashi_Klub-Champion-Ulcinj.jpg\",\"contentUrl\":\"https:\/\/www.visit-ulcinj.com\/blog\/wp-content\/uploads\/2013\/02\/Adonis-Markashi_Klub-Champion-Ulcinj.jpg\",\"width\":720,\"height\":960},{\"@type\":\"WebPage\",\"@id\":\"https:\/\/www.visit-ulcinj.com\/blog\/2013\/02\/09\/adonis-markashi-medalje-e-bronzit-ne-kampionatin-evropian-ne-konya-te-turqise\/#webpage\",\"url\":\"https:\/\/www.visit-ulcinj.com\/blog\/2013\/02\/09\/adonis-markashi-medalje-e-bronzit-ne-kampionatin-evropian-ne-konya-te-turqise\/\",\"name\":\"Adonis Markashi medalje e bronzit n\u00eb kampionatin evropian n\u00eb Konya t\u00eb Turqis\u00eb - Lajme nga Ulqini\",\"isPartOf\":{\"@id\":\"https:\/\/www.visit-ulcinj.com\/blog\/#website\"},\"primaryImageOfPage\":{\"@id\":\"https:\/\/www.visit-ulcinj.com\/blog\/2013\/02\/09\/adonis-markashi-medalje-e-bronzit-ne-kampionatin-evropian-ne-konya-te-turqise\/#primaryimage\"},\"datePublished\":\"2013-02-09T21:40:19+00:00\",\"dateModified\":\"2013-02-10T09:07:19+00:00\",\"author\":{\"@id\":\"https:\/\/www.visit-ulcinj.com\/blog\/#\/schema\/person\/dcab619c614d3038751c63bc2aadc06d\"},\"description\":\"Nxenesi i klubit te karatese \u201cChampion\u201d nga Ulqini, Adonis Markashi \u00ebsht\u00eb kuror\u00ebzuar sot me medaljen e bronzit n\u00eb kampionatin evropian q\u00eb po zhvillohet n\u00eb\",\"breadcrumb\":{\"@id\":\"https:\/\/www.visit-ulcinj.com\/blog\/2013\/02\/09\/adonis-markashi-medalje-e-bronzit-ne-kampionatin-evropian-ne-konya-te-turqise\/#breadcrumb\"},\"inLanguage\":\"en-US\",\"potentialAction\":[{\"@type\":\"ReadAction\",\"target\":[\"https:\/\/www.visit-ulcinj.com\/blog\/2013\/02\/09\/adonis-markashi-medalje-e-bronzit-ne-kampionatin-evropian-ne-konya-te-turqise\/\"]}]},{\"@type\":\"BreadcrumbList\",\"@id\":\"https:\/\/www.visit-ulcinj.com\/blog\/2013\/02\/09\/adonis-markashi-medalje-e-bronzit-ne-kampionatin-evropian-ne-konya-te-turqise\/#breadcrumb\",\"itemListElement\":[{\"@type\":\"ListItem\",\"position\":1,\"name\":\"Adonis Markashi medalje e bronzit n\u00eb kampionatin evropian n\u00eb Konya t\u00eb Turqis\u00eb\"}]},{\"@type\":\"Person\",\"@id\":\"https:\/\/www.visit-ulcinj.com\/blog\/#\/schema\/person\/dcab619c614d3038751c63bc2aadc06d\",\"name\":\"ulqini\",\"sameAs\":[\"http:\/\/www.visit-ulcinj.com\"],\"url\":\"https:\/\/www.visit-ulcinj.com\/blog\/author\/admin\/\"}]}<\/script>\n<!-- \/ Yoast SEO plugin. -->","yoast_head_json":{"title":"Adonis Markashi medalje e bronzit n\u00eb kampionatin evropian n\u00eb Konya t\u00eb Turqis\u00eb - Lajme nga Ulqini","description":"Nxenesi i klubit te karatese \u201cChampion\u201d nga Ulqini, Adonis Markashi \u00ebsht\u00eb kuror\u00ebzuar sot me medaljen e bronzit n\u00eb kampionatin evropian q\u00eb po zhvillohet n\u00eb","robots":{"index":"index","follow":"follow","max-snippet":"max-snippet:-1","max-image-preview":"max-image-preview:large","max-video-preview":"max-video-preview:-1"},"canonical":"https:\/\/www.visit-ulcinj.com\/blog\/2013\/02\/09\/adonis-markashi-medalje-e-bronzit-ne-kampionatin-evropian-ne-konya-te-turqise\/","og_locale":"en_US","og_type":"article","og_title":"Adonis Markashi medalje e bronzit n\u00eb kampionatin evropian n\u00eb Konya t\u00eb Turqis\u00eb - Lajme nga Ulqini","og_description":"Nxenesi i klubit te karatese \u201cChampion\u201d nga Ulqini, Adonis Markashi \u00ebsht\u00eb kuror\u00ebzuar sot me medaljen e bronzit n\u00eb kampionatin evropian q\u00eb po zhvillohet n\u00eb","og_url":"https:\/\/www.visit-ulcinj.com\/blog\/2013\/02\/09\/adonis-markashi-medalje-e-bronzit-ne-kampionatin-evropian-ne-konya-te-turqise\/","og_site_name":"Lajme nga Ulqini","article_published_time":"2013-02-09T21:40:19+00:00","article_modified_time":"2013-02-10T09:07:19+00:00","og_image":[{"url":"http:\/\/www.visit-ulcinj.com\/blog\/wp-content\/uploads\/2013\/02\/Adonis-Markashi_Klub-Champion-Ulcinj.jpg"}],"twitter_misc":{"Written by":"ulqini","Est. reading time":"1 minute"},"schema":{"@context":"https:\/\/schema.org","@graph":[{"@type":"WebSite","@id":"https:\/\/www.visit-ulcinj.com\/blog\/#website","url":"https:\/\/www.visit-ulcinj.com\/blog\/","name":"Lajme nga Ulqini","description":"Lajme,Vijesti,Ulqini,Ulqin,Crna Gora,Mali i Zi","potentialAction":[{"@type":"SearchAction","target":{"@type":"EntryPoint","urlTemplate":"https:\/\/www.visit-ulcinj.com\/blog\/?s={search_term_string}"},"query-input":"required name=search_term_string"}],"inLanguage":"en-US"},{"@type":"ImageObject","inLanguage":"en-US","@id":"https:\/\/www.visit-ulcinj.com\/blog\/2013\/02\/09\/adonis-markashi-medalje-e-bronzit-ne-kampionatin-evropian-ne-konya-te-turqise\/#primaryimage","url":"https:\/\/www.visit-ulcinj.com\/blog\/wp-content\/uploads\/2013\/02\/Adonis-Markashi_Klub-Champion-Ulcinj.jpg","contentUrl":"https:\/\/www.visit-ulcinj.com\/blog\/wp-content\/uploads\/2013\/02\/Adonis-Markashi_Klub-Champion-Ulcinj.jpg","width":720,"height":960},{"@type":"WebPage","@id":"https:\/\/www.visit-ulcinj.com\/blog\/2013\/02\/09\/adonis-markashi-medalje-e-bronzit-ne-kampionatin-evropian-ne-konya-te-turqise\/#webpage","url":"https:\/\/www.visit-ulcinj.com\/blog\/2013\/02\/09\/adonis-markashi-medalje-e-bronzit-ne-kampionatin-evropian-ne-konya-te-turqise\/","name":"Adonis Markashi medalje e bronzit n\u00eb kampionatin evropian n\u00eb Konya t\u00eb Turqis\u00eb - Lajme nga Ulqini","isPartOf":{"@id":"https:\/\/www.visit-ulcinj.com\/blog\/#website"},"primaryImageOfPage":{"@id":"https:\/\/www.visit-ulcinj.com\/blog\/2013\/02\/09\/adonis-markashi-medalje-e-bronzit-ne-kampionatin-evropian-ne-konya-te-turqise\/#primaryimage"},"datePublished":"2013-02-09T21:40:19+00:00","dateModified":"2013-02-10T09:07:19+00:00","author":{"@id":"https:\/\/www.visit-ulcinj.com\/blog\/#\/schema\/person\/dcab619c614d3038751c63bc2aadc06d"},"description":"Nxenesi i klubit te karatese \u201cChampion\u201d nga Ulqini, Adonis Markashi \u00ebsht\u00eb kuror\u00ebzuar sot me medaljen e bronzit n\u00eb kampionatin evropian q\u00eb po zhvillohet n\u00eb","breadcrumb":{"@id":"https:\/\/www.visit-ulcinj.com\/blog\/2013\/02\/09\/adonis-markashi-medalje-e-bronzit-ne-kampionatin-evropian-ne-konya-te-turqise\/#breadcrumb"},"inLanguage":"en-US","potentialAction":[{"@type":"ReadAction","target":["https:\/\/www.visit-ulcinj.com\/blog\/2013\/02\/09\/adonis-markashi-medalje-e-bronzit-ne-kampionatin-evropian-ne-konya-te-turqise\/"]}]},{"@type":"BreadcrumbList","@id":"https:\/\/www.visit-ulcinj.com\/blog\/2013\/02\/09\/adonis-markashi-medalje-e-bronzit-ne-kampionatin-evropian-ne-konya-te-turqise\/#breadcrumb","itemListElement":[{"@type":"ListItem","position":1,"name":"Adonis Markashi medalje e bronzit n\u00eb kampionatin evropian n\u00eb Konya t\u00eb Turqis\u00eb"}]},{"@type":"Person","@id":"https:\/\/www.visit-ulcinj.com\/blog\/#\/schema\/person\/dcab619c614d3038751c63bc2aadc06d","name":"ulqini","sameAs":["http:\/\/www.visit-ulcinj.com"],"url":"https:\/\/www.visit-ulcinj.com\/blog\/author\/admin\/"}]}},"jetpack_featured_media_url":"","jetpack_sharing_enabled":true,"jetpack_shortlink":"https:\/\/wp.me\/pe6lTn-hQ2","_links":{"self":[{"href":"https:\/\/www.visit-ulcinj.com\/blog\/wp-json\/wp\/v2\/posts\/68574"}],"collection":[{"href":"https:\/\/www.visit-ulcinj.com\/blog\/wp-json\/wp\/v2\/posts"}],"about":[{"href":"https:\/\/www.visit-ulcinj.com\/blog\/wp-json\/wp\/v2\/types\/post"}],"author":[{"embeddable":true,"href":"https:\/\/www.visit-ulcinj.com\/blog\/wp-json\/wp\/v2\/users\/1"}],"replies":[{"embeddable":true,"href":"https:\/\/www.visit-ulcinj.com\/blog\/wp-json\/wp\/v2\/comments?post=68574"}],"version-history":[{"count":9,"href":"https:\/\/www.visit-ulcinj.com\/blog\/wp-json\/wp\/v2\/posts\/68574\/revisions"}],"predecessor-version":[{"id":68593,"href":"https:\/\/www.visit-ulcinj.com\/blog\/wp-json\/wp\/v2\/posts\/68574\/revisions\/68593"}],"wp:attachment":[{"href":"https:\/\/www.visit-ulcinj.com\/blog\/wp-json\/wp\/v2\/media?parent=68574"}],"wp:term":[{"taxonomy":"category","embeddable":true,"href":"https:\/\/www.visit-ulcinj.com\/blog\/wp-json\/wp\/v2\/categories?post=68574"},{"taxonomy":"post_tag","embeddable":true,"href":"https:\/\/www.visit-ulcinj.com\/blog\/wp-json\/wp\/v2\/tags?post=68574"}],"curies":[{"name":"wp","href":"https:\/\/api.w.org\/{rel}","templated":true}]}}