{"id":6858,"date":"2008-12-05T17:03:09","date_gmt":"2008-12-05T16:03:09","guid":{"rendered":"http:\/\/www.visit-ulcinj.com\/blog\/?p=6858"},"modified":"2008-12-05T17:03:09","modified_gmt":"2008-12-05T16:03:09","slug":"obuka-za-profesionalce-u-turizmu","status":"publish","type":"post","link":"https:\/\/www.visit-ulcinj.com\/blog\/2008\/12\/05\/obuka-za-profesionalce-u-turizmu\/","title":{"rendered":"Obuka za profesionalce u turizmu"},"content":{"rendered":"<p><a href=\"http:\/\/www.visit-ulcinj.com\/blog\/wp-content\/uploads\/2008\/12\/turisticka-karta-crne-gore.jpg\"><img loading=\"lazy\" class=\"alignleft size-medium wp-image-6859\" title=\"turisticka-karta-crne-gore\" src=\"http:\/\/www.visit-ulcinj.com\/blog\/wp-content\/uploads\/2008\/12\/turisticka-karta-crne-gore-225x300.jpg\" alt=\"\" width=\"260\" height=\"347\" srcset=\"https:\/\/www.visit-ulcinj.com\/blog\/wp-content\/uploads\/2008\/12\/turisticka-karta-crne-gore-225x300.jpg 225w, https:\/\/www.visit-ulcinj.com\/blog\/wp-content\/uploads\/2008\/12\/turisticka-karta-crne-gore.jpg 481w\" sizes=\"(max-width: 260px) 100vw, 260px\" \/><\/a>Nacionalna turisti?ka organizacija Crne Gore NTO je odabrala FVW Medijsku grupaciju iz Hamburga koja ?e implementirati e-learning program za klju?na me?unarodna tr\u017ei\u0161ta, zna?ajna za Crnu Goru, na vremenski period minimum od jedne godine.<br \/>\nFVW je jedan od vode?ih turisti?kih magazina kako u \u0161tampanim tako i u elekrtonskim izdanjima i jedan je od kreatora javnog mnjenja u turizmu u Njema?koj, saop\u0161teno je iz Nacionalne turisti?ke organizacije Crne Gore NTO.<br \/>\nCilj e-learning Montenegro je da predstavi Crnu Goru kao novu, atraktivnu i raznoliku turisti?ku destinaciju gdje se za sva?iji ukus mo\u017ee ne\u0161to prona?i sunce i pla\u017ee, turizam orjentisan na prirodu, aktivan odmor, kulturne znamenitosti. Glavni cilj je obuka u?esnika programa, a to su agenti prodaje u brojnim evropskim turisti?kim agencijama, kako bi postali usko specijalizovani za Crnu Goru i na pravi na?in, kvalifikovano i motivisano prodavali aran\u017emane u na\u0161oj zemlji.<\/p>\n<p>Pu\u0161tanje u rad ovog programa ?e biti adekvatno medijski ispra?eno, i to u \u0161tampanim izdanjima FVW-a i Travel Talk magazina, kao i na zvani?nom vebsajtu FVW-a koji je najfrekventniji njema?ki turisti?ki sajt me?u profesionalcima.<br \/>\nPoha?anje ovog internet kursa je potpuno besplatno. Jedini uslov je da se turisti?ki agent mora registrovati kako bi dobio korisni?ko ime i lozinku za pristup e\u2013learning programu.<br \/>\nU cilju pove?anja nivoa svijesti i posve?enosti turisti?kih agenata, aktivni u?esnici koji su uspje\u0161no pro\u0161li obuku i polo\u017eili ispite, organizovane na kraju te?aja, imaju mogu?nost da osvoje nagradno putovanje, besplatan odmor u Crnoj Gori. Ova podsticajna putovanja ne bi bila mogu?a bez podr\u0161ke partnera ovog projekta iz crnogorske turisti?ke privrede.<br \/>\nNjema?ka verzija ovog programa ?e biti pu\u0161tena u rad 1. decembra 2008godine dok se engleska, italijanska i francuska verzija o?ekuju u periodu izmedju januara i marta 2009.<br \/>\nOvaj projekat najvljuje 2009.godinu kao godinu e\u2013marketinga u Nacionalnoj turisti?koj organizaciji Crne Gore.<br \/>\n<strong>Izvor \/ CafedelMontenegro<\/strong><\/p>\n","protected":false},"excerpt":{"rendered":"<p>Nacionalna turisti?ka organizacija Crne Gore NTO je odabrala FVW Medijsku grupaciju iz Hamburga koja ?e implementirati e-learning program za klju?na me?unarodna tr\u017ei\u0161ta, zna?ajna za Crnu Goru, na vremenski period minimum od jedne godine. FVW je jedan od vode?ih turisti?kih magazina kako u \u0161tampanim tako i u elekrtonskim izdanjima i jedan je od kreatora javnog mnjenja [&hellip;]<\/p>\n","protected":false},"author":1,"featured_media":0,"comment_status":"open","ping_status":"closed","sticky":false,"template":"","format":"standard","meta":{"spay_email":"","jetpack_publicize_message":"","jetpack_is_tweetstorm":false,"jetpack_publicize_feature_enabled":true},"categories":[12],"tags":[20],"jetpack_publicize_connections":[],"yoast_head":"<!-- This site is optimized with the Yoast SEO plugin v19.1 - https:\/\/yoast.com\/wordpress\/plugins\/seo\/ -->\n<title>Obuka za profesionalce u turizmu - Lajme nga Ulqini<\/title>\n<meta name=\"description\" content=\"Nacionalna turisti?ka organizacija Crne Gore NTO je odabrala FVW Medijsku grupaciju iz Hamburga koja ?e implementirati e-learning program za klju?na\" \/>\n<meta name=\"robots\" content=\"index, follow, max-snippet:-1, max-image-preview:large, max-video-preview:-1\" \/>\n<link rel=\"canonical\" href=\"https:\/\/www.visit-ulcinj.com\/blog\/2008\/12\/05\/obuka-za-profesionalce-u-turizmu\/\" \/>\n<meta property=\"og:locale\" content=\"en_US\" \/>\n<meta property=\"og:type\" content=\"article\" \/>\n<meta property=\"og:title\" content=\"Obuka za profesionalce u turizmu - Lajme nga Ulqini\" \/>\n<meta property=\"og:description\" content=\"Nacionalna turisti?ka organizacija Crne Gore NTO je odabrala FVW Medijsku grupaciju iz Hamburga koja ?e implementirati e-learning program za klju?na\" \/>\n<meta property=\"og:url\" content=\"https:\/\/www.visit-ulcinj.com\/blog\/2008\/12\/05\/obuka-za-profesionalce-u-turizmu\/\" \/>\n<meta property=\"og:site_name\" content=\"Lajme nga Ulqini\" \/>\n<meta property=\"article:published_time\" content=\"2008-12-05T16:03:09+00:00\" \/>\n<meta property=\"og:image\" content=\"http:\/\/www.visit-ulcinj.com\/blog\/wp-content\/uploads\/2008\/12\/turisticka-karta-crne-gore-225x300.jpg\" \/>\n<meta name=\"twitter:label1\" content=\"Written by\" \/>\n\t<meta name=\"twitter:data1\" content=\"ulqini\" \/>\n\t<meta name=\"twitter:label2\" content=\"Est. reading time\" \/>\n\t<meta name=\"twitter:data2\" content=\"2 minutes\" \/>\n<script type=\"application\/ld+json\" class=\"yoast-schema-graph\">{\"@context\":\"https:\/\/schema.org\",\"@graph\":[{\"@type\":\"WebSite\",\"@id\":\"https:\/\/www.visit-ulcinj.com\/blog\/#website\",\"url\":\"https:\/\/www.visit-ulcinj.com\/blog\/\",\"name\":\"Lajme nga Ulqini\",\"description\":\"Lajme,Vijesti,Ulqini,Ulqin,Crna Gora,Mali i Zi\",\"potentialAction\":[{\"@type\":\"SearchAction\",\"target\":{\"@type\":\"EntryPoint\",\"urlTemplate\":\"https:\/\/www.visit-ulcinj.com\/blog\/?s={search_term_string}\"},\"query-input\":\"required name=search_term_string\"}],\"inLanguage\":\"en-US\"},{\"@type\":\"ImageObject\",\"inLanguage\":\"en-US\",\"@id\":\"https:\/\/www.visit-ulcinj.com\/blog\/2008\/12\/05\/obuka-za-profesionalce-u-turizmu\/#primaryimage\",\"url\":\"http:\/\/www.visit-ulcinj.com\/blog\/wp-content\/uploads\/2008\/12\/turisticka-karta-crne-gore-225x300.jpg\",\"contentUrl\":\"http:\/\/www.visit-ulcinj.com\/blog\/wp-content\/uploads\/2008\/12\/turisticka-karta-crne-gore-225x300.jpg\"},{\"@type\":\"WebPage\",\"@id\":\"https:\/\/www.visit-ulcinj.com\/blog\/2008\/12\/05\/obuka-za-profesionalce-u-turizmu\/#webpage\",\"url\":\"https:\/\/www.visit-ulcinj.com\/blog\/2008\/12\/05\/obuka-za-profesionalce-u-turizmu\/\",\"name\":\"Obuka za profesionalce u turizmu - Lajme nga Ulqini\",\"isPartOf\":{\"@id\":\"https:\/\/www.visit-ulcinj.com\/blog\/#website\"},\"primaryImageOfPage\":{\"@id\":\"https:\/\/www.visit-ulcinj.com\/blog\/2008\/12\/05\/obuka-za-profesionalce-u-turizmu\/#primaryimage\"},\"datePublished\":\"2008-12-05T16:03:09+00:00\",\"dateModified\":\"2008-12-05T16:03:09+00:00\",\"author\":{\"@id\":\"https:\/\/www.visit-ulcinj.com\/blog\/#\/schema\/person\/dcab619c614d3038751c63bc2aadc06d\"},\"description\":\"Nacionalna turisti?ka organizacija Crne Gore NTO je odabrala FVW Medijsku grupaciju iz Hamburga koja ?e implementirati e-learning program za klju?na\",\"breadcrumb\":{\"@id\":\"https:\/\/www.visit-ulcinj.com\/blog\/2008\/12\/05\/obuka-za-profesionalce-u-turizmu\/#breadcrumb\"},\"inLanguage\":\"en-US\",\"potentialAction\":[{\"@type\":\"ReadAction\",\"target\":[\"https:\/\/www.visit-ulcinj.com\/blog\/2008\/12\/05\/obuka-za-profesionalce-u-turizmu\/\"]}]},{\"@type\":\"BreadcrumbList\",\"@id\":\"https:\/\/www.visit-ulcinj.com\/blog\/2008\/12\/05\/obuka-za-profesionalce-u-turizmu\/#breadcrumb\",\"itemListElement\":[{\"@type\":\"ListItem\",\"position\":1,\"name\":\"Obuka za profesionalce u turizmu\"}]},{\"@type\":\"Person\",\"@id\":\"https:\/\/www.visit-ulcinj.com\/blog\/#\/schema\/person\/dcab619c614d3038751c63bc2aadc06d\",\"name\":\"ulqini\",\"sameAs\":[\"http:\/\/www.visit-ulcinj.com\"],\"url\":\"https:\/\/www.visit-ulcinj.com\/blog\/author\/admin\/\"}]}<\/script>\n<!-- \/ Yoast SEO plugin. -->","yoast_head_json":{"title":"Obuka za profesionalce u turizmu - Lajme nga Ulqini","description":"Nacionalna turisti?ka organizacija Crne Gore NTO je odabrala FVW Medijsku grupaciju iz Hamburga koja ?e implementirati e-learning program za klju?na","robots":{"index":"index","follow":"follow","max-snippet":"max-snippet:-1","max-image-preview":"max-image-preview:large","max-video-preview":"max-video-preview:-1"},"canonical":"https:\/\/www.visit-ulcinj.com\/blog\/2008\/12\/05\/obuka-za-profesionalce-u-turizmu\/","og_locale":"en_US","og_type":"article","og_title":"Obuka za profesionalce u turizmu - Lajme nga Ulqini","og_description":"Nacionalna turisti?ka organizacija Crne Gore NTO je odabrala FVW Medijsku grupaciju iz Hamburga koja ?e implementirati e-learning program za klju?na","og_url":"https:\/\/www.visit-ulcinj.com\/blog\/2008\/12\/05\/obuka-za-profesionalce-u-turizmu\/","og_site_name":"Lajme nga Ulqini","article_published_time":"2008-12-05T16:03:09+00:00","og_image":[{"url":"http:\/\/www.visit-ulcinj.com\/blog\/wp-content\/uploads\/2008\/12\/turisticka-karta-crne-gore-225x300.jpg"}],"twitter_misc":{"Written by":"ulqini","Est. reading time":"2 minutes"},"schema":{"@context":"https:\/\/schema.org","@graph":[{"@type":"WebSite","@id":"https:\/\/www.visit-ulcinj.com\/blog\/#website","url":"https:\/\/www.visit-ulcinj.com\/blog\/","name":"Lajme nga Ulqini","description":"Lajme,Vijesti,Ulqini,Ulqin,Crna Gora,Mali i Zi","potentialAction":[{"@type":"SearchAction","target":{"@type":"EntryPoint","urlTemplate":"https:\/\/www.visit-ulcinj.com\/blog\/?s={search_term_string}"},"query-input":"required name=search_term_string"}],"inLanguage":"en-US"},{"@type":"ImageObject","inLanguage":"en-US","@id":"https:\/\/www.visit-ulcinj.com\/blog\/2008\/12\/05\/obuka-za-profesionalce-u-turizmu\/#primaryimage","url":"http:\/\/www.visit-ulcinj.com\/blog\/wp-content\/uploads\/2008\/12\/turisticka-karta-crne-gore-225x300.jpg","contentUrl":"http:\/\/www.visit-ulcinj.com\/blog\/wp-content\/uploads\/2008\/12\/turisticka-karta-crne-gore-225x300.jpg"},{"@type":"WebPage","@id":"https:\/\/www.visit-ulcinj.com\/blog\/2008\/12\/05\/obuka-za-profesionalce-u-turizmu\/#webpage","url":"https:\/\/www.visit-ulcinj.com\/blog\/2008\/12\/05\/obuka-za-profesionalce-u-turizmu\/","name":"Obuka za profesionalce u turizmu - Lajme nga Ulqini","isPartOf":{"@id":"https:\/\/www.visit-ulcinj.com\/blog\/#website"},"primaryImageOfPage":{"@id":"https:\/\/www.visit-ulcinj.com\/blog\/2008\/12\/05\/obuka-za-profesionalce-u-turizmu\/#primaryimage"},"datePublished":"2008-12-05T16:03:09+00:00","dateModified":"2008-12-05T16:03:09+00:00","author":{"@id":"https:\/\/www.visit-ulcinj.com\/blog\/#\/schema\/person\/dcab619c614d3038751c63bc2aadc06d"},"description":"Nacionalna turisti?ka organizacija Crne Gore NTO je odabrala FVW Medijsku grupaciju iz Hamburga koja ?e implementirati e-learning program za klju?na","breadcrumb":{"@id":"https:\/\/www.visit-ulcinj.com\/blog\/2008\/12\/05\/obuka-za-profesionalce-u-turizmu\/#breadcrumb"},"inLanguage":"en-US","potentialAction":[{"@type":"ReadAction","target":["https:\/\/www.visit-ulcinj.com\/blog\/2008\/12\/05\/obuka-za-profesionalce-u-turizmu\/"]}]},{"@type":"BreadcrumbList","@id":"https:\/\/www.visit-ulcinj.com\/blog\/2008\/12\/05\/obuka-za-profesionalce-u-turizmu\/#breadcrumb","itemListElement":[{"@type":"ListItem","position":1,"name":"Obuka za profesionalce u turizmu"}]},{"@type":"Person","@id":"https:\/\/www.visit-ulcinj.com\/blog\/#\/schema\/person\/dcab619c614d3038751c63bc2aadc06d","name":"ulqini","sameAs":["http:\/\/www.visit-ulcinj.com"],"url":"https:\/\/www.visit-ulcinj.com\/blog\/author\/admin\/"}]}},"jetpack_featured_media_url":"","jetpack_sharing_enabled":true,"jetpack_shortlink":"https:\/\/wp.me\/pe6lTn-1MC","_links":{"self":[{"href":"https:\/\/www.visit-ulcinj.com\/blog\/wp-json\/wp\/v2\/posts\/6858"}],"collection":[{"href":"https:\/\/www.visit-ulcinj.com\/blog\/wp-json\/wp\/v2\/posts"}],"about":[{"href":"https:\/\/www.visit-ulcinj.com\/blog\/wp-json\/wp\/v2\/types\/post"}],"author":[{"embeddable":true,"href":"https:\/\/www.visit-ulcinj.com\/blog\/wp-json\/wp\/v2\/users\/1"}],"replies":[{"embeddable":true,"href":"https:\/\/www.visit-ulcinj.com\/blog\/wp-json\/wp\/v2\/comments?post=6858"}],"version-history":[{"count":0,"href":"https:\/\/www.visit-ulcinj.com\/blog\/wp-json\/wp\/v2\/posts\/6858\/revisions"}],"wp:attachment":[{"href":"https:\/\/www.visit-ulcinj.com\/blog\/wp-json\/wp\/v2\/media?parent=6858"}],"wp:term":[{"taxonomy":"category","embeddable":true,"href":"https:\/\/www.visit-ulcinj.com\/blog\/wp-json\/wp\/v2\/categories?post=6858"},{"taxonomy":"post_tag","embeddable":true,"href":"https:\/\/www.visit-ulcinj.com\/blog\/wp-json\/wp\/v2\/tags?post=6858"}],"curies":[{"name":"wp","href":"https:\/\/api.w.org\/{rel}","templated":true}]}}