{"id":686,"date":"2008-02-28T06:09:44","date_gmt":"2008-02-28T11:09:44","guid":{"rendered":"http:\/\/www.visit-ulcinj.com\/blog\/2008\/02\/28\/si-te-terhiqen-investimet-e-huja-ne-komun-te-ulqinit\/"},"modified":"2008-02-28T06:15:23","modified_gmt":"2008-02-28T11:15:23","slug":"si-te-terhiqen-investimet-e-huja-ne-komun-te-ulqinit","status":"publish","type":"post","link":"https:\/\/www.visit-ulcinj.com\/blog\/2008\/02\/28\/si-te-terhiqen-investimet-e-huja-ne-komun-te-ulqinit\/","title":{"rendered":"Si t\u00eb t\u00ebrhiqen investimet e huja n\u00eb Komun t\u00eb Ulqinit ?"},"content":{"rendered":"<p><a href=\"http:\/\/www.visit-ulcinj.com\/blog\/wp-content\/uploads\/2008\/02\/plazhi-madhe_ulqin.jpg\" rel=\"lightbox[pics686]\" title=\"Plazhi Madh\u00eb_ulqin\"><img loading=\"lazy\" src=\"http:\/\/www.visit-ulcinj.com\/blog\/wp-content\/uploads\/2008\/02\/plazhi-madhe_ulqin.thumbnail.jpg\" alt=\"Plazhi Madh\u00eb_ulqin\" align=\"left\" height=\"133\" width=\"200\" \/><\/a>Ekonomia ulqinake karakterizohet me rritje t\u00eb vog\u00ebl (n\u00eb munges\u00eb t\u00eb t\u00eb dh\u00ebnave zyrtare shum\u00eb her\u00eb manipulohet me k\u00ebto shifra deri sa qeveritar\u00ebt thon\u00eb se ka rritje, pjesa tjet\u00ebr mendojn\u00eb q\u00eb ka r\u00ebnie t\u00eb ekonomis\u00eb,por m\u00eb s\u00eb miri tregon fakti q\u00eb fuqia jon\u00eb bler\u00ebse ka r\u00ebne duksh\u00ebm n\u00eb koh\u00ebt e fundit), dhe me nj\u00eb nivel t\u00eb ul\u00ebt t\u00eb prodhimit idustrial,nivel t\u00eb ult\u00eb t\u00eb investimeve, e sidomos investimeve t\u00eb huaja n\u00eb komun t\u00eb Ulqinit.Sot ma shum\u00eb se kurr\u00eb ulqinit i duhet kapitali i huaj, kapital i cili do t\u00eb ket\u00eb efekte multiplikative,ku p\u00ebr ne si  ulqinak,investimet e huaja do t\u00eb ishin alfa dhe omega e zhvillimit ekonomik e pse mos t\u00eb themi se investimet e huaja do t\u00eb ishin alfa dhe omega e zhvillimit t\u00eb Mali t\u00eb Zi n\u00eb t\u00eb gjitha aspektet. P\u00ebr koh\u00ebn n\u00eb t\u00eb cil\u00ebn ne ndodhemi, t\u00eb gjitha vendet e rajonit dhe m\u00eb gj\u00ebr\u00eb kan\u00eb b\u00ebr\u00eb ligje dhe politika t\u00eb ndryshme vetem dhe vet\u00ebm p\u00ebr ti shijuar p\u00ebrpar\u00ebsit\u00eb q\u00eb sjellin investimet e jashtme. Ne duhet pranuar se Ulqini \u00ebsht\u00eb vendi me thithjen m\u00eb t\u00eb vog\u00ebl t\u00eb investimeve t\u00eb huaja Direkte n\u00eb Evrop\u00eb e ndoshta edhe n\u00eb bot\u00eb,kurse n\u00eb rajon Ulqini asht nj\u00eb nd\u00ebr komunat e varfra n\u00eb Mal t\u00eb Zi, ku duhet t\u00eb theksojm\u00eb se pa to nuk ka transferim t\u00eb dijes, teknologjis\u00eb,vende t\u00eb reja pune p\u00ebr rreth 50 % t\u00eb pa pun\u00ebt e vendit ton\u00eb,dhe nuk do t\u00eb ket\u00eb prodhim vendor p\u00ebr t\u00eb eksportuar dhe p\u00ebr t\u00eb prishur balancin e tmerrsh\u00ebm n\u00eb mes eksportit dhe importit. Mali i zi tashm\u00eb ka nj\u00eb legjislacion t\u00eb k\u00ebnaqsh\u00ebm rreth investimeve t\u00eb huaja ku n\u00eb kontekst komperativ me rajonin nuk gjendet larg n\u00eb k\u00ebt\u00eb fush\u00eb, mir\u00ebpo problemi q\u00ebndron n\u00eb rrafshin operaional &#8211; legjislacioni ekziston por nuk funksionon si duhet. Institucionet tona munges\u00ebn e investimeve t\u00eb huaja deri n\u00eb vitin 2006 e kan\u00eb lidhur me statusin e pazgjedhur politik,dhe mbeti te shifet q\u00eb pas zgjedhjes se statusit &#8220;2006 ku Mali i Zi&#8221;fitoj pavar\u00ebsin dhe mbeti uzdaja se n\u00eb fushat\u00ebn e investimeve kjo do ndryshoj. Por, arsyet p\u00ebr mungesen e Investimeve t\u00eb huaja jan\u00eb shum\u00eb m\u00eb komplekse!N\u00ebse k\u00ebt\u00eb problem e trajtojm n\u00eb kontekst koperativ me rajonin shifet se ne jemi larg\u00eb t\u00ebrheqjes s\u00eb investimeve t\u00eb huaja n\u00eb Ulqin, ku rajoni ka thithur me miliarda euro investime t\u00eb huaja por, atje ka ndodhur ajo q\u00eb duhej t\u00eb ndodh\u00eb politika p\u00ebr t\u00ebrheqjen e investimeve t\u00eb huaja, n\u00eb pothuajse t\u00eb gjitha vendet e rajonit duke e par\u00eb r\u00ebnd\u00ebsin\u00eb e investimeve t\u00eb huaja kan\u00eb thurur ligje dhe politika t\u00eb ndryshme q\u00eb jan\u00eb n\u00eb funksion t\u00eb tyre por n\u00eb k\u00ebto vende t\u00eb rajonit ka edhe operacionalizim t\u00eb atyre politkave dhe si rrjedhoj\u00eb ka edhe v\u00ebrshim t\u00eb investime t\u00eb huaja, kurse ne jemi shum\u00eb, shum\u00eb larg k\u00ebtyre shumave, madje madje te ne \u00ebsht\u00eb v\u00ebshtir\u00eb edhe t\u00eb dihet se n\u00eb \u00e7far\u00eb mase jan\u00eb prezente investimet e huaja sepse nuk ka ndonj\u00eb baz\u00eb t\u00eb t\u00eb dh\u00ebnave rreth statistikave t\u00eb tyre n\u00eb Mal t\u00eb Zi.Sot m\u00eb shum\u00eb se kurr\u00eb, qeveria duhet t\u00eb involvoj\u00eb njer\u00ebz profesionist,njerz\u00eb t\u00eb cil\u00ebt din\u00eb se \u00e7ka duhet dhe si t\u00eb veprohet n\u00eb k\u00ebt\u00eb proces dhe ta hartoj\u00eb nj\u00eb strategji p\u00ebr t\u00ebrheqjen e investimeve t\u00eb huaja direkte n\u00eb Ulqin, dhe p\u00ebr deri sa nuk ka strategji t\u00eb till\u00eb,Ulqini do t\u00eb jet\u00eb e k\u00ebtill\u00eb \u00e7fare \u00ebsht\u00eb, do t\u00eb jet\u00eb vendi me m\u00eb s\u00eb paku investime t\u00eb huaja dhe si rrjedhoj\u00eb do t\u00eb jet\u00eb vendi me i pazhvilluar n\u00eb rajon dhe m\u00eb gj\u00ebr\u00eb.Koha \u00ebsht\u00eb p\u00ebr t\u00eb menduar p\u00ebr Ulqin &#8211; vepruar m\u00eb ndryshe p\u00ebr Ulqin.<\/p>\n<p>[googlevideo]http:\/\/video.google.com\/videoplay?docid=-4238476290706707223&amp;hl=en[\/googlevideo]<\/p>\n","protected":false},"excerpt":{"rendered":"<p><img loading=\"lazy\" src=\"http:\/\/www.visit-ulcinj.com\/blog\/wp-content\/uploads\/2008\/02\/plazhi-madhe_ulqin.thumbnail.jpg\" alt=\"Plazhi Madh\u00eb_ulqin\" align=\"left\" height=\"140\" width=\"140\" \/><\/p>\n","protected":false},"author":1,"featured_media":0,"comment_status":"open","ping_status":"closed","sticky":false,"template":"","format":"standard","meta":{"spay_email":"","jetpack_publicize_message":"","jetpack_is_tweetstorm":false,"jetpack_publicize_feature_enabled":true},"categories":[15],"tags":[1997,1996,1992,276,1998,1999,200,18],"jetpack_publicize_connections":[],"yoast_head":"<!-- This site is optimized with the Yoast SEO plugin v19.1 - https:\/\/yoast.com\/wordpress\/plugins\/seo\/ -->\n<title>Si t\u00eb t\u00ebrhiqen investimet e huja n\u00eb Komun t\u00eb Ulqinit ? - Lajme nga Ulqini<\/title>\n<meta name=\"robots\" content=\"index, follow, max-snippet:-1, max-image-preview:large, max-video-preview:-1\" \/>\n<link rel=\"canonical\" href=\"https:\/\/www.visit-ulcinj.com\/blog\/2008\/02\/28\/si-te-terhiqen-investimet-e-huja-ne-komun-te-ulqinit\/\" \/>\n<meta property=\"og:locale\" content=\"en_US\" \/>\n<meta property=\"og:type\" content=\"article\" \/>\n<meta property=\"og:title\" content=\"Si t\u00eb t\u00ebrhiqen investimet e huja n\u00eb Komun t\u00eb Ulqinit ? - Lajme nga Ulqini\" \/>\n<meta property=\"og:url\" content=\"https:\/\/www.visit-ulcinj.com\/blog\/2008\/02\/28\/si-te-terhiqen-investimet-e-huja-ne-komun-te-ulqinit\/\" \/>\n<meta property=\"og:site_name\" content=\"Lajme nga Ulqini\" \/>\n<meta property=\"article:published_time\" content=\"2008-02-28T11:09:44+00:00\" \/>\n<meta property=\"article:modified_time\" content=\"2008-02-28T11:15:23+00:00\" \/>\n<meta property=\"og:image\" content=\"http:\/\/www.visit-ulcinj.com\/blog\/wp-content\/uploads\/2008\/02\/plazhi-madhe_ulqin.thumbnail.jpg\" \/>\n<meta name=\"twitter:label1\" content=\"Written by\" \/>\n\t<meta name=\"twitter:data1\" content=\"ulqini\" \/>\n\t<meta name=\"twitter:label2\" content=\"Est. reading time\" \/>\n\t<meta name=\"twitter:data2\" content=\"3 minutes\" \/>\n<script type=\"application\/ld+json\" class=\"yoast-schema-graph\">{\"@context\":\"https:\/\/schema.org\",\"@graph\":[{\"@type\":\"WebSite\",\"@id\":\"https:\/\/www.visit-ulcinj.com\/blog\/#website\",\"url\":\"https:\/\/www.visit-ulcinj.com\/blog\/\",\"name\":\"Lajme nga Ulqini\",\"description\":\"Lajme,Vijesti,Ulqini,Ulqin,Crna Gora,Mali i Zi\",\"potentialAction\":[{\"@type\":\"SearchAction\",\"target\":{\"@type\":\"EntryPoint\",\"urlTemplate\":\"https:\/\/www.visit-ulcinj.com\/blog\/?s={search_term_string}\"},\"query-input\":\"required name=search_term_string\"}],\"inLanguage\":\"en-US\"},{\"@type\":\"ImageObject\",\"inLanguage\":\"en-US\",\"@id\":\"https:\/\/www.visit-ulcinj.com\/blog\/2008\/02\/28\/si-te-terhiqen-investimet-e-huja-ne-komun-te-ulqinit\/#primaryimage\",\"url\":\"http:\/\/www.visit-ulcinj.com\/blog\/wp-content\/uploads\/2008\/02\/plazhi-madhe_ulqin.thumbnail.jpg\",\"contentUrl\":\"http:\/\/www.visit-ulcinj.com\/blog\/wp-content\/uploads\/2008\/02\/plazhi-madhe_ulqin.thumbnail.jpg\"},{\"@type\":\"WebPage\",\"@id\":\"https:\/\/www.visit-ulcinj.com\/blog\/2008\/02\/28\/si-te-terhiqen-investimet-e-huja-ne-komun-te-ulqinit\/#webpage\",\"url\":\"https:\/\/www.visit-ulcinj.com\/blog\/2008\/02\/28\/si-te-terhiqen-investimet-e-huja-ne-komun-te-ulqinit\/\",\"name\":\"Si t\u00eb t\u00ebrhiqen investimet e huja n\u00eb Komun t\u00eb Ulqinit ? - Lajme nga Ulqini\",\"isPartOf\":{\"@id\":\"https:\/\/www.visit-ulcinj.com\/blog\/#website\"},\"primaryImageOfPage\":{\"@id\":\"https:\/\/www.visit-ulcinj.com\/blog\/2008\/02\/28\/si-te-terhiqen-investimet-e-huja-ne-komun-te-ulqinit\/#primaryimage\"},\"datePublished\":\"2008-02-28T11:09:44+00:00\",\"dateModified\":\"2008-02-28T11:15:23+00:00\",\"author\":{\"@id\":\"https:\/\/www.visit-ulcinj.com\/blog\/#\/schema\/person\/dcab619c614d3038751c63bc2aadc06d\"},\"breadcrumb\":{\"@id\":\"https:\/\/www.visit-ulcinj.com\/blog\/2008\/02\/28\/si-te-terhiqen-investimet-e-huja-ne-komun-te-ulqinit\/#breadcrumb\"},\"inLanguage\":\"en-US\",\"potentialAction\":[{\"@type\":\"ReadAction\",\"target\":[\"https:\/\/www.visit-ulcinj.com\/blog\/2008\/02\/28\/si-te-terhiqen-investimet-e-huja-ne-komun-te-ulqinit\/\"]}]},{\"@type\":\"BreadcrumbList\",\"@id\":\"https:\/\/www.visit-ulcinj.com\/blog\/2008\/02\/28\/si-te-terhiqen-investimet-e-huja-ne-komun-te-ulqinit\/#breadcrumb\",\"itemListElement\":[{\"@type\":\"ListItem\",\"position\":1,\"name\":\"Si t\u00eb t\u00ebrhiqen investimet e huja n\u00eb Komun t\u00eb Ulqinit ?\"}]},{\"@type\":\"Person\",\"@id\":\"https:\/\/www.visit-ulcinj.com\/blog\/#\/schema\/person\/dcab619c614d3038751c63bc2aadc06d\",\"name\":\"ulqini\",\"sameAs\":[\"http:\/\/www.visit-ulcinj.com\"],\"url\":\"https:\/\/www.visit-ulcinj.com\/blog\/author\/admin\/\"}]}<\/script>\n<!-- \/ Yoast SEO plugin. -->","yoast_head_json":{"title":"Si t\u00eb t\u00ebrhiqen investimet e huja n\u00eb Komun t\u00eb Ulqinit ? - Lajme nga Ulqini","robots":{"index":"index","follow":"follow","max-snippet":"max-snippet:-1","max-image-preview":"max-image-preview:large","max-video-preview":"max-video-preview:-1"},"canonical":"https:\/\/www.visit-ulcinj.com\/blog\/2008\/02\/28\/si-te-terhiqen-investimet-e-huja-ne-komun-te-ulqinit\/","og_locale":"en_US","og_type":"article","og_title":"Si t\u00eb t\u00ebrhiqen investimet e huja n\u00eb Komun t\u00eb Ulqinit ? - Lajme nga Ulqini","og_url":"https:\/\/www.visit-ulcinj.com\/blog\/2008\/02\/28\/si-te-terhiqen-investimet-e-huja-ne-komun-te-ulqinit\/","og_site_name":"Lajme nga Ulqini","article_published_time":"2008-02-28T11:09:44+00:00","article_modified_time":"2008-02-28T11:15:23+00:00","og_image":[{"url":"http:\/\/www.visit-ulcinj.com\/blog\/wp-content\/uploads\/2008\/02\/plazhi-madhe_ulqin.thumbnail.jpg"}],"twitter_misc":{"Written by":"ulqini","Est. reading time":"3 minutes"},"schema":{"@context":"https:\/\/schema.org","@graph":[{"@type":"WebSite","@id":"https:\/\/www.visit-ulcinj.com\/blog\/#website","url":"https:\/\/www.visit-ulcinj.com\/blog\/","name":"Lajme nga Ulqini","description":"Lajme,Vijesti,Ulqini,Ulqin,Crna Gora,Mali i Zi","potentialAction":[{"@type":"SearchAction","target":{"@type":"EntryPoint","urlTemplate":"https:\/\/www.visit-ulcinj.com\/blog\/?s={search_term_string}"},"query-input":"required name=search_term_string"}],"inLanguage":"en-US"},{"@type":"ImageObject","inLanguage":"en-US","@id":"https:\/\/www.visit-ulcinj.com\/blog\/2008\/02\/28\/si-te-terhiqen-investimet-e-huja-ne-komun-te-ulqinit\/#primaryimage","url":"http:\/\/www.visit-ulcinj.com\/blog\/wp-content\/uploads\/2008\/02\/plazhi-madhe_ulqin.thumbnail.jpg","contentUrl":"http:\/\/www.visit-ulcinj.com\/blog\/wp-content\/uploads\/2008\/02\/plazhi-madhe_ulqin.thumbnail.jpg"},{"@type":"WebPage","@id":"https:\/\/www.visit-ulcinj.com\/blog\/2008\/02\/28\/si-te-terhiqen-investimet-e-huja-ne-komun-te-ulqinit\/#webpage","url":"https:\/\/www.visit-ulcinj.com\/blog\/2008\/02\/28\/si-te-terhiqen-investimet-e-huja-ne-komun-te-ulqinit\/","name":"Si t\u00eb t\u00ebrhiqen investimet e huja n\u00eb Komun t\u00eb Ulqinit ? - Lajme nga Ulqini","isPartOf":{"@id":"https:\/\/www.visit-ulcinj.com\/blog\/#website"},"primaryImageOfPage":{"@id":"https:\/\/www.visit-ulcinj.com\/blog\/2008\/02\/28\/si-te-terhiqen-investimet-e-huja-ne-komun-te-ulqinit\/#primaryimage"},"datePublished":"2008-02-28T11:09:44+00:00","dateModified":"2008-02-28T11:15:23+00:00","author":{"@id":"https:\/\/www.visit-ulcinj.com\/blog\/#\/schema\/person\/dcab619c614d3038751c63bc2aadc06d"},"breadcrumb":{"@id":"https:\/\/www.visit-ulcinj.com\/blog\/2008\/02\/28\/si-te-terhiqen-investimet-e-huja-ne-komun-te-ulqinit\/#breadcrumb"},"inLanguage":"en-US","potentialAction":[{"@type":"ReadAction","target":["https:\/\/www.visit-ulcinj.com\/blog\/2008\/02\/28\/si-te-terhiqen-investimet-e-huja-ne-komun-te-ulqinit\/"]}]},{"@type":"BreadcrumbList","@id":"https:\/\/www.visit-ulcinj.com\/blog\/2008\/02\/28\/si-te-terhiqen-investimet-e-huja-ne-komun-te-ulqinit\/#breadcrumb","itemListElement":[{"@type":"ListItem","position":1,"name":"Si t\u00eb t\u00ebrhiqen investimet e huja n\u00eb Komun t\u00eb Ulqinit ?"}]},{"@type":"Person","@id":"https:\/\/www.visit-ulcinj.com\/blog\/#\/schema\/person\/dcab619c614d3038751c63bc2aadc06d","name":"ulqini","sameAs":["http:\/\/www.visit-ulcinj.com"],"url":"https:\/\/www.visit-ulcinj.com\/blog\/author\/admin\/"}]}},"jetpack_featured_media_url":"","jetpack_sharing_enabled":true,"jetpack_shortlink":"https:\/\/wp.me\/pe6lTn-b4","_links":{"self":[{"href":"https:\/\/www.visit-ulcinj.com\/blog\/wp-json\/wp\/v2\/posts\/686"}],"collection":[{"href":"https:\/\/www.visit-ulcinj.com\/blog\/wp-json\/wp\/v2\/posts"}],"about":[{"href":"https:\/\/www.visit-ulcinj.com\/blog\/wp-json\/wp\/v2\/types\/post"}],"author":[{"embeddable":true,"href":"https:\/\/www.visit-ulcinj.com\/blog\/wp-json\/wp\/v2\/users\/1"}],"replies":[{"embeddable":true,"href":"https:\/\/www.visit-ulcinj.com\/blog\/wp-json\/wp\/v2\/comments?post=686"}],"version-history":[{"count":0,"href":"https:\/\/www.visit-ulcinj.com\/blog\/wp-json\/wp\/v2\/posts\/686\/revisions"}],"wp:attachment":[{"href":"https:\/\/www.visit-ulcinj.com\/blog\/wp-json\/wp\/v2\/media?parent=686"}],"wp:term":[{"taxonomy":"category","embeddable":true,"href":"https:\/\/www.visit-ulcinj.com\/blog\/wp-json\/wp\/v2\/categories?post=686"},{"taxonomy":"post_tag","embeddable":true,"href":"https:\/\/www.visit-ulcinj.com\/blog\/wp-json\/wp\/v2\/tags?post=686"}],"curies":[{"name":"wp","href":"https:\/\/api.w.org\/{rel}","templated":true}]}}