{"id":68604,"date":"2013-02-11T18:54:35","date_gmt":"2013-02-11T17:54:35","guid":{"rendered":"http:\/\/www.visit-ulcinj.com\/blog\/?p=68604"},"modified":"2013-02-11T18:55:51","modified_gmt":"2013-02-11T17:55:51","slug":"ulcinj-planiraju-izgradnju-250-stanova","status":"publish","type":"post","link":"https:\/\/www.visit-ulcinj.com\/blog\/2013\/02\/11\/ulcinj-planiraju-izgradnju-250-stanova\/","title":{"rendered":"Ulcinj: Planiraju izgradnju 250 stanova"},"content":{"rendered":"<p>Do kraja ove godine u najju\u017enijoj op\u0161tini mogla bi da po\u010dne izgradnja izme\u0111u 200 i 250 stanova solidarnosti, saznaje \u201eDan\u201d u Op\u0161tinskom sindikalnom povjerni\u0161tvu (OSP). Stambene lamele najvjerovatnije \u0107e se graditi u Ulcinjskom polju, a lokaciju, oslobo\u0111enu komunalnih da\u017ebina, trebalo bi da obezbijedi lokalna samouprava. Predsjednik OSP-a \u0160efki\u2013Keko Ljamovi\u0107 kazao je za \u201eDan\u201d da ve\u0107 postoji lokacija koja zadovoljava sve uslove. On isti\u010de da je prilikom nedavnog sastanka s predstavnicima Fonda za finansiranje dato obe\u0107anje da \u0107e uskoro biti obezbije\u0111ena lokacija.<br \/>\n<a href=\"http:\/\/www.visit-ulcinj.com\/blog\/wp-content\/uploads\/2013\/02\/Sefki\u2013Keko-Ljamovic_Ulcinj.jpg\"><img loading=\"lazy\" class=\"alignleft  wp-image-68605\" alt=\"Sefki\u2013Keko Ljamovic_Ulcinj\" src=\"http:\/\/www.visit-ulcinj.com\/blog\/wp-content\/uploads\/2013\/02\/Sefki\u2013Keko-Ljamovic_Ulcinj.jpg\" width=\"508\" height=\"360\" \/><\/a><br \/>\n\u2013 S obzirom na to da se lokacija nalazi u Ulcinjskom polju, u zoni koja je Detaljnim urbanisti\u010dkim planom tretirana kao zelena zona, narednih dana nadle\u017eene op\u0161tinske slu\u017ebe \u0107e, u saradnji s Ministarstvom odr\u017eivog razvoja, raditi na promjeni namjene tog zemlji\u0161ta. Najkasnije za \u0161est mjeseci trebalo bi da bude gotova kompletna dokumentacija i projekat \u0107e po\u010deti da se realizuje. Najva\u017enije je \u0161to je novac obezbije\u0111en iz Crnogorskog stambenog fonda, koji, kako mi je saop\u0161teno, \u017eeli da \u0161to prije po\u010dne izgradnja stanova. Mi smo jedina op\u0161tina u Crnoj Gori u kojoj se ve\u0107 30 godina nijesu gradili stanovi za radnike i penzionere. Posebno nagla\u0161avam penzionere, jer je veliki broj Ulcinjana zavr\u0161io radni vijek a da nije rije\u0161io stambeno pitanje. Otkad je ukinut Zakon o stambenoj izgradnji niko ni\u0161ta nije radio na stambenom zbrinjavanju radnika, niti se o njima iko brine. Mislim da su se kona\u010dno stvorili uslovi da se to promijeni i da se ovaj projekat realizuje \u2013 kazao je Ljamovi\u0107.<br \/>\nPrema njegovim rije\u010dima, tim povodom \u0107e se ve\u0107 sjutra sastati OSP-u u pro\u0161irenom sastavu, a jedina ta\u010dka dnevnog reda su aktivnosti oko budu\u0107e izgradnje solidarnih stanova.<br \/>\n\u2013 Razmori\u0107emo sva pitanja koja se ti\u010du ovog projekta. Jo\u0161 ne\u0107emo praviti spiskove, ali svakako ho\u0107emo da utvrdimo koje su trenutne potrebe za stanovima u Ulcinju. Predsjednici sindikalnih organizacija bi trebalo da na ni\u017eem nivou preduzmu odre\u0111ene mjere kako bi se znale potrebe i koliko ima zainteresovanih. Neophodno je da se utvrdi i profil stanova, odnosno koliko \u0107e biti potrebno garsonjera, jednosobnih i dvosobnih stanova. Taj posao bi trebalo da se zavr\u0161i u roku od desetak dana. Sve informacije bi\u0107e dostavljene Crnogorskom stambenom fondu. Na bazi toga \u0107e se praviti projektna dokumentacija i precizira\u0107e se po\u010detak radova. Uvjeren sam da kada se zavr\u0161e ta tehni\u010dka pitanja ne\u0107emo mnogo \u010dekati da \u010ditav posao bude zavr\u0161en. Evo, u susjednom Baru stanovi su ve\u0107 gotovi, a po\u010deli su da se grade u februaru pro\u0161le godine \u2013 rekao je Ljamovi\u0107.<br \/>\nPodsjetimo, i predsjednik Op\u0161tine Ulcinj Nazif Cungu nedavno je sa predsjednikom borda direktora Crnogorskog fonda za solidarnu stambenu izgradnju Danilom Popovi\u0107em razgovarao o izgradnji solidarnih objekata. Popovi\u0107 je tom prilikom kazao da je Ulcinj jedina op\u0161tina na Crnogorskom primorju u kojoj u poslednjih nekoliko decenija nije izgra\u0111en nijedan objekat.<br \/>\n\u2013 Zbog toga smatramo da je neophodno da se grade solidarni objekti u kojima \u0107e stambene jedinice biti od 20 do 50 odsto jeftinije nego na tr\u017ei\u0161tu \u2013 najavio je Popovi\u0107. Cungu je obe\u0107ao da \u0107e se op\u0161tina anga\u017eovati u pronala\u017eenju odgovaraju\u0107e lokacije, kao i da \u0107e ubrzati procedure obezbje\u0111ivanja urbanisti\u010dkih uslova i nesmetane realizacije ovog projekta.<br \/>\nProjekat izgradnje stanova je prvi projekat Fonda za finansiranje izgradnje stanova koji je bio od naj\u0161ireg socijalnog zna\u010daja za Crnu Goru, a prvi stambeni objekti izgra\u0111eni u Kola\u0161inu sa 28 stambenih jedinica i u Podgorici sa 101 stambenom jedinicom bili su dovoljni argumenti zaposlenima i preduze\u0107ima za \u0161iru podr\u0161ku ovakvom modelu rje\u0161avanja stambene problematike.<br \/>\nAmbiciozno postavljeni planovi Sindikalnog fonda za solidarnu stambenu izgradnju, kroz podr\u0161ku lokalnih samouprava i dodjelu besplatnih placeva od ve\u0107ine op\u0161tina u Crnoj Gori, kao i zahtjevi velikog broja zaposlenih za rje\u0161avanje stambenih pitanja doveli su do zaklju\u010divanja ugovora o saradnji na izgradnji stanova solidarnosti 1. marta 2007. godine izme\u0111u Vlade Crne Gore, Unije poslodavaca i Saveza sindikata Crne Gore, kojim je predvi\u0111eno da se aktivnosti na izgradnji stanova realizuju preko D.O.O. Sindikalni fond za solidarnu stambenu izgradnju. Ovim ugovorom do\u0161lo je do promjene naziva firme i promjene osniva\u010da u smislu da suosniva\u010di pomenutog dru\u0161tva budu Vlada i Unija poslodavaca, kao i drugi subjekti zainteresovani za realizaciju ovih aktivnosti. Odlukom Vlade Crne Gore o pristupanju Sindikalnom fondu za solidarnu stambenu izgradnju u svojstvu \u010dlana dru\u0161tva, kao i odlukama skup\u0161tine Unije poslodavaca Crne Gore i skup\u0161tine Saveza sindikata Crne Gore i rje\u0161enjem Privrednog suda od 11. novembra 2008. godine u Podgorici je formiran Crnogorski fond za solidarnu stambenu izgradnju.<\/p>\n<p><strong> Op\u0161tinu sleduje 25 odsto<\/strong><br \/>\nLjamovi\u0107 podsje\u0107a da je jo\u0161 2004. godine inicirana ideja solidarne stambene izgradnje, ali da do nedavno nije bilo nikakvih aktivnosti.<br \/>\n\u2013 Svih ovih godina nijesmo mogli dobiti lokaciju, jer je op\u0161tepoznato da je op\u0161tina decenijama kuburila s nedostatkom urbanisti\u010dkih planova. Mi zbog toga nijesmo krivi. Kriva je lokalna samouprava \u0161to na vrijeme nije rije\u0161ila urbanisti\u010dke probleme. Sada smo na pragu da to rije\u0161imo. Op\u0161tina \u0107e, uvjeren sam, rije\u0161ti to pitanje, jer i te kako ima interes. Sleduje ih 25 odsto izgra\u0111enih stanova. Dakle, ako se bude gradilo 200 stanova, zaposleni u op\u0161tini mogu da konkuri\u0161u za 50 stambenih jedinica. Tako\u0111e, mi imamo i rezervnu varijantu, a to je ponuda jednog fizi\u010dkog lica koje je spremno da ustupi lokaciju, isto u Ulcinjskom polju, a da kao kompenzaciju dobije odre\u0111en broj stanova. Dakle, ni\u0161ta nijesmo prepustili slu\u010daju \u2013 tvrdi Ljamovi\u0107.<\/p>\n<p><strong>Gra\u0111ani nijesu optimisti<\/strong><\/p>\n<p>Ned\u017ead Had\u017eikamber, penzioner: \u2013 Stvarno nijesam upoznat s trenutnim de\u0161avanjima o tom pitanju, ali mislim da je ljudima neophodno obezbijediti krov nad glavom. Ideja je, po meni, jako dobra i li\u010dno bih bio zadovoljan ukoliko bi se najavljena gradnja ostvarila.<br \/>\nMentor Em\u0161a, trgovac: \u2013 Ne vjerujem da \u0107e do toga do\u0107i, ali smatram da bi bilo jako korisno da se ovakva ideja realizuje. Smatram da bi bilo neophodno da se takva investicija realizuje, jer je sve vi\u0161e ljudi u gradu kojima je neophodan smje\u0161taj.<br \/>\nDragana Dragovi\u0107, ra\u010dunovo\u0111a: \u2013 Nijesam optimista povodom ovog pitanja, a kako bih mogla i povjerovati u najavljenu izgradnju stanova kad se u na\u0161em gradu samo ru\u0161e hoteli i drugi smje\u0161tajni kapaciteti, a ni\u0161ta se ne gradi. Sve \u0161to je priroda dala, uni\u0161teno je zarad ne\u010dijih li\u010dnih interesa.<\/p>\n<p><strong><a href=\"http:\/\/www.dan.co.me\/?nivo=3&amp;rubrika=Regioni&amp;clanak=366813&amp;datum=2013-02-10&amp;naslov=Planiraju%20izgradnju%20250%20stanova\" target=\"_blank\">Va. R.<\/a><br \/>\n<a href=\"http:\/\/www.dan.co.me\/?nivo=3&amp;rubrika=Regioni&amp;clanak=366813&amp;datum=2013-02-10&amp;naslov=Planiraju%20izgradnju%20250%20stanova\" target=\"_blank\">Izvor: DAN<\/a><br \/>\n<\/strong><\/p>\n","protected":false},"excerpt":{"rendered":"<p>Do kraja ove godine u najju\u017enijoj op\u0161tini mogla bi da po\u010dne izgradnja izme\u0111u 200 i 250 stanova solidarnosti, saznaje \u201eDan\u201d u Op\u0161tinskom sindikalnom povjerni\u0161tvu (OSP). Stambene lamele najvjerovatnije \u0107e se graditi u Ulcinjskom polju, a lokaciju, oslobo\u0111enu komunalnih da\u017ebina, trebalo bi da obezbijedi lokalna samouprava. Predsjednik OSP-a \u0160efki\u2013Keko Ljamovi\u0107 kazao je za \u201eDan\u201d da ve\u0107 [&hellip;]<\/p>\n","protected":false},"author":1,"featured_media":0,"comment_status":"open","ping_status":"closed","sticky":false,"template":"","format":"standard","meta":{"spay_email":"","jetpack_publicize_message":"","jetpack_is_tweetstorm":false,"jetpack_publicize_feature_enabled":true},"categories":[8337],"tags":[19],"jetpack_publicize_connections":[],"yoast_head":"<!-- This site is optimized with the Yoast SEO plugin v19.1 - https:\/\/yoast.com\/wordpress\/plugins\/seo\/ -->\n<title>Ulcinj: Planiraju izgradnju 250 stanova - Lajme nga Ulqini<\/title>\n<meta name=\"description\" content=\"Do kraja ove godine u najju\u017enijoj op\u0161tini mogla bi da po\u010dne izgradnja izme\u0111u 200 i 250 stanova solidarnosti, saznaje \u201eDan\u201d u Op\u0161tinskom sindikalnom\" \/>\n<meta name=\"robots\" content=\"index, follow, max-snippet:-1, max-image-preview:large, max-video-preview:-1\" \/>\n<link rel=\"canonical\" href=\"https:\/\/www.visit-ulcinj.com\/blog\/2013\/02\/11\/ulcinj-planiraju-izgradnju-250-stanova\/\" \/>\n<meta property=\"og:locale\" content=\"en_US\" \/>\n<meta property=\"og:type\" content=\"article\" \/>\n<meta property=\"og:title\" content=\"Ulcinj: Planiraju izgradnju 250 stanova - Lajme nga Ulqini\" \/>\n<meta property=\"og:description\" content=\"Do kraja ove godine u najju\u017enijoj op\u0161tini mogla bi da po\u010dne izgradnja izme\u0111u 200 i 250 stanova solidarnosti, saznaje \u201eDan\u201d u Op\u0161tinskom sindikalnom\" \/>\n<meta property=\"og:url\" content=\"https:\/\/www.visit-ulcinj.com\/blog\/2013\/02\/11\/ulcinj-planiraju-izgradnju-250-stanova\/\" \/>\n<meta property=\"og:site_name\" content=\"Lajme nga Ulqini\" \/>\n<meta property=\"article:published_time\" content=\"2013-02-11T17:54:35+00:00\" \/>\n<meta property=\"article:modified_time\" content=\"2013-02-11T17:55:51+00:00\" \/>\n<meta name=\"twitter:label1\" content=\"Written by\" \/>\n\t<meta name=\"twitter:data1\" content=\"ulqini\" \/>\n\t<meta name=\"twitter:label2\" content=\"Est. reading time\" \/>\n\t<meta name=\"twitter:data2\" content=\"5 minutes\" \/>\n<script type=\"application\/ld+json\" class=\"yoast-schema-graph\">{\"@context\":\"https:\/\/schema.org\",\"@graph\":[{\"@type\":\"WebSite\",\"@id\":\"https:\/\/www.visit-ulcinj.com\/blog\/#website\",\"url\":\"https:\/\/www.visit-ulcinj.com\/blog\/\",\"name\":\"Lajme nga Ulqini\",\"description\":\"Lajme,Vijesti,Ulqini,Ulqin,Crna Gora,Mali i Zi\",\"potentialAction\":[{\"@type\":\"SearchAction\",\"target\":{\"@type\":\"EntryPoint\",\"urlTemplate\":\"https:\/\/www.visit-ulcinj.com\/blog\/?s={search_term_string}\"},\"query-input\":\"required name=search_term_string\"}],\"inLanguage\":\"en-US\"},{\"@type\":\"WebPage\",\"@id\":\"https:\/\/www.visit-ulcinj.com\/blog\/2013\/02\/11\/ulcinj-planiraju-izgradnju-250-stanova\/#webpage\",\"url\":\"https:\/\/www.visit-ulcinj.com\/blog\/2013\/02\/11\/ulcinj-planiraju-izgradnju-250-stanova\/\",\"name\":\"Ulcinj: Planiraju izgradnju 250 stanova - Lajme nga Ulqini\",\"isPartOf\":{\"@id\":\"https:\/\/www.visit-ulcinj.com\/blog\/#website\"},\"datePublished\":\"2013-02-11T17:54:35+00:00\",\"dateModified\":\"2013-02-11T17:55:51+00:00\",\"author\":{\"@id\":\"https:\/\/www.visit-ulcinj.com\/blog\/#\/schema\/person\/dcab619c614d3038751c63bc2aadc06d\"},\"description\":\"Do kraja ove godine u najju\u017enijoj op\u0161tini mogla bi da po\u010dne izgradnja izme\u0111u 200 i 250 stanova solidarnosti, saznaje \u201eDan\u201d u Op\u0161tinskom sindikalnom\",\"breadcrumb\":{\"@id\":\"https:\/\/www.visit-ulcinj.com\/blog\/2013\/02\/11\/ulcinj-planiraju-izgradnju-250-stanova\/#breadcrumb\"},\"inLanguage\":\"en-US\",\"potentialAction\":[{\"@type\":\"ReadAction\",\"target\":[\"https:\/\/www.visit-ulcinj.com\/blog\/2013\/02\/11\/ulcinj-planiraju-izgradnju-250-stanova\/\"]}]},{\"@type\":\"BreadcrumbList\",\"@id\":\"https:\/\/www.visit-ulcinj.com\/blog\/2013\/02\/11\/ulcinj-planiraju-izgradnju-250-stanova\/#breadcrumb\",\"itemListElement\":[{\"@type\":\"ListItem\",\"position\":1,\"name\":\"Ulcinj: Planiraju izgradnju 250 stanova\"}]},{\"@type\":\"Person\",\"@id\":\"https:\/\/www.visit-ulcinj.com\/blog\/#\/schema\/person\/dcab619c614d3038751c63bc2aadc06d\",\"name\":\"ulqini\",\"sameAs\":[\"http:\/\/www.visit-ulcinj.com\"],\"url\":\"https:\/\/www.visit-ulcinj.com\/blog\/author\/admin\/\"}]}<\/script>\n<!-- \/ Yoast SEO plugin. -->","yoast_head_json":{"title":"Ulcinj: Planiraju izgradnju 250 stanova - Lajme nga Ulqini","description":"Do kraja ove godine u najju\u017enijoj op\u0161tini mogla bi da po\u010dne izgradnja izme\u0111u 200 i 250 stanova solidarnosti, saznaje \u201eDan\u201d u Op\u0161tinskom sindikalnom","robots":{"index":"index","follow":"follow","max-snippet":"max-snippet:-1","max-image-preview":"max-image-preview:large","max-video-preview":"max-video-preview:-1"},"canonical":"https:\/\/www.visit-ulcinj.com\/blog\/2013\/02\/11\/ulcinj-planiraju-izgradnju-250-stanova\/","og_locale":"en_US","og_type":"article","og_title":"Ulcinj: Planiraju izgradnju 250 stanova - Lajme nga Ulqini","og_description":"Do kraja ove godine u najju\u017enijoj op\u0161tini mogla bi da po\u010dne izgradnja izme\u0111u 200 i 250 stanova solidarnosti, saznaje \u201eDan\u201d u Op\u0161tinskom sindikalnom","og_url":"https:\/\/www.visit-ulcinj.com\/blog\/2013\/02\/11\/ulcinj-planiraju-izgradnju-250-stanova\/","og_site_name":"Lajme nga Ulqini","article_published_time":"2013-02-11T17:54:35+00:00","article_modified_time":"2013-02-11T17:55:51+00:00","twitter_misc":{"Written by":"ulqini","Est. reading time":"5 minutes"},"schema":{"@context":"https:\/\/schema.org","@graph":[{"@type":"WebSite","@id":"https:\/\/www.visit-ulcinj.com\/blog\/#website","url":"https:\/\/www.visit-ulcinj.com\/blog\/","name":"Lajme nga Ulqini","description":"Lajme,Vijesti,Ulqini,Ulqin,Crna Gora,Mali i Zi","potentialAction":[{"@type":"SearchAction","target":{"@type":"EntryPoint","urlTemplate":"https:\/\/www.visit-ulcinj.com\/blog\/?s={search_term_string}"},"query-input":"required name=search_term_string"}],"inLanguage":"en-US"},{"@type":"WebPage","@id":"https:\/\/www.visit-ulcinj.com\/blog\/2013\/02\/11\/ulcinj-planiraju-izgradnju-250-stanova\/#webpage","url":"https:\/\/www.visit-ulcinj.com\/blog\/2013\/02\/11\/ulcinj-planiraju-izgradnju-250-stanova\/","name":"Ulcinj: Planiraju izgradnju 250 stanova - Lajme nga Ulqini","isPartOf":{"@id":"https:\/\/www.visit-ulcinj.com\/blog\/#website"},"datePublished":"2013-02-11T17:54:35+00:00","dateModified":"2013-02-11T17:55:51+00:00","author":{"@id":"https:\/\/www.visit-ulcinj.com\/blog\/#\/schema\/person\/dcab619c614d3038751c63bc2aadc06d"},"description":"Do kraja ove godine u najju\u017enijoj op\u0161tini mogla bi da po\u010dne izgradnja izme\u0111u 200 i 250 stanova solidarnosti, saznaje \u201eDan\u201d u Op\u0161tinskom sindikalnom","breadcrumb":{"@id":"https:\/\/www.visit-ulcinj.com\/blog\/2013\/02\/11\/ulcinj-planiraju-izgradnju-250-stanova\/#breadcrumb"},"inLanguage":"en-US","potentialAction":[{"@type":"ReadAction","target":["https:\/\/www.visit-ulcinj.com\/blog\/2013\/02\/11\/ulcinj-planiraju-izgradnju-250-stanova\/"]}]},{"@type":"BreadcrumbList","@id":"https:\/\/www.visit-ulcinj.com\/blog\/2013\/02\/11\/ulcinj-planiraju-izgradnju-250-stanova\/#breadcrumb","itemListElement":[{"@type":"ListItem","position":1,"name":"Ulcinj: Planiraju izgradnju 250 stanova"}]},{"@type":"Person","@id":"https:\/\/www.visit-ulcinj.com\/blog\/#\/schema\/person\/dcab619c614d3038751c63bc2aadc06d","name":"ulqini","sameAs":["http:\/\/www.visit-ulcinj.com"],"url":"https:\/\/www.visit-ulcinj.com\/blog\/author\/admin\/"}]}},"jetpack_featured_media_url":"","jetpack_sharing_enabled":true,"jetpack_shortlink":"https:\/\/wp.me\/pe6lTn-hQw","_links":{"self":[{"href":"https:\/\/www.visit-ulcinj.com\/blog\/wp-json\/wp\/v2\/posts\/68604"}],"collection":[{"href":"https:\/\/www.visit-ulcinj.com\/blog\/wp-json\/wp\/v2\/posts"}],"about":[{"href":"https:\/\/www.visit-ulcinj.com\/blog\/wp-json\/wp\/v2\/types\/post"}],"author":[{"embeddable":true,"href":"https:\/\/www.visit-ulcinj.com\/blog\/wp-json\/wp\/v2\/users\/1"}],"replies":[{"embeddable":true,"href":"https:\/\/www.visit-ulcinj.com\/blog\/wp-json\/wp\/v2\/comments?post=68604"}],"version-history":[{"count":3,"href":"https:\/\/www.visit-ulcinj.com\/blog\/wp-json\/wp\/v2\/posts\/68604\/revisions"}],"predecessor-version":[{"id":68608,"href":"https:\/\/www.visit-ulcinj.com\/blog\/wp-json\/wp\/v2\/posts\/68604\/revisions\/68608"}],"wp:attachment":[{"href":"https:\/\/www.visit-ulcinj.com\/blog\/wp-json\/wp\/v2\/media?parent=68604"}],"wp:term":[{"taxonomy":"category","embeddable":true,"href":"https:\/\/www.visit-ulcinj.com\/blog\/wp-json\/wp\/v2\/categories?post=68604"},{"taxonomy":"post_tag","embeddable":true,"href":"https:\/\/www.visit-ulcinj.com\/blog\/wp-json\/wp\/v2\/tags?post=68604"}],"curies":[{"name":"wp","href":"https:\/\/api.w.org\/{rel}","templated":true}]}}