{"id":68609,"date":"2013-02-11T19:06:31","date_gmt":"2013-02-11T18:06:31","guid":{"rendered":"http:\/\/www.visit-ulcinj.com\/blog\/?p=68609"},"modified":"2013-02-11T19:07:39","modified_gmt":"2013-02-11T18:07:39","slug":"brisu-antifasisticku-istoriju-ulcinja","status":"publish","type":"post","link":"https:\/\/www.visit-ulcinj.com\/blog\/2013\/02\/11\/brisu-antifasisticku-istoriju-ulcinja\/","title":{"rendered":"Bri\u0161u antifa\u0161isti\u010dku istoriju Ulcinja"},"content":{"rendered":"<p align=\"justify\"><a href=\"http:\/\/www.visit-ulcinj.com\/blog\/wp-content\/uploads\/2013\/02\/Cetkovic-Andrija.jpg\"><img loading=\"lazy\" class=\"alignleft size-full wp-image-68610\" alt=\"Cetkovic Andrija\" src=\"http:\/\/www.visit-ulcinj.com\/blog\/wp-content\/uploads\/2013\/02\/Cetkovic-Andrija.jpg\" width=\"170\" height=\"245\" \/><\/a>Pojedini predstavnici Force i DPS-a u Komisiji za davanje imena ulica i trgova, koju je formirala SO Ulcinj, namjerni su da bri\u0161u antifa\u0161isti\u010dku istoriju Ulcinja. Za njih su 26. novembar 1880. i 26. novembar 1944. godine datumi crnogorske okupacije ovog podru\u010dja, a ne datumi slobode. Postavlja se pitanje za\u0161to to rade upravo sada?O\u010digledno zato \u0161to \u017eele da prikriju sopstvenu odgovornost za katastrofalne rezultate svoje vladavine. Jer je svakim danom gra\u0111anima sve jasnije da su i jedni i drugi u prethodnom periodu pokazali apsolutnu nesposobnost da vode grad Ulcinj u smjeru progresa za sve njegove gra\u0111ane.<\/p>\n<p>Pokretanjem ovakvih inicijativa oni iznova poku\u0161avaju da dijele gra\u0111ane po nacionalnim osnovama, i da tako homogenizuju svoja bira\u010dka tijela, kako bi do kraja zavr\u0161ili svoje privatne poslove, a gra\u0111anima kako bude. A gra\u0111anima dobro biti ne\u0107e, dok god budu imali ovakve lakome i neodgovorne lidere.<\/p>\n<p>Naj\u010dudnije pona\u0161anje u ovom slu\u010daju je pona\u0161anje lokalnog DPS-a, jo\u0161 uvijek ne znam da li uz punu suglasnost, vrha te Partije. Njihov predstavnik u Komisiji se tako\u0111e zala\u017ee za brisanje ovog za mene, kao i mnoge Ulcinjane, bez obzira na nacionalnu pripadnost, najzna\u010dajnijeg datuma u istoriji ovog grada.<\/p>\n<p>Sve ovo je jo\u0161 \u010dudnije kada se zna da su svi \u010delni ljudi i DPS-a i SDP-a u prethodnih par mjeseci dobili antifa\u0161isti\u010dke medalje od Bora\u010dke organizacije, koje su dobro izreklamirali na medijima, i zbog toga su svi oni pojedina\u010dno pokazali veliko i nepodijeljeno zadovoljstvo.<\/p>\n<p>Naum da se 26. novembar, kao slavni datum istorije ovog kraja, bri\u0161e iz naziva glavne ulice u Ulcinju, mo\u017ee po ovim ostra\u0161\u0107enim pojedincima da zna\u010di da okupirano, vjerovatno, u datom trenutku treba i osloboditi. I na taj na\u010din, bez dileme, ugroziti integritet dr\u017eave Crne Gore, kojoj treba da bude lojalan svaki njen gra\u0111anin. Podsje\u0107am da su neki od njih u prethodnom periodu govorili ne samo da je njihova lojalnost neupitna, nego da su oni Crnoj Gori donijeli nezavisnost, to jest, presudno uticali da do toga i do\u0111e.<\/p>\n<p>Iskreno se nadam da ovo mogu biti naumi samo ostra\u0161\u0107enih i nesavjesnih pojedinaca, koji su se i borili za nezavisnost Crne Gore sa potpuno drugim ciljem od proklamovanog. Problem je, me\u0111utim, u tome, \u0161to oni pokrivaju zna\u010dajne pozicije u strukturama njihovih politi\u010dkih partija, pa samim tim njihov uticaj na narod nije zanemarljiv.<\/p>\n<p>Naime Dr Nail Draga je visoki funkcioner Force, nadam se ne i ideolog. Draga je biv\u0161i dugogodi\u0161nji direktor O\u0160 \u201eBedri Elezaga\u201c u Vladimiru, a sad je direktor JP Centar za kulturu, dok je Ljui\u0111 \u0160krelja, dugogodi\u0161nji i aktuelni poslanik DPS-a i, kako sam za sebe ka\u017ee, \u010dovjek od najve\u0107eg povjerenja Mila \u0110ukanovi\u0107a, li\u010dno.<\/p>\n<p>Smatram da oni sa pokretanjem ovakvih inicijativa ne rade za dobro Ulcinja i Crne Gore, i da koriste op\u0161tu nema\u0161tinu, za koju snose veliki dio krivice, kako bi nacionalnu manjinu u Crnoj Gori, kojoj i sami pripadaju, polako gurnuli prema nekim drugim vodama, nespojivim sa antifa\u0161isti\u010dkom vertikalom Crne Gore. A time nanose \u0161tetu svima. Jer, \u0161ta drugo kazati za one, koji rade sve \u0161to je u njihovoj mo\u0107i, da i glavna ulica u Ulcinju ne nosi ime 26. novembar, datum kad je 1880. godine Ulcinj preuzela crnogorska vojska iz ruku turskih osvaja\u010da, i ne manje va\u017eno, 26. novembar 1944. godine, kada su Ulcinj oslobodile jedinice NOP-a, od fa\u0161isti\u010dkog okupatora i njegovih pomaga\u010da. Podsje\u0107am da je Crna Gora te 1880. godine bila jedna od rijetkih me\u0111unarodno priznatih dr\u017eava u svijetu, a da je jedna od najzna\u010dajnijih tekovina NOB-a to \u0161to je Crna Gora povratila svoju dr\u017eavnost.<\/p>\n<p>Siguran sam da ne bi bilo nikako dobro da pomenute osobe uspiju da izbri\u0161u 26. novembar iz naziva ulice, jer bi u tom slu\u010daju ovaj svijetli datum na\u0161e istorije u Ulcinju ostao samo u na\u0161em sje\u0107anju.<\/p>\n<p>Ova ista gospoda su u\u010dinila da Ulcinj, kao jedna od rijetkih op\u0161tina u Crnoj Gori, ve\u0107 vi\u0161e godina ne slavi 26. novembar, dan oslobo\u0111enja od fa\u0161izma, kao dan op\u0161tine Ulcinj. Valjda osokoljeni time \u0161to im je to tada uspjelo, izgleda da su odlu\u010dili da ovaj datum definitivno zatru. No, ipak vjerujem da nije sve na njima.<\/p>\n<p>&nbsp;<\/p>\n<p style=\"text-align: center;\">IZJAVA ZA JAVNOST<br \/>\n<b>ANDRIJE \u0106ETKOVI\u0106A<\/b>, odbornika SNP u SO Ulcinj,<br \/>\ni predsjednika Op\u0161tinskog odbora SNP Ulcinj<br \/>\n(10.02.2013.g.)<\/p>\n","protected":false},"excerpt":{"rendered":"<p>Pojedini predstavnici Force i DPS-a u Komisiji za davanje imena ulica i trgova, koju je formirala SO Ulcinj, namjerni su da bri\u0161u antifa\u0161isti\u010dku istoriju Ulcinja. Za njih su 26. novembar 1880. i 26. novembar 1944. godine datumi crnogorske okupacije ovog podru\u010dja, a ne datumi slobode. Postavlja se pitanje za\u0161to to rade upravo sada?O\u010digledno zato \u0161to [&hellip;]<\/p>\n","protected":false},"author":1,"featured_media":0,"comment_status":"open","ping_status":"closed","sticky":false,"template":"","format":"standard","meta":{"spay_email":"","jetpack_publicize_message":"","jetpack_is_tweetstorm":false,"jetpack_publicize_feature_enabled":true},"categories":[6950],"tags":[14306,19],"jetpack_publicize_connections":[],"yoast_head":"<!-- This site is optimized with the Yoast SEO plugin v19.1 - https:\/\/yoast.com\/wordpress\/plugins\/seo\/ -->\n<title>Bri\u0161u antifa\u0161isti\u010dku istoriju Ulcinja - Lajme nga Ulqini<\/title>\n<meta name=\"description\" content=\"Pojedini predstavnici Force i DPS-a u Komisiji za davanje imena ulica i trgova, koju je formirala SO Ulcinj, namjerni su da bri\u0161u antifa\u0161isti\u010dku istoriju\" \/>\n<meta name=\"robots\" content=\"index, follow, max-snippet:-1, max-image-preview:large, max-video-preview:-1\" \/>\n<link rel=\"canonical\" href=\"https:\/\/www.visit-ulcinj.com\/blog\/2013\/02\/11\/brisu-antifasisticku-istoriju-ulcinja\/\" \/>\n<meta property=\"og:locale\" content=\"en_US\" \/>\n<meta property=\"og:type\" content=\"article\" \/>\n<meta property=\"og:title\" content=\"Bri\u0161u antifa\u0161isti\u010dku istoriju Ulcinja - Lajme nga Ulqini\" \/>\n<meta property=\"og:description\" content=\"Pojedini predstavnici Force i DPS-a u Komisiji za davanje imena ulica i trgova, koju je formirala SO Ulcinj, namjerni su da bri\u0161u antifa\u0161isti\u010dku istoriju\" \/>\n<meta property=\"og:url\" content=\"https:\/\/www.visit-ulcinj.com\/blog\/2013\/02\/11\/brisu-antifasisticku-istoriju-ulcinja\/\" \/>\n<meta property=\"og:site_name\" content=\"Lajme nga Ulqini\" \/>\n<meta property=\"article:published_time\" content=\"2013-02-11T18:06:31+00:00\" \/>\n<meta property=\"article:modified_time\" content=\"2013-02-11T18:07:39+00:00\" \/>\n<meta property=\"og:image\" content=\"http:\/\/www.visit-ulcinj.com\/blog\/wp-content\/uploads\/2013\/02\/Cetkovic-Andrija.jpg\" \/>\n<meta name=\"twitter:label1\" content=\"Written by\" \/>\n\t<meta name=\"twitter:data1\" content=\"ulqini\" \/>\n\t<meta name=\"twitter:label2\" content=\"Est. reading time\" \/>\n\t<meta name=\"twitter:data2\" content=\"4 minutes\" \/>\n<script type=\"application\/ld+json\" class=\"yoast-schema-graph\">{\"@context\":\"https:\/\/schema.org\",\"@graph\":[{\"@type\":\"WebSite\",\"@id\":\"https:\/\/www.visit-ulcinj.com\/blog\/#website\",\"url\":\"https:\/\/www.visit-ulcinj.com\/blog\/\",\"name\":\"Lajme nga Ulqini\",\"description\":\"Lajme,Vijesti,Ulqini,Ulqin,Crna Gora,Mali i Zi\",\"potentialAction\":[{\"@type\":\"SearchAction\",\"target\":{\"@type\":\"EntryPoint\",\"urlTemplate\":\"https:\/\/www.visit-ulcinj.com\/blog\/?s={search_term_string}\"},\"query-input\":\"required name=search_term_string\"}],\"inLanguage\":\"en-US\"},{\"@type\":\"ImageObject\",\"inLanguage\":\"en-US\",\"@id\":\"https:\/\/www.visit-ulcinj.com\/blog\/2013\/02\/11\/brisu-antifasisticku-istoriju-ulcinja\/#primaryimage\",\"url\":\"https:\/\/www.visit-ulcinj.com\/blog\/wp-content\/uploads\/2013\/02\/Cetkovic-Andrija.jpg\",\"contentUrl\":\"https:\/\/www.visit-ulcinj.com\/blog\/wp-content\/uploads\/2013\/02\/Cetkovic-Andrija.jpg\",\"width\":170,\"height\":245},{\"@type\":\"WebPage\",\"@id\":\"https:\/\/www.visit-ulcinj.com\/blog\/2013\/02\/11\/brisu-antifasisticku-istoriju-ulcinja\/#webpage\",\"url\":\"https:\/\/www.visit-ulcinj.com\/blog\/2013\/02\/11\/brisu-antifasisticku-istoriju-ulcinja\/\",\"name\":\"Bri\u0161u antifa\u0161isti\u010dku istoriju Ulcinja - Lajme nga Ulqini\",\"isPartOf\":{\"@id\":\"https:\/\/www.visit-ulcinj.com\/blog\/#website\"},\"primaryImageOfPage\":{\"@id\":\"https:\/\/www.visit-ulcinj.com\/blog\/2013\/02\/11\/brisu-antifasisticku-istoriju-ulcinja\/#primaryimage\"},\"datePublished\":\"2013-02-11T18:06:31+00:00\",\"dateModified\":\"2013-02-11T18:07:39+00:00\",\"author\":{\"@id\":\"https:\/\/www.visit-ulcinj.com\/blog\/#\/schema\/person\/dcab619c614d3038751c63bc2aadc06d\"},\"description\":\"Pojedini predstavnici Force i DPS-a u Komisiji za davanje imena ulica i trgova, koju je formirala SO Ulcinj, namjerni su da bri\u0161u antifa\u0161isti\u010dku istoriju\",\"breadcrumb\":{\"@id\":\"https:\/\/www.visit-ulcinj.com\/blog\/2013\/02\/11\/brisu-antifasisticku-istoriju-ulcinja\/#breadcrumb\"},\"inLanguage\":\"en-US\",\"potentialAction\":[{\"@type\":\"ReadAction\",\"target\":[\"https:\/\/www.visit-ulcinj.com\/blog\/2013\/02\/11\/brisu-antifasisticku-istoriju-ulcinja\/\"]}]},{\"@type\":\"BreadcrumbList\",\"@id\":\"https:\/\/www.visit-ulcinj.com\/blog\/2013\/02\/11\/brisu-antifasisticku-istoriju-ulcinja\/#breadcrumb\",\"itemListElement\":[{\"@type\":\"ListItem\",\"position\":1,\"name\":\"Bri\u0161u antifa\u0161isti\u010dku istoriju Ulcinja\"}]},{\"@type\":\"Person\",\"@id\":\"https:\/\/www.visit-ulcinj.com\/blog\/#\/schema\/person\/dcab619c614d3038751c63bc2aadc06d\",\"name\":\"ulqini\",\"sameAs\":[\"http:\/\/www.visit-ulcinj.com\"],\"url\":\"https:\/\/www.visit-ulcinj.com\/blog\/author\/admin\/\"}]}<\/script>\n<!-- \/ Yoast SEO plugin. -->","yoast_head_json":{"title":"Bri\u0161u antifa\u0161isti\u010dku istoriju Ulcinja - Lajme nga Ulqini","description":"Pojedini predstavnici Force i DPS-a u Komisiji za davanje imena ulica i trgova, koju je formirala SO Ulcinj, namjerni su da bri\u0161u antifa\u0161isti\u010dku istoriju","robots":{"index":"index","follow":"follow","max-snippet":"max-snippet:-1","max-image-preview":"max-image-preview:large","max-video-preview":"max-video-preview:-1"},"canonical":"https:\/\/www.visit-ulcinj.com\/blog\/2013\/02\/11\/brisu-antifasisticku-istoriju-ulcinja\/","og_locale":"en_US","og_type":"article","og_title":"Bri\u0161u antifa\u0161isti\u010dku istoriju Ulcinja - Lajme nga Ulqini","og_description":"Pojedini predstavnici Force i DPS-a u Komisiji za davanje imena ulica i trgova, koju je formirala SO Ulcinj, namjerni su da bri\u0161u antifa\u0161isti\u010dku istoriju","og_url":"https:\/\/www.visit-ulcinj.com\/blog\/2013\/02\/11\/brisu-antifasisticku-istoriju-ulcinja\/","og_site_name":"Lajme nga Ulqini","article_published_time":"2013-02-11T18:06:31+00:00","article_modified_time":"2013-02-11T18:07:39+00:00","og_image":[{"url":"http:\/\/www.visit-ulcinj.com\/blog\/wp-content\/uploads\/2013\/02\/Cetkovic-Andrija.jpg"}],"twitter_misc":{"Written by":"ulqini","Est. reading time":"4 minutes"},"schema":{"@context":"https:\/\/schema.org","@graph":[{"@type":"WebSite","@id":"https:\/\/www.visit-ulcinj.com\/blog\/#website","url":"https:\/\/www.visit-ulcinj.com\/blog\/","name":"Lajme nga Ulqini","description":"Lajme,Vijesti,Ulqini,Ulqin,Crna Gora,Mali i Zi","potentialAction":[{"@type":"SearchAction","target":{"@type":"EntryPoint","urlTemplate":"https:\/\/www.visit-ulcinj.com\/blog\/?s={search_term_string}"},"query-input":"required name=search_term_string"}],"inLanguage":"en-US"},{"@type":"ImageObject","inLanguage":"en-US","@id":"https:\/\/www.visit-ulcinj.com\/blog\/2013\/02\/11\/brisu-antifasisticku-istoriju-ulcinja\/#primaryimage","url":"https:\/\/www.visit-ulcinj.com\/blog\/wp-content\/uploads\/2013\/02\/Cetkovic-Andrija.jpg","contentUrl":"https:\/\/www.visit-ulcinj.com\/blog\/wp-content\/uploads\/2013\/02\/Cetkovic-Andrija.jpg","width":170,"height":245},{"@type":"WebPage","@id":"https:\/\/www.visit-ulcinj.com\/blog\/2013\/02\/11\/brisu-antifasisticku-istoriju-ulcinja\/#webpage","url":"https:\/\/www.visit-ulcinj.com\/blog\/2013\/02\/11\/brisu-antifasisticku-istoriju-ulcinja\/","name":"Bri\u0161u antifa\u0161isti\u010dku istoriju Ulcinja - Lajme nga Ulqini","isPartOf":{"@id":"https:\/\/www.visit-ulcinj.com\/blog\/#website"},"primaryImageOfPage":{"@id":"https:\/\/www.visit-ulcinj.com\/blog\/2013\/02\/11\/brisu-antifasisticku-istoriju-ulcinja\/#primaryimage"},"datePublished":"2013-02-11T18:06:31+00:00","dateModified":"2013-02-11T18:07:39+00:00","author":{"@id":"https:\/\/www.visit-ulcinj.com\/blog\/#\/schema\/person\/dcab619c614d3038751c63bc2aadc06d"},"description":"Pojedini predstavnici Force i DPS-a u Komisiji za davanje imena ulica i trgova, koju je formirala SO Ulcinj, namjerni su da bri\u0161u antifa\u0161isti\u010dku istoriju","breadcrumb":{"@id":"https:\/\/www.visit-ulcinj.com\/blog\/2013\/02\/11\/brisu-antifasisticku-istoriju-ulcinja\/#breadcrumb"},"inLanguage":"en-US","potentialAction":[{"@type":"ReadAction","target":["https:\/\/www.visit-ulcinj.com\/blog\/2013\/02\/11\/brisu-antifasisticku-istoriju-ulcinja\/"]}]},{"@type":"BreadcrumbList","@id":"https:\/\/www.visit-ulcinj.com\/blog\/2013\/02\/11\/brisu-antifasisticku-istoriju-ulcinja\/#breadcrumb","itemListElement":[{"@type":"ListItem","position":1,"name":"Bri\u0161u antifa\u0161isti\u010dku istoriju Ulcinja"}]},{"@type":"Person","@id":"https:\/\/www.visit-ulcinj.com\/blog\/#\/schema\/person\/dcab619c614d3038751c63bc2aadc06d","name":"ulqini","sameAs":["http:\/\/www.visit-ulcinj.com"],"url":"https:\/\/www.visit-ulcinj.com\/blog\/author\/admin\/"}]}},"jetpack_featured_media_url":"","jetpack_sharing_enabled":true,"jetpack_shortlink":"https:\/\/wp.me\/pe6lTn-hQB","_links":{"self":[{"href":"https:\/\/www.visit-ulcinj.com\/blog\/wp-json\/wp\/v2\/posts\/68609"}],"collection":[{"href":"https:\/\/www.visit-ulcinj.com\/blog\/wp-json\/wp\/v2\/posts"}],"about":[{"href":"https:\/\/www.visit-ulcinj.com\/blog\/wp-json\/wp\/v2\/types\/post"}],"author":[{"embeddable":true,"href":"https:\/\/www.visit-ulcinj.com\/blog\/wp-json\/wp\/v2\/users\/1"}],"replies":[{"embeddable":true,"href":"https:\/\/www.visit-ulcinj.com\/blog\/wp-json\/wp\/v2\/comments?post=68609"}],"version-history":[{"count":2,"href":"https:\/\/www.visit-ulcinj.com\/blog\/wp-json\/wp\/v2\/posts\/68609\/revisions"}],"predecessor-version":[{"id":68612,"href":"https:\/\/www.visit-ulcinj.com\/blog\/wp-json\/wp\/v2\/posts\/68609\/revisions\/68612"}],"wp:attachment":[{"href":"https:\/\/www.visit-ulcinj.com\/blog\/wp-json\/wp\/v2\/media?parent=68609"}],"wp:term":[{"taxonomy":"category","embeddable":true,"href":"https:\/\/www.visit-ulcinj.com\/blog\/wp-json\/wp\/v2\/categories?post=68609"},{"taxonomy":"post_tag","embeddable":true,"href":"https:\/\/www.visit-ulcinj.com\/blog\/wp-json\/wp\/v2\/tags?post=68609"}],"curies":[{"name":"wp","href":"https:\/\/api.w.org\/{rel}","templated":true}]}}