{"id":6861,"date":"2008-12-05T18:07:54","date_gmt":"2008-12-05T17:07:54","guid":{"rendered":"http:\/\/www.visit-ulcinj.com\/blog\/?p=6861"},"modified":"2008-12-05T18:07:54","modified_gmt":"2008-12-05T17:07:54","slug":"fuad-nimani-primio-drzavnog-ministra-republike-turske-mustafu-said-yaziciglua","status":"publish","type":"post","link":"https:\/\/www.visit-ulcinj.com\/blog\/2008\/12\/05\/fuad-nimani-primio-drzavnog-ministra-republike-turske-mustafu-said-yaziciglua\/","title":{"rendered":"Fuad Nimani primio dr\u017eavnog ministra Republike Turske Mustafu Said Yaziciglua"},"content":{"rendered":"<p><a href=\"http:\/\/www.visit-ulcinj.com\/blog\/wp-content\/uploads\/2008\/12\/fuad-nimani_mustafu-said-yaziciglua.jpg\"><img loading=\"lazy\" class=\"alignleft size-medium wp-image-6862\" title=\"fuad-nimani_mustafu-said-yaziciglua\" src=\"http:\/\/www.visit-ulcinj.com\/blog\/wp-content\/uploads\/2008\/12\/fuad-nimani_mustafu-said-yaziciglua-300x214.jpg\" alt=\"\" width=\"330\" height=\"236\" srcset=\"https:\/\/www.visit-ulcinj.com\/blog\/wp-content\/uploads\/2008\/12\/fuad-nimani_mustafu-said-yaziciglua-300x214.jpg 300w, https:\/\/www.visit-ulcinj.com\/blog\/wp-content\/uploads\/2008\/12\/fuad-nimani_mustafu-said-yaziciglua.jpg 640w\" sizes=\"(max-width: 330px) 100vw, 330px\" \/><\/a>Ministar za za\u0161titu ljudskih i manjinskih prava Fuad Nimani primio je danas dr\u017eavnog ministra Republike Turske Mustafu Said Yaziciglua sa saradnicima.<br \/>\nU razgovoru su nagla\u0161eni rezultati koje je Crna Gora ostvarila na planu za\u0161tite ljudskih i manjinskih prava. Ministar Nimani je upoznao goste sa projektima koje je Ministarstvo realizovalo u prethodnom periodu, a koji se odnose na formiranje i ulogu nacionalnih savjeta, konstitusanje Fonda za manjine, implementaciju Strategije za RAE populaciju, formiranje Centra za o?uvanje i unapre?enje kulture manjina itd.<br \/>\nTokom susreta izra\u017eeno je zadovoljstvo zbog dobrih odnosa izme?u Crne Gore i Turske u mnogim sferama, \u0161to je potkrijepljeno turskim investicijama u mnogim krajevima Crne Gore, bez obzira na nacionalnu strukturu tih regija.<br \/>\nGosti su istakli da postojanje Ministarstva za za\u0161titu ljudskih i manjinskih prava daje dobar signal da je Crna Gora posve?ena unapre?enju ljudskih i manjinskih prava, i da te ?injenice ukazuju na dobar put Crne Gore prema evroatlanskim integracijama.<\/p>\n<p><strong>Izvor \/ Vlada Republike Crne Gore<\/strong><\/p>\n","protected":false},"excerpt":{"rendered":"<p>Ministar za za\u0161titu ljudskih i manjinskih prava Fuad Nimani primio je danas dr\u017eavnog ministra Republike Turske Mustafu Said Yaziciglua sa saradnicima. U razgovoru su nagla\u0161eni rezultati koje je Crna Gora ostvarila na planu za\u0161tite ljudskih i manjinskih prava. Ministar Nimani je upoznao goste sa projektima koje je Ministarstvo realizovalo u prethodnom periodu, a koji se [&hellip;]<\/p>\n","protected":false},"author":1,"featured_media":0,"comment_status":"open","ping_status":"closed","sticky":false,"template":"","format":"standard","meta":{"spay_email":"","jetpack_publicize_message":"","jetpack_is_tweetstorm":false,"jetpack_publicize_feature_enabled":true},"categories":[1],"tags":[106,5160,434],"jetpack_publicize_connections":[],"yoast_head":"<!-- This site is optimized with the Yoast SEO plugin v19.1 - https:\/\/yoast.com\/wordpress\/plugins\/seo\/ -->\n<title>Fuad Nimani primio dr\u017eavnog ministra Republike Turske Mustafu Said Yaziciglua - Lajme nga Ulqini<\/title>\n<meta name=\"description\" content=\"Ministar za za\u0161titu ljudskih i manjinskih prava Fuad Nimani primio je danas dr\u017eavnog ministra Republike Turske Mustafu Said Yaziciglua sa saradnicima. U\" \/>\n<meta name=\"robots\" content=\"index, follow, max-snippet:-1, max-image-preview:large, max-video-preview:-1\" \/>\n<link rel=\"canonical\" href=\"https:\/\/www.visit-ulcinj.com\/blog\/2008\/12\/05\/fuad-nimani-primio-drzavnog-ministra-republike-turske-mustafu-said-yaziciglua\/\" \/>\n<meta property=\"og:locale\" content=\"en_US\" \/>\n<meta property=\"og:type\" content=\"article\" \/>\n<meta property=\"og:title\" content=\"Fuad Nimani primio dr\u017eavnog ministra Republike Turske Mustafu Said Yaziciglua - Lajme nga Ulqini\" \/>\n<meta property=\"og:description\" content=\"Ministar za za\u0161titu ljudskih i manjinskih prava Fuad Nimani primio je danas dr\u017eavnog ministra Republike Turske Mustafu Said Yaziciglua sa saradnicima. U\" \/>\n<meta property=\"og:url\" content=\"https:\/\/www.visit-ulcinj.com\/blog\/2008\/12\/05\/fuad-nimani-primio-drzavnog-ministra-republike-turske-mustafu-said-yaziciglua\/\" \/>\n<meta property=\"og:site_name\" content=\"Lajme nga Ulqini\" \/>\n<meta property=\"article:published_time\" content=\"2008-12-05T17:07:54+00:00\" \/>\n<meta property=\"og:image\" content=\"http:\/\/www.visit-ulcinj.com\/blog\/wp-content\/uploads\/2008\/12\/fuad-nimani_mustafu-said-yaziciglua-300x214.jpg\" \/>\n<meta name=\"twitter:label1\" content=\"Written by\" \/>\n\t<meta name=\"twitter:data1\" content=\"ulqini\" \/>\n\t<meta name=\"twitter:label2\" content=\"Est. reading time\" \/>\n\t<meta name=\"twitter:data2\" content=\"1 minute\" \/>\n<script type=\"application\/ld+json\" class=\"yoast-schema-graph\">{\"@context\":\"https:\/\/schema.org\",\"@graph\":[{\"@type\":\"WebSite\",\"@id\":\"https:\/\/www.visit-ulcinj.com\/blog\/#website\",\"url\":\"https:\/\/www.visit-ulcinj.com\/blog\/\",\"name\":\"Lajme nga Ulqini\",\"description\":\"Lajme,Vijesti,Ulqini,Ulqin,Crna Gora,Mali i Zi\",\"potentialAction\":[{\"@type\":\"SearchAction\",\"target\":{\"@type\":\"EntryPoint\",\"urlTemplate\":\"https:\/\/www.visit-ulcinj.com\/blog\/?s={search_term_string}\"},\"query-input\":\"required name=search_term_string\"}],\"inLanguage\":\"en-US\"},{\"@type\":\"ImageObject\",\"inLanguage\":\"en-US\",\"@id\":\"https:\/\/www.visit-ulcinj.com\/blog\/2008\/12\/05\/fuad-nimani-primio-drzavnog-ministra-republike-turske-mustafu-said-yaziciglua\/#primaryimage\",\"url\":\"http:\/\/www.visit-ulcinj.com\/blog\/wp-content\/uploads\/2008\/12\/fuad-nimani_mustafu-said-yaziciglua-300x214.jpg\",\"contentUrl\":\"http:\/\/www.visit-ulcinj.com\/blog\/wp-content\/uploads\/2008\/12\/fuad-nimani_mustafu-said-yaziciglua-300x214.jpg\"},{\"@type\":\"WebPage\",\"@id\":\"https:\/\/www.visit-ulcinj.com\/blog\/2008\/12\/05\/fuad-nimani-primio-drzavnog-ministra-republike-turske-mustafu-said-yaziciglua\/#webpage\",\"url\":\"https:\/\/www.visit-ulcinj.com\/blog\/2008\/12\/05\/fuad-nimani-primio-drzavnog-ministra-republike-turske-mustafu-said-yaziciglua\/\",\"name\":\"Fuad Nimani primio dr\u017eavnog ministra Republike Turske Mustafu Said Yaziciglua - Lajme nga Ulqini\",\"isPartOf\":{\"@id\":\"https:\/\/www.visit-ulcinj.com\/blog\/#website\"},\"primaryImageOfPage\":{\"@id\":\"https:\/\/www.visit-ulcinj.com\/blog\/2008\/12\/05\/fuad-nimani-primio-drzavnog-ministra-republike-turske-mustafu-said-yaziciglua\/#primaryimage\"},\"datePublished\":\"2008-12-05T17:07:54+00:00\",\"dateModified\":\"2008-12-05T17:07:54+00:00\",\"author\":{\"@id\":\"https:\/\/www.visit-ulcinj.com\/blog\/#\/schema\/person\/dcab619c614d3038751c63bc2aadc06d\"},\"description\":\"Ministar za za\u0161titu ljudskih i manjinskih prava Fuad Nimani primio je danas dr\u017eavnog ministra Republike Turske Mustafu Said Yaziciglua sa saradnicima. U\",\"breadcrumb\":{\"@id\":\"https:\/\/www.visit-ulcinj.com\/blog\/2008\/12\/05\/fuad-nimani-primio-drzavnog-ministra-republike-turske-mustafu-said-yaziciglua\/#breadcrumb\"},\"inLanguage\":\"en-US\",\"potentialAction\":[{\"@type\":\"ReadAction\",\"target\":[\"https:\/\/www.visit-ulcinj.com\/blog\/2008\/12\/05\/fuad-nimani-primio-drzavnog-ministra-republike-turske-mustafu-said-yaziciglua\/\"]}]},{\"@type\":\"BreadcrumbList\",\"@id\":\"https:\/\/www.visit-ulcinj.com\/blog\/2008\/12\/05\/fuad-nimani-primio-drzavnog-ministra-republike-turske-mustafu-said-yaziciglua\/#breadcrumb\",\"itemListElement\":[{\"@type\":\"ListItem\",\"position\":1,\"name\":\"Fuad Nimani primio dr\u017eavnog ministra Republike Turske Mustafu Said Yaziciglua\"}]},{\"@type\":\"Person\",\"@id\":\"https:\/\/www.visit-ulcinj.com\/blog\/#\/schema\/person\/dcab619c614d3038751c63bc2aadc06d\",\"name\":\"ulqini\",\"sameAs\":[\"http:\/\/www.visit-ulcinj.com\"],\"url\":\"https:\/\/www.visit-ulcinj.com\/blog\/author\/admin\/\"}]}<\/script>\n<!-- \/ Yoast SEO plugin. -->","yoast_head_json":{"title":"Fuad Nimani primio dr\u017eavnog ministra Republike Turske Mustafu Said Yaziciglua - Lajme nga Ulqini","description":"Ministar za za\u0161titu ljudskih i manjinskih prava Fuad Nimani primio je danas dr\u017eavnog ministra Republike Turske Mustafu Said Yaziciglua sa saradnicima. U","robots":{"index":"index","follow":"follow","max-snippet":"max-snippet:-1","max-image-preview":"max-image-preview:large","max-video-preview":"max-video-preview:-1"},"canonical":"https:\/\/www.visit-ulcinj.com\/blog\/2008\/12\/05\/fuad-nimani-primio-drzavnog-ministra-republike-turske-mustafu-said-yaziciglua\/","og_locale":"en_US","og_type":"article","og_title":"Fuad Nimani primio dr\u017eavnog ministra Republike Turske Mustafu Said Yaziciglua - Lajme nga Ulqini","og_description":"Ministar za za\u0161titu ljudskih i manjinskih prava Fuad Nimani primio je danas dr\u017eavnog ministra Republike Turske Mustafu Said Yaziciglua sa saradnicima. U","og_url":"https:\/\/www.visit-ulcinj.com\/blog\/2008\/12\/05\/fuad-nimani-primio-drzavnog-ministra-republike-turske-mustafu-said-yaziciglua\/","og_site_name":"Lajme nga Ulqini","article_published_time":"2008-12-05T17:07:54+00:00","og_image":[{"url":"http:\/\/www.visit-ulcinj.com\/blog\/wp-content\/uploads\/2008\/12\/fuad-nimani_mustafu-said-yaziciglua-300x214.jpg"}],"twitter_misc":{"Written by":"ulqini","Est. reading time":"1 minute"},"schema":{"@context":"https:\/\/schema.org","@graph":[{"@type":"WebSite","@id":"https:\/\/www.visit-ulcinj.com\/blog\/#website","url":"https:\/\/www.visit-ulcinj.com\/blog\/","name":"Lajme nga Ulqini","description":"Lajme,Vijesti,Ulqini,Ulqin,Crna Gora,Mali i Zi","potentialAction":[{"@type":"SearchAction","target":{"@type":"EntryPoint","urlTemplate":"https:\/\/www.visit-ulcinj.com\/blog\/?s={search_term_string}"},"query-input":"required name=search_term_string"}],"inLanguage":"en-US"},{"@type":"ImageObject","inLanguage":"en-US","@id":"https:\/\/www.visit-ulcinj.com\/blog\/2008\/12\/05\/fuad-nimani-primio-drzavnog-ministra-republike-turske-mustafu-said-yaziciglua\/#primaryimage","url":"http:\/\/www.visit-ulcinj.com\/blog\/wp-content\/uploads\/2008\/12\/fuad-nimani_mustafu-said-yaziciglua-300x214.jpg","contentUrl":"http:\/\/www.visit-ulcinj.com\/blog\/wp-content\/uploads\/2008\/12\/fuad-nimani_mustafu-said-yaziciglua-300x214.jpg"},{"@type":"WebPage","@id":"https:\/\/www.visit-ulcinj.com\/blog\/2008\/12\/05\/fuad-nimani-primio-drzavnog-ministra-republike-turske-mustafu-said-yaziciglua\/#webpage","url":"https:\/\/www.visit-ulcinj.com\/blog\/2008\/12\/05\/fuad-nimani-primio-drzavnog-ministra-republike-turske-mustafu-said-yaziciglua\/","name":"Fuad Nimani primio dr\u017eavnog ministra Republike Turske Mustafu Said Yaziciglua - Lajme nga Ulqini","isPartOf":{"@id":"https:\/\/www.visit-ulcinj.com\/blog\/#website"},"primaryImageOfPage":{"@id":"https:\/\/www.visit-ulcinj.com\/blog\/2008\/12\/05\/fuad-nimani-primio-drzavnog-ministra-republike-turske-mustafu-said-yaziciglua\/#primaryimage"},"datePublished":"2008-12-05T17:07:54+00:00","dateModified":"2008-12-05T17:07:54+00:00","author":{"@id":"https:\/\/www.visit-ulcinj.com\/blog\/#\/schema\/person\/dcab619c614d3038751c63bc2aadc06d"},"description":"Ministar za za\u0161titu ljudskih i manjinskih prava Fuad Nimani primio je danas dr\u017eavnog ministra Republike Turske Mustafu Said Yaziciglua sa saradnicima. U","breadcrumb":{"@id":"https:\/\/www.visit-ulcinj.com\/blog\/2008\/12\/05\/fuad-nimani-primio-drzavnog-ministra-republike-turske-mustafu-said-yaziciglua\/#breadcrumb"},"inLanguage":"en-US","potentialAction":[{"@type":"ReadAction","target":["https:\/\/www.visit-ulcinj.com\/blog\/2008\/12\/05\/fuad-nimani-primio-drzavnog-ministra-republike-turske-mustafu-said-yaziciglua\/"]}]},{"@type":"BreadcrumbList","@id":"https:\/\/www.visit-ulcinj.com\/blog\/2008\/12\/05\/fuad-nimani-primio-drzavnog-ministra-republike-turske-mustafu-said-yaziciglua\/#breadcrumb","itemListElement":[{"@type":"ListItem","position":1,"name":"Fuad Nimani primio dr\u017eavnog ministra Republike Turske Mustafu Said Yaziciglua"}]},{"@type":"Person","@id":"https:\/\/www.visit-ulcinj.com\/blog\/#\/schema\/person\/dcab619c614d3038751c63bc2aadc06d","name":"ulqini","sameAs":["http:\/\/www.visit-ulcinj.com"],"url":"https:\/\/www.visit-ulcinj.com\/blog\/author\/admin\/"}]}},"jetpack_featured_media_url":"","jetpack_sharing_enabled":true,"jetpack_shortlink":"https:\/\/wp.me\/pe6lTn-1MF","_links":{"self":[{"href":"https:\/\/www.visit-ulcinj.com\/blog\/wp-json\/wp\/v2\/posts\/6861"}],"collection":[{"href":"https:\/\/www.visit-ulcinj.com\/blog\/wp-json\/wp\/v2\/posts"}],"about":[{"href":"https:\/\/www.visit-ulcinj.com\/blog\/wp-json\/wp\/v2\/types\/post"}],"author":[{"embeddable":true,"href":"https:\/\/www.visit-ulcinj.com\/blog\/wp-json\/wp\/v2\/users\/1"}],"replies":[{"embeddable":true,"href":"https:\/\/www.visit-ulcinj.com\/blog\/wp-json\/wp\/v2\/comments?post=6861"}],"version-history":[{"count":0,"href":"https:\/\/www.visit-ulcinj.com\/blog\/wp-json\/wp\/v2\/posts\/6861\/revisions"}],"wp:attachment":[{"href":"https:\/\/www.visit-ulcinj.com\/blog\/wp-json\/wp\/v2\/media?parent=6861"}],"wp:term":[{"taxonomy":"category","embeddable":true,"href":"https:\/\/www.visit-ulcinj.com\/blog\/wp-json\/wp\/v2\/categories?post=6861"},{"taxonomy":"post_tag","embeddable":true,"href":"https:\/\/www.visit-ulcinj.com\/blog\/wp-json\/wp\/v2\/tags?post=6861"}],"curies":[{"name":"wp","href":"https:\/\/api.w.org\/{rel}","templated":true}]}}