{"id":68618,"date":"2013-02-11T20:01:11","date_gmt":"2013-02-11T19:01:11","guid":{"rendered":"http:\/\/www.visit-ulcinj.com\/blog\/?p=68618"},"modified":"2013-02-11T20:01:44","modified_gmt":"2013-02-11T19:01:44","slug":"canka-iznevjerena-ocekivanja-albanaca","status":"publish","type":"post","link":"https:\/\/www.visit-ulcinj.com\/blog\/2013\/02\/11\/canka-iznevjerena-ocekivanja-albanaca\/","title":{"rendered":"Canka: Iznevjerena o\u010dekivanja Albanaca"},"content":{"rendered":"<p><a href=\"http:\/\/www.visit-ulcinj.com\/blog\/wp-content\/uploads\/2013\/02\/Shumica-e-re-ne-Kuvendin-e-Komunes-se-Ulqinit_Nazif-CunguFatmir-GjekaSkender-ElezagaAmir-HolliKoalicioni-ne-Ulqin.jpg\"><img loading=\"lazy\" class=\"alignleft  wp-image-68619\" alt=\"Shumica-e-re-ne-Kuvendin-e-Komunes-se-Ulqinit_Nazif-CunguFatmir-GjekaSkender-ElezagaAmir-HolliKoalicioni-ne-Ulqin\" src=\"http:\/\/www.visit-ulcinj.com\/blog\/wp-content\/uploads\/2013\/02\/Shumica-e-re-ne-Kuvendin-e-Komunes-se-Ulqinit_Nazif-CunguFatmir-GjekaSkender-ElezagaAmir-HolliKoalicioni-ne-Ulqin.jpg\" width=\"508\" height=\"360\" \/><\/a>\u010celnicima vode\u0107ih albanskih stranaka, Nove demokratske snage FORCA Nazifu Cungu i Demokratske partije (DP) Fatmiru \u0110eki, obe\u0107anja Demokratske partije socijalista i njezinog lidera Mila \u0110ukanovi\u0107a dovoljna su garancija. Jer, DPS je obe\u0107ao a, kao \u0161to je op\u0161tepoznato, u ta se obe\u0107anja mo\u017ee pouzdati, da \u0107e referenduma o statusu op\u0161tine Malesija s mjesnim centrom Tuzi, svakako biti. Iako niko sa sigurno\u0161\u0107u ne zna kada \u0107e se to desiti, oni procjenjuju da to nije ni previ\u0161e va\u017eno. Ko jo\u0161 pamti \u0161to je sve od 1997. do 2006. godine, neposredno pred referendum, izdogovarano i potpisano o statusu i nacionalnim pravima Albanaca, a nije ispo\u0161tovano.<\/p>\n<p><a href=\"http:\/\/www.visit-ulcinj.com\/blog\/wp-content\/uploads\/2013\/02\/Mehmet-Bardhi_Kryetari-dhe-deputeti-i-LDn\u00ebMZ.jpg\"><img loading=\"lazy\" class=\"alignleft  wp-image-68620\" alt=\"Mehmet-Bardhi_Kryetari-dhe-deputeti-i-LDn\u00ebMZ\" src=\"http:\/\/www.visit-ulcinj.com\/blog\/wp-content\/uploads\/2013\/02\/Mehmet-Bardhi_Kryetari-dhe-deputeti-i-LDn\u00ebMZ.jpg\" width=\"300\" height=\"250\" \/><\/a>Zato su, kako tvrdi u izjavi za Monitor najdugovje\u010dniji albanski postkomunisti\u010dki politi\u010dar u Crnoj Gori i predsjednik Demokratskog saveza Mehmet Bardhi, prava Albanaca u ovoj dr\u017eavi danas gora nego ikada ranije. \u201eDijelom, odgovornost za to snose sami Albanci, odnosno lideri nacionalnih stranaka koji su bez busole i ikakvih kriterijuma potr\u010dali i tr\u010de da na\u0111u mjesto u skutima vlasti&#8221;, smatra on. Bardhi tu svakako ne misli samo na svog koalicionog partnera \u0110eku, ve\u0107 i na FORCU, koja je na prethodnim izborima procentualno osvojila najve\u0107i broj glasova Albanaca. Iako su njezini \u010delnici isticali da ne\u0107e voditi servilnu politiku prema centralnoj vlasti za koju su godinama \u017eestoko optu\u017eivali Demokratsku uniju Albanaca, to je obe\u0107anje iznevjereno samo par sedmica kasnije. Zabrinuti da bi u novoj kombinatorici mogao biti ugro\u017een njihov posjed, odnosno lokalna vlast u Ulcinju, oni su pristali da prakti\u010dno bez ikakvih uslova podr\u017ee novu \u0110ukanovi\u0107evu vladu. Nezvani\u010dno se navodi da \u0107e njihovi kadrovi biti zastupljeni tek u Ministarstvu obrazovanja, Sekretarijatu za kapitalne investicije i u Agenciji za upravljanje morskim dobrom. \u0160to je jo\u0161 paradoksalnije, u Sporazumu koji su neposredno nakon izbora potpisali s DPS-om, obavezali su se da \u0107e podr\u017eati i njezinog kandidata za predsjednika Crne Gore. Od DPS-a o\u010dekuju tek da ispuni jo\u0161 neka svoja obe\u0107anja koja bi se trebala definisati naknadno aneksom tog sporazuma. Istovremeno, vra\u0107anjem u op\u0161tinsku upravu u Ulcinju biv\u0161ih funkcionera lokalne vlasti lagano otvaraju prostor da i DPS postane dio vladaju\u0107e koalicije koju trenutno \u010dine FORCA, DP, SDP i Gra\u0111anski pokret Perspektiva.<\/p>\n<p>Takva politika, pomije\u0161ana s izuzetno slabim rezultatima u vo\u0111enju lokalne samouprave u proteklih 16 mjeseci, dovela je do velikog razo\u010darenja njihovih glasa\u010da i gra\u0111ana Ulcinja, jer su obe\u0107anja i o\u010dekivanja bila zaista velika. Zato informacije s terena govore da znatan dio njihovog bira\u010dkog tijela ne\u0107e poslu\u0161ati svoje lidere i 7. aprila podr\u017eati predsjedni\u010dkog kandidata DPS-a Filipa Vujanovi\u0107a. Tim prije, \u0161to nema nikakvih zna\u010dajnijih pomaka u rje\u0161avanju povra\u0107aja imovine u uvali Valdanos, kao ni statusa op\u0161tine Tuzi.<\/p>\n<p><a href=\"http:\/\/www.visit-ulcinj.com\/blog\/wp-content\/uploads\/2013\/02\/sinistaj.jpg\"><img loading=\"lazy\" class=\"alignleft  wp-image-68621\" alt=\"sinistaj\" src=\"http:\/\/www.visit-ulcinj.com\/blog\/wp-content\/uploads\/2013\/02\/sinistaj.jpg\" width=\"350\" height=\"270\" \/><\/a>U te\u0161koj poziciji sada je lider Gra\u0111anske inicijative Vaselj Sini\u0161taj, koji je na posljednjim izborima u\u010destvovao na poslani\u010dkoj listi Force za jedinstvo, a koja je od albanskih stranaka i koalicija imala proporcionalno najvi\u0161e glasova u Malesiji. Sini\u0161taj, nezadovoljan politikom koju nakon izbora vodi njegov koalicioni partner, odbio je da se on ili \u010dlanovi njegove grupacije na\u0111u u bilo kojoj funkciji u izvr\u0161noj vlasti. Sada smatra da je kucnuo \u010das da se DPS primora da u zamjenu za podr\u0161ku Vujanovi\u0107u na izborima odredi ta\u010dan datum referenduma za samostalnu op\u0161tinu. \u010cini se da te spremnosti u DPS-u iz nekoliko razloga nema, iako su ga u srijedu Svetozar Marovi\u0107 i njegovi saradnici poku\u0161avali uvjeriti u suprotno. Najprije, jasno je da se bez glasova iz Malesije vladaju\u0107a stranka te\u0161ko mo\u017ee nadati pobjedi na op\u0161tinskim izborima u Podgorici naredne godine. A to je za DPS izuzetno veliki ulog da bi pristala na ucjene Sini\u0161taja ili \u010delnika Albanske alternative \u0110er\u0111a Camaja, partnera \u0110ekine DP. Uostalom, lider DPS-a u Malesiji Nikola Gegaj prvih dana januara jasno je saop\u0161tio da \u0107e \u201ekonsultativni referendum o punopravnom statusu op\u0161tine Tuzi biti odr\u017ean tokom 2014. godine&#8221;. Stoga ne \u010dudi \u0161to politi\u010dki direktor \u0110ukanovi\u0107evih i Marovi\u0107evih socijalista Tarzan Milo\u0161evi\u0107 govori o proceduri koju je nu\u017eno ispuniti kako bi Tuzi postali op\u0161tina, a koja bi, kada bi sve i\u0161lo po loju u ovom slu\u010daju trajala barem jo\u0161 \u010detiri mjeseca. Za politiku \u017ertvovanja Malesije Podgorici \u0110ukanovi\u0107 je, ina\u010de, uvijek imao pre\u0107utnu podr\u0161ku zvani\u010dne Tirane i Pri\u0161tine. No, Sini\u0161taju se veoma \u017euri, jer zna da vrijeme toj ideji ne ide u prilog. U pravu je svakako i \u0110eka koji tvrdi da bez podr\u0161ke glasa\u010da DPS-a referendum u Malesiji ne mo\u017ee uspjeti. Kao \u0161to DPS sada mo\u017ee da formira vlast u Ulcinju s kim god to po\u017eeli. To je upravo ona pozicija koja vladaju\u0107oj partiji omogu\u0107ava le\u017eeran, marovi\u0107evski odnos prema svojim novim koalicionim partnerima. Liderima albanskih politi\u010dkih stranaka i koalicija u crnogorskom parlamentu preostalo je samo da koketiraju sa zvani\u010dnicima u Podgorici za mrvice vlasti ili da budu opozicija. \u201eIzjave na\u0161ih poslanika poni\u017eavaju\u0107e su za albanske glasa\u010de. Nakon decenije i po Albanci vi\u0161e nemaju nijedno ministarsko mjesto u Vladi Crne Gore. I taj nedostatak se osje\u0107a u kulturi, obrazovanju, turizmu, ekonomiji, unutra\u0161njim i spoljnim poslovima, poljoprivredi, a posebno u resoru manjinske politike&#8221;, ka\u017ee za na\u0161 nedjeljnik novinar i publicista Ibrahim Berja\u0161i. On smatra da bi Nacionalni savjet Albanaca trebalo da okupi sve politi\u010dke predstavnike te zajednice u Skup\u0161tini Crne Gore kako bi formulisali jedinstvene zahtjeve o njihovom statusu u ovoj zemlji.<br \/>\n<a href=\"http:\/\/www.monitor.co.me\/\/index.php?option=com_content&amp;view=article&amp;id=4091:iznevjerena-oekivanja&amp;catid=2762:broj-1163&amp;Itemid=4004\" target=\"_blank\"><strong>Mustafa CANKA<\/strong><\/a><br \/>\n<a href=\"http:\/\/www.monitor.co.me\/\/index.php?option=com_content&amp;view=article&amp;id=4091:iznevjerena-oekivanja&amp;catid=2762:broj-1163&amp;Itemid=4004\" target=\"_blank\"><strong>Izvor: MONITOR<\/strong><\/a><\/p>\n","protected":false},"excerpt":{"rendered":"<p>\u010celnicima vode\u0107ih albanskih stranaka, Nove demokratske snage FORCA Nazifu Cungu i Demokratske partije (DP) Fatmiru \u0110eki, obe\u0107anja Demokratske partije socijalista i njezinog lidera Mila \u0110ukanovi\u0107a dovoljna su garancija. Jer, DPS je obe\u0107ao a, kao \u0161to je op\u0161tepoznato, u ta se obe\u0107anja mo\u017ee pouzdati, da \u0107e referenduma o statusu op\u0161tine Malesija s mjesnim centrom Tuzi, svakako [&hellip;]<\/p>\n","protected":false},"author":1,"featured_media":0,"comment_status":"open","ping_status":"closed","sticky":false,"template":"","format":"standard","meta":{"spay_email":"","jetpack_publicize_message":"","jetpack_is_tweetstorm":false,"jetpack_publicize_feature_enabled":true},"categories":[8337],"tags":[13641,201,19],"jetpack_publicize_connections":[],"yoast_head":"<!-- This site is optimized with the Yoast SEO plugin v19.1 - https:\/\/yoast.com\/wordpress\/plugins\/seo\/ -->\n<title>Canka: Iznevjerena o\u010dekivanja Albanaca - Lajme nga Ulqini<\/title>\n<meta name=\"description\" content=\"\u010celnicima vode\u0107ih albanskih stranaka, Nove demokratske snage FORCA Nazifu Cungu i Demokratske partije (DP) Fatmiru \u0110eki, obe\u0107anja Demokratske partije\" \/>\n<meta name=\"robots\" content=\"index, follow, max-snippet:-1, max-image-preview:large, max-video-preview:-1\" \/>\n<link rel=\"canonical\" href=\"https:\/\/www.visit-ulcinj.com\/blog\/2013\/02\/11\/canka-iznevjerena-ocekivanja-albanaca\/\" \/>\n<meta property=\"og:locale\" content=\"en_US\" \/>\n<meta property=\"og:type\" content=\"article\" \/>\n<meta property=\"og:title\" content=\"Canka: Iznevjerena o\u010dekivanja Albanaca - Lajme nga Ulqini\" \/>\n<meta property=\"og:description\" content=\"\u010celnicima vode\u0107ih albanskih stranaka, Nove demokratske snage FORCA Nazifu Cungu i Demokratske partije (DP) Fatmiru \u0110eki, obe\u0107anja Demokratske partije\" \/>\n<meta property=\"og:url\" content=\"https:\/\/www.visit-ulcinj.com\/blog\/2013\/02\/11\/canka-iznevjerena-ocekivanja-albanaca\/\" \/>\n<meta property=\"og:site_name\" content=\"Lajme nga Ulqini\" \/>\n<meta property=\"article:published_time\" content=\"2013-02-11T19:01:11+00:00\" \/>\n<meta property=\"article:modified_time\" content=\"2013-02-11T19:01:44+00:00\" \/>\n<meta property=\"og:image\" content=\"http:\/\/www.visit-ulcinj.com\/blog\/wp-content\/uploads\/2013\/02\/Shumica-e-re-ne-Kuvendin-e-Komunes-se-Ulqinit_Nazif-CunguFatmir-GjekaSkender-ElezagaAmir-HolliKoalicioni-ne-Ulqin.jpg\" \/>\n<meta name=\"twitter:label1\" content=\"Written by\" \/>\n\t<meta name=\"twitter:data1\" content=\"ulqini\" \/>\n\t<meta name=\"twitter:label2\" content=\"Est. reading time\" \/>\n\t<meta name=\"twitter:data2\" content=\"5 minutes\" \/>\n<script type=\"application\/ld+json\" class=\"yoast-schema-graph\">{\"@context\":\"https:\/\/schema.org\",\"@graph\":[{\"@type\":\"WebSite\",\"@id\":\"https:\/\/www.visit-ulcinj.com\/blog\/#website\",\"url\":\"https:\/\/www.visit-ulcinj.com\/blog\/\",\"name\":\"Lajme nga Ulqini\",\"description\":\"Lajme,Vijesti,Ulqini,Ulqin,Crna Gora,Mali i Zi\",\"potentialAction\":[{\"@type\":\"SearchAction\",\"target\":{\"@type\":\"EntryPoint\",\"urlTemplate\":\"https:\/\/www.visit-ulcinj.com\/blog\/?s={search_term_string}\"},\"query-input\":\"required name=search_term_string\"}],\"inLanguage\":\"en-US\"},{\"@type\":\"ImageObject\",\"inLanguage\":\"en-US\",\"@id\":\"https:\/\/www.visit-ulcinj.com\/blog\/2013\/02\/11\/canka-iznevjerena-ocekivanja-albanaca\/#primaryimage\",\"url\":\"https:\/\/www.visit-ulcinj.com\/blog\/wp-content\/uploads\/2013\/02\/Shumica-e-re-ne-Kuvendin-e-Komunes-se-Ulqinit_Nazif-CunguFatmir-GjekaSkender-ElezagaAmir-HolliKoalicioni-ne-Ulqin.jpg\",\"contentUrl\":\"https:\/\/www.visit-ulcinj.com\/blog\/wp-content\/uploads\/2013\/02\/Shumica-e-re-ne-Kuvendin-e-Komunes-se-Ulqinit_Nazif-CunguFatmir-GjekaSkender-ElezagaAmir-HolliKoalicioni-ne-Ulqin.jpg\",\"width\":720,\"height\":437},{\"@type\":\"WebPage\",\"@id\":\"https:\/\/www.visit-ulcinj.com\/blog\/2013\/02\/11\/canka-iznevjerena-ocekivanja-albanaca\/#webpage\",\"url\":\"https:\/\/www.visit-ulcinj.com\/blog\/2013\/02\/11\/canka-iznevjerena-ocekivanja-albanaca\/\",\"name\":\"Canka: Iznevjerena o\u010dekivanja Albanaca - Lajme nga Ulqini\",\"isPartOf\":{\"@id\":\"https:\/\/www.visit-ulcinj.com\/blog\/#website\"},\"primaryImageOfPage\":{\"@id\":\"https:\/\/www.visit-ulcinj.com\/blog\/2013\/02\/11\/canka-iznevjerena-ocekivanja-albanaca\/#primaryimage\"},\"datePublished\":\"2013-02-11T19:01:11+00:00\",\"dateModified\":\"2013-02-11T19:01:44+00:00\",\"author\":{\"@id\":\"https:\/\/www.visit-ulcinj.com\/blog\/#\/schema\/person\/dcab619c614d3038751c63bc2aadc06d\"},\"description\":\"\u010celnicima vode\u0107ih albanskih stranaka, Nove demokratske snage FORCA Nazifu Cungu i Demokratske partije (DP) Fatmiru \u0110eki, obe\u0107anja Demokratske partije\",\"breadcrumb\":{\"@id\":\"https:\/\/www.visit-ulcinj.com\/blog\/2013\/02\/11\/canka-iznevjerena-ocekivanja-albanaca\/#breadcrumb\"},\"inLanguage\":\"en-US\",\"potentialAction\":[{\"@type\":\"ReadAction\",\"target\":[\"https:\/\/www.visit-ulcinj.com\/blog\/2013\/02\/11\/canka-iznevjerena-ocekivanja-albanaca\/\"]}]},{\"@type\":\"BreadcrumbList\",\"@id\":\"https:\/\/www.visit-ulcinj.com\/blog\/2013\/02\/11\/canka-iznevjerena-ocekivanja-albanaca\/#breadcrumb\",\"itemListElement\":[{\"@type\":\"ListItem\",\"position\":1,\"name\":\"Canka: Iznevjerena o\u010dekivanja Albanaca\"}]},{\"@type\":\"Person\",\"@id\":\"https:\/\/www.visit-ulcinj.com\/blog\/#\/schema\/person\/dcab619c614d3038751c63bc2aadc06d\",\"name\":\"ulqini\",\"sameAs\":[\"http:\/\/www.visit-ulcinj.com\"],\"url\":\"https:\/\/www.visit-ulcinj.com\/blog\/author\/admin\/\"}]}<\/script>\n<!-- \/ Yoast SEO plugin. -->","yoast_head_json":{"title":"Canka: Iznevjerena o\u010dekivanja Albanaca - Lajme nga Ulqini","description":"\u010celnicima vode\u0107ih albanskih stranaka, Nove demokratske snage FORCA Nazifu Cungu i Demokratske partije (DP) Fatmiru \u0110eki, obe\u0107anja Demokratske partije","robots":{"index":"index","follow":"follow","max-snippet":"max-snippet:-1","max-image-preview":"max-image-preview:large","max-video-preview":"max-video-preview:-1"},"canonical":"https:\/\/www.visit-ulcinj.com\/blog\/2013\/02\/11\/canka-iznevjerena-ocekivanja-albanaca\/","og_locale":"en_US","og_type":"article","og_title":"Canka: Iznevjerena o\u010dekivanja Albanaca - Lajme nga Ulqini","og_description":"\u010celnicima vode\u0107ih albanskih stranaka, Nove demokratske snage FORCA Nazifu Cungu i Demokratske partije (DP) Fatmiru \u0110eki, obe\u0107anja Demokratske partije","og_url":"https:\/\/www.visit-ulcinj.com\/blog\/2013\/02\/11\/canka-iznevjerena-ocekivanja-albanaca\/","og_site_name":"Lajme nga Ulqini","article_published_time":"2013-02-11T19:01:11+00:00","article_modified_time":"2013-02-11T19:01:44+00:00","og_image":[{"url":"http:\/\/www.visit-ulcinj.com\/blog\/wp-content\/uploads\/2013\/02\/Shumica-e-re-ne-Kuvendin-e-Komunes-se-Ulqinit_Nazif-CunguFatmir-GjekaSkender-ElezagaAmir-HolliKoalicioni-ne-Ulqin.jpg"}],"twitter_misc":{"Written by":"ulqini","Est. reading time":"5 minutes"},"schema":{"@context":"https:\/\/schema.org","@graph":[{"@type":"WebSite","@id":"https:\/\/www.visit-ulcinj.com\/blog\/#website","url":"https:\/\/www.visit-ulcinj.com\/blog\/","name":"Lajme nga Ulqini","description":"Lajme,Vijesti,Ulqini,Ulqin,Crna Gora,Mali i Zi","potentialAction":[{"@type":"SearchAction","target":{"@type":"EntryPoint","urlTemplate":"https:\/\/www.visit-ulcinj.com\/blog\/?s={search_term_string}"},"query-input":"required name=search_term_string"}],"inLanguage":"en-US"},{"@type":"ImageObject","inLanguage":"en-US","@id":"https:\/\/www.visit-ulcinj.com\/blog\/2013\/02\/11\/canka-iznevjerena-ocekivanja-albanaca\/#primaryimage","url":"https:\/\/www.visit-ulcinj.com\/blog\/wp-content\/uploads\/2013\/02\/Shumica-e-re-ne-Kuvendin-e-Komunes-se-Ulqinit_Nazif-CunguFatmir-GjekaSkender-ElezagaAmir-HolliKoalicioni-ne-Ulqin.jpg","contentUrl":"https:\/\/www.visit-ulcinj.com\/blog\/wp-content\/uploads\/2013\/02\/Shumica-e-re-ne-Kuvendin-e-Komunes-se-Ulqinit_Nazif-CunguFatmir-GjekaSkender-ElezagaAmir-HolliKoalicioni-ne-Ulqin.jpg","width":720,"height":437},{"@type":"WebPage","@id":"https:\/\/www.visit-ulcinj.com\/blog\/2013\/02\/11\/canka-iznevjerena-ocekivanja-albanaca\/#webpage","url":"https:\/\/www.visit-ulcinj.com\/blog\/2013\/02\/11\/canka-iznevjerena-ocekivanja-albanaca\/","name":"Canka: Iznevjerena o\u010dekivanja Albanaca - Lajme nga Ulqini","isPartOf":{"@id":"https:\/\/www.visit-ulcinj.com\/blog\/#website"},"primaryImageOfPage":{"@id":"https:\/\/www.visit-ulcinj.com\/blog\/2013\/02\/11\/canka-iznevjerena-ocekivanja-albanaca\/#primaryimage"},"datePublished":"2013-02-11T19:01:11+00:00","dateModified":"2013-02-11T19:01:44+00:00","author":{"@id":"https:\/\/www.visit-ulcinj.com\/blog\/#\/schema\/person\/dcab619c614d3038751c63bc2aadc06d"},"description":"\u010celnicima vode\u0107ih albanskih stranaka, Nove demokratske snage FORCA Nazifu Cungu i Demokratske partije (DP) Fatmiru \u0110eki, obe\u0107anja Demokratske partije","breadcrumb":{"@id":"https:\/\/www.visit-ulcinj.com\/blog\/2013\/02\/11\/canka-iznevjerena-ocekivanja-albanaca\/#breadcrumb"},"inLanguage":"en-US","potentialAction":[{"@type":"ReadAction","target":["https:\/\/www.visit-ulcinj.com\/blog\/2013\/02\/11\/canka-iznevjerena-ocekivanja-albanaca\/"]}]},{"@type":"BreadcrumbList","@id":"https:\/\/www.visit-ulcinj.com\/blog\/2013\/02\/11\/canka-iznevjerena-ocekivanja-albanaca\/#breadcrumb","itemListElement":[{"@type":"ListItem","position":1,"name":"Canka: Iznevjerena o\u010dekivanja Albanaca"}]},{"@type":"Person","@id":"https:\/\/www.visit-ulcinj.com\/blog\/#\/schema\/person\/dcab619c614d3038751c63bc2aadc06d","name":"ulqini","sameAs":["http:\/\/www.visit-ulcinj.com"],"url":"https:\/\/www.visit-ulcinj.com\/blog\/author\/admin\/"}]}},"jetpack_featured_media_url":"","jetpack_sharing_enabled":true,"jetpack_shortlink":"https:\/\/wp.me\/pe6lTn-hQK","_links":{"self":[{"href":"https:\/\/www.visit-ulcinj.com\/blog\/wp-json\/wp\/v2\/posts\/68618"}],"collection":[{"href":"https:\/\/www.visit-ulcinj.com\/blog\/wp-json\/wp\/v2\/posts"}],"about":[{"href":"https:\/\/www.visit-ulcinj.com\/blog\/wp-json\/wp\/v2\/types\/post"}],"author":[{"embeddable":true,"href":"https:\/\/www.visit-ulcinj.com\/blog\/wp-json\/wp\/v2\/users\/1"}],"replies":[{"embeddable":true,"href":"https:\/\/www.visit-ulcinj.com\/blog\/wp-json\/wp\/v2\/comments?post=68618"}],"version-history":[{"count":2,"href":"https:\/\/www.visit-ulcinj.com\/blog\/wp-json\/wp\/v2\/posts\/68618\/revisions"}],"predecessor-version":[{"id":68623,"href":"https:\/\/www.visit-ulcinj.com\/blog\/wp-json\/wp\/v2\/posts\/68618\/revisions\/68623"}],"wp:attachment":[{"href":"https:\/\/www.visit-ulcinj.com\/blog\/wp-json\/wp\/v2\/media?parent=68618"}],"wp:term":[{"taxonomy":"category","embeddable":true,"href":"https:\/\/www.visit-ulcinj.com\/blog\/wp-json\/wp\/v2\/categories?post=68618"},{"taxonomy":"post_tag","embeddable":true,"href":"https:\/\/www.visit-ulcinj.com\/blog\/wp-json\/wp\/v2\/tags?post=68618"}],"curies":[{"name":"wp","href":"https:\/\/api.w.org\/{rel}","templated":true}]}}