{"id":68628,"date":"2013-02-11T23:12:05","date_gmt":"2013-02-11T22:12:05","guid":{"rendered":"http:\/\/www.visit-ulcinj.com\/blog\/?p=68628"},"modified":"2013-02-13T17:33:45","modified_gmt":"2013-02-13T16:33:45","slug":"reagimi-per-hapjen-e-tenderin-e-valdanosit-dritan-abazi","status":"publish","type":"post","link":"https:\/\/www.visit-ulcinj.com\/blog\/2013\/02\/11\/reagimi-per-hapjen-e-tenderin-e-valdanosit-dritan-abazi\/","title":{"rendered":"Reagimi per hapjen e tenderin e Valdanosit &#8211; Dritan Abazi"},"content":{"rendered":"<p><a href=\"http:\/\/www.visit-ulcinj.com\/blog\/wp-content\/uploads\/2013\/02\/Dritan-Abazoviq.jpg\"><img loading=\"lazy\" class=\"alignleft  wp-image-68629\" alt=\"Dritan-Abazoviq\" src=\"http:\/\/www.visit-ulcinj.com\/blog\/wp-content\/uploads\/2013\/02\/Dritan-Abazoviq.jpg\" width=\"508\" height=\"360\" \/><\/a>Lajm\u00ebrimi i s\u00ebrish\u00ebm i Qeveris\u00eb s\u00eb Malit t\u00eb Zi, gjegj\u00ebsisht i Ministris\u00eb s\u00eb zhvillimit t\u00eb q\u00ebndruesh\u00ebm dhe turizmit, p\u00ebr p\u00ebrgatitjen e aktiviteteve q\u00eb gjiri margaritar i Valdanosit t\u00eb jepet afatgjat\u00eb me qira p\u00ebr 30 p\u00ebrkat\u00ebsisht 90 vite, \u00ebsht\u00eb vazhdim i politik\u00ebs shkat\u00ebrruese ndaj popullsis\u00eb lokale, pronar\u00ebve t\u00eb ullisht\u00ebs \u00a0n\u00eb Valdanos dhe natyr\u00ebs n\u00eb t\u00ebr\u00ebsi. Mir\u00ebpo, Qeveria e di mir\u00eb q\u00eb p\u00ebr shkak t\u00eb qasjes s\u00eb saj mosp\u00ebrfill\u00ebse, si dhe malverzimeve t\u00eb llojllojshme q\u00eb i \u201czien\u201d me vite lidhur me gjirin e Valdanosit, vendasit nuk kan\u00eb mund\u00ebsi t\u00eb realizojn\u00eb t\u00eb drejtat elementare t\u00eb njeriut si\u00e7 \u00ebsht\u00eb e drejta n\u00eb pron\u00ebsi private.<\/p>\n<p>\u00cbsht\u00eb e qart\u00eb q\u00eb lajm\u00ebrimi i tenderit t\u00eb ri q\u00eb duhet ta shpall K\u00ebshilli p\u00ebr privatizim \u00ebsht\u00eb p\u00ebrpjekje q\u00eb nga \u201cdera e pasme\u201d, n\u00ebn mask\u00ebn e projekteve zhvillimore dhe zvog\u00eblimit t\u00eb ndikimit t\u00eb kriz\u00ebs ekonomike, Valdanosi si gji unik p\u00ebrrallor, t\u00eb vihet n\u00eb rolin e \u201czhirantit\u201d t\u00eb politikes ekonomike t\u00eb gabuar dhe n\u00eb sh\u00ebrbim t\u00eb tajkun\u00ebve t\u00eb ndrysh\u00ebm t\u00eb (pa)njohur, vendas dhe t\u00eb huaj.<\/p>\n<p>Situata lidhur me Valdanosin zgjat gati 40 vite, kur pushteti i at\u00ebhersh\u00ebm ia morri qytetar\u00ebve ullisht\u00ebn, n\u00eb m\u00ebnyr\u00eb q\u00eb n\u00eb at\u00eb lokalitet t\u00eb nd\u00ebrtohet baza ushtarake. Mbasi q\u00eb p\u00ebr fat t\u00eb mir\u00eb baza nuk u nd\u00ebrtua kurr\u00eb, ligji ju mund\u00ebson qytetar\u00ebve q\u00eb me an\u00eb t\u00eb institutit t\u00eb deekspropriimit t\u2019u kthehet prona q\u00eb u morr me kund\u00ebrshtimin e tyre, me metodat e njohura t\u00eb presionit q\u00eb p\u00ebrdoreshin n\u00eb at\u00eb koh\u00eb, me argumentin e qart\u00eb dhe t\u00eb fort\u00eb q\u00eb toka nuk u dedikua q\u00ebllimit. Qeveria e Malit t\u00eb Zi n\u00eb vend q\u00eb t\u2019u kthej qytetar\u00ebve ullisht\u00ebn, t\u00eb cil\u00ebn logjiksh\u00ebm vet\u00ebm ato mund ta revitalizojn\u00eb dhe n\u00eb at\u00eb m\u00ebnyr\u00eb t\u00eb ndalet me sjellje diskriminuese dhe t\u00eb paligjshme ndaj qytetar\u00ebve, por edhe ndaj ullisht\u00ebs, ajo edhe p\u00ebrkund\u00ebr kund\u00ebrshtimit t\u00eb vendasve, sektorit joqeveritar dhe partive politike, prap\u00eb provon t\u00eb sfidoi\u00a0 zem\u00ebrimin dhe pak\u00ebnaq\u00ebsin\u00eb e popullat\u00ebs vendase.<\/p>\n<p>Mali i Zi Pozitiv fton q\u00eb t\u00eb respektohet ligji dhe ti kthehet ullishta pronar\u00ebve t\u00eb v\u00ebrtet, si dhe t\u00eb fillohet me revitalizimin e ullisht\u00ebs, plazhit dhe gjelb\u00ebrimit n\u00eb at\u00eb zon\u00eb. Valdanosi nuk duhet t\u00eb jet\u00eb kompleks prej betoni, por duhet t\u00eb jet\u00eb at\u00eb \u00e7ka ishte gjithmon\u00eb, park i natyr\u00ebs, park arkeologjik\u00eb n\u00ebnujor dhe ullishta m\u00eb e madhe n\u00eb regjion me mbi 18 mij\u00eb rr\u00ebnj\u00eb ullinj t\u00eb cilat po shkat\u00ebrrohen me vite. N\u00eb Ulqin i cili p\u00ebrndryshe \u00ebsht\u00eb krejt\u00ebsisht i devastuar me politiken ekonomike t\u00eb \u201cq\u00ebndrueshme\u201d dhe strategjikisht t\u00eb drejt\u00a0 t\u00eb Qeveris\u00eb dhe t\u00eb ish \u00a0qeverisjeve lokale, ka mjaftuesh\u00ebm lokalitete n\u00eb t\u00eb cilat mund t\u00eb nd\u00ebrtohen komplekse turistike t\u00eb kategoris\u00eb s\u00eb lart\u00eb, me principin e detyruesh\u00ebm t\u00eb zhvillimit t\u00eb q\u00ebndruesh\u00ebm dhe p\u00ebrgjegj\u00ebs. \u00a0\u00a0N\u00eb fund, lajm\u00ebrimet e k\u00ebtyre tender\u00ebve t\u00eb\/\/ jan\u00eb t\u00eb predispozuar n\u00eb d\u00ebshtim, sepse rasti i Valdanosit \u00ebsht\u00eb proces n\u00eb gjykat\u00ebn vendore si dhe n\u00eb Strazbur, e organet e gjykat\u00ebs po ashtu kan\u00eb shum\u00eb pun\u00eb t\u00eb deklarojn\u00eb a kishte keqp\u00ebrdorime nga ana e zyrtar\u00ebve shtet\u00ebror, konkretisht, n\u00ebnkryetarin e dikursh\u00ebm dhe t\u00eb tanish\u00ebm t\u00eb Qeveris\u00eb Vujica Lazoviq kund\u00ebr kujt aktivist\u00ebt e sektorit joqeveritar kan\u00eb \u00e7uar padi penale q\u00eb prej procesit t\u00eb kaluar t\u00eb privatizimit. Mali i Zi Pozitiv fton t\u00eb gjith\u00eb vendasit, pronar\u00ebt si dhe pjes\u00ebtar\u00ebt e sektorit politik, civil dhe mediatik q\u00eb s\u00eb bashku ti kund\u00ebrvihen q\u00ebllimeve t\u00eb k\u00ebqija t\u00eb Qeveris\u00eb dhe n\u00eb at\u00eb m\u00ebnyr\u00eb edhe nj\u00ebher\u00eb p\u00ebr kush e di sat\u00ebn her\u00eb t\u00eb d\u00ebrgojn\u00eb mesazhin q\u00eb qytetar\u00ebt e Ulqinit q\u00ebndrojn\u00eb t\u00eb vendosur n\u00eb mbrojtjen e respektimit t\u00eb ligjit, tradit\u00ebs, kultur\u00ebs, si dhe n\u00eb mbrojtjen e dinjitetit t\u00eb vet.<\/p>\n<p><strong>Dritan Abazi<\/strong><br \/>\n<!--YouTube Error: bad URL entered--><\/p>\n","protected":false},"excerpt":{"rendered":"<p>Lajm\u00ebrimi i s\u00ebrish\u00ebm i Qeveris\u00eb s\u00eb Malit t\u00eb Zi, gjegj\u00ebsisht i Ministris\u00eb s\u00eb zhvillimit t\u00eb q\u00ebndruesh\u00ebm dhe turizmit, p\u00ebr p\u00ebrgatitjen e aktiviteteve q\u00eb gjiri margaritar i Valdanosit t\u00eb jepet afatgjat\u00eb me qira p\u00ebr 30 p\u00ebrkat\u00ebsisht 90 vite, \u00ebsht\u00eb vazhdim i politik\u00ebs shkat\u00ebrruese ndaj popullsis\u00eb lokale, pronar\u00ebve t\u00eb ullisht\u00ebs \u00a0n\u00eb Valdanos dhe natyr\u00ebs n\u00eb t\u00ebr\u00ebsi. Mir\u00ebpo, [&hellip;]<\/p>\n","protected":false},"author":1,"featured_media":0,"comment_status":"open","ping_status":"closed","sticky":false,"template":"","format":"standard","meta":{"spay_email":"","jetpack_publicize_message":"","jetpack_is_tweetstorm":false,"jetpack_publicize_feature_enabled":true},"categories":[1,12],"tags":[21865,136],"jetpack_publicize_connections":[],"yoast_head":"<!-- This site is optimized with the Yoast SEO plugin v19.1 - https:\/\/yoast.com\/wordpress\/plugins\/seo\/ -->\n<title>Reagimi per hapjen e tenderin e Valdanosit - Dritan Abazi - Lajme nga Ulqini<\/title>\n<meta name=\"description\" content=\"Lajm\u00ebrimi i s\u00ebrish\u00ebm i Qeveris\u00eb s\u00eb Malit t\u00eb Zi, gjegj\u00ebsisht i Ministris\u00eb s\u00eb zhvillimit t\u00eb q\u00ebndruesh\u00ebm dhe turizmit, p\u00ebr p\u00ebrgatitjen e aktiviteteve q\u00eb\" \/>\n<meta name=\"robots\" content=\"index, follow, max-snippet:-1, max-image-preview:large, max-video-preview:-1\" \/>\n<link rel=\"canonical\" href=\"https:\/\/www.visit-ulcinj.com\/blog\/2013\/02\/11\/reagimi-per-hapjen-e-tenderin-e-valdanosit-dritan-abazi\/\" \/>\n<meta property=\"og:locale\" content=\"en_US\" \/>\n<meta property=\"og:type\" content=\"article\" \/>\n<meta property=\"og:title\" content=\"Reagimi per hapjen e tenderin e Valdanosit - Dritan Abazi - Lajme nga Ulqini\" \/>\n<meta property=\"og:description\" content=\"Lajm\u00ebrimi i s\u00ebrish\u00ebm i Qeveris\u00eb s\u00eb Malit t\u00eb Zi, gjegj\u00ebsisht i Ministris\u00eb s\u00eb zhvillimit t\u00eb q\u00ebndruesh\u00ebm dhe turizmit, p\u00ebr p\u00ebrgatitjen e aktiviteteve q\u00eb\" \/>\n<meta property=\"og:url\" content=\"https:\/\/www.visit-ulcinj.com\/blog\/2013\/02\/11\/reagimi-per-hapjen-e-tenderin-e-valdanosit-dritan-abazi\/\" \/>\n<meta property=\"og:site_name\" content=\"Lajme nga Ulqini\" \/>\n<meta property=\"article:published_time\" content=\"2013-02-11T22:12:05+00:00\" \/>\n<meta property=\"article:modified_time\" content=\"2013-02-13T16:33:45+00:00\" \/>\n<meta property=\"og:image\" content=\"http:\/\/www.visit-ulcinj.com\/blog\/wp-content\/uploads\/2013\/02\/Dritan-Abazoviq.jpg\" \/>\n<meta name=\"twitter:label1\" content=\"Written by\" \/>\n\t<meta name=\"twitter:data1\" content=\"ulqini\" \/>\n\t<meta name=\"twitter:label2\" content=\"Est. reading time\" \/>\n\t<meta name=\"twitter:data2\" content=\"3 minutes\" \/>\n<script type=\"application\/ld+json\" class=\"yoast-schema-graph\">{\"@context\":\"https:\/\/schema.org\",\"@graph\":[{\"@type\":\"WebSite\",\"@id\":\"https:\/\/www.visit-ulcinj.com\/blog\/#website\",\"url\":\"https:\/\/www.visit-ulcinj.com\/blog\/\",\"name\":\"Lajme nga Ulqini\",\"description\":\"Lajme,Vijesti,Ulqini,Ulqin,Crna Gora,Mali i Zi\",\"potentialAction\":[{\"@type\":\"SearchAction\",\"target\":{\"@type\":\"EntryPoint\",\"urlTemplate\":\"https:\/\/www.visit-ulcinj.com\/blog\/?s={search_term_string}\"},\"query-input\":\"required name=search_term_string\"}],\"inLanguage\":\"en-US\"},{\"@type\":\"ImageObject\",\"inLanguage\":\"en-US\",\"@id\":\"https:\/\/www.visit-ulcinj.com\/blog\/2013\/02\/11\/reagimi-per-hapjen-e-tenderin-e-valdanosit-dritan-abazi\/#primaryimage\",\"url\":\"https:\/\/www.visit-ulcinj.com\/blog\/wp-content\/uploads\/2013\/02\/Dritan-Abazoviq.jpg\",\"contentUrl\":\"https:\/\/www.visit-ulcinj.com\/blog\/wp-content\/uploads\/2013\/02\/Dritan-Abazoviq.jpg\",\"width\":800,\"height\":514},{\"@type\":\"WebPage\",\"@id\":\"https:\/\/www.visit-ulcinj.com\/blog\/2013\/02\/11\/reagimi-per-hapjen-e-tenderin-e-valdanosit-dritan-abazi\/#webpage\",\"url\":\"https:\/\/www.visit-ulcinj.com\/blog\/2013\/02\/11\/reagimi-per-hapjen-e-tenderin-e-valdanosit-dritan-abazi\/\",\"name\":\"Reagimi per hapjen e tenderin e Valdanosit - Dritan Abazi - Lajme nga Ulqini\",\"isPartOf\":{\"@id\":\"https:\/\/www.visit-ulcinj.com\/blog\/#website\"},\"primaryImageOfPage\":{\"@id\":\"https:\/\/www.visit-ulcinj.com\/blog\/2013\/02\/11\/reagimi-per-hapjen-e-tenderin-e-valdanosit-dritan-abazi\/#primaryimage\"},\"datePublished\":\"2013-02-11T22:12:05+00:00\",\"dateModified\":\"2013-02-13T16:33:45+00:00\",\"author\":{\"@id\":\"https:\/\/www.visit-ulcinj.com\/blog\/#\/schema\/person\/dcab619c614d3038751c63bc2aadc06d\"},\"description\":\"Lajm\u00ebrimi i s\u00ebrish\u00ebm i Qeveris\u00eb s\u00eb Malit t\u00eb Zi, gjegj\u00ebsisht i Ministris\u00eb s\u00eb zhvillimit t\u00eb q\u00ebndruesh\u00ebm dhe turizmit, p\u00ebr p\u00ebrgatitjen e aktiviteteve q\u00eb\",\"breadcrumb\":{\"@id\":\"https:\/\/www.visit-ulcinj.com\/blog\/2013\/02\/11\/reagimi-per-hapjen-e-tenderin-e-valdanosit-dritan-abazi\/#breadcrumb\"},\"inLanguage\":\"en-US\",\"potentialAction\":[{\"@type\":\"ReadAction\",\"target\":[\"https:\/\/www.visit-ulcinj.com\/blog\/2013\/02\/11\/reagimi-per-hapjen-e-tenderin-e-valdanosit-dritan-abazi\/\"]}]},{\"@type\":\"BreadcrumbList\",\"@id\":\"https:\/\/www.visit-ulcinj.com\/blog\/2013\/02\/11\/reagimi-per-hapjen-e-tenderin-e-valdanosit-dritan-abazi\/#breadcrumb\",\"itemListElement\":[{\"@type\":\"ListItem\",\"position\":1,\"name\":\"Reagimi per hapjen e tenderin e Valdanosit &#8211; Dritan Abazi\"}]},{\"@type\":\"Person\",\"@id\":\"https:\/\/www.visit-ulcinj.com\/blog\/#\/schema\/person\/dcab619c614d3038751c63bc2aadc06d\",\"name\":\"ulqini\",\"sameAs\":[\"http:\/\/www.visit-ulcinj.com\"],\"url\":\"https:\/\/www.visit-ulcinj.com\/blog\/author\/admin\/\"}]}<\/script>\n<!-- \/ Yoast SEO plugin. -->","yoast_head_json":{"title":"Reagimi per hapjen e tenderin e Valdanosit - Dritan Abazi - Lajme nga Ulqini","description":"Lajm\u00ebrimi i s\u00ebrish\u00ebm i Qeveris\u00eb s\u00eb Malit t\u00eb Zi, gjegj\u00ebsisht i Ministris\u00eb s\u00eb zhvillimit t\u00eb q\u00ebndruesh\u00ebm dhe turizmit, p\u00ebr p\u00ebrgatitjen e aktiviteteve q\u00eb","robots":{"index":"index","follow":"follow","max-snippet":"max-snippet:-1","max-image-preview":"max-image-preview:large","max-video-preview":"max-video-preview:-1"},"canonical":"https:\/\/www.visit-ulcinj.com\/blog\/2013\/02\/11\/reagimi-per-hapjen-e-tenderin-e-valdanosit-dritan-abazi\/","og_locale":"en_US","og_type":"article","og_title":"Reagimi per hapjen e tenderin e Valdanosit - Dritan Abazi - Lajme nga Ulqini","og_description":"Lajm\u00ebrimi i s\u00ebrish\u00ebm i Qeveris\u00eb s\u00eb Malit t\u00eb Zi, gjegj\u00ebsisht i Ministris\u00eb s\u00eb zhvillimit t\u00eb q\u00ebndruesh\u00ebm dhe turizmit, p\u00ebr p\u00ebrgatitjen e aktiviteteve q\u00eb","og_url":"https:\/\/www.visit-ulcinj.com\/blog\/2013\/02\/11\/reagimi-per-hapjen-e-tenderin-e-valdanosit-dritan-abazi\/","og_site_name":"Lajme nga Ulqini","article_published_time":"2013-02-11T22:12:05+00:00","article_modified_time":"2013-02-13T16:33:45+00:00","og_image":[{"url":"http:\/\/www.visit-ulcinj.com\/blog\/wp-content\/uploads\/2013\/02\/Dritan-Abazoviq.jpg"}],"twitter_misc":{"Written by":"ulqini","Est. reading time":"3 minutes"},"schema":{"@context":"https:\/\/schema.org","@graph":[{"@type":"WebSite","@id":"https:\/\/www.visit-ulcinj.com\/blog\/#website","url":"https:\/\/www.visit-ulcinj.com\/blog\/","name":"Lajme nga Ulqini","description":"Lajme,Vijesti,Ulqini,Ulqin,Crna Gora,Mali i Zi","potentialAction":[{"@type":"SearchAction","target":{"@type":"EntryPoint","urlTemplate":"https:\/\/www.visit-ulcinj.com\/blog\/?s={search_term_string}"},"query-input":"required name=search_term_string"}],"inLanguage":"en-US"},{"@type":"ImageObject","inLanguage":"en-US","@id":"https:\/\/www.visit-ulcinj.com\/blog\/2013\/02\/11\/reagimi-per-hapjen-e-tenderin-e-valdanosit-dritan-abazi\/#primaryimage","url":"https:\/\/www.visit-ulcinj.com\/blog\/wp-content\/uploads\/2013\/02\/Dritan-Abazoviq.jpg","contentUrl":"https:\/\/www.visit-ulcinj.com\/blog\/wp-content\/uploads\/2013\/02\/Dritan-Abazoviq.jpg","width":800,"height":514},{"@type":"WebPage","@id":"https:\/\/www.visit-ulcinj.com\/blog\/2013\/02\/11\/reagimi-per-hapjen-e-tenderin-e-valdanosit-dritan-abazi\/#webpage","url":"https:\/\/www.visit-ulcinj.com\/blog\/2013\/02\/11\/reagimi-per-hapjen-e-tenderin-e-valdanosit-dritan-abazi\/","name":"Reagimi per hapjen e tenderin e Valdanosit - Dritan Abazi - Lajme nga Ulqini","isPartOf":{"@id":"https:\/\/www.visit-ulcinj.com\/blog\/#website"},"primaryImageOfPage":{"@id":"https:\/\/www.visit-ulcinj.com\/blog\/2013\/02\/11\/reagimi-per-hapjen-e-tenderin-e-valdanosit-dritan-abazi\/#primaryimage"},"datePublished":"2013-02-11T22:12:05+00:00","dateModified":"2013-02-13T16:33:45+00:00","author":{"@id":"https:\/\/www.visit-ulcinj.com\/blog\/#\/schema\/person\/dcab619c614d3038751c63bc2aadc06d"},"description":"Lajm\u00ebrimi i s\u00ebrish\u00ebm i Qeveris\u00eb s\u00eb Malit t\u00eb Zi, gjegj\u00ebsisht i Ministris\u00eb s\u00eb zhvillimit t\u00eb q\u00ebndruesh\u00ebm dhe turizmit, p\u00ebr p\u00ebrgatitjen e aktiviteteve q\u00eb","breadcrumb":{"@id":"https:\/\/www.visit-ulcinj.com\/blog\/2013\/02\/11\/reagimi-per-hapjen-e-tenderin-e-valdanosit-dritan-abazi\/#breadcrumb"},"inLanguage":"en-US","potentialAction":[{"@type":"ReadAction","target":["https:\/\/www.visit-ulcinj.com\/blog\/2013\/02\/11\/reagimi-per-hapjen-e-tenderin-e-valdanosit-dritan-abazi\/"]}]},{"@type":"BreadcrumbList","@id":"https:\/\/www.visit-ulcinj.com\/blog\/2013\/02\/11\/reagimi-per-hapjen-e-tenderin-e-valdanosit-dritan-abazi\/#breadcrumb","itemListElement":[{"@type":"ListItem","position":1,"name":"Reagimi per hapjen e tenderin e Valdanosit &#8211; Dritan Abazi"}]},{"@type":"Person","@id":"https:\/\/www.visit-ulcinj.com\/blog\/#\/schema\/person\/dcab619c614d3038751c63bc2aadc06d","name":"ulqini","sameAs":["http:\/\/www.visit-ulcinj.com"],"url":"https:\/\/www.visit-ulcinj.com\/blog\/author\/admin\/"}]}},"jetpack_featured_media_url":"","jetpack_sharing_enabled":true,"jetpack_shortlink":"https:\/\/wp.me\/pe6lTn-hQU","_links":{"self":[{"href":"https:\/\/www.visit-ulcinj.com\/blog\/wp-json\/wp\/v2\/posts\/68628"}],"collection":[{"href":"https:\/\/www.visit-ulcinj.com\/blog\/wp-json\/wp\/v2\/posts"}],"about":[{"href":"https:\/\/www.visit-ulcinj.com\/blog\/wp-json\/wp\/v2\/types\/post"}],"author":[{"embeddable":true,"href":"https:\/\/www.visit-ulcinj.com\/blog\/wp-json\/wp\/v2\/users\/1"}],"replies":[{"embeddable":true,"href":"https:\/\/www.visit-ulcinj.com\/blog\/wp-json\/wp\/v2\/comments?post=68628"}],"version-history":[{"count":4,"href":"https:\/\/www.visit-ulcinj.com\/blog\/wp-json\/wp\/v2\/posts\/68628\/revisions"}],"predecessor-version":[{"id":68671,"href":"https:\/\/www.visit-ulcinj.com\/blog\/wp-json\/wp\/v2\/posts\/68628\/revisions\/68671"}],"wp:attachment":[{"href":"https:\/\/www.visit-ulcinj.com\/blog\/wp-json\/wp\/v2\/media?parent=68628"}],"wp:term":[{"taxonomy":"category","embeddable":true,"href":"https:\/\/www.visit-ulcinj.com\/blog\/wp-json\/wp\/v2\/categories?post=68628"},{"taxonomy":"post_tag","embeddable":true,"href":"https:\/\/www.visit-ulcinj.com\/blog\/wp-json\/wp\/v2\/tags?post=68628"}],"curies":[{"name":"wp","href":"https:\/\/api.w.org\/{rel}","templated":true}]}}