{"id":68637,"date":"2013-02-12T18:17:04","date_gmt":"2013-02-12T17:17:04","guid":{"rendered":"http:\/\/www.visit-ulcinj.com\/blog\/?p=68637"},"modified":"2013-02-12T18:17:33","modified_gmt":"2013-02-12T17:17:33","slug":"odbor-za-povracaj-maslinade-u-valdanosu","status":"publish","type":"post","link":"https:\/\/www.visit-ulcinj.com\/blog\/2013\/02\/12\/odbor-za-povracaj-maslinade-u-valdanosu\/","title":{"rendered":"Odbor za povra\u0107aj Maslinade u Valdanosu"},"content":{"rendered":"<p><strong><a href=\"http:\/\/www.visit-ulcinj.com\/blog\/wp-content\/uploads\/2013\/02\/Odbor-za-povracaj-Maslinade-u-Valdanosu_Ulcinj_Crna-Gora.jpg\"><img loading=\"lazy\" class=\"alignleft  wp-image-68638\" alt=\"Odbor za povracaj Maslinade u Valdanosu_Ulcinj_Crna Gora\" src=\"http:\/\/www.visit-ulcinj.com\/blog\/wp-content\/uploads\/2013\/02\/Odbor-za-povracaj-Maslinade-u-Valdanosu_Ulcinj_Crna-Gora.jpg\" width=\"508\" height=\"360\" \/><\/a>Odbor za povra\u0107aj Maslinade u Valdanosu<\/strong><\/p>\n<p><strong>\u00a0<\/strong><\/p>\n<p style=\"text-align: center;\"><strong>SAOP\u0160TENJE ZA JAVNOST<\/strong><\/p>\n<p>&nbsp;<\/p>\n<p>Najava da \u0107e Vlada Crne Gore uskoro raspisati tender za davanje u zakup uvale Valdanos na 30, odnosno 90 godina, nas je veoma neprijatno iznenadila. Nakon vi\u0161emjese\u010dnih razgovora sa \u010delnicima op\u0161tine Ulcinj i vladinim zvani\u010dnicima smatrali smo da \u0107emo posti\u0107i obostrano prihvatljivo rje\u0161enje.<\/p>\n<p>Jer, zar ikoga vi\u0161e treba ubje\u0111ivati da jedino mi, stvarni vlasnici maslina, mo\u017eemo revitalizovati 18 hiljada stabala te blagoslovljene biljke koja na sramotu svih nas ve\u0107 3,5 decenije propadaju. Vjerovali smo da su na\u0161i \u010delnici bar izvukli pouke iz nedavne berbe kada je zbog neprikupljanja roda maslinki u Valdanosu propalo oko milion eura.<\/p>\n<p>O\u010dekivali smo tako\u0111e da \u0107e vlast u Ulcinju realizovati svoju Odluku o deesksproprijaciji iz marta 2007. godine, kojom se predvi\u0111a vra\u0107anje maslinjaka pravim vlasnicima. No, sada nam se, uvijeno, ponovo nudi da svoje maslinjake, svojom voljom, uzmemo u zakup, upravo od onih koji su nam govorili da \u201ene \u017eelimo da budemo tu\u0111i ba\u0161tovani\u201c.<br \/>\n<a href=\"http:\/\/www.visit-ulcinj.com\/blog\/wp-content\/uploads\/2013\/02\/Odbor-za-povracaj-Maslinade-u-Valdanosu_Ulcinj_Crna-Gora.1.jpg\"><img loading=\"lazy\" class=\"alignleft  wp-image-68639\" alt=\"Odbor za povracaj Maslinade u Valdanosu_Ulcinj_Crna Gora.1\" src=\"http:\/\/www.visit-ulcinj.com\/blog\/wp-content\/uploads\/2013\/02\/Odbor-za-povracaj-Maslinade-u-Valdanosu_Ulcinj_Crna-Gora.1.jpg\" width=\"508\" height=\"360\" \/><\/a><\/p>\n<p>Vjerujemo da su Vlada i njeni podr\u017eavaoci krenuli lo\u0161im putem, jer postoji mnogo prijedloga kako da se taj prostor valorizuje na najbolji mogu\u0107i na\u010din u interesu svih, i dr\u017eave, i op\u0161tine, i na\u0161e zajednice i nas maslinara. Mislimo, prije svega na projekat Me\u0111unarodnog ekolo\u0161kog centra, koji je javnosti prije gotovo dvije godine ponudila grupa nezavisnih intelektualaca i NVO aktivista.<\/p>\n<p>Stoga poru\u010dujemo Vladi da je svako raspisivanje tendera za izdavanje u zakup uvale Valdanos neprimjereno i \u0161tetno i za nas apsolutno neprihvatljivo.<\/p>\n<p>U odbor za povra\u0107aj maslinade-<\/p>\n<p>Batko \u0110akonovi\u0107, Maksut Had\u017eibrahimi, D\u017eemalj Had\u017eibeti, advokat Mustafa \u010capuni, Basrija Dervi\u0161i i Ismet Kapetanovi\u0107.<\/p>\n<p>&nbsp;<\/p>\n<p><strong>Odbor za povra\u0107aj Maslinade u Valdanosu<br \/>\n<\/strong><\/p>\n","protected":false},"excerpt":{"rendered":"<p>Odbor za povra\u0107aj Maslinade u Valdanosu \u00a0 SAOP\u0160TENJE ZA JAVNOST &nbsp; Najava da \u0107e Vlada Crne Gore uskoro raspisati tender za davanje u zakup uvale Valdanos na 30, odnosno 90 godina, nas je veoma neprijatno iznenadila. Nakon vi\u0161emjese\u010dnih razgovora sa \u010delnicima op\u0161tine Ulcinj i vladinim zvani\u010dnicima smatrali smo da \u0107emo posti\u0107i obostrano prihvatljivo rje\u0161enje. Jer, [&hellip;]<\/p>\n","protected":false},"author":1,"featured_media":0,"comment_status":"open","ping_status":"closed","sticky":false,"template":"","format":"standard","meta":{"spay_email":"","jetpack_publicize_message":"","jetpack_is_tweetstorm":false,"jetpack_publicize_feature_enabled":true},"categories":[8337],"tags":[21866,16863,19,136],"jetpack_publicize_connections":[],"yoast_head":"<!-- This site is optimized with the Yoast SEO plugin v19.1 - https:\/\/yoast.com\/wordpress\/plugins\/seo\/ -->\n<title>Odbor za povra\u0107aj Maslinade u Valdanosu - Lajme nga Ulqini<\/title>\n<meta name=\"description\" content=\"Odbor za povra\u0107aj Maslinade u Valdanosu \u00a0 SAOP\u0160TENJE ZA JAVNOST &nbsp; Najava da \u0107e Vlada Crne Gore uskoro raspisati tender za davanje u zakup uvale\" \/>\n<meta name=\"robots\" content=\"index, follow, max-snippet:-1, max-image-preview:large, max-video-preview:-1\" \/>\n<link rel=\"canonical\" href=\"https:\/\/www.visit-ulcinj.com\/blog\/2013\/02\/12\/odbor-za-povracaj-maslinade-u-valdanosu\/\" \/>\n<meta property=\"og:locale\" content=\"en_US\" \/>\n<meta property=\"og:type\" content=\"article\" \/>\n<meta property=\"og:title\" content=\"Odbor za povra\u0107aj Maslinade u Valdanosu - Lajme nga Ulqini\" \/>\n<meta property=\"og:description\" content=\"Odbor za povra\u0107aj Maslinade u Valdanosu \u00a0 SAOP\u0160TENJE ZA JAVNOST &nbsp; Najava da \u0107e Vlada Crne Gore uskoro raspisati tender za davanje u zakup uvale\" \/>\n<meta property=\"og:url\" content=\"https:\/\/www.visit-ulcinj.com\/blog\/2013\/02\/12\/odbor-za-povracaj-maslinade-u-valdanosu\/\" \/>\n<meta property=\"og:site_name\" content=\"Lajme nga Ulqini\" \/>\n<meta property=\"article:published_time\" content=\"2013-02-12T17:17:04+00:00\" \/>\n<meta property=\"article:modified_time\" content=\"2013-02-12T17:17:33+00:00\" \/>\n<meta property=\"og:image\" content=\"http:\/\/www.visit-ulcinj.com\/blog\/wp-content\/uploads\/2013\/02\/Odbor-za-povracaj-Maslinade-u-Valdanosu_Ulcinj_Crna-Gora.jpg\" \/>\n<meta name=\"twitter:label1\" content=\"Written by\" \/>\n\t<meta name=\"twitter:data1\" content=\"ulqini\" \/>\n\t<meta name=\"twitter:label2\" content=\"Est. reading time\" \/>\n\t<meta name=\"twitter:data2\" content=\"1 minute\" \/>\n<script type=\"application\/ld+json\" class=\"yoast-schema-graph\">{\"@context\":\"https:\/\/schema.org\",\"@graph\":[{\"@type\":\"WebSite\",\"@id\":\"https:\/\/www.visit-ulcinj.com\/blog\/#website\",\"url\":\"https:\/\/www.visit-ulcinj.com\/blog\/\",\"name\":\"Lajme nga Ulqini\",\"description\":\"Lajme,Vijesti,Ulqini,Ulqin,Crna Gora,Mali i Zi\",\"potentialAction\":[{\"@type\":\"SearchAction\",\"target\":{\"@type\":\"EntryPoint\",\"urlTemplate\":\"https:\/\/www.visit-ulcinj.com\/blog\/?s={search_term_string}\"},\"query-input\":\"required name=search_term_string\"}],\"inLanguage\":\"en-US\"},{\"@type\":\"ImageObject\",\"inLanguage\":\"en-US\",\"@id\":\"https:\/\/www.visit-ulcinj.com\/blog\/2013\/02\/12\/odbor-za-povracaj-maslinade-u-valdanosu\/#primaryimage\",\"url\":\"https:\/\/www.visit-ulcinj.com\/blog\/wp-content\/uploads\/2013\/02\/Odbor-za-povracaj-Maslinade-u-Valdanosu_Ulcinj_Crna-Gora.jpg\",\"contentUrl\":\"https:\/\/www.visit-ulcinj.com\/blog\/wp-content\/uploads\/2013\/02\/Odbor-za-povracaj-Maslinade-u-Valdanosu_Ulcinj_Crna-Gora.jpg\",\"width\":604,\"height\":403},{\"@type\":\"WebPage\",\"@id\":\"https:\/\/www.visit-ulcinj.com\/blog\/2013\/02\/12\/odbor-za-povracaj-maslinade-u-valdanosu\/#webpage\",\"url\":\"https:\/\/www.visit-ulcinj.com\/blog\/2013\/02\/12\/odbor-za-povracaj-maslinade-u-valdanosu\/\",\"name\":\"Odbor za povra\u0107aj Maslinade u Valdanosu - Lajme nga Ulqini\",\"isPartOf\":{\"@id\":\"https:\/\/www.visit-ulcinj.com\/blog\/#website\"},\"primaryImageOfPage\":{\"@id\":\"https:\/\/www.visit-ulcinj.com\/blog\/2013\/02\/12\/odbor-za-povracaj-maslinade-u-valdanosu\/#primaryimage\"},\"datePublished\":\"2013-02-12T17:17:04+00:00\",\"dateModified\":\"2013-02-12T17:17:33+00:00\",\"author\":{\"@id\":\"https:\/\/www.visit-ulcinj.com\/blog\/#\/schema\/person\/dcab619c614d3038751c63bc2aadc06d\"},\"description\":\"Odbor za povra\u0107aj Maslinade u Valdanosu \u00a0 SAOP\u0160TENJE ZA JAVNOST &nbsp; Najava da \u0107e Vlada Crne Gore uskoro raspisati tender za davanje u zakup uvale\",\"breadcrumb\":{\"@id\":\"https:\/\/www.visit-ulcinj.com\/blog\/2013\/02\/12\/odbor-za-povracaj-maslinade-u-valdanosu\/#breadcrumb\"},\"inLanguage\":\"en-US\",\"potentialAction\":[{\"@type\":\"ReadAction\",\"target\":[\"https:\/\/www.visit-ulcinj.com\/blog\/2013\/02\/12\/odbor-za-povracaj-maslinade-u-valdanosu\/\"]}]},{\"@type\":\"BreadcrumbList\",\"@id\":\"https:\/\/www.visit-ulcinj.com\/blog\/2013\/02\/12\/odbor-za-povracaj-maslinade-u-valdanosu\/#breadcrumb\",\"itemListElement\":[{\"@type\":\"ListItem\",\"position\":1,\"name\":\"Odbor za povra\u0107aj Maslinade u Valdanosu\"}]},{\"@type\":\"Person\",\"@id\":\"https:\/\/www.visit-ulcinj.com\/blog\/#\/schema\/person\/dcab619c614d3038751c63bc2aadc06d\",\"name\":\"ulqini\",\"sameAs\":[\"http:\/\/www.visit-ulcinj.com\"],\"url\":\"https:\/\/www.visit-ulcinj.com\/blog\/author\/admin\/\"}]}<\/script>\n<!-- \/ Yoast SEO plugin. -->","yoast_head_json":{"title":"Odbor za povra\u0107aj Maslinade u Valdanosu - Lajme nga Ulqini","description":"Odbor za povra\u0107aj Maslinade u Valdanosu \u00a0 SAOP\u0160TENJE ZA JAVNOST &nbsp; Najava da \u0107e Vlada Crne Gore uskoro raspisati tender za davanje u zakup uvale","robots":{"index":"index","follow":"follow","max-snippet":"max-snippet:-1","max-image-preview":"max-image-preview:large","max-video-preview":"max-video-preview:-1"},"canonical":"https:\/\/www.visit-ulcinj.com\/blog\/2013\/02\/12\/odbor-za-povracaj-maslinade-u-valdanosu\/","og_locale":"en_US","og_type":"article","og_title":"Odbor za povra\u0107aj Maslinade u Valdanosu - Lajme nga Ulqini","og_description":"Odbor za povra\u0107aj Maslinade u Valdanosu \u00a0 SAOP\u0160TENJE ZA JAVNOST &nbsp; Najava da \u0107e Vlada Crne Gore uskoro raspisati tender za davanje u zakup uvale","og_url":"https:\/\/www.visit-ulcinj.com\/blog\/2013\/02\/12\/odbor-za-povracaj-maslinade-u-valdanosu\/","og_site_name":"Lajme nga Ulqini","article_published_time":"2013-02-12T17:17:04+00:00","article_modified_time":"2013-02-12T17:17:33+00:00","og_image":[{"url":"http:\/\/www.visit-ulcinj.com\/blog\/wp-content\/uploads\/2013\/02\/Odbor-za-povracaj-Maslinade-u-Valdanosu_Ulcinj_Crna-Gora.jpg"}],"twitter_misc":{"Written by":"ulqini","Est. reading time":"1 minute"},"schema":{"@context":"https:\/\/schema.org","@graph":[{"@type":"WebSite","@id":"https:\/\/www.visit-ulcinj.com\/blog\/#website","url":"https:\/\/www.visit-ulcinj.com\/blog\/","name":"Lajme nga Ulqini","description":"Lajme,Vijesti,Ulqini,Ulqin,Crna Gora,Mali i Zi","potentialAction":[{"@type":"SearchAction","target":{"@type":"EntryPoint","urlTemplate":"https:\/\/www.visit-ulcinj.com\/blog\/?s={search_term_string}"},"query-input":"required name=search_term_string"}],"inLanguage":"en-US"},{"@type":"ImageObject","inLanguage":"en-US","@id":"https:\/\/www.visit-ulcinj.com\/blog\/2013\/02\/12\/odbor-za-povracaj-maslinade-u-valdanosu\/#primaryimage","url":"https:\/\/www.visit-ulcinj.com\/blog\/wp-content\/uploads\/2013\/02\/Odbor-za-povracaj-Maslinade-u-Valdanosu_Ulcinj_Crna-Gora.jpg","contentUrl":"https:\/\/www.visit-ulcinj.com\/blog\/wp-content\/uploads\/2013\/02\/Odbor-za-povracaj-Maslinade-u-Valdanosu_Ulcinj_Crna-Gora.jpg","width":604,"height":403},{"@type":"WebPage","@id":"https:\/\/www.visit-ulcinj.com\/blog\/2013\/02\/12\/odbor-za-povracaj-maslinade-u-valdanosu\/#webpage","url":"https:\/\/www.visit-ulcinj.com\/blog\/2013\/02\/12\/odbor-za-povracaj-maslinade-u-valdanosu\/","name":"Odbor za povra\u0107aj Maslinade u Valdanosu - Lajme nga Ulqini","isPartOf":{"@id":"https:\/\/www.visit-ulcinj.com\/blog\/#website"},"primaryImageOfPage":{"@id":"https:\/\/www.visit-ulcinj.com\/blog\/2013\/02\/12\/odbor-za-povracaj-maslinade-u-valdanosu\/#primaryimage"},"datePublished":"2013-02-12T17:17:04+00:00","dateModified":"2013-02-12T17:17:33+00:00","author":{"@id":"https:\/\/www.visit-ulcinj.com\/blog\/#\/schema\/person\/dcab619c614d3038751c63bc2aadc06d"},"description":"Odbor za povra\u0107aj Maslinade u Valdanosu \u00a0 SAOP\u0160TENJE ZA JAVNOST &nbsp; Najava da \u0107e Vlada Crne Gore uskoro raspisati tender za davanje u zakup uvale","breadcrumb":{"@id":"https:\/\/www.visit-ulcinj.com\/blog\/2013\/02\/12\/odbor-za-povracaj-maslinade-u-valdanosu\/#breadcrumb"},"inLanguage":"en-US","potentialAction":[{"@type":"ReadAction","target":["https:\/\/www.visit-ulcinj.com\/blog\/2013\/02\/12\/odbor-za-povracaj-maslinade-u-valdanosu\/"]}]},{"@type":"BreadcrumbList","@id":"https:\/\/www.visit-ulcinj.com\/blog\/2013\/02\/12\/odbor-za-povracaj-maslinade-u-valdanosu\/#breadcrumb","itemListElement":[{"@type":"ListItem","position":1,"name":"Odbor za povra\u0107aj Maslinade u Valdanosu"}]},{"@type":"Person","@id":"https:\/\/www.visit-ulcinj.com\/blog\/#\/schema\/person\/dcab619c614d3038751c63bc2aadc06d","name":"ulqini","sameAs":["http:\/\/www.visit-ulcinj.com"],"url":"https:\/\/www.visit-ulcinj.com\/blog\/author\/admin\/"}]}},"jetpack_featured_media_url":"","jetpack_sharing_enabled":true,"jetpack_shortlink":"https:\/\/wp.me\/pe6lTn-hR3","_links":{"self":[{"href":"https:\/\/www.visit-ulcinj.com\/blog\/wp-json\/wp\/v2\/posts\/68637"}],"collection":[{"href":"https:\/\/www.visit-ulcinj.com\/blog\/wp-json\/wp\/v2\/posts"}],"about":[{"href":"https:\/\/www.visit-ulcinj.com\/blog\/wp-json\/wp\/v2\/types\/post"}],"author":[{"embeddable":true,"href":"https:\/\/www.visit-ulcinj.com\/blog\/wp-json\/wp\/v2\/users\/1"}],"replies":[{"embeddable":true,"href":"https:\/\/www.visit-ulcinj.com\/blog\/wp-json\/wp\/v2\/comments?post=68637"}],"version-history":[{"count":2,"href":"https:\/\/www.visit-ulcinj.com\/blog\/wp-json\/wp\/v2\/posts\/68637\/revisions"}],"predecessor-version":[{"id":68641,"href":"https:\/\/www.visit-ulcinj.com\/blog\/wp-json\/wp\/v2\/posts\/68637\/revisions\/68641"}],"wp:attachment":[{"href":"https:\/\/www.visit-ulcinj.com\/blog\/wp-json\/wp\/v2\/media?parent=68637"}],"wp:term":[{"taxonomy":"category","embeddable":true,"href":"https:\/\/www.visit-ulcinj.com\/blog\/wp-json\/wp\/v2\/categories?post=68637"},{"taxonomy":"post_tag","embeddable":true,"href":"https:\/\/www.visit-ulcinj.com\/blog\/wp-json\/wp\/v2\/tags?post=68637"}],"curies":[{"name":"wp","href":"https:\/\/api.w.org\/{rel}","templated":true}]}}