{"id":68664,"date":"2013-02-13T17:09:50","date_gmt":"2013-02-13T16:09:50","guid":{"rendered":"http:\/\/www.visit-ulcinj.com\/blog\/?p=68664"},"modified":"2013-02-15T06:56:17","modified_gmt":"2013-02-15T05:56:17","slug":"kryetari-cungu-reagon-ndaj-deklarates-se-djeshme-te-keshillit-per-kthimin-e-ullishtes-ne-valdanos","status":"publish","type":"post","link":"https:\/\/www.visit-ulcinj.com\/blog\/2013\/02\/13\/kryetari-cungu-reagon-ndaj-deklarates-se-djeshme-te-keshillit-per-kthimin-e-ullishtes-ne-valdanos\/","title":{"rendered":"Kryetari Cungu reagon ndaj deklarat\u00ebs s\u00eb djeshme t\u00eb K\u00ebshillit p\u00ebr kthimin e Ullisht\u00ebs n\u00eb Valdanos"},"content":{"rendered":"<p><strong><a href=\"http:\/\/www.visit-ulcinj.com\/blog\/wp-content\/uploads\/2013\/02\/Nazif-Cungu-Reagimi-ndaj-Valdanosit.1.jpg\"><img loading=\"lazy\" class=\"alignleft  wp-image-68665\" alt=\"Nazif Cungu Reagimi ndaj Valdanosit.1\" src=\"http:\/\/www.visit-ulcinj.com\/blog\/wp-content\/uploads\/2013\/02\/Nazif-Cungu-Reagimi-ndaj-Valdanosit.1.jpg\" width=\"508\" height=\"360\" \/><\/a>Kryetari Cungu reagon ndaj paraqitjes s\u00eb djeshme t\u00eb K\u00ebshillit p\u00ebr kthimin e Ullisht\u00ebs n\u00eb Valdanos<\/strong><\/p>\n<p>Kryetari Cungu reagon ndaj paraqitjes s\u00eb djeshme t\u00eb K\u00ebshillit p\u00ebr kthimin e Ullisht\u00ebs n\u00eb Valdanos dhe i rejtohet mediave me dekarat\u00ebn n\u00eb vijim:<\/p>\n<p>T\u00eb nderuar qytetar\u00eb,<\/p>\n<p>E ndjej si obligim q\u00eb si Kryetar i Komun\u00ebs t\u00eb reagoj n\u00eb paraqitjen e djeshme t\u00eb K\u00ebshillit p\u00ebr kthimin e Ullisht\u00ebs n\u00eb Valdanos, me t\u00eb cilin shpreh\u00ebn pak\u00ebnaq\u00ebsi nd\u00ebr t\u00eb tjera edhe ndaj Komun\u00ebs s\u00eb Ulqinit lidhur me k\u00ebt\u00eb \u00e7\u00ebshtje.<\/p>\n<p><a href=\"http:\/\/www.visit-ulcinj.com\/blog\/wp-content\/uploads\/2013\/02\/Nazif-Cungu-Reagimi-ndaj-Valdanosit.jpg\"><img loading=\"lazy\" class=\"alignleft  wp-image-68666\" alt=\"Nazif Cungu Reagimi ndaj Valdanosit\" src=\"http:\/\/www.visit-ulcinj.com\/blog\/wp-content\/uploads\/2013\/02\/Nazif-Cungu-Reagimi-ndaj-Valdanosit.jpg\" width=\"508\" height=\"300\" \/><\/a><\/p>\n<p>S\u00eb pari d\u00ebshiroj q\u00eb tua kujtoj, q\u00eb me ardhjen ton\u00eb n\u00eb pushtet p\u00ebr t\u00eb par\u00ebn her\u00eb \u00ebsht\u00eb inicuar dhe institucionalizuar \u00e7\u00ebshtja e kthimit t\u00eb Ullisht\u00ebs n\u00eb Valdanos, p\u00ebrkat\u00ebsisht p\u00ebr t\u00eb par\u00ebn her\u00eb p\u00ebr k\u00ebt\u00eb \u00e7\u00ebshtje \u00ebsht\u00eb fituar p\u00ebrkrahja e vet\u00ebqeverisjes lokale, e cila n\u00eb t\u00eb v\u00ebrtet\u00eb tenton ta zbatoj\u00eb Deklarat\u00ebn p\u00ebr Valdanos t\u00eb cil\u00ebn e ka aprovuar Kuvendi komunal i Ulqinit n\u00eb vitin 2007<br \/>\nMenj\u00ebher\u00eb pas ardhjes time n\u00eb postin e kryetarit t\u00eb komun\u00ebs jam qasur shqyrtimit t\u00eb gjithansh\u00ebm t\u00eb k\u00ebsaj \u00e7\u00ebshtjeje dhe k\u00ebrkimit t\u00eb zgjidhjes s\u00eb mundshme t\u00eb pranueshme p\u00ebr t\u00eb gjitha pal\u00ebt. P\u00ebr k\u00ebt\u00eb q\u00ebllim me t\u00eb gjitha pal\u00ebt kam organizuar nj\u00eb s\u00ebr\u00eb takimesh t\u00eb p\u00ebrbashk\u00ebta, ku jan\u00eb shqyrtuar t\u00eb gjitha mund\u00ebsit\u00eb. Menj\u00ebher\u00eb do t\u00eb nxjerr p\u00ebrfundimin q\u00eb negociatat kan\u00eb qen\u00eb shum\u00eb t\u00eb v\u00ebshtira, sepse nga nj\u00ebra an\u00eb kemi pasur p\u00ebrfaq\u00ebsuesit e qeveris\u00eb t\u00eb cil\u00ebt kan\u00eb insistuar n\u00eb q\u00ebndrimet e tyre q\u00eb ullishta \u00ebsht\u00eb pron\u00eb shtet\u00ebrore, q\u00eb procedura ka p\u00ebrfunduar, dhe se zgjidhja m\u00eb e mir\u00eb \u00ebsht\u00eb valorizimi turistik, e nga ana tjet\u00ebr kemi ish pronar\u00ebt t\u00eb cil\u00ebt me t\u00eb drejt\u00eb thon\u00eb q\u00eb Ullishta e Valdanosit shtet\u00ebzuar prej pronar\u00ebve t\u00eb dikursh\u00ebm p\u00ebr nd\u00ebrtimin e baz\u00ebs ushtarake, me nj\u00eb kompensim t\u00eb pashembullt simbolik t\u00eb ish pronar\u00ebve, pasi q\u00eb baza ushtarake nuk \u00ebsht\u00eb nd\u00ebrtuar vihet n\u00eb pik\u00ebpyetje baza e m\u00ebtejme e mbajtjes n\u00eb pron\u00ebsi nga ana e shtetit t\u00eb k\u00ebsaj prone. Aqe m\u00eb tep\u00ebr pasi q\u00eb nga dita e shtet\u00ebzimit nd\u00ebrpritet \u00e7do p\u00ebrkujdesje p\u00ebr mir\u00ebmbajtjen e atyre ullinjve, t\u00eb cil\u00ebt tani jan\u00eb n\u00eb k\u00ebt\u00eb gjendje, e q\u00eb kan\u00eb nevoj\u00eb p\u00ebr nj\u00eb revitalizim t\u00eb gjithansh\u00ebm.<br \/>\nT\u00eb papranueshme dhe tendencioze jan\u00eb pohimet se Komuna nuk e zbaton vendimin e deekspropijim nga viti 2007. N\u00eb fakt sipas ligjit p\u00ebr shtet\u00ebzim, deekspropijimin e b\u00ebn\u00eb drejtoria p\u00ebr patundshm\u00ebri \u2013 dmth organi republika e jo ai lokal, e at\u00eb me k\u00ebrkes\u00ebn e pal\u00ebs. K\u00ebt\u00eb shum\u00eb mir\u00eb e din\u00eb p\u00ebrfaq\u00ebsuesit e ish pronar\u00ebve, sepse p\u00ebr k\u00ebt\u00eb kemi folur disa her\u00eb<br \/>\nN\u00eb fund dua t\u00eb theksoj, se ky pushtet lokal, me mua n\u00eb krye, edhe m\u00eb tutje edhe p\u00ebrkund\u00ebr t\u00eb gjitha v\u00ebshtir\u00ebsive do t\u00eb insistojm\u00eb n\u00eb zgjidhjen e k\u00ebtij problem deri sat \u00eb zgjidhet p\u00ebrfundimisht, pasi q\u00eb ky \u00ebsht\u00eb edhe programi politik i Forc\u00ebs, t\u00eb cil\u00ebn un\u00eb e p\u00ebrfaqsoj, dhe me k\u00ebt\u00eb \u00e7\u00ebshtje merremi q\u00eb nga formimi dhe q\u00ebndrimet tona nuk kan\u00eb ndryshuar. Por duhet kuptuar q\u00eb mund\u00ebsit\u00eb tona jan\u00eb t\u00eb kufizuara, pasi q\u00eb k\u00ebtu n\u00eb fund t\u00eb fundit b\u00ebhet fjal\u00eb p\u00ebr \u00e7\u00ebshtje politike dhe d\u00ebshir\u00ebs politike t\u00eb pushtetit qenror q\u00eb k\u00ebt\u00eb \u00e7\u00ebshtje ta zgjidh\u00eb. K\u00ebt\u00eb e dine edhe ish pronar\u00ebt, k\u00ebshtu q\u00eb besoj se t\u00eb gjith\u00eb e kan\u00eb t\u00eb qart\u00eb q\u00eb reagimi i tyre \u00ebsht\u00eb i pa vend.<br \/>\n<a href=\"http:\/\/www.visit-ulcinj.com\/blog\/wp-content\/uploads\/2013\/02\/Nazif-Cungu-Reagimi-ndaj-Valdanosit.2.jpg\"><img loading=\"lazy\" class=\"alignleft  wp-image-68667\" alt=\"Nazif Cungu Reagimi ndaj Valdanosit.2\" src=\"http:\/\/www.visit-ulcinj.com\/blog\/wp-content\/uploads\/2013\/02\/Nazif-Cungu-Reagimi-ndaj-Valdanosit.2.jpg\" width=\"508\" height=\"300\" \/><\/a><br \/>\nGjithashtu d\u00ebshiroj t\u00eb shfryt\u00ebzoj rastin q\u00eb t\u00eb paraqes q\u00ebndrimin tone I cili tashm\u00eb dihet, q\u00eb ne jemi kund\u00ebr dh\u00ebnies me qira t\u00eb gjirit t\u00eb Valdanosit, ashtu si\u00e7 \u00ebsht\u00eb vepruar m\u00eb heret dhe si ka p\u00ebr q\u00ebllim t\u00eb b\u00ebhet edhe k\u00ebsaj radhe. Ne si pushtet lokal nuk kemi t\u00eb drejt\u00eb t\u00eb p\u00ebrkrahim at\u00eb q\u00eb e kund\u00ebrshton shumica e qytetar\u00ebve t\u00eb Ulqinit, dhe \u00e7ka \u00ebsht\u00eb n\u00eb kund\u00ebrshtim me p\u00ebrfundimet e nj\u00ebz\u00ebshme Kuvendit t\u00eb Komun\u00ebs s\u00eb Ulqinit,. Dhe k\u00ebsaj radhe I b\u00ebjm\u00eb thirrje Kshillit per privatizim q\u00eb t\u00eb heq dor\u00eb q\u00ebllimi I dh\u00ebnies m,e qira t\u00eb Valdanosit, sepse ajo edhe k\u00ebsaj radhe nuk do t\u00eb ket\u00eb sukses, pasi q\u00eb asnj\u00eb investiture nuk do t\u00eb investoj\u00eb n\u00eb zonat kontestuese pron\u00ebsore, dhe p\u00ebr t\u00eb cilat nuk ka p\u00ebrkrahjen e komunitetit dhe pushtetit lokal.<\/p>\n<p><strong>Op\u0161tina Ulcinj \/ Komuna e Ulqinit<\/strong><br \/>\nTel: +382 30 412 050<br \/>\nFax: +382 30 412 413<br \/>\nAdresa: Bul. Skenderbeu bb, 85360 Ulcinj, MNE<\/p>\n","protected":false},"excerpt":{"rendered":"<p>Kryetari Cungu reagon ndaj paraqitjes s\u00eb djeshme t\u00eb K\u00ebshillit p\u00ebr kthimin e Ullisht\u00ebs n\u00eb Valdanos Kryetari Cungu reagon ndaj paraqitjes s\u00eb djeshme t\u00eb K\u00ebshillit p\u00ebr kthimin e Ullisht\u00ebs n\u00eb Valdanos dhe i rejtohet mediave me dekarat\u00ebn n\u00eb vijim: T\u00eb nderuar qytetar\u00eb, E ndjej si obligim q\u00eb si Kryetar i Komun\u00ebs t\u00eb reagoj n\u00eb paraqitjen e [&hellip;]<\/p>\n","protected":false},"author":1,"featured_media":0,"comment_status":"open","ping_status":"closed","sticky":false,"template":"","format":"standard","meta":{"spay_email":"","jetpack_publicize_message":"","jetpack_is_tweetstorm":false,"jetpack_publicize_feature_enabled":true},"categories":[1,11],"tags":[297,200,18,136,561],"jetpack_publicize_connections":[],"yoast_head":"<!-- This site is optimized with the Yoast SEO plugin v19.1 - https:\/\/yoast.com\/wordpress\/plugins\/seo\/ -->\n<title>Kryetari Cungu reagon ndaj deklarat\u00ebs s\u00eb djeshme t\u00eb K\u00ebshillit p\u00ebr kthimin e Ullisht\u00ebs n\u00eb Valdanos - Lajme nga Ulqini<\/title>\n<meta name=\"description\" content=\"Kryetari Cungu reagon ndaj paraqitjes s\u00eb djeshme t\u00eb K\u00ebshillit p\u00ebr kthimin e Ullisht\u00ebs n\u00eb Valdanos Kryetari Cungu reagon ndaj paraqitjes s\u00eb djeshme t\u00eb\" \/>\n<meta name=\"robots\" content=\"index, follow, max-snippet:-1, max-image-preview:large, max-video-preview:-1\" \/>\n<link rel=\"canonical\" href=\"https:\/\/www.visit-ulcinj.com\/blog\/2013\/02\/13\/kryetari-cungu-reagon-ndaj-deklarates-se-djeshme-te-keshillit-per-kthimin-e-ullishtes-ne-valdanos\/\" \/>\n<meta property=\"og:locale\" content=\"en_US\" \/>\n<meta property=\"og:type\" content=\"article\" \/>\n<meta property=\"og:title\" content=\"Kryetari Cungu reagon ndaj deklarat\u00ebs s\u00eb djeshme t\u00eb K\u00ebshillit p\u00ebr kthimin e Ullisht\u00ebs n\u00eb Valdanos - Lajme nga Ulqini\" \/>\n<meta property=\"og:description\" content=\"Kryetari Cungu reagon ndaj paraqitjes s\u00eb djeshme t\u00eb K\u00ebshillit p\u00ebr kthimin e Ullisht\u00ebs n\u00eb Valdanos Kryetari Cungu reagon ndaj paraqitjes s\u00eb djeshme t\u00eb\" \/>\n<meta property=\"og:url\" content=\"https:\/\/www.visit-ulcinj.com\/blog\/2013\/02\/13\/kryetari-cungu-reagon-ndaj-deklarates-se-djeshme-te-keshillit-per-kthimin-e-ullishtes-ne-valdanos\/\" \/>\n<meta property=\"og:site_name\" content=\"Lajme nga Ulqini\" \/>\n<meta property=\"article:published_time\" content=\"2013-02-13T16:09:50+00:00\" \/>\n<meta property=\"article:modified_time\" content=\"2013-02-15T05:56:17+00:00\" \/>\n<meta property=\"og:image\" content=\"http:\/\/www.visit-ulcinj.com\/blog\/wp-content\/uploads\/2013\/02\/Nazif-Cungu-Reagimi-ndaj-Valdanosit.1.jpg\" \/>\n<meta name=\"twitter:label1\" content=\"Written by\" \/>\n\t<meta name=\"twitter:data1\" content=\"ulqini\" \/>\n\t<meta name=\"twitter:label2\" content=\"Est. reading time\" \/>\n\t<meta name=\"twitter:data2\" content=\"4 minutes\" \/>\n<script type=\"application\/ld+json\" class=\"yoast-schema-graph\">{\"@context\":\"https:\/\/schema.org\",\"@graph\":[{\"@type\":\"WebSite\",\"@id\":\"https:\/\/www.visit-ulcinj.com\/blog\/#website\",\"url\":\"https:\/\/www.visit-ulcinj.com\/blog\/\",\"name\":\"Lajme nga Ulqini\",\"description\":\"Lajme,Vijesti,Ulqini,Ulqin,Crna Gora,Mali i Zi\",\"potentialAction\":[{\"@type\":\"SearchAction\",\"target\":{\"@type\":\"EntryPoint\",\"urlTemplate\":\"https:\/\/www.visit-ulcinj.com\/blog\/?s={search_term_string}\"},\"query-input\":\"required name=search_term_string\"}],\"inLanguage\":\"en-US\"},{\"@type\":\"ImageObject\",\"inLanguage\":\"en-US\",\"@id\":\"https:\/\/www.visit-ulcinj.com\/blog\/2013\/02\/13\/kryetari-cungu-reagon-ndaj-deklarates-se-djeshme-te-keshillit-per-kthimin-e-ullishtes-ne-valdanos\/#primaryimage\",\"url\":\"https:\/\/www.visit-ulcinj.com\/blog\/wp-content\/uploads\/2013\/02\/Nazif-Cungu-Reagimi-ndaj-Valdanosit.1.jpg\",\"contentUrl\":\"https:\/\/www.visit-ulcinj.com\/blog\/wp-content\/uploads\/2013\/02\/Nazif-Cungu-Reagimi-ndaj-Valdanosit.1.jpg\",\"width\":640,\"height\":424},{\"@type\":\"WebPage\",\"@id\":\"https:\/\/www.visit-ulcinj.com\/blog\/2013\/02\/13\/kryetari-cungu-reagon-ndaj-deklarates-se-djeshme-te-keshillit-per-kthimin-e-ullishtes-ne-valdanos\/#webpage\",\"url\":\"https:\/\/www.visit-ulcinj.com\/blog\/2013\/02\/13\/kryetari-cungu-reagon-ndaj-deklarates-se-djeshme-te-keshillit-per-kthimin-e-ullishtes-ne-valdanos\/\",\"name\":\"Kryetari Cungu reagon ndaj deklarat\u00ebs s\u00eb djeshme t\u00eb K\u00ebshillit p\u00ebr kthimin e Ullisht\u00ebs n\u00eb Valdanos - Lajme nga Ulqini\",\"isPartOf\":{\"@id\":\"https:\/\/www.visit-ulcinj.com\/blog\/#website\"},\"primaryImageOfPage\":{\"@id\":\"https:\/\/www.visit-ulcinj.com\/blog\/2013\/02\/13\/kryetari-cungu-reagon-ndaj-deklarates-se-djeshme-te-keshillit-per-kthimin-e-ullishtes-ne-valdanos\/#primaryimage\"},\"datePublished\":\"2013-02-13T16:09:50+00:00\",\"dateModified\":\"2013-02-15T05:56:17+00:00\",\"author\":{\"@id\":\"https:\/\/www.visit-ulcinj.com\/blog\/#\/schema\/person\/dcab619c614d3038751c63bc2aadc06d\"},\"description\":\"Kryetari Cungu reagon ndaj paraqitjes s\u00eb djeshme t\u00eb K\u00ebshillit p\u00ebr kthimin e Ullisht\u00ebs n\u00eb Valdanos Kryetari Cungu reagon ndaj paraqitjes s\u00eb djeshme t\u00eb\",\"breadcrumb\":{\"@id\":\"https:\/\/www.visit-ulcinj.com\/blog\/2013\/02\/13\/kryetari-cungu-reagon-ndaj-deklarates-se-djeshme-te-keshillit-per-kthimin-e-ullishtes-ne-valdanos\/#breadcrumb\"},\"inLanguage\":\"en-US\",\"potentialAction\":[{\"@type\":\"ReadAction\",\"target\":[\"https:\/\/www.visit-ulcinj.com\/blog\/2013\/02\/13\/kryetari-cungu-reagon-ndaj-deklarates-se-djeshme-te-keshillit-per-kthimin-e-ullishtes-ne-valdanos\/\"]}]},{\"@type\":\"BreadcrumbList\",\"@id\":\"https:\/\/www.visit-ulcinj.com\/blog\/2013\/02\/13\/kryetari-cungu-reagon-ndaj-deklarates-se-djeshme-te-keshillit-per-kthimin-e-ullishtes-ne-valdanos\/#breadcrumb\",\"itemListElement\":[{\"@type\":\"ListItem\",\"position\":1,\"name\":\"Kryetari Cungu reagon ndaj deklarat\u00ebs s\u00eb djeshme t\u00eb K\u00ebshillit p\u00ebr kthimin e Ullisht\u00ebs n\u00eb Valdanos\"}]},{\"@type\":\"Person\",\"@id\":\"https:\/\/www.visit-ulcinj.com\/blog\/#\/schema\/person\/dcab619c614d3038751c63bc2aadc06d\",\"name\":\"ulqini\",\"sameAs\":[\"http:\/\/www.visit-ulcinj.com\"],\"url\":\"https:\/\/www.visit-ulcinj.com\/blog\/author\/admin\/\"}]}<\/script>\n<!-- \/ Yoast SEO plugin. -->","yoast_head_json":{"title":"Kryetari Cungu reagon ndaj deklarat\u00ebs s\u00eb djeshme t\u00eb K\u00ebshillit p\u00ebr kthimin e Ullisht\u00ebs n\u00eb Valdanos - Lajme nga Ulqini","description":"Kryetari Cungu reagon ndaj paraqitjes s\u00eb djeshme t\u00eb K\u00ebshillit p\u00ebr kthimin e Ullisht\u00ebs n\u00eb Valdanos Kryetari Cungu reagon ndaj paraqitjes s\u00eb djeshme t\u00eb","robots":{"index":"index","follow":"follow","max-snippet":"max-snippet:-1","max-image-preview":"max-image-preview:large","max-video-preview":"max-video-preview:-1"},"canonical":"https:\/\/www.visit-ulcinj.com\/blog\/2013\/02\/13\/kryetari-cungu-reagon-ndaj-deklarates-se-djeshme-te-keshillit-per-kthimin-e-ullishtes-ne-valdanos\/","og_locale":"en_US","og_type":"article","og_title":"Kryetari Cungu reagon ndaj deklarat\u00ebs s\u00eb djeshme t\u00eb K\u00ebshillit p\u00ebr kthimin e Ullisht\u00ebs n\u00eb Valdanos - Lajme nga Ulqini","og_description":"Kryetari Cungu reagon ndaj paraqitjes s\u00eb djeshme t\u00eb K\u00ebshillit p\u00ebr kthimin e Ullisht\u00ebs n\u00eb Valdanos Kryetari Cungu reagon ndaj paraqitjes s\u00eb djeshme t\u00eb","og_url":"https:\/\/www.visit-ulcinj.com\/blog\/2013\/02\/13\/kryetari-cungu-reagon-ndaj-deklarates-se-djeshme-te-keshillit-per-kthimin-e-ullishtes-ne-valdanos\/","og_site_name":"Lajme nga Ulqini","article_published_time":"2013-02-13T16:09:50+00:00","article_modified_time":"2013-02-15T05:56:17+00:00","og_image":[{"url":"http:\/\/www.visit-ulcinj.com\/blog\/wp-content\/uploads\/2013\/02\/Nazif-Cungu-Reagimi-ndaj-Valdanosit.1.jpg"}],"twitter_misc":{"Written by":"ulqini","Est. reading time":"4 minutes"},"schema":{"@context":"https:\/\/schema.org","@graph":[{"@type":"WebSite","@id":"https:\/\/www.visit-ulcinj.com\/blog\/#website","url":"https:\/\/www.visit-ulcinj.com\/blog\/","name":"Lajme nga Ulqini","description":"Lajme,Vijesti,Ulqini,Ulqin,Crna Gora,Mali i Zi","potentialAction":[{"@type":"SearchAction","target":{"@type":"EntryPoint","urlTemplate":"https:\/\/www.visit-ulcinj.com\/blog\/?s={search_term_string}"},"query-input":"required name=search_term_string"}],"inLanguage":"en-US"},{"@type":"ImageObject","inLanguage":"en-US","@id":"https:\/\/www.visit-ulcinj.com\/blog\/2013\/02\/13\/kryetari-cungu-reagon-ndaj-deklarates-se-djeshme-te-keshillit-per-kthimin-e-ullishtes-ne-valdanos\/#primaryimage","url":"https:\/\/www.visit-ulcinj.com\/blog\/wp-content\/uploads\/2013\/02\/Nazif-Cungu-Reagimi-ndaj-Valdanosit.1.jpg","contentUrl":"https:\/\/www.visit-ulcinj.com\/blog\/wp-content\/uploads\/2013\/02\/Nazif-Cungu-Reagimi-ndaj-Valdanosit.1.jpg","width":640,"height":424},{"@type":"WebPage","@id":"https:\/\/www.visit-ulcinj.com\/blog\/2013\/02\/13\/kryetari-cungu-reagon-ndaj-deklarates-se-djeshme-te-keshillit-per-kthimin-e-ullishtes-ne-valdanos\/#webpage","url":"https:\/\/www.visit-ulcinj.com\/blog\/2013\/02\/13\/kryetari-cungu-reagon-ndaj-deklarates-se-djeshme-te-keshillit-per-kthimin-e-ullishtes-ne-valdanos\/","name":"Kryetari Cungu reagon ndaj deklarat\u00ebs s\u00eb djeshme t\u00eb K\u00ebshillit p\u00ebr kthimin e Ullisht\u00ebs n\u00eb Valdanos - Lajme nga Ulqini","isPartOf":{"@id":"https:\/\/www.visit-ulcinj.com\/blog\/#website"},"primaryImageOfPage":{"@id":"https:\/\/www.visit-ulcinj.com\/blog\/2013\/02\/13\/kryetari-cungu-reagon-ndaj-deklarates-se-djeshme-te-keshillit-per-kthimin-e-ullishtes-ne-valdanos\/#primaryimage"},"datePublished":"2013-02-13T16:09:50+00:00","dateModified":"2013-02-15T05:56:17+00:00","author":{"@id":"https:\/\/www.visit-ulcinj.com\/blog\/#\/schema\/person\/dcab619c614d3038751c63bc2aadc06d"},"description":"Kryetari Cungu reagon ndaj paraqitjes s\u00eb djeshme t\u00eb K\u00ebshillit p\u00ebr kthimin e Ullisht\u00ebs n\u00eb Valdanos Kryetari Cungu reagon ndaj paraqitjes s\u00eb djeshme t\u00eb","breadcrumb":{"@id":"https:\/\/www.visit-ulcinj.com\/blog\/2013\/02\/13\/kryetari-cungu-reagon-ndaj-deklarates-se-djeshme-te-keshillit-per-kthimin-e-ullishtes-ne-valdanos\/#breadcrumb"},"inLanguage":"en-US","potentialAction":[{"@type":"ReadAction","target":["https:\/\/www.visit-ulcinj.com\/blog\/2013\/02\/13\/kryetari-cungu-reagon-ndaj-deklarates-se-djeshme-te-keshillit-per-kthimin-e-ullishtes-ne-valdanos\/"]}]},{"@type":"BreadcrumbList","@id":"https:\/\/www.visit-ulcinj.com\/blog\/2013\/02\/13\/kryetari-cungu-reagon-ndaj-deklarates-se-djeshme-te-keshillit-per-kthimin-e-ullishtes-ne-valdanos\/#breadcrumb","itemListElement":[{"@type":"ListItem","position":1,"name":"Kryetari Cungu reagon ndaj deklarat\u00ebs s\u00eb djeshme t\u00eb K\u00ebshillit p\u00ebr kthimin e Ullisht\u00ebs n\u00eb Valdanos"}]},{"@type":"Person","@id":"https:\/\/www.visit-ulcinj.com\/blog\/#\/schema\/person\/dcab619c614d3038751c63bc2aadc06d","name":"ulqini","sameAs":["http:\/\/www.visit-ulcinj.com"],"url":"https:\/\/www.visit-ulcinj.com\/blog\/author\/admin\/"}]}},"jetpack_featured_media_url":"","jetpack_sharing_enabled":true,"jetpack_shortlink":"https:\/\/wp.me\/pe6lTn-hRu","_links":{"self":[{"href":"https:\/\/www.visit-ulcinj.com\/blog\/wp-json\/wp\/v2\/posts\/68664"}],"collection":[{"href":"https:\/\/www.visit-ulcinj.com\/blog\/wp-json\/wp\/v2\/posts"}],"about":[{"href":"https:\/\/www.visit-ulcinj.com\/blog\/wp-json\/wp\/v2\/types\/post"}],"author":[{"embeddable":true,"href":"https:\/\/www.visit-ulcinj.com\/blog\/wp-json\/wp\/v2\/users\/1"}],"replies":[{"embeddable":true,"href":"https:\/\/www.visit-ulcinj.com\/blog\/wp-json\/wp\/v2\/comments?post=68664"}],"version-history":[{"count":2,"href":"https:\/\/www.visit-ulcinj.com\/blog\/wp-json\/wp\/v2\/posts\/68664\/revisions"}],"predecessor-version":[{"id":68740,"href":"https:\/\/www.visit-ulcinj.com\/blog\/wp-json\/wp\/v2\/posts\/68664\/revisions\/68740"}],"wp:attachment":[{"href":"https:\/\/www.visit-ulcinj.com\/blog\/wp-json\/wp\/v2\/media?parent=68664"}],"wp:term":[{"taxonomy":"category","embeddable":true,"href":"https:\/\/www.visit-ulcinj.com\/blog\/wp-json\/wp\/v2\/categories?post=68664"},{"taxonomy":"post_tag","embeddable":true,"href":"https:\/\/www.visit-ulcinj.com\/blog\/wp-json\/wp\/v2\/tags?post=68664"}],"curies":[{"name":"wp","href":"https:\/\/api.w.org\/{rel}","templated":true}]}}