{"id":68672,"date":"2013-02-13T17:45:09","date_gmt":"2013-02-13T16:45:09","guid":{"rendered":"http:\/\/www.visit-ulcinj.com\/blog\/?p=68672"},"modified":"2013-02-13T17:46:05","modified_gmt":"2013-02-13T16:46:05","slug":"sastanak-cungua-i-ministra-ivana-brajovica","status":"publish","type":"post","link":"https:\/\/www.visit-ulcinj.com\/blog\/2013\/02\/13\/sastanak-cungua-i-ministra-ivana-brajovica\/","title":{"rendered":"Sastanak Cungua i Ministra Ivana Brajovica"},"content":{"rendered":"<p><strong><a href=\"http:\/\/www.visit-ulcinj.com\/blog\/wp-content\/uploads\/2013\/02\/Nazi-Cungu-Ministar-Ivan-Brajovic_Ulcinj.jpg\"><img loading=\"lazy\" class=\"alignleft  wp-image-68673\" alt=\"Nazi Cungu-Ministar Ivan Brajovic_Ulcinj\" src=\"http:\/\/www.visit-ulcinj.com\/blog\/wp-content\/uploads\/2013\/02\/Nazi-Cungu-Ministar-Ivan-Brajovic_Ulcinj.jpg\" width=\"508\" height=\"360\" \/><\/a>Sastanak Predsjednika op\u0161tine Ulcinj Nazifa Cungua i Ministra saobra\u0107aja i pomorstva Ivana Brajovi\u0107a<\/strong><\/p>\n<p>&nbsp;<\/p>\n<p>Nakon obilaska gradili\u0161ta na Port Mileni u kabinetu predsjednika op\u0161tine Ulcinj odr\u017ean je sastanak u kojem su, pored delegacije iz Op\u0161tine Ulcinj i Ministra saobracaja i pomorstva Ivana Brajovi\u0107a u\u010destvovali i direktor Direkcije za saobra\u0107aj Veselin Grbovi\u0107 kao i in\u017eenjer Direkcije za saobra\u0107aj Du\u0161ko Koki\u0107.<br \/>\n<a href=\"http:\/\/www.visit-ulcinj.com\/blog\/wp-content\/uploads\/2013\/02\/Nazi-Cungu-Ministar-Ivan-Brajovic_Ulcinj.2.jpg\"><img loading=\"lazy\" class=\"alignleft  wp-image-68674\" alt=\"Nazi Cungu-Ministar Ivan Brajovic_Ulcinj.2\" src=\"http:\/\/www.visit-ulcinj.com\/blog\/wp-content\/uploads\/2013\/02\/Nazi-Cungu-Ministar-Ivan-Brajovic_Ulcinj.2.jpg\" width=\"508\" height=\"300\" \/><\/a><br \/>\nNa sastanku se razgovaralo o mnogim zna\u010dajnim projektima od kojih je na prvom planu zavr\u0161etak radova na mostu Port Milena \u0161to treba da se zavr\u0161i krajem marta nakon \u010dega slijedi realizacija privremenog rije\u0161enja spajanja mosta sa bulevarom prije turisti\u010dke sezone. Projekat izgradnje kru\u017enog toka ispred Op\u0161tine Ulcinj kao i dionica do bulevara \u201eMajka Tereza&#8221; je tako\u0111e razmatran na sastanku sa \u010dime \u0107e se nastaviti nakon turisti\u010dke sezone.<br \/>\n<a href=\"http:\/\/www.visit-ulcinj.com\/blog\/wp-content\/uploads\/2013\/02\/Nazi-Cungu-Ministar-Ivan-Brajovic_Ulcinj.3.jpg\"><img loading=\"lazy\" class=\"alignleft  wp-image-68675\" alt=\"Nazi Cungu-Ministar Ivan Brajovic_Ulcinj.3\" src=\"http:\/\/www.visit-ulcinj.com\/blog\/wp-content\/uploads\/2013\/02\/Nazi-Cungu-Ministar-Ivan-Brajovic_Ulcinj.3.jpg\" width=\"508\" height=\"300\" \/><\/a><\/p>\n<p>Nastavak izgradnje druge faze regionalnog puta Ulcinj \u2013 Sukobin uklju\u010duje i problem premje\u0161tanja cjevovoda od Kruta do raskrsnice prema Ostrosu, o ovome su se pristni usaglasili \u00a0da \u00a0je potrebna finansijska podr\u0161ka svih relevantih ministarstva. Na osnovu postoje\u0107eg predra\u010duna realizacija premje\u0161tanja cijevovoda iznosi180 000 EUR. Minsitar Brajovi\u0107 je naglasio da je potrebno ukloniti sve barijere koje bi usporile zavr\u0161etak druge faze izgradnje puta prije turisti\u010dke sezone kao i obe\u0107ao da \u0107e pomo\u0107i komunikaciju problema drugim ministarstvima koja bi mogle da se anga\u017euju u rije\u0161avanju istog. Produbljenje Bojane je jedan od projekata koji Ministarstvo saobra\u0107aja podr\u017eava u potpunosti i koji bi trebao da se realizuje u saradnji sa Albanijom.<br \/>\n<a href=\"http:\/\/www.visit-ulcinj.com\/blog\/wp-content\/uploads\/2013\/02\/Nazi-Cungu-Ministar-Ivan-Brajovic_Ulcinj.1.jpg\"><img loading=\"lazy\" class=\"alignleft  wp-image-68676\" alt=\"Nazi Cungu-Ministar Ivan Brajovic_Ulcinj.1\" src=\"http:\/\/www.visit-ulcinj.com\/blog\/wp-content\/uploads\/2013\/02\/Nazi-Cungu-Ministar-Ivan-Brajovic_Ulcinj.1.jpg\" width=\"508\" height=\"300\" \/><\/a><br \/>\nVeoma zna\u010dajno pitanje za op\u0161tinu Ulcinj je izgradnja marine koju su predstavnici Op\u0161tine Ulcinj otvorili na sastanku. Oni su ministra upoznali sa planiranim lokacijama i tra\u017eili podr\u0161ku od strane Ministarstva saobra\u0107aja u realizaciji istog. Ministar Brajovi\u0107 je pozitivno ocjenio projekat izgradnje marine i naglasio da \u0107e kontaktirati zainteresovane investitore i upoznati sa ovim. Jedno veoma bitno pitanje koje je tako\u0111e otvoreno je regulisanje Centra Vladimira \u0161to \u0107e se ubrzo razmatrati od strane ekipe na terenu.<\/p>\n<p><strong>Op\u0161tina Ulcinj \/ Komuna e Ulqinit<\/strong><br \/>\nTel: +382 30 412 050<br \/>\nFax: +382 30 412 413<br \/>\nAdresa: Bul. Skenderbeu bb, 85360 Ulcinj, MNE<\/p>\n","protected":false},"excerpt":{"rendered":"<p>Sastanak Predsjednika op\u0161tine Ulcinj Nazifa Cungua i Ministra saobra\u0107aja i pomorstva Ivana Brajovi\u0107a &nbsp; Nakon obilaska gradili\u0161ta na Port Mileni u kabinetu predsjednika op\u0161tine Ulcinj odr\u017ean je sastanak u kojem su, pored delegacije iz Op\u0161tine Ulcinj i Ministra saobracaja i pomorstva Ivana Brajovi\u0107a u\u010destvovali i direktor Direkcije za saobra\u0107aj Veselin Grbovi\u0107 kao i in\u017eenjer Direkcije [&hellip;]<\/p>\n","protected":false},"author":1,"featured_media":0,"comment_status":"open","ping_status":"closed","sticky":false,"template":"","format":"standard","meta":{"spay_email":"","jetpack_publicize_message":"","jetpack_is_tweetstorm":false,"jetpack_publicize_feature_enabled":true},"categories":[6950],"tags":[21777,118,264,19],"jetpack_publicize_connections":[],"yoast_head":"<!-- This site is optimized with the Yoast SEO plugin v19.1 - https:\/\/yoast.com\/wordpress\/plugins\/seo\/ -->\n<title>Sastanak Cungua i Ministra Ivana Brajovica - Lajme nga Ulqini<\/title>\n<meta name=\"description\" content=\"Sastanak Predsjednika op\u0161tine Ulcinj Nazifa Cungua i Ministra saobra\u0107aja i pomorstva Ivana Brajovi\u0107a &nbsp; Nakon obilaska gradili\u0161ta na Port Mileni u\" \/>\n<meta name=\"robots\" content=\"index, follow, max-snippet:-1, max-image-preview:large, max-video-preview:-1\" \/>\n<link rel=\"canonical\" href=\"https:\/\/www.visit-ulcinj.com\/blog\/2013\/02\/13\/sastanak-cungua-i-ministra-ivana-brajovica\/\" \/>\n<meta property=\"og:locale\" content=\"en_US\" \/>\n<meta property=\"og:type\" content=\"article\" \/>\n<meta property=\"og:title\" content=\"Sastanak Cungua i Ministra Ivana Brajovica - Lajme nga Ulqini\" \/>\n<meta property=\"og:description\" content=\"Sastanak Predsjednika op\u0161tine Ulcinj Nazifa Cungua i Ministra saobra\u0107aja i pomorstva Ivana Brajovi\u0107a &nbsp; Nakon obilaska gradili\u0161ta na Port Mileni u\" \/>\n<meta property=\"og:url\" content=\"https:\/\/www.visit-ulcinj.com\/blog\/2013\/02\/13\/sastanak-cungua-i-ministra-ivana-brajovica\/\" \/>\n<meta property=\"og:site_name\" content=\"Lajme nga Ulqini\" \/>\n<meta property=\"article:published_time\" content=\"2013-02-13T16:45:09+00:00\" \/>\n<meta property=\"article:modified_time\" content=\"2013-02-13T16:46:05+00:00\" \/>\n<meta property=\"og:image\" content=\"http:\/\/www.visit-ulcinj.com\/blog\/wp-content\/uploads\/2013\/02\/Nazi-Cungu-Ministar-Ivan-Brajovic_Ulcinj.jpg\" \/>\n<meta name=\"twitter:label1\" content=\"Written by\" \/>\n\t<meta name=\"twitter:data1\" content=\"ulqini\" \/>\n\t<meta name=\"twitter:label2\" content=\"Est. reading time\" \/>\n\t<meta name=\"twitter:data2\" content=\"2 minutes\" \/>\n<script type=\"application\/ld+json\" class=\"yoast-schema-graph\">{\"@context\":\"https:\/\/schema.org\",\"@graph\":[{\"@type\":\"WebSite\",\"@id\":\"https:\/\/www.visit-ulcinj.com\/blog\/#website\",\"url\":\"https:\/\/www.visit-ulcinj.com\/blog\/\",\"name\":\"Lajme nga Ulqini\",\"description\":\"Lajme,Vijesti,Ulqini,Ulqin,Crna Gora,Mali i Zi\",\"potentialAction\":[{\"@type\":\"SearchAction\",\"target\":{\"@type\":\"EntryPoint\",\"urlTemplate\":\"https:\/\/www.visit-ulcinj.com\/blog\/?s={search_term_string}\"},\"query-input\":\"required name=search_term_string\"}],\"inLanguage\":\"en-US\"},{\"@type\":\"ImageObject\",\"inLanguage\":\"en-US\",\"@id\":\"https:\/\/www.visit-ulcinj.com\/blog\/2013\/02\/13\/sastanak-cungua-i-ministra-ivana-brajovica\/#primaryimage\",\"url\":\"https:\/\/www.visit-ulcinj.com\/blog\/wp-content\/uploads\/2013\/02\/Nazi-Cungu-Ministar-Ivan-Brajovic_Ulcinj.jpg\",\"contentUrl\":\"https:\/\/www.visit-ulcinj.com\/blog\/wp-content\/uploads\/2013\/02\/Nazi-Cungu-Ministar-Ivan-Brajovic_Ulcinj.jpg\",\"width\":640,\"height\":424},{\"@type\":\"WebPage\",\"@id\":\"https:\/\/www.visit-ulcinj.com\/blog\/2013\/02\/13\/sastanak-cungua-i-ministra-ivana-brajovica\/#webpage\",\"url\":\"https:\/\/www.visit-ulcinj.com\/blog\/2013\/02\/13\/sastanak-cungua-i-ministra-ivana-brajovica\/\",\"name\":\"Sastanak Cungua i Ministra Ivana Brajovica - Lajme nga Ulqini\",\"isPartOf\":{\"@id\":\"https:\/\/www.visit-ulcinj.com\/blog\/#website\"},\"primaryImageOfPage\":{\"@id\":\"https:\/\/www.visit-ulcinj.com\/blog\/2013\/02\/13\/sastanak-cungua-i-ministra-ivana-brajovica\/#primaryimage\"},\"datePublished\":\"2013-02-13T16:45:09+00:00\",\"dateModified\":\"2013-02-13T16:46:05+00:00\",\"author\":{\"@id\":\"https:\/\/www.visit-ulcinj.com\/blog\/#\/schema\/person\/dcab619c614d3038751c63bc2aadc06d\"},\"description\":\"Sastanak Predsjednika op\u0161tine Ulcinj Nazifa Cungua i Ministra saobra\u0107aja i pomorstva Ivana Brajovi\u0107a &nbsp; Nakon obilaska gradili\u0161ta na Port Mileni u\",\"breadcrumb\":{\"@id\":\"https:\/\/www.visit-ulcinj.com\/blog\/2013\/02\/13\/sastanak-cungua-i-ministra-ivana-brajovica\/#breadcrumb\"},\"inLanguage\":\"en-US\",\"potentialAction\":[{\"@type\":\"ReadAction\",\"target\":[\"https:\/\/www.visit-ulcinj.com\/blog\/2013\/02\/13\/sastanak-cungua-i-ministra-ivana-brajovica\/\"]}]},{\"@type\":\"BreadcrumbList\",\"@id\":\"https:\/\/www.visit-ulcinj.com\/blog\/2013\/02\/13\/sastanak-cungua-i-ministra-ivana-brajovica\/#breadcrumb\",\"itemListElement\":[{\"@type\":\"ListItem\",\"position\":1,\"name\":\"Sastanak Cungua i Ministra Ivana Brajovica\"}]},{\"@type\":\"Person\",\"@id\":\"https:\/\/www.visit-ulcinj.com\/blog\/#\/schema\/person\/dcab619c614d3038751c63bc2aadc06d\",\"name\":\"ulqini\",\"sameAs\":[\"http:\/\/www.visit-ulcinj.com\"],\"url\":\"https:\/\/www.visit-ulcinj.com\/blog\/author\/admin\/\"}]}<\/script>\n<!-- \/ Yoast SEO plugin. -->","yoast_head_json":{"title":"Sastanak Cungua i Ministra Ivana Brajovica - Lajme nga Ulqini","description":"Sastanak Predsjednika op\u0161tine Ulcinj Nazifa Cungua i Ministra saobra\u0107aja i pomorstva Ivana Brajovi\u0107a &nbsp; Nakon obilaska gradili\u0161ta na Port Mileni u","robots":{"index":"index","follow":"follow","max-snippet":"max-snippet:-1","max-image-preview":"max-image-preview:large","max-video-preview":"max-video-preview:-1"},"canonical":"https:\/\/www.visit-ulcinj.com\/blog\/2013\/02\/13\/sastanak-cungua-i-ministra-ivana-brajovica\/","og_locale":"en_US","og_type":"article","og_title":"Sastanak Cungua i Ministra Ivana Brajovica - Lajme nga Ulqini","og_description":"Sastanak Predsjednika op\u0161tine Ulcinj Nazifa Cungua i Ministra saobra\u0107aja i pomorstva Ivana Brajovi\u0107a &nbsp; Nakon obilaska gradili\u0161ta na Port Mileni u","og_url":"https:\/\/www.visit-ulcinj.com\/blog\/2013\/02\/13\/sastanak-cungua-i-ministra-ivana-brajovica\/","og_site_name":"Lajme nga Ulqini","article_published_time":"2013-02-13T16:45:09+00:00","article_modified_time":"2013-02-13T16:46:05+00:00","og_image":[{"url":"http:\/\/www.visit-ulcinj.com\/blog\/wp-content\/uploads\/2013\/02\/Nazi-Cungu-Ministar-Ivan-Brajovic_Ulcinj.jpg"}],"twitter_misc":{"Written by":"ulqini","Est. reading time":"2 minutes"},"schema":{"@context":"https:\/\/schema.org","@graph":[{"@type":"WebSite","@id":"https:\/\/www.visit-ulcinj.com\/blog\/#website","url":"https:\/\/www.visit-ulcinj.com\/blog\/","name":"Lajme nga Ulqini","description":"Lajme,Vijesti,Ulqini,Ulqin,Crna Gora,Mali i Zi","potentialAction":[{"@type":"SearchAction","target":{"@type":"EntryPoint","urlTemplate":"https:\/\/www.visit-ulcinj.com\/blog\/?s={search_term_string}"},"query-input":"required name=search_term_string"}],"inLanguage":"en-US"},{"@type":"ImageObject","inLanguage":"en-US","@id":"https:\/\/www.visit-ulcinj.com\/blog\/2013\/02\/13\/sastanak-cungua-i-ministra-ivana-brajovica\/#primaryimage","url":"https:\/\/www.visit-ulcinj.com\/blog\/wp-content\/uploads\/2013\/02\/Nazi-Cungu-Ministar-Ivan-Brajovic_Ulcinj.jpg","contentUrl":"https:\/\/www.visit-ulcinj.com\/blog\/wp-content\/uploads\/2013\/02\/Nazi-Cungu-Ministar-Ivan-Brajovic_Ulcinj.jpg","width":640,"height":424},{"@type":"WebPage","@id":"https:\/\/www.visit-ulcinj.com\/blog\/2013\/02\/13\/sastanak-cungua-i-ministra-ivana-brajovica\/#webpage","url":"https:\/\/www.visit-ulcinj.com\/blog\/2013\/02\/13\/sastanak-cungua-i-ministra-ivana-brajovica\/","name":"Sastanak Cungua i Ministra Ivana Brajovica - Lajme nga Ulqini","isPartOf":{"@id":"https:\/\/www.visit-ulcinj.com\/blog\/#website"},"primaryImageOfPage":{"@id":"https:\/\/www.visit-ulcinj.com\/blog\/2013\/02\/13\/sastanak-cungua-i-ministra-ivana-brajovica\/#primaryimage"},"datePublished":"2013-02-13T16:45:09+00:00","dateModified":"2013-02-13T16:46:05+00:00","author":{"@id":"https:\/\/www.visit-ulcinj.com\/blog\/#\/schema\/person\/dcab619c614d3038751c63bc2aadc06d"},"description":"Sastanak Predsjednika op\u0161tine Ulcinj Nazifa Cungua i Ministra saobra\u0107aja i pomorstva Ivana Brajovi\u0107a &nbsp; Nakon obilaska gradili\u0161ta na Port Mileni u","breadcrumb":{"@id":"https:\/\/www.visit-ulcinj.com\/blog\/2013\/02\/13\/sastanak-cungua-i-ministra-ivana-brajovica\/#breadcrumb"},"inLanguage":"en-US","potentialAction":[{"@type":"ReadAction","target":["https:\/\/www.visit-ulcinj.com\/blog\/2013\/02\/13\/sastanak-cungua-i-ministra-ivana-brajovica\/"]}]},{"@type":"BreadcrumbList","@id":"https:\/\/www.visit-ulcinj.com\/blog\/2013\/02\/13\/sastanak-cungua-i-ministra-ivana-brajovica\/#breadcrumb","itemListElement":[{"@type":"ListItem","position":1,"name":"Sastanak Cungua i Ministra Ivana Brajovica"}]},{"@type":"Person","@id":"https:\/\/www.visit-ulcinj.com\/blog\/#\/schema\/person\/dcab619c614d3038751c63bc2aadc06d","name":"ulqini","sameAs":["http:\/\/www.visit-ulcinj.com"],"url":"https:\/\/www.visit-ulcinj.com\/blog\/author\/admin\/"}]}},"jetpack_featured_media_url":"","jetpack_sharing_enabled":true,"jetpack_shortlink":"https:\/\/wp.me\/pe6lTn-hRC","_links":{"self":[{"href":"https:\/\/www.visit-ulcinj.com\/blog\/wp-json\/wp\/v2\/posts\/68672"}],"collection":[{"href":"https:\/\/www.visit-ulcinj.com\/blog\/wp-json\/wp\/v2\/posts"}],"about":[{"href":"https:\/\/www.visit-ulcinj.com\/blog\/wp-json\/wp\/v2\/types\/post"}],"author":[{"embeddable":true,"href":"https:\/\/www.visit-ulcinj.com\/blog\/wp-json\/wp\/v2\/users\/1"}],"replies":[{"embeddable":true,"href":"https:\/\/www.visit-ulcinj.com\/blog\/wp-json\/wp\/v2\/comments?post=68672"}],"version-history":[{"count":3,"href":"https:\/\/www.visit-ulcinj.com\/blog\/wp-json\/wp\/v2\/posts\/68672\/revisions"}],"predecessor-version":[{"id":68680,"href":"https:\/\/www.visit-ulcinj.com\/blog\/wp-json\/wp\/v2\/posts\/68672\/revisions\/68680"}],"wp:attachment":[{"href":"https:\/\/www.visit-ulcinj.com\/blog\/wp-json\/wp\/v2\/media?parent=68672"}],"wp:term":[{"taxonomy":"category","embeddable":true,"href":"https:\/\/www.visit-ulcinj.com\/blog\/wp-json\/wp\/v2\/categories?post=68672"},{"taxonomy":"post_tag","embeddable":true,"href":"https:\/\/www.visit-ulcinj.com\/blog\/wp-json\/wp\/v2\/tags?post=68672"}],"curies":[{"name":"wp","href":"https:\/\/api.w.org\/{rel}","templated":true}]}}