{"id":68681,"date":"2013-02-13T17:53:09","date_gmt":"2013-02-13T16:53:09","guid":{"rendered":"http:\/\/www.visit-ulcinj.com\/blog\/?p=68681"},"modified":"2013-02-13T17:53:42","modified_gmt":"2013-02-13T16:53:42","slug":"cungu-reaguje-na-jucerasnji-nastup-odbora-za-povracaj-maslinade-valdanos","status":"publish","type":"post","link":"https:\/\/www.visit-ulcinj.com\/blog\/2013\/02\/13\/cungu-reaguje-na-jucerasnji-nastup-odbora-za-povracaj-maslinade-valdanos\/","title":{"rendered":"Cungu reaguje na ju\u010dera\u0161nji nastup Odbora za povra\u0107aj Maslinade Valdanos"},"content":{"rendered":"<p><strong><a href=\"http:\/\/www.visit-ulcinj.com\/blog\/wp-content\/uploads\/2013\/02\/Nazif-Cungu-Reagimi-ndaj-Valdanosit.1.jpg\"><img loading=\"lazy\" class=\"alignleft  wp-image-68665\" alt=\"Nazif Cungu Reagimi ndaj Valdanosit.1\" src=\"http:\/\/www.visit-ulcinj.com\/blog\/wp-content\/uploads\/2013\/02\/Nazif-Cungu-Reagimi-ndaj-Valdanosit.1.jpg\" width=\"508\" height=\"360\" \/><\/a>Predsjednik Cungu reaguje na ju\u010dera\u0161nji nastup Odbora za povra\u0107aj Maslinade Valdanos<\/strong><\/p>\n<p>Predsjednik Cungu reaguje na na ju\u010dera\u0161nji nastup Odbora za povra\u0107aj Maslinade Valdanos i obra\u0107a se medijima slede\u0107om izjavom:<br \/>\nPo\u0161tovani gra\u0111ani,<\/p>\n<p>Du\u017enost mi je kao predsjednika Op\u0161tine da reagujem na ju\u010dera\u0161nji nastup Odbora za povra\u0107aj Maslinade Valdanos, kojim se izra\u017eava nezadovoljstvo izme\u0111u ostalog i prema Op\u0161tini Ulcinj povodom ovog pitanja.<\/p>\n<p>Kao prvo \u017eelim da vas podsjetim, da je na\u0161im dolaskom na vlast prvi put pokrenuto i institucionalizovano pitanje vra\u0107anja Maslinade Valdanos. Po prvi put je za ovo pitanje dobijena podr\u0161ka lokalne samouprave koja tezi da u stvarnosti sprovede Dekelaraciju o maslinadi o Valdanosu koju je usvojila Skupstina opstine Ulcinj 2007.god.<br \/>\nOdmah nakon mog dolaska na mjesto predsjednika Op\u0161tine pristupio sam svestranom sagledavanju ovog pitanja, i tra\u017eenju mogu\u0107eg prihvatljivog rje\u0161enja za sve strane. U tom cilju sam sa svim stranama organizovao niz zajedni\u010dkih sastanaka, gdje su sagledane sve mogu\u0107nosti.<br \/>\nOdmah \u0107u izvu\u0107i zaklju\u010dak da je pregovaranje i\u0161lo veoma te\u0161ko, jer sa jedne strane smo imali predstavnike Vlade koji su insistirali na svom stavu da je Maslinada dr\u017eavno vlasni\u0161tvo, da je postupak zavr\u0161en, i da je najbolje rje\u0161enje turisti\u010dka valorizacija, a sa druge strane imamo biv\u0161e vlasnike koji sa pravom ukazuju da je Maslinada Valdanos eksproprisana od tada\u0161njih vlasnika, radi izgradnje vojne baze, uz nesrazmjenu simboli\u010dnu nadoknadu te, kako vojna baza nije nikad izgra\u0111ena, dovodi se u pitanje dalji osnov zadr\u017eavanja ove imovine od strane dr\u017eave. Ovo tim prije, \u0161to je od dana eksproprijacije prestala svaka briga o odr\u017eavanju tih maslina, koje su sada u takvom stanju, da im je potrebna sveobuhvatna revitalizacija.<br \/>\nNeprihvatljivi su i tendeciozni navodi kako Op\u0161tina ne sprovodi odluku o deeksproprijaciji iz 2007. godine. Naime po zakonu o eksproprijaciji, deeksproprijaciju vr\u0161i Uprava za nekretnine \u2013 zna\u010di drzavni organ a ne lokalni organ, i to na zahtjev stranke. Ovo odlicno znaju predstavnici bivsih vlasnica jer smo oko postupka zajedno razgovarali vise puta.<br \/>\nNa kraju \u017eelim da nazna\u010dim, da \u0107e ova lokalna vlast, samnom na \u010delu, i dalje pored svih te\u0161ko\u0107a istrajati na rje\u0161avanju ovog pitanja do kona\u010dnog rje\u0161enja, po\u0161to je to i u programu FORCE koju ja predstaljam. Ovim pitanjem se bavimo od samog formiranja, i na\u0161i stavovi se nisu promijenili. Me\u0111utim, treba shvatiti da su na\u0161e mogu\u0107nosti ograni\u010dene, po\u0161to se ovdje u krajnjem radi o politi\u010dkom pitanju, i politi\u010dkoj volji centralne vlasti da se ovo pitanje rije\u0161i. To znaju i biv\u0161i vlsnici, tako da vjerujem da je svima jasno da je njihova reakcija u najmanju ruku neumjesna.<\/p>\n<p><strong>Municipality of Ulcinj \/ Op\u0161tina Ulcinj \/ Komuna e Ulqinit <\/strong><br \/>\nTel: +382 30 412 050<br \/>\nFax: +382 30 412 413<br \/>\nAdresa: Bul. Skenderbeu bb, 85360 Ulcinj, MNE<\/p>\n","protected":false},"excerpt":{"rendered":"<p>Predsjednik Cungu reaguje na ju\u010dera\u0161nji nastup Odbora za povra\u0107aj Maslinade Valdanos Predsjednik Cungu reaguje na na ju\u010dera\u0161nji nastup Odbora za povra\u0107aj Maslinade Valdanos i obra\u0107a se medijima slede\u0107om izjavom: Po\u0161tovani gra\u0111ani, Du\u017enost mi je kao predsjednika Op\u0161tine da reagujem na ju\u010dera\u0161nji nastup Odbora za povra\u0107aj Maslinade Valdanos, kojim se izra\u017eava nezadovoljstvo izme\u0111u ostalog i prema [&hellip;]<\/p>\n","protected":false},"author":1,"featured_media":0,"comment_status":"open","ping_status":"closed","sticky":false,"template":"","format":"standard","meta":{"spay_email":"","jetpack_publicize_message":"","jetpack_is_tweetstorm":false,"jetpack_publicize_feature_enabled":true},"categories":[6950],"tags":[118,19,136],"jetpack_publicize_connections":[],"yoast_head":"<!-- This site is optimized with the Yoast SEO plugin v19.1 - https:\/\/yoast.com\/wordpress\/plugins\/seo\/ -->\n<title>Cungu reaguje na ju\u010dera\u0161nji nastup Odbora za povra\u0107aj Maslinade Valdanos - Lajme nga Ulqini<\/title>\n<meta name=\"description\" content=\"Predsjednik Cungu reaguje na ju\u010dera\u0161nji nastup Odbora za povra\u0107aj Maslinade Valdanos Predsjednik Cungu reaguje na na ju\u010dera\u0161nji nastup Odbora za povra\u0107aj\" \/>\n<meta name=\"robots\" content=\"index, follow, max-snippet:-1, max-image-preview:large, max-video-preview:-1\" \/>\n<link rel=\"canonical\" href=\"https:\/\/www.visit-ulcinj.com\/blog\/2013\/02\/13\/cungu-reaguje-na-jucerasnji-nastup-odbora-za-povracaj-maslinade-valdanos\/\" \/>\n<meta property=\"og:locale\" content=\"en_US\" \/>\n<meta property=\"og:type\" content=\"article\" \/>\n<meta property=\"og:title\" content=\"Cungu reaguje na ju\u010dera\u0161nji nastup Odbora za povra\u0107aj Maslinade Valdanos - Lajme nga Ulqini\" \/>\n<meta property=\"og:description\" content=\"Predsjednik Cungu reaguje na ju\u010dera\u0161nji nastup Odbora za povra\u0107aj Maslinade Valdanos Predsjednik Cungu reaguje na na ju\u010dera\u0161nji nastup Odbora za povra\u0107aj\" \/>\n<meta property=\"og:url\" content=\"https:\/\/www.visit-ulcinj.com\/blog\/2013\/02\/13\/cungu-reaguje-na-jucerasnji-nastup-odbora-za-povracaj-maslinade-valdanos\/\" \/>\n<meta property=\"og:site_name\" content=\"Lajme nga Ulqini\" \/>\n<meta property=\"article:published_time\" content=\"2013-02-13T16:53:09+00:00\" \/>\n<meta property=\"article:modified_time\" content=\"2013-02-13T16:53:42+00:00\" \/>\n<meta property=\"og:image\" content=\"http:\/\/www.visit-ulcinj.com\/blog\/wp-content\/uploads\/2013\/02\/Nazif-Cungu-Reagimi-ndaj-Valdanosit.1.jpg\" \/>\n<meta name=\"twitter:label1\" content=\"Written by\" \/>\n\t<meta name=\"twitter:data1\" content=\"ulqini\" \/>\n\t<meta name=\"twitter:label2\" content=\"Est. reading time\" \/>\n\t<meta name=\"twitter:data2\" content=\"2 minutes\" \/>\n<script type=\"application\/ld+json\" class=\"yoast-schema-graph\">{\"@context\":\"https:\/\/schema.org\",\"@graph\":[{\"@type\":\"WebSite\",\"@id\":\"https:\/\/www.visit-ulcinj.com\/blog\/#website\",\"url\":\"https:\/\/www.visit-ulcinj.com\/blog\/\",\"name\":\"Lajme nga Ulqini\",\"description\":\"Lajme,Vijesti,Ulqini,Ulqin,Crna Gora,Mali i Zi\",\"potentialAction\":[{\"@type\":\"SearchAction\",\"target\":{\"@type\":\"EntryPoint\",\"urlTemplate\":\"https:\/\/www.visit-ulcinj.com\/blog\/?s={search_term_string}\"},\"query-input\":\"required name=search_term_string\"}],\"inLanguage\":\"en-US\"},{\"@type\":\"ImageObject\",\"inLanguage\":\"en-US\",\"@id\":\"https:\/\/www.visit-ulcinj.com\/blog\/2013\/02\/13\/cungu-reaguje-na-jucerasnji-nastup-odbora-za-povracaj-maslinade-valdanos\/#primaryimage\",\"url\":\"https:\/\/www.visit-ulcinj.com\/blog\/wp-content\/uploads\/2013\/02\/Nazif-Cungu-Reagimi-ndaj-Valdanosit.1.jpg\",\"contentUrl\":\"https:\/\/www.visit-ulcinj.com\/blog\/wp-content\/uploads\/2013\/02\/Nazif-Cungu-Reagimi-ndaj-Valdanosit.1.jpg\",\"width\":640,\"height\":424},{\"@type\":\"WebPage\",\"@id\":\"https:\/\/www.visit-ulcinj.com\/blog\/2013\/02\/13\/cungu-reaguje-na-jucerasnji-nastup-odbora-za-povracaj-maslinade-valdanos\/#webpage\",\"url\":\"https:\/\/www.visit-ulcinj.com\/blog\/2013\/02\/13\/cungu-reaguje-na-jucerasnji-nastup-odbora-za-povracaj-maslinade-valdanos\/\",\"name\":\"Cungu reaguje na ju\u010dera\u0161nji nastup Odbora za povra\u0107aj Maslinade Valdanos - Lajme nga Ulqini\",\"isPartOf\":{\"@id\":\"https:\/\/www.visit-ulcinj.com\/blog\/#website\"},\"primaryImageOfPage\":{\"@id\":\"https:\/\/www.visit-ulcinj.com\/blog\/2013\/02\/13\/cungu-reaguje-na-jucerasnji-nastup-odbora-za-povracaj-maslinade-valdanos\/#primaryimage\"},\"datePublished\":\"2013-02-13T16:53:09+00:00\",\"dateModified\":\"2013-02-13T16:53:42+00:00\",\"author\":{\"@id\":\"https:\/\/www.visit-ulcinj.com\/blog\/#\/schema\/person\/dcab619c614d3038751c63bc2aadc06d\"},\"description\":\"Predsjednik Cungu reaguje na ju\u010dera\u0161nji nastup Odbora za povra\u0107aj Maslinade Valdanos Predsjednik Cungu reaguje na na ju\u010dera\u0161nji nastup Odbora za povra\u0107aj\",\"breadcrumb\":{\"@id\":\"https:\/\/www.visit-ulcinj.com\/blog\/2013\/02\/13\/cungu-reaguje-na-jucerasnji-nastup-odbora-za-povracaj-maslinade-valdanos\/#breadcrumb\"},\"inLanguage\":\"en-US\",\"potentialAction\":[{\"@type\":\"ReadAction\",\"target\":[\"https:\/\/www.visit-ulcinj.com\/blog\/2013\/02\/13\/cungu-reaguje-na-jucerasnji-nastup-odbora-za-povracaj-maslinade-valdanos\/\"]}]},{\"@type\":\"BreadcrumbList\",\"@id\":\"https:\/\/www.visit-ulcinj.com\/blog\/2013\/02\/13\/cungu-reaguje-na-jucerasnji-nastup-odbora-za-povracaj-maslinade-valdanos\/#breadcrumb\",\"itemListElement\":[{\"@type\":\"ListItem\",\"position\":1,\"name\":\"Cungu reaguje na ju\u010dera\u0161nji nastup Odbora za povra\u0107aj Maslinade Valdanos\"}]},{\"@type\":\"Person\",\"@id\":\"https:\/\/www.visit-ulcinj.com\/blog\/#\/schema\/person\/dcab619c614d3038751c63bc2aadc06d\",\"name\":\"ulqini\",\"sameAs\":[\"http:\/\/www.visit-ulcinj.com\"],\"url\":\"https:\/\/www.visit-ulcinj.com\/blog\/author\/admin\/\"}]}<\/script>\n<!-- \/ Yoast SEO plugin. -->","yoast_head_json":{"title":"Cungu reaguje na ju\u010dera\u0161nji nastup Odbora za povra\u0107aj Maslinade Valdanos - Lajme nga Ulqini","description":"Predsjednik Cungu reaguje na ju\u010dera\u0161nji nastup Odbora za povra\u0107aj Maslinade Valdanos Predsjednik Cungu reaguje na na ju\u010dera\u0161nji nastup Odbora za povra\u0107aj","robots":{"index":"index","follow":"follow","max-snippet":"max-snippet:-1","max-image-preview":"max-image-preview:large","max-video-preview":"max-video-preview:-1"},"canonical":"https:\/\/www.visit-ulcinj.com\/blog\/2013\/02\/13\/cungu-reaguje-na-jucerasnji-nastup-odbora-za-povracaj-maslinade-valdanos\/","og_locale":"en_US","og_type":"article","og_title":"Cungu reaguje na ju\u010dera\u0161nji nastup Odbora za povra\u0107aj Maslinade Valdanos - Lajme nga Ulqini","og_description":"Predsjednik Cungu reaguje na ju\u010dera\u0161nji nastup Odbora za povra\u0107aj Maslinade Valdanos Predsjednik Cungu reaguje na na ju\u010dera\u0161nji nastup Odbora za povra\u0107aj","og_url":"https:\/\/www.visit-ulcinj.com\/blog\/2013\/02\/13\/cungu-reaguje-na-jucerasnji-nastup-odbora-za-povracaj-maslinade-valdanos\/","og_site_name":"Lajme nga Ulqini","article_published_time":"2013-02-13T16:53:09+00:00","article_modified_time":"2013-02-13T16:53:42+00:00","og_image":[{"url":"http:\/\/www.visit-ulcinj.com\/blog\/wp-content\/uploads\/2013\/02\/Nazif-Cungu-Reagimi-ndaj-Valdanosit.1.jpg"}],"twitter_misc":{"Written by":"ulqini","Est. reading time":"2 minutes"},"schema":{"@context":"https:\/\/schema.org","@graph":[{"@type":"WebSite","@id":"https:\/\/www.visit-ulcinj.com\/blog\/#website","url":"https:\/\/www.visit-ulcinj.com\/blog\/","name":"Lajme nga Ulqini","description":"Lajme,Vijesti,Ulqini,Ulqin,Crna Gora,Mali i Zi","potentialAction":[{"@type":"SearchAction","target":{"@type":"EntryPoint","urlTemplate":"https:\/\/www.visit-ulcinj.com\/blog\/?s={search_term_string}"},"query-input":"required name=search_term_string"}],"inLanguage":"en-US"},{"@type":"ImageObject","inLanguage":"en-US","@id":"https:\/\/www.visit-ulcinj.com\/blog\/2013\/02\/13\/cungu-reaguje-na-jucerasnji-nastup-odbora-za-povracaj-maslinade-valdanos\/#primaryimage","url":"https:\/\/www.visit-ulcinj.com\/blog\/wp-content\/uploads\/2013\/02\/Nazif-Cungu-Reagimi-ndaj-Valdanosit.1.jpg","contentUrl":"https:\/\/www.visit-ulcinj.com\/blog\/wp-content\/uploads\/2013\/02\/Nazif-Cungu-Reagimi-ndaj-Valdanosit.1.jpg","width":640,"height":424},{"@type":"WebPage","@id":"https:\/\/www.visit-ulcinj.com\/blog\/2013\/02\/13\/cungu-reaguje-na-jucerasnji-nastup-odbora-za-povracaj-maslinade-valdanos\/#webpage","url":"https:\/\/www.visit-ulcinj.com\/blog\/2013\/02\/13\/cungu-reaguje-na-jucerasnji-nastup-odbora-za-povracaj-maslinade-valdanos\/","name":"Cungu reaguje na ju\u010dera\u0161nji nastup Odbora za povra\u0107aj Maslinade Valdanos - Lajme nga Ulqini","isPartOf":{"@id":"https:\/\/www.visit-ulcinj.com\/blog\/#website"},"primaryImageOfPage":{"@id":"https:\/\/www.visit-ulcinj.com\/blog\/2013\/02\/13\/cungu-reaguje-na-jucerasnji-nastup-odbora-za-povracaj-maslinade-valdanos\/#primaryimage"},"datePublished":"2013-02-13T16:53:09+00:00","dateModified":"2013-02-13T16:53:42+00:00","author":{"@id":"https:\/\/www.visit-ulcinj.com\/blog\/#\/schema\/person\/dcab619c614d3038751c63bc2aadc06d"},"description":"Predsjednik Cungu reaguje na ju\u010dera\u0161nji nastup Odbora za povra\u0107aj Maslinade Valdanos Predsjednik Cungu reaguje na na ju\u010dera\u0161nji nastup Odbora za povra\u0107aj","breadcrumb":{"@id":"https:\/\/www.visit-ulcinj.com\/blog\/2013\/02\/13\/cungu-reaguje-na-jucerasnji-nastup-odbora-za-povracaj-maslinade-valdanos\/#breadcrumb"},"inLanguage":"en-US","potentialAction":[{"@type":"ReadAction","target":["https:\/\/www.visit-ulcinj.com\/blog\/2013\/02\/13\/cungu-reaguje-na-jucerasnji-nastup-odbora-za-povracaj-maslinade-valdanos\/"]}]},{"@type":"BreadcrumbList","@id":"https:\/\/www.visit-ulcinj.com\/blog\/2013\/02\/13\/cungu-reaguje-na-jucerasnji-nastup-odbora-za-povracaj-maslinade-valdanos\/#breadcrumb","itemListElement":[{"@type":"ListItem","position":1,"name":"Cungu reaguje na ju\u010dera\u0161nji nastup Odbora za povra\u0107aj Maslinade Valdanos"}]},{"@type":"Person","@id":"https:\/\/www.visit-ulcinj.com\/blog\/#\/schema\/person\/dcab619c614d3038751c63bc2aadc06d","name":"ulqini","sameAs":["http:\/\/www.visit-ulcinj.com"],"url":"https:\/\/www.visit-ulcinj.com\/blog\/author\/admin\/"}]}},"jetpack_featured_media_url":"","jetpack_sharing_enabled":true,"jetpack_shortlink":"https:\/\/wp.me\/pe6lTn-hRL","_links":{"self":[{"href":"https:\/\/www.visit-ulcinj.com\/blog\/wp-json\/wp\/v2\/posts\/68681"}],"collection":[{"href":"https:\/\/www.visit-ulcinj.com\/blog\/wp-json\/wp\/v2\/posts"}],"about":[{"href":"https:\/\/www.visit-ulcinj.com\/blog\/wp-json\/wp\/v2\/types\/post"}],"author":[{"embeddable":true,"href":"https:\/\/www.visit-ulcinj.com\/blog\/wp-json\/wp\/v2\/users\/1"}],"replies":[{"embeddable":true,"href":"https:\/\/www.visit-ulcinj.com\/blog\/wp-json\/wp\/v2\/comments?post=68681"}],"version-history":[{"count":2,"href":"https:\/\/www.visit-ulcinj.com\/blog\/wp-json\/wp\/v2\/posts\/68681\/revisions"}],"predecessor-version":[{"id":68683,"href":"https:\/\/www.visit-ulcinj.com\/blog\/wp-json\/wp\/v2\/posts\/68681\/revisions\/68683"}],"wp:attachment":[{"href":"https:\/\/www.visit-ulcinj.com\/blog\/wp-json\/wp\/v2\/media?parent=68681"}],"wp:term":[{"taxonomy":"category","embeddable":true,"href":"https:\/\/www.visit-ulcinj.com\/blog\/wp-json\/wp\/v2\/categories?post=68681"},{"taxonomy":"post_tag","embeddable":true,"href":"https:\/\/www.visit-ulcinj.com\/blog\/wp-json\/wp\/v2\/tags?post=68681"}],"curies":[{"name":"wp","href":"https:\/\/api.w.org\/{rel}","templated":true}]}}