{"id":68684,"date":"2013-02-13T18:09:37","date_gmt":"2013-02-13T17:09:37","guid":{"rendered":"http:\/\/www.visit-ulcinj.com\/blog\/?p=68684"},"modified":"2013-02-15T07:00:15","modified_gmt":"2013-02-15T06:00:15","slug":"nazif-cungu-priti-princin-nikolla-petroviq-njegosh","status":"publish","type":"post","link":"https:\/\/www.visit-ulcinj.com\/blog\/2013\/02\/13\/nazif-cungu-priti-princin-nikolla-petroviq-njegosh\/","title":{"rendered":"Nazif Cungu priti princin Nikolla Petroviq Njegosh"},"content":{"rendered":"<p><a href=\"http:\/\/www.visit-ulcinj.com\/blog\/wp-content\/uploads\/2013\/02\/Nazif-Cungu-Princ-Nikola-Petrovic-Njegos-ulcinj.2.jpg\"><img loading=\"lazy\" class=\"alignleft  wp-image-68440\" alt=\"Nazif Cungu-Princ Nikola Petrovic Njegos-ulcinj.2\" src=\"http:\/\/www.visit-ulcinj.com\/blog\/wp-content\/uploads\/2013\/02\/Nazif-Cungu-Princ-Nikola-Petrovic-Njegos-ulcinj.2.jpg\" width=\"508\" height=\"360\" \/><\/a>Kryetari i Komun\u00ebs s\u00eb Ulqinit Nazif Cungu ka pritur princin Nikolla Petroviq Njegosh, me t\u00eb cilin ka dakorduar disa projekte t\u00eb p\u00ebrbashk\u00ebta. Fondacioni Petroviq Njegosh do t\u00eb ndihmoj\u00eb n\u00eb restaurimin e Kalas\u00eb, me hulumtimet arkeologjike n\u00eb Shas, e do t\u00eb pasoj\u00eb edhe takimi me princin shqiptar Leka i dyt\u00ebdhe Nikolla Petroviqit n\u00eb Ulqin t\u00eb cil\u00ebt do t&#8217;i pres\u00eb Cungu.<\/p>\n<p>Princi i ka njoftuar t\u00eb pranishmit p\u00ebr kontaktet e tij e shkoll\u00ebn franceze e cila ekskluzivisht merret me restaurime. Ai ka deklaruar se do t\u00eb p\u00ebrpiqet q\u00eb n\u00eb periudh\u00ebn e ardhshme do t\u00eb pres\u00eb p\u00ebrfaq\u00ebsuesit e k\u00ebsaj shkolle si dhe disa arkitekt\u00eb nga Ulqini t&#8217;i d\u00ebrgojm\u00eb n\u00eb Paris, n\u00eb p\u00ebrgatitje p\u00ebr restaurimin e Kalas\u00eb. Cungu e ka informuar princin p\u00ebr hulumtimet arkeologjike q\u00eb jan\u00eb duke u b\u00ebr\u00eb n\u00eb Shas. T\u00eb gjith\u00eb jan\u00eb pajtuar se t\u00eb gjitha projektet p\u00ebr t\u00eb cil\u00ebt kan\u00eb folur kan\u00eb nj\u00eb r\u00ebnd\u00ebsi t\u00eb posa\u00e7me p\u00ebr valorizimin dhe promovimin e qytetit t\u00eb Ulqinit.<\/p>\n<p><strong>Municipality of Ulcinj \/ Op\u0161tina Ulcinj \/ Komuna e Ulqinit <\/strong><br \/>\nTel: +382 30 412 050<br \/>\nFax: +382 30 412 413<br \/>\nAdresa: Bul. Skenderbeu bb, 85360 Ulcinj, MNE<\/p>\n","protected":false},"excerpt":{"rendered":"<p>Kryetari i Komun\u00ebs s\u00eb Ulqinit Nazif Cungu ka pritur princin Nikolla Petroviq Njegosh, me t\u00eb cilin ka dakorduar disa projekte t\u00eb p\u00ebrbashk\u00ebta. Fondacioni Petroviq Njegosh do t\u00eb ndihmoj\u00eb n\u00eb restaurimin e Kalas\u00eb, me hulumtimet arkeologjike n\u00eb Shas, e do t\u00eb pasoj\u00eb edhe takimi me princin shqiptar Leka i dyt\u00ebdhe Nikolla Petroviqit n\u00eb Ulqin t\u00eb cil\u00ebt [&hellip;]<\/p>\n","protected":false},"author":1,"featured_media":0,"comment_status":"open","ping_status":"closed","sticky":false,"template":"","format":"standard","meta":{"spay_email":"","jetpack_publicize_message":"","jetpack_is_tweetstorm":false,"jetpack_publicize_feature_enabled":true},"categories":[6950],"tags":[200,18],"jetpack_publicize_connections":[],"yoast_head":"<!-- This site is optimized with the Yoast SEO plugin v19.1 - https:\/\/yoast.com\/wordpress\/plugins\/seo\/ -->\n<title>Nazif Cungu priti princin Nikolla Petroviq Njegosh - Lajme nga Ulqini<\/title>\n<meta name=\"description\" content=\"Kryetari i Komun\u00ebs s\u00eb Ulqinit Nazif Cungu ka pritur princin Nikolla Petroviq Njegosh, me t\u00eb cilin ka dakorduar disa projekte t\u00eb p\u00ebrbashk\u00ebta. Fondacioni\" \/>\n<meta name=\"robots\" content=\"index, follow, max-snippet:-1, max-image-preview:large, max-video-preview:-1\" \/>\n<link rel=\"canonical\" href=\"https:\/\/www.visit-ulcinj.com\/blog\/2013\/02\/13\/nazif-cungu-priti-princin-nikolla-petroviq-njegosh\/\" \/>\n<meta property=\"og:locale\" content=\"en_US\" \/>\n<meta property=\"og:type\" content=\"article\" \/>\n<meta property=\"og:title\" content=\"Nazif Cungu priti princin Nikolla Petroviq Njegosh - Lajme nga Ulqini\" \/>\n<meta property=\"og:description\" content=\"Kryetari i Komun\u00ebs s\u00eb Ulqinit Nazif Cungu ka pritur princin Nikolla Petroviq Njegosh, me t\u00eb cilin ka dakorduar disa projekte t\u00eb p\u00ebrbashk\u00ebta. Fondacioni\" \/>\n<meta property=\"og:url\" content=\"https:\/\/www.visit-ulcinj.com\/blog\/2013\/02\/13\/nazif-cungu-priti-princin-nikolla-petroviq-njegosh\/\" \/>\n<meta property=\"og:site_name\" content=\"Lajme nga Ulqini\" \/>\n<meta property=\"article:published_time\" content=\"2013-02-13T17:09:37+00:00\" \/>\n<meta property=\"article:modified_time\" content=\"2013-02-15T06:00:15+00:00\" \/>\n<meta property=\"og:image\" content=\"http:\/\/www.visit-ulcinj.com\/blog\/wp-content\/uploads\/2013\/02\/Nazif-Cungu-Princ-Nikola-Petrovic-Njegos-ulcinj.2.jpg\" \/>\n<meta name=\"twitter:label1\" content=\"Written by\" \/>\n\t<meta name=\"twitter:data1\" content=\"ulqini\" \/>\n\t<meta name=\"twitter:label2\" content=\"Est. reading time\" \/>\n\t<meta name=\"twitter:data2\" content=\"1 minute\" \/>\n<script type=\"application\/ld+json\" class=\"yoast-schema-graph\">{\"@context\":\"https:\/\/schema.org\",\"@graph\":[{\"@type\":\"WebSite\",\"@id\":\"https:\/\/www.visit-ulcinj.com\/blog\/#website\",\"url\":\"https:\/\/www.visit-ulcinj.com\/blog\/\",\"name\":\"Lajme nga Ulqini\",\"description\":\"Lajme,Vijesti,Ulqini,Ulqin,Crna Gora,Mali i Zi\",\"potentialAction\":[{\"@type\":\"SearchAction\",\"target\":{\"@type\":\"EntryPoint\",\"urlTemplate\":\"https:\/\/www.visit-ulcinj.com\/blog\/?s={search_term_string}\"},\"query-input\":\"required name=search_term_string\"}],\"inLanguage\":\"en-US\"},{\"@type\":\"ImageObject\",\"inLanguage\":\"en-US\",\"@id\":\"https:\/\/www.visit-ulcinj.com\/blog\/2013\/02\/13\/nazif-cungu-priti-princin-nikolla-petroviq-njegosh\/#primaryimage\",\"url\":\"https:\/\/www.visit-ulcinj.com\/blog\/wp-content\/uploads\/2013\/02\/Nazif-Cungu-Princ-Nikola-Petrovic-Njegos-ulcinj.2.jpg\",\"contentUrl\":\"https:\/\/www.visit-ulcinj.com\/blog\/wp-content\/uploads\/2013\/02\/Nazif-Cungu-Princ-Nikola-Petrovic-Njegos-ulcinj.2.jpg\",\"width\":640,\"height\":424},{\"@type\":\"WebPage\",\"@id\":\"https:\/\/www.visit-ulcinj.com\/blog\/2013\/02\/13\/nazif-cungu-priti-princin-nikolla-petroviq-njegosh\/#webpage\",\"url\":\"https:\/\/www.visit-ulcinj.com\/blog\/2013\/02\/13\/nazif-cungu-priti-princin-nikolla-petroviq-njegosh\/\",\"name\":\"Nazif Cungu priti princin Nikolla Petroviq Njegosh - Lajme nga Ulqini\",\"isPartOf\":{\"@id\":\"https:\/\/www.visit-ulcinj.com\/blog\/#website\"},\"primaryImageOfPage\":{\"@id\":\"https:\/\/www.visit-ulcinj.com\/blog\/2013\/02\/13\/nazif-cungu-priti-princin-nikolla-petroviq-njegosh\/#primaryimage\"},\"datePublished\":\"2013-02-13T17:09:37+00:00\",\"dateModified\":\"2013-02-15T06:00:15+00:00\",\"author\":{\"@id\":\"https:\/\/www.visit-ulcinj.com\/blog\/#\/schema\/person\/dcab619c614d3038751c63bc2aadc06d\"},\"description\":\"Kryetari i Komun\u00ebs s\u00eb Ulqinit Nazif Cungu ka pritur princin Nikolla Petroviq Njegosh, me t\u00eb cilin ka dakorduar disa projekte t\u00eb p\u00ebrbashk\u00ebta. Fondacioni\",\"breadcrumb\":{\"@id\":\"https:\/\/www.visit-ulcinj.com\/blog\/2013\/02\/13\/nazif-cungu-priti-princin-nikolla-petroviq-njegosh\/#breadcrumb\"},\"inLanguage\":\"en-US\",\"potentialAction\":[{\"@type\":\"ReadAction\",\"target\":[\"https:\/\/www.visit-ulcinj.com\/blog\/2013\/02\/13\/nazif-cungu-priti-princin-nikolla-petroviq-njegosh\/\"]}]},{\"@type\":\"BreadcrumbList\",\"@id\":\"https:\/\/www.visit-ulcinj.com\/blog\/2013\/02\/13\/nazif-cungu-priti-princin-nikolla-petroviq-njegosh\/#breadcrumb\",\"itemListElement\":[{\"@type\":\"ListItem\",\"position\":1,\"name\":\"Nazif Cungu priti princin Nikolla Petroviq Njegosh\"}]},{\"@type\":\"Person\",\"@id\":\"https:\/\/www.visit-ulcinj.com\/blog\/#\/schema\/person\/dcab619c614d3038751c63bc2aadc06d\",\"name\":\"ulqini\",\"sameAs\":[\"http:\/\/www.visit-ulcinj.com\"],\"url\":\"https:\/\/www.visit-ulcinj.com\/blog\/author\/admin\/\"}]}<\/script>\n<!-- \/ Yoast SEO plugin. -->","yoast_head_json":{"title":"Nazif Cungu priti princin Nikolla Petroviq Njegosh - Lajme nga Ulqini","description":"Kryetari i Komun\u00ebs s\u00eb Ulqinit Nazif Cungu ka pritur princin Nikolla Petroviq Njegosh, me t\u00eb cilin ka dakorduar disa projekte t\u00eb p\u00ebrbashk\u00ebta. Fondacioni","robots":{"index":"index","follow":"follow","max-snippet":"max-snippet:-1","max-image-preview":"max-image-preview:large","max-video-preview":"max-video-preview:-1"},"canonical":"https:\/\/www.visit-ulcinj.com\/blog\/2013\/02\/13\/nazif-cungu-priti-princin-nikolla-petroviq-njegosh\/","og_locale":"en_US","og_type":"article","og_title":"Nazif Cungu priti princin Nikolla Petroviq Njegosh - Lajme nga Ulqini","og_description":"Kryetari i Komun\u00ebs s\u00eb Ulqinit Nazif Cungu ka pritur princin Nikolla Petroviq Njegosh, me t\u00eb cilin ka dakorduar disa projekte t\u00eb p\u00ebrbashk\u00ebta. Fondacioni","og_url":"https:\/\/www.visit-ulcinj.com\/blog\/2013\/02\/13\/nazif-cungu-priti-princin-nikolla-petroviq-njegosh\/","og_site_name":"Lajme nga Ulqini","article_published_time":"2013-02-13T17:09:37+00:00","article_modified_time":"2013-02-15T06:00:15+00:00","og_image":[{"url":"http:\/\/www.visit-ulcinj.com\/blog\/wp-content\/uploads\/2013\/02\/Nazif-Cungu-Princ-Nikola-Petrovic-Njegos-ulcinj.2.jpg"}],"twitter_misc":{"Written by":"ulqini","Est. reading time":"1 minute"},"schema":{"@context":"https:\/\/schema.org","@graph":[{"@type":"WebSite","@id":"https:\/\/www.visit-ulcinj.com\/blog\/#website","url":"https:\/\/www.visit-ulcinj.com\/blog\/","name":"Lajme nga Ulqini","description":"Lajme,Vijesti,Ulqini,Ulqin,Crna Gora,Mali i Zi","potentialAction":[{"@type":"SearchAction","target":{"@type":"EntryPoint","urlTemplate":"https:\/\/www.visit-ulcinj.com\/blog\/?s={search_term_string}"},"query-input":"required name=search_term_string"}],"inLanguage":"en-US"},{"@type":"ImageObject","inLanguage":"en-US","@id":"https:\/\/www.visit-ulcinj.com\/blog\/2013\/02\/13\/nazif-cungu-priti-princin-nikolla-petroviq-njegosh\/#primaryimage","url":"https:\/\/www.visit-ulcinj.com\/blog\/wp-content\/uploads\/2013\/02\/Nazif-Cungu-Princ-Nikola-Petrovic-Njegos-ulcinj.2.jpg","contentUrl":"https:\/\/www.visit-ulcinj.com\/blog\/wp-content\/uploads\/2013\/02\/Nazif-Cungu-Princ-Nikola-Petrovic-Njegos-ulcinj.2.jpg","width":640,"height":424},{"@type":"WebPage","@id":"https:\/\/www.visit-ulcinj.com\/blog\/2013\/02\/13\/nazif-cungu-priti-princin-nikolla-petroviq-njegosh\/#webpage","url":"https:\/\/www.visit-ulcinj.com\/blog\/2013\/02\/13\/nazif-cungu-priti-princin-nikolla-petroviq-njegosh\/","name":"Nazif Cungu priti princin Nikolla Petroviq Njegosh - Lajme nga Ulqini","isPartOf":{"@id":"https:\/\/www.visit-ulcinj.com\/blog\/#website"},"primaryImageOfPage":{"@id":"https:\/\/www.visit-ulcinj.com\/blog\/2013\/02\/13\/nazif-cungu-priti-princin-nikolla-petroviq-njegosh\/#primaryimage"},"datePublished":"2013-02-13T17:09:37+00:00","dateModified":"2013-02-15T06:00:15+00:00","author":{"@id":"https:\/\/www.visit-ulcinj.com\/blog\/#\/schema\/person\/dcab619c614d3038751c63bc2aadc06d"},"description":"Kryetari i Komun\u00ebs s\u00eb Ulqinit Nazif Cungu ka pritur princin Nikolla Petroviq Njegosh, me t\u00eb cilin ka dakorduar disa projekte t\u00eb p\u00ebrbashk\u00ebta. Fondacioni","breadcrumb":{"@id":"https:\/\/www.visit-ulcinj.com\/blog\/2013\/02\/13\/nazif-cungu-priti-princin-nikolla-petroviq-njegosh\/#breadcrumb"},"inLanguage":"en-US","potentialAction":[{"@type":"ReadAction","target":["https:\/\/www.visit-ulcinj.com\/blog\/2013\/02\/13\/nazif-cungu-priti-princin-nikolla-petroviq-njegosh\/"]}]},{"@type":"BreadcrumbList","@id":"https:\/\/www.visit-ulcinj.com\/blog\/2013\/02\/13\/nazif-cungu-priti-princin-nikolla-petroviq-njegosh\/#breadcrumb","itemListElement":[{"@type":"ListItem","position":1,"name":"Nazif Cungu priti princin Nikolla Petroviq Njegosh"}]},{"@type":"Person","@id":"https:\/\/www.visit-ulcinj.com\/blog\/#\/schema\/person\/dcab619c614d3038751c63bc2aadc06d","name":"ulqini","sameAs":["http:\/\/www.visit-ulcinj.com"],"url":"https:\/\/www.visit-ulcinj.com\/blog\/author\/admin\/"}]}},"jetpack_featured_media_url":"","jetpack_sharing_enabled":true,"jetpack_shortlink":"https:\/\/wp.me\/pe6lTn-hRO","_links":{"self":[{"href":"https:\/\/www.visit-ulcinj.com\/blog\/wp-json\/wp\/v2\/posts\/68684"}],"collection":[{"href":"https:\/\/www.visit-ulcinj.com\/blog\/wp-json\/wp\/v2\/posts"}],"about":[{"href":"https:\/\/www.visit-ulcinj.com\/blog\/wp-json\/wp\/v2\/types\/post"}],"author":[{"embeddable":true,"href":"https:\/\/www.visit-ulcinj.com\/blog\/wp-json\/wp\/v2\/users\/1"}],"replies":[{"embeddable":true,"href":"https:\/\/www.visit-ulcinj.com\/blog\/wp-json\/wp\/v2\/comments?post=68684"}],"version-history":[{"count":3,"href":"https:\/\/www.visit-ulcinj.com\/blog\/wp-json\/wp\/v2\/posts\/68684\/revisions"}],"predecessor-version":[{"id":68686,"href":"https:\/\/www.visit-ulcinj.com\/blog\/wp-json\/wp\/v2\/posts\/68684\/revisions\/68686"}],"wp:attachment":[{"href":"https:\/\/www.visit-ulcinj.com\/blog\/wp-json\/wp\/v2\/media?parent=68684"}],"wp:term":[{"taxonomy":"category","embeddable":true,"href":"https:\/\/www.visit-ulcinj.com\/blog\/wp-json\/wp\/v2\/categories?post=68684"},{"taxonomy":"post_tag","embeddable":true,"href":"https:\/\/www.visit-ulcinj.com\/blog\/wp-json\/wp\/v2\/tags?post=68684"}],"curies":[{"name":"wp","href":"https:\/\/api.w.org\/{rel}","templated":true}]}}