{"id":68688,"date":"2013-02-13T19:40:36","date_gmt":"2013-02-13T18:40:36","guid":{"rendered":"http:\/\/www.visit-ulcinj.com\/blog\/?p=68688"},"modified":"2013-02-13T19:40:57","modified_gmt":"2013-02-13T18:40:57","slug":"dn-manjine-cekaju-ustavni-sud-da-se-izjasne-da-li-ce-vujanovicu-dati-podrsku","status":"publish","type":"post","link":"https:\/\/www.visit-ulcinj.com\/blog\/2013\/02\/13\/dn-manjine-cekaju-ustavni-sud-da-se-izjasne-da-li-ce-vujanovicu-dati-podrsku\/","title":{"rendered":"DN: Manjine \u010dekaju Ustavni sud da se izjasne da li \u0107e Vujanovi\u0107u dati podr\u0161ku?"},"content":{"rendered":"<p><a href=\"http:\/\/www.visit-ulcinj.com\/blog\/wp-content\/uploads\/2013\/02\/Potpisivanje_sporazuma_DPS-SDP-LP-BS-HGI-Force-i-Albanske-koalicije.jpg\"><img loading=\"lazy\" class=\"alignleft  wp-image-68689\" alt=\"Potpisivanje_sporazuma_DPS, SDP, LP, BS, HGI, Force i Albanske koalicije\" src=\"http:\/\/www.visit-ulcinj.com\/blog\/wp-content\/uploads\/2013\/02\/Potpisivanje_sporazuma_DPS-SDP-LP-BS-HGI-Force-i-Albanske-koalicije.jpg\" width=\"508\" height=\"360\" \/><\/a>Manjinske stranke koje pripadaju aktuelnoj vlasti jo\u0161 nijesu donijele kona\u010dan stav o tome kome \u0107e dati podr\u0161ku od predsjedni\u010dkih kandidata, odnosno ho\u0107e li podr\u017eati kandidata DPS i aktuelnog predsjednika Filipa Vujanovi\u0107a.<\/p>\n<p>To \u0107e, kako ka\u017eu, uglavnom saop\u0161titi krajem sedmice. Namjerno ili slu\u010dajno, stavove \u0107e saop\u0161titi tek nakon odluke da li je Vujanovi\u0107eva kandidatura ustavna, pi\u0161u dana\u0161nje Dnevne novine.<\/p>\n<p>Lider Bo\u0161nja\u010dke stranke Rafet Husovi\u0107 kazao je da ta stranka jo\u0161 nije donijela kona\u010dan stav o tome koga \u0107e podr\u017eati na predstoje\u0107im predsjedni\u010dkim izborima.<\/p>\n<p>On je u izjavi za Dnevne novine saop\u0161tio da \u0107e se predsjedni\u0161tvo stranke sastati za vikend i da \u0107e tada ve\u0107 imati precizniji stav koga \u0107e podr\u017eati.<\/p>\n<p>\u201eDo kraja nedjelje odlu\u010di\u0107emo ko \u0107e dobiti na\u0161u podr\u0161ku. O\u010dekujem da \u0107e se ubrzo oglasiti i Ustavni sud po pitanju ustavnosti kandidature Filipa Vujanovi\u0107a. Nakon toga, iznije\u0107emo svoj stav\u201c, ka\u017ee Husovi\u0107.<\/p>\n<p>Marija Vu\u010dinovi\u0107 iz Hrvatske gra\u0111anske inicijative ka\u017ee da \u0107e ta odluka najvjerovatnije biti poznata do kraja sedmice.<\/p>\n<p>\u201eTokom ove sedmice o\u010dekujemo sastanak sredi\u0161njeg odbora gdje \u0107emo donijeti kona\u010dnu odluku. Ali, mislim da bi trebalo sa\u010dekati jo\u0161 malo prije nego \u0161to kandidati zvani\u010dno prikupe potpise i zvani\u010dno postanu kandidati. Mi u stranci planiramo da ove sedmice sazovemo sjednicu i na\u010dnemo tu pri\u010du\u201c, ka\u017ee Vu\u010dinovi\u0107.<\/p>\n<p>Predsjednik Force Nazif Cungu kratko je saop\u0161tio da \u0107e ta stranka na \u010dijem je \u010delu u narednim danima donijeti odluku koga \u0107e podr\u017eati,<\/p>\n<p>Ina\u010de, predsjedni\u010dke kandidature sa potpisima podr\u0161ke gra\u0111ana dostavljaju se Dr\u017eavnoj izbornoj komisiji do 18. marta.<\/p>\n<p>&nbsp;<\/p>\n<p><strong>Analitika &#8211; Informativni Portal<\/strong><\/p>\n","protected":false},"excerpt":{"rendered":"<p>Manjinske stranke koje pripadaju aktuelnoj vlasti jo\u0161 nijesu donijele kona\u010dan stav o tome kome \u0107e dati podr\u0161ku od predsjedni\u010dkih kandidata, odnosno ho\u0107e li podr\u017eati kandidata DPS i aktuelnog predsjednika Filipa Vujanovi\u0107a. To \u0107e, kako ka\u017eu, uglavnom saop\u0161titi krajem sedmice. Namjerno ili slu\u010dajno, stavove \u0107e saop\u0161titi tek nakon odluke da li je Vujanovi\u0107eva kandidatura ustavna, pi\u0161u [&hellip;]<\/p>\n","protected":false},"author":1,"featured_media":0,"comment_status":"open","ping_status":"closed","sticky":false,"template":"","format":"standard","meta":{"spay_email":"","jetpack_publicize_message":"","jetpack_is_tweetstorm":false,"jetpack_publicize_feature_enabled":true},"categories":[6950],"tags":[117,21428,19],"jetpack_publicize_connections":[],"yoast_head":"<!-- This site is optimized with the Yoast SEO plugin v19.1 - https:\/\/yoast.com\/wordpress\/plugins\/seo\/ -->\n<title>DN: Manjine \u010dekaju Ustavni sud da se izjasne da li \u0107e Vujanovi\u0107u dati podr\u0161ku? - Lajme nga Ulqini<\/title>\n<meta name=\"description\" content=\"Manjinske stranke koje pripadaju aktuelnoj vlasti jo\u0161 nijesu donijele kona\u010dan stav o tome kome \u0107e dati podr\u0161ku od predsjedni\u010dkih kandidata, odnosno ho\u0107e\" \/>\n<meta name=\"robots\" content=\"index, follow, max-snippet:-1, max-image-preview:large, max-video-preview:-1\" \/>\n<link rel=\"canonical\" href=\"https:\/\/www.visit-ulcinj.com\/blog\/2013\/02\/13\/dn-manjine-cekaju-ustavni-sud-da-se-izjasne-da-li-ce-vujanovicu-dati-podrsku\/\" \/>\n<meta property=\"og:locale\" content=\"en_US\" \/>\n<meta property=\"og:type\" content=\"article\" \/>\n<meta property=\"og:title\" content=\"DN: Manjine \u010dekaju Ustavni sud da se izjasne da li \u0107e Vujanovi\u0107u dati podr\u0161ku? - Lajme nga Ulqini\" \/>\n<meta property=\"og:description\" content=\"Manjinske stranke koje pripadaju aktuelnoj vlasti jo\u0161 nijesu donijele kona\u010dan stav o tome kome \u0107e dati podr\u0161ku od predsjedni\u010dkih kandidata, odnosno ho\u0107e\" \/>\n<meta property=\"og:url\" content=\"https:\/\/www.visit-ulcinj.com\/blog\/2013\/02\/13\/dn-manjine-cekaju-ustavni-sud-da-se-izjasne-da-li-ce-vujanovicu-dati-podrsku\/\" \/>\n<meta property=\"og:site_name\" content=\"Lajme nga Ulqini\" \/>\n<meta property=\"article:published_time\" content=\"2013-02-13T18:40:36+00:00\" \/>\n<meta property=\"article:modified_time\" content=\"2013-02-13T18:40:57+00:00\" \/>\n<meta property=\"og:image\" content=\"http:\/\/www.visit-ulcinj.com\/blog\/wp-content\/uploads\/2013\/02\/Potpisivanje_sporazuma_DPS-SDP-LP-BS-HGI-Force-i-Albanske-koalicije.jpg\" \/>\n<meta name=\"twitter:label1\" content=\"Written by\" \/>\n\t<meta name=\"twitter:data1\" content=\"ulqini\" \/>\n\t<meta name=\"twitter:label2\" content=\"Est. reading time\" \/>\n\t<meta name=\"twitter:data2\" content=\"1 minute\" \/>\n<script type=\"application\/ld+json\" class=\"yoast-schema-graph\">{\"@context\":\"https:\/\/schema.org\",\"@graph\":[{\"@type\":\"WebSite\",\"@id\":\"https:\/\/www.visit-ulcinj.com\/blog\/#website\",\"url\":\"https:\/\/www.visit-ulcinj.com\/blog\/\",\"name\":\"Lajme nga Ulqini\",\"description\":\"Lajme,Vijesti,Ulqini,Ulqin,Crna Gora,Mali i Zi\",\"potentialAction\":[{\"@type\":\"SearchAction\",\"target\":{\"@type\":\"EntryPoint\",\"urlTemplate\":\"https:\/\/www.visit-ulcinj.com\/blog\/?s={search_term_string}\"},\"query-input\":\"required name=search_term_string\"}],\"inLanguage\":\"en-US\"},{\"@type\":\"ImageObject\",\"inLanguage\":\"en-US\",\"@id\":\"https:\/\/www.visit-ulcinj.com\/blog\/2013\/02\/13\/dn-manjine-cekaju-ustavni-sud-da-se-izjasne-da-li-ce-vujanovicu-dati-podrsku\/#primaryimage\",\"url\":\"https:\/\/www.visit-ulcinj.com\/blog\/wp-content\/uploads\/2013\/02\/Potpisivanje_sporazuma_DPS-SDP-LP-BS-HGI-Force-i-Albanske-koalicije.jpg\",\"contentUrl\":\"https:\/\/www.visit-ulcinj.com\/blog\/wp-content\/uploads\/2013\/02\/Potpisivanje_sporazuma_DPS-SDP-LP-BS-HGI-Force-i-Albanske-koalicije.jpg\",\"width\":800,\"height\":531},{\"@type\":\"WebPage\",\"@id\":\"https:\/\/www.visit-ulcinj.com\/blog\/2013\/02\/13\/dn-manjine-cekaju-ustavni-sud-da-se-izjasne-da-li-ce-vujanovicu-dati-podrsku\/#webpage\",\"url\":\"https:\/\/www.visit-ulcinj.com\/blog\/2013\/02\/13\/dn-manjine-cekaju-ustavni-sud-da-se-izjasne-da-li-ce-vujanovicu-dati-podrsku\/\",\"name\":\"DN: Manjine \u010dekaju Ustavni sud da se izjasne da li \u0107e Vujanovi\u0107u dati podr\u0161ku? - Lajme nga Ulqini\",\"isPartOf\":{\"@id\":\"https:\/\/www.visit-ulcinj.com\/blog\/#website\"},\"primaryImageOfPage\":{\"@id\":\"https:\/\/www.visit-ulcinj.com\/blog\/2013\/02\/13\/dn-manjine-cekaju-ustavni-sud-da-se-izjasne-da-li-ce-vujanovicu-dati-podrsku\/#primaryimage\"},\"datePublished\":\"2013-02-13T18:40:36+00:00\",\"dateModified\":\"2013-02-13T18:40:57+00:00\",\"author\":{\"@id\":\"https:\/\/www.visit-ulcinj.com\/blog\/#\/schema\/person\/dcab619c614d3038751c63bc2aadc06d\"},\"description\":\"Manjinske stranke koje pripadaju aktuelnoj vlasti jo\u0161 nijesu donijele kona\u010dan stav o tome kome \u0107e dati podr\u0161ku od predsjedni\u010dkih kandidata, odnosno ho\u0107e\",\"breadcrumb\":{\"@id\":\"https:\/\/www.visit-ulcinj.com\/blog\/2013\/02\/13\/dn-manjine-cekaju-ustavni-sud-da-se-izjasne-da-li-ce-vujanovicu-dati-podrsku\/#breadcrumb\"},\"inLanguage\":\"en-US\",\"potentialAction\":[{\"@type\":\"ReadAction\",\"target\":[\"https:\/\/www.visit-ulcinj.com\/blog\/2013\/02\/13\/dn-manjine-cekaju-ustavni-sud-da-se-izjasne-da-li-ce-vujanovicu-dati-podrsku\/\"]}]},{\"@type\":\"BreadcrumbList\",\"@id\":\"https:\/\/www.visit-ulcinj.com\/blog\/2013\/02\/13\/dn-manjine-cekaju-ustavni-sud-da-se-izjasne-da-li-ce-vujanovicu-dati-podrsku\/#breadcrumb\",\"itemListElement\":[{\"@type\":\"ListItem\",\"position\":1,\"name\":\"DN: Manjine \u010dekaju Ustavni sud da se izjasne da li \u0107e Vujanovi\u0107u dati podr\u0161ku?\"}]},{\"@type\":\"Person\",\"@id\":\"https:\/\/www.visit-ulcinj.com\/blog\/#\/schema\/person\/dcab619c614d3038751c63bc2aadc06d\",\"name\":\"ulqini\",\"sameAs\":[\"http:\/\/www.visit-ulcinj.com\"],\"url\":\"https:\/\/www.visit-ulcinj.com\/blog\/author\/admin\/\"}]}<\/script>\n<!-- \/ Yoast SEO plugin. -->","yoast_head_json":{"title":"DN: Manjine \u010dekaju Ustavni sud da se izjasne da li \u0107e Vujanovi\u0107u dati podr\u0161ku? - Lajme nga Ulqini","description":"Manjinske stranke koje pripadaju aktuelnoj vlasti jo\u0161 nijesu donijele kona\u010dan stav o tome kome \u0107e dati podr\u0161ku od predsjedni\u010dkih kandidata, odnosno ho\u0107e","robots":{"index":"index","follow":"follow","max-snippet":"max-snippet:-1","max-image-preview":"max-image-preview:large","max-video-preview":"max-video-preview:-1"},"canonical":"https:\/\/www.visit-ulcinj.com\/blog\/2013\/02\/13\/dn-manjine-cekaju-ustavni-sud-da-se-izjasne-da-li-ce-vujanovicu-dati-podrsku\/","og_locale":"en_US","og_type":"article","og_title":"DN: Manjine \u010dekaju Ustavni sud da se izjasne da li \u0107e Vujanovi\u0107u dati podr\u0161ku? - Lajme nga Ulqini","og_description":"Manjinske stranke koje pripadaju aktuelnoj vlasti jo\u0161 nijesu donijele kona\u010dan stav o tome kome \u0107e dati podr\u0161ku od predsjedni\u010dkih kandidata, odnosno ho\u0107e","og_url":"https:\/\/www.visit-ulcinj.com\/blog\/2013\/02\/13\/dn-manjine-cekaju-ustavni-sud-da-se-izjasne-da-li-ce-vujanovicu-dati-podrsku\/","og_site_name":"Lajme nga Ulqini","article_published_time":"2013-02-13T18:40:36+00:00","article_modified_time":"2013-02-13T18:40:57+00:00","og_image":[{"url":"http:\/\/www.visit-ulcinj.com\/blog\/wp-content\/uploads\/2013\/02\/Potpisivanje_sporazuma_DPS-SDP-LP-BS-HGI-Force-i-Albanske-koalicije.jpg"}],"twitter_misc":{"Written by":"ulqini","Est. reading time":"1 minute"},"schema":{"@context":"https:\/\/schema.org","@graph":[{"@type":"WebSite","@id":"https:\/\/www.visit-ulcinj.com\/blog\/#website","url":"https:\/\/www.visit-ulcinj.com\/blog\/","name":"Lajme nga Ulqini","description":"Lajme,Vijesti,Ulqini,Ulqin,Crna Gora,Mali i Zi","potentialAction":[{"@type":"SearchAction","target":{"@type":"EntryPoint","urlTemplate":"https:\/\/www.visit-ulcinj.com\/blog\/?s={search_term_string}"},"query-input":"required name=search_term_string"}],"inLanguage":"en-US"},{"@type":"ImageObject","inLanguage":"en-US","@id":"https:\/\/www.visit-ulcinj.com\/blog\/2013\/02\/13\/dn-manjine-cekaju-ustavni-sud-da-se-izjasne-da-li-ce-vujanovicu-dati-podrsku\/#primaryimage","url":"https:\/\/www.visit-ulcinj.com\/blog\/wp-content\/uploads\/2013\/02\/Potpisivanje_sporazuma_DPS-SDP-LP-BS-HGI-Force-i-Albanske-koalicije.jpg","contentUrl":"https:\/\/www.visit-ulcinj.com\/blog\/wp-content\/uploads\/2013\/02\/Potpisivanje_sporazuma_DPS-SDP-LP-BS-HGI-Force-i-Albanske-koalicije.jpg","width":800,"height":531},{"@type":"WebPage","@id":"https:\/\/www.visit-ulcinj.com\/blog\/2013\/02\/13\/dn-manjine-cekaju-ustavni-sud-da-se-izjasne-da-li-ce-vujanovicu-dati-podrsku\/#webpage","url":"https:\/\/www.visit-ulcinj.com\/blog\/2013\/02\/13\/dn-manjine-cekaju-ustavni-sud-da-se-izjasne-da-li-ce-vujanovicu-dati-podrsku\/","name":"DN: Manjine \u010dekaju Ustavni sud da se izjasne da li \u0107e Vujanovi\u0107u dati podr\u0161ku? - Lajme nga Ulqini","isPartOf":{"@id":"https:\/\/www.visit-ulcinj.com\/blog\/#website"},"primaryImageOfPage":{"@id":"https:\/\/www.visit-ulcinj.com\/blog\/2013\/02\/13\/dn-manjine-cekaju-ustavni-sud-da-se-izjasne-da-li-ce-vujanovicu-dati-podrsku\/#primaryimage"},"datePublished":"2013-02-13T18:40:36+00:00","dateModified":"2013-02-13T18:40:57+00:00","author":{"@id":"https:\/\/www.visit-ulcinj.com\/blog\/#\/schema\/person\/dcab619c614d3038751c63bc2aadc06d"},"description":"Manjinske stranke koje pripadaju aktuelnoj vlasti jo\u0161 nijesu donijele kona\u010dan stav o tome kome \u0107e dati podr\u0161ku od predsjedni\u010dkih kandidata, odnosno ho\u0107e","breadcrumb":{"@id":"https:\/\/www.visit-ulcinj.com\/blog\/2013\/02\/13\/dn-manjine-cekaju-ustavni-sud-da-se-izjasne-da-li-ce-vujanovicu-dati-podrsku\/#breadcrumb"},"inLanguage":"en-US","potentialAction":[{"@type":"ReadAction","target":["https:\/\/www.visit-ulcinj.com\/blog\/2013\/02\/13\/dn-manjine-cekaju-ustavni-sud-da-se-izjasne-da-li-ce-vujanovicu-dati-podrsku\/"]}]},{"@type":"BreadcrumbList","@id":"https:\/\/www.visit-ulcinj.com\/blog\/2013\/02\/13\/dn-manjine-cekaju-ustavni-sud-da-se-izjasne-da-li-ce-vujanovicu-dati-podrsku\/#breadcrumb","itemListElement":[{"@type":"ListItem","position":1,"name":"DN: Manjine \u010dekaju Ustavni sud da se izjasne da li \u0107e Vujanovi\u0107u dati podr\u0161ku?"}]},{"@type":"Person","@id":"https:\/\/www.visit-ulcinj.com\/blog\/#\/schema\/person\/dcab619c614d3038751c63bc2aadc06d","name":"ulqini","sameAs":["http:\/\/www.visit-ulcinj.com"],"url":"https:\/\/www.visit-ulcinj.com\/blog\/author\/admin\/"}]}},"jetpack_featured_media_url":"","jetpack_sharing_enabled":true,"jetpack_shortlink":"https:\/\/wp.me\/pe6lTn-hRS","_links":{"self":[{"href":"https:\/\/www.visit-ulcinj.com\/blog\/wp-json\/wp\/v2\/posts\/68688"}],"collection":[{"href":"https:\/\/www.visit-ulcinj.com\/blog\/wp-json\/wp\/v2\/posts"}],"about":[{"href":"https:\/\/www.visit-ulcinj.com\/blog\/wp-json\/wp\/v2\/types\/post"}],"author":[{"embeddable":true,"href":"https:\/\/www.visit-ulcinj.com\/blog\/wp-json\/wp\/v2\/users\/1"}],"replies":[{"embeddable":true,"href":"https:\/\/www.visit-ulcinj.com\/blog\/wp-json\/wp\/v2\/comments?post=68688"}],"version-history":[{"count":2,"href":"https:\/\/www.visit-ulcinj.com\/blog\/wp-json\/wp\/v2\/posts\/68688\/revisions"}],"predecessor-version":[{"id":68691,"href":"https:\/\/www.visit-ulcinj.com\/blog\/wp-json\/wp\/v2\/posts\/68688\/revisions\/68691"}],"wp:attachment":[{"href":"https:\/\/www.visit-ulcinj.com\/blog\/wp-json\/wp\/v2\/media?parent=68688"}],"wp:term":[{"taxonomy":"category","embeddable":true,"href":"https:\/\/www.visit-ulcinj.com\/blog\/wp-json\/wp\/v2\/categories?post=68688"},{"taxonomy":"post_tag","embeddable":true,"href":"https:\/\/www.visit-ulcinj.com\/blog\/wp-json\/wp\/v2\/tags?post=68688"}],"curies":[{"name":"wp","href":"https:\/\/api.w.org\/{rel}","templated":true}]}}