{"id":6869,"date":"2008-12-05T18:32:09","date_gmt":"2008-12-05T17:32:09","guid":{"rendered":"http:\/\/www.visit-ulcinj.com\/blog\/?p=6869"},"modified":"2008-12-05T18:34:17","modified_gmt":"2008-12-05T17:34:17","slug":"gordana-durovic-razgovarala-sa-ambasadorom-roderikom-murom","status":"publish","type":"post","link":"https:\/\/www.visit-ulcinj.com\/blog\/2008\/12\/05\/gordana-durovic-razgovarala-sa-ambasadorom-roderikom-murom\/","title":{"rendered":"Gordana ?urovi? razgovarala sa ambasadorom Roderikom Murom"},"content":{"rendered":"<p><a href=\"http:\/\/www.visit-ulcinj.com\/blog\/wp-content\/uploads\/2008\/12\/gordana-durovic_roderik-mur.jpg\"><img loading=\"lazy\" class=\"alignleft size-medium wp-image-6870\" title=\"gordana-durovic_roderik-mur\" src=\"http:\/\/www.visit-ulcinj.com\/blog\/wp-content\/uploads\/2008\/12\/gordana-durovic_roderik-mur-300x225.jpg\" alt=\"\" width=\"336\" height=\"251\" srcset=\"https:\/\/www.visit-ulcinj.com\/blog\/wp-content\/uploads\/2008\/12\/gordana-durovic_roderik-mur-300x225.jpg 300w, https:\/\/www.visit-ulcinj.com\/blog\/wp-content\/uploads\/2008\/12\/gordana-durovic_roderik-mur.jpg 640w\" sizes=\"(max-width: 336px) 100vw, 336px\" \/><\/a><strong>Potpredsjednik Vlade prof. dr Gordana ?urovi? razgovarala je danas sa ambasadorom Sjedinjenih Ameri?kih Dr\u017eava u Crnoj Gori, Roderikom Murom.<\/strong><br \/>\nPotpredsjednica ?urovi? informisala je gosta o nedavno odr\u017eanim pregovorima sa predstavnicima SAD-a o pristupanju Crne Gore Svjetskoj trgovinskoj organizaciji u \u017denevi, gdje je prezentiran aplikacioni paket za pristupanje STO, koji predstavlja crnogorski Akcioni plan obaveza za zavr\u0161etak procesa pristupanja shodno zahtijevima SAD i ostalih dr\u017eava ?lanica STO, posebno za oblast finalnog uskladjivanja zakonodavstva, trgovinskih prava i prava intelektualne svojine. Ambasadoru Muru predstavljene su izmjene i dopune zakona pripremljene shodno pravilima STO (Zakon o patentima, Zakon o za\u0161titi neobjavljenih podataka, Zakon o sredstvima za ishranu bilja, Zakon o duvanu, Zakon o slobodnim zonama, Zakon o akcizama, kao i podzakonska akta za njihovu primjenu), te pripremljeni izvje\u0161taji o subvencijama u sektorima poljoprivrede i industrije i dodatna poja\u0161njenja za proces carinskog vrednovanja. Na sastanku su takodje razmatrani i prijedlozi za pripremu zavr\u0161nog- multilateralnog izvje\u0161taja za pristupanje Crne Gore STO, te sveukupne aktivnosti za pripremu zavr\u0161ne sjednice Radne grupe u januaru 2009. godine. Na tom zasijedanju bi?e utvr?ena finalna verzija Protokola o pristupanju, koji ?e biti dostavljen Generalnom savjetu STO, na dono\u0161enje kona?ne odluke o punopravnom ?lanstvu Crne Gore u toj najzna?ajnijoj trgovinskog organizaciji, pridru\u017eenom ?lanu sistema Ujedinjenih nacija, koja okuplja 153 zemlje svijeta.<\/p>\n<p>Potpredsjednica ?urovi? se posebno zahvalila visokom predstavniku SAD na pomo?i tokom cjelokupnog procesa pristupanja Crne Gore Svjetskoj trgovinskoj organizaciji, koja je realizovana kroz projekat USAID-a u Crnoj Gori jo\u0161 od 2002.godine, i koji se zavr\u0161ava do kraja ove godine, kada i Crna Gora zavr\u0161ava svoje pregovore. USAID-ov projekat, sa svojom tehni?kom podr\u0161kom, dao je izvanredan doprinos realizaciji ovog strate\u0161kog projekta, poma\u017eu?i ja?anje kapaciteta na\u0161ih institucija, posebno u oblasti poljoprivrede, industrijske, spoljnotrgovinske i carinske politike, istakla je potpredsjednica Vlade.<br \/>\nAmbasador Mur je izrazio uvjerenje da ?e finalni pregovori koji se vode sa SAD, u okviru pristupanja Crne Gore WTO-u, biti uspje\u0161no okon?ani u najboljem obostranom interesu, imaju?i u vidu tradicionalno dobre odnose i perspektivu ekonomske saradnje, te naglasio da SAD generalno podr\u017eavaju napore Crne Gore da okon?a proces pristupanja Svjetskoj trgovinskoj organizaciji u planiranom periodu.<br \/>\nPotpredsjednica ?urovi? upoznala je Ambasadora Mura i sa radom i rezultatima Nacionalne komisije za implementaciju Akcionog plana za sprovo?enje Programa borbe protiv korupcije i organizovanog kriminala. Afirmi\u0161u?i dosada\u0161nji rad Nacionalne komisije, potpredsjednica Vlade je prezentirala rezultate na unapre?enju saradnje pravosudnih organa, Skup\u0161tine, Vlade, lokalne samouprave i nevladinih organizacija u sveobuhvatnom izvje\u0161tavanju o sprovo?enju mjera borbe protiv korupcije i organizovanog kriminala, kao i u ukupnoj reformi pravosu?a, efikasnosti krivi?nog gonjenja i su?enja, sprovo?enju specifi?nih mjera u razli?itim antikoruptivnim institucijama u sistemu dr\u017eavne uprave i zajedni?kim aktivnostima u oblasti prevencije i edukacije.<\/p>\n<p>Potpredsjednica ?urovi? je ocijenila da je Nacionalna komisija u potpunosti opravdala osnivanje, zna?ajno doprinijela transparentnosti izvje\u0161tavanja i boljoj saradnji institucija, unaprijedila izvje\u0161tavanje o borbi protiv korupcije i organizovanog kriminala na nivou dr\u017eave, pozitivno uticala i na bolje rezultate svih uklju?enih institucija i dala doprinos podsticanju unutarcrnogorskog dijaloga o tim va\u017enim politikama. Osvr?u?i se na glavne izazove borbe protiv korupcije u narednom periodu, ona je istakla zna?aj skorog usvajanja Zakonika o krivi?nom postupku i stvaranje preduslova za njegovu punu implementaciju, posebno kroz ja?anje kapaciteta dr\u017eavnog tu\u017eila\u0161tva, kao i usvajanje Zakona o sprje?avanju konflikta interesa u vr\u0161enju javnih funkcija.<\/p>\n<p>Ambasador Mur je izrazio zadovoljstvo prezentiranim korisnim informacijama, imaju?i u vidu program pomo?i Vlade SAD u oblasti ja?anja pravnog sistema u Crnoj Gori kroz partnerstvo, ne samo u koordinaciji sa predstavnicima crnogorskih sudova i tu\u017eila\u0161tva, ve? i kroz saradnju sa Vladom Crne Gore i posebno sa Upravom policije.<br \/>\nPotpredsjednica ?urovi? zahvalila se ambasadoru Muru na dosada\u0161njoj pomo?i koju Vlada SAD kontinuirano pru\u017ea Crnoj Gori u oblasti ukupnih demokratskih i ekonomskih reformi, posebno u oblasti reforme pravosu?a i ja?anja crnogorskih institucija.<br \/>\n<strong>Izvor \/ Vlada Republike Crne Gore<\/strong><\/p>\n<!--YouTube Error: bad URL entered-->\n","protected":false},"excerpt":{"rendered":"<p>Potpredsjednik Vlade prof. dr Gordana ?urovi? razgovarala je danas sa ambasadorom Sjedinjenih Ameri?kih Dr\u017eava u Crnoj Gori, Roderikom Murom. Potpredsjednica ?urovi? informisala je gosta o nedavno odr\u017eanim pregovorima sa predstavnicima SAD-a o pristupanju Crne Gore Svjetskoj trgovinskoj organizaciji u \u017denevi, gdje je prezentiran aplikacioni paket za pristupanje STO, koji predstavlja crnogorski Akcioni plan obaveza za [&hellip;]<\/p>\n","protected":false},"author":1,"featured_media":0,"comment_status":"open","ping_status":"closed","sticky":false,"template":"","format":"standard","meta":{"spay_email":"","jetpack_publicize_message":"","jetpack_is_tweetstorm":false,"jetpack_publicize_feature_enabled":true},"categories":[12],"tags":[20,5162,1099],"jetpack_publicize_connections":[],"yoast_head":"<!-- This site is optimized with the Yoast SEO plugin v19.1 - https:\/\/yoast.com\/wordpress\/plugins\/seo\/ -->\n<title>Gordana ?urovi? razgovarala sa ambasadorom Roderikom Murom - Lajme nga Ulqini<\/title>\n<meta name=\"description\" content=\"Potpredsjednik Vlade prof. dr Gordana ?urovi? razgovarala je danas sa ambasadorom Sjedinjenih Ameri?kih Dr\u017eava u Crnoj Gori, Roderikom Murom.\" \/>\n<meta name=\"robots\" content=\"index, follow, max-snippet:-1, max-image-preview:large, max-video-preview:-1\" \/>\n<link rel=\"canonical\" href=\"https:\/\/www.visit-ulcinj.com\/blog\/2008\/12\/05\/gordana-durovic-razgovarala-sa-ambasadorom-roderikom-murom\/\" \/>\n<meta property=\"og:locale\" content=\"en_US\" \/>\n<meta property=\"og:type\" content=\"article\" \/>\n<meta property=\"og:title\" content=\"Gordana ?urovi? razgovarala sa ambasadorom Roderikom Murom - Lajme nga Ulqini\" \/>\n<meta property=\"og:description\" content=\"Potpredsjednik Vlade prof. dr Gordana ?urovi? razgovarala je danas sa ambasadorom Sjedinjenih Ameri?kih Dr\u017eava u Crnoj Gori, Roderikom Murom.\" \/>\n<meta property=\"og:url\" content=\"https:\/\/www.visit-ulcinj.com\/blog\/2008\/12\/05\/gordana-durovic-razgovarala-sa-ambasadorom-roderikom-murom\/\" \/>\n<meta property=\"og:site_name\" content=\"Lajme nga Ulqini\" \/>\n<meta property=\"article:published_time\" content=\"2008-12-05T17:32:09+00:00\" \/>\n<meta property=\"article:modified_time\" content=\"2008-12-05T17:34:17+00:00\" \/>\n<meta property=\"og:image\" content=\"http:\/\/www.visit-ulcinj.com\/blog\/wp-content\/uploads\/2008\/12\/gordana-durovic_roderik-mur-300x225.jpg\" \/>\n<meta name=\"twitter:label1\" content=\"Written by\" \/>\n\t<meta name=\"twitter:data1\" content=\"ulqini\" \/>\n\t<meta name=\"twitter:label2\" content=\"Est. reading time\" \/>\n\t<meta name=\"twitter:data2\" content=\"3 minutes\" \/>\n<script type=\"application\/ld+json\" class=\"yoast-schema-graph\">{\"@context\":\"https:\/\/schema.org\",\"@graph\":[{\"@type\":\"WebSite\",\"@id\":\"https:\/\/www.visit-ulcinj.com\/blog\/#website\",\"url\":\"https:\/\/www.visit-ulcinj.com\/blog\/\",\"name\":\"Lajme nga Ulqini\",\"description\":\"Lajme,Vijesti,Ulqini,Ulqin,Crna Gora,Mali i Zi\",\"potentialAction\":[{\"@type\":\"SearchAction\",\"target\":{\"@type\":\"EntryPoint\",\"urlTemplate\":\"https:\/\/www.visit-ulcinj.com\/blog\/?s={search_term_string}\"},\"query-input\":\"required name=search_term_string\"}],\"inLanguage\":\"en-US\"},{\"@type\":\"ImageObject\",\"inLanguage\":\"en-US\",\"@id\":\"https:\/\/www.visit-ulcinj.com\/blog\/2008\/12\/05\/gordana-durovic-razgovarala-sa-ambasadorom-roderikom-murom\/#primaryimage\",\"url\":\"http:\/\/www.visit-ulcinj.com\/blog\/wp-content\/uploads\/2008\/12\/gordana-durovic_roderik-mur-300x225.jpg\",\"contentUrl\":\"http:\/\/www.visit-ulcinj.com\/blog\/wp-content\/uploads\/2008\/12\/gordana-durovic_roderik-mur-300x225.jpg\"},{\"@type\":\"WebPage\",\"@id\":\"https:\/\/www.visit-ulcinj.com\/blog\/2008\/12\/05\/gordana-durovic-razgovarala-sa-ambasadorom-roderikom-murom\/#webpage\",\"url\":\"https:\/\/www.visit-ulcinj.com\/blog\/2008\/12\/05\/gordana-durovic-razgovarala-sa-ambasadorom-roderikom-murom\/\",\"name\":\"Gordana ?urovi? razgovarala sa ambasadorom Roderikom Murom - Lajme nga Ulqini\",\"isPartOf\":{\"@id\":\"https:\/\/www.visit-ulcinj.com\/blog\/#website\"},\"primaryImageOfPage\":{\"@id\":\"https:\/\/www.visit-ulcinj.com\/blog\/2008\/12\/05\/gordana-durovic-razgovarala-sa-ambasadorom-roderikom-murom\/#primaryimage\"},\"datePublished\":\"2008-12-05T17:32:09+00:00\",\"dateModified\":\"2008-12-05T17:34:17+00:00\",\"author\":{\"@id\":\"https:\/\/www.visit-ulcinj.com\/blog\/#\/schema\/person\/dcab619c614d3038751c63bc2aadc06d\"},\"description\":\"Potpredsjednik Vlade prof. dr Gordana ?urovi? razgovarala je danas sa ambasadorom Sjedinjenih Ameri?kih Dr\u017eava u Crnoj Gori, Roderikom Murom.\",\"breadcrumb\":{\"@id\":\"https:\/\/www.visit-ulcinj.com\/blog\/2008\/12\/05\/gordana-durovic-razgovarala-sa-ambasadorom-roderikom-murom\/#breadcrumb\"},\"inLanguage\":\"en-US\",\"potentialAction\":[{\"@type\":\"ReadAction\",\"target\":[\"https:\/\/www.visit-ulcinj.com\/blog\/2008\/12\/05\/gordana-durovic-razgovarala-sa-ambasadorom-roderikom-murom\/\"]}]},{\"@type\":\"BreadcrumbList\",\"@id\":\"https:\/\/www.visit-ulcinj.com\/blog\/2008\/12\/05\/gordana-durovic-razgovarala-sa-ambasadorom-roderikom-murom\/#breadcrumb\",\"itemListElement\":[{\"@type\":\"ListItem\",\"position\":1,\"name\":\"Gordana ?urovi? razgovarala sa ambasadorom Roderikom Murom\"}]},{\"@type\":\"Person\",\"@id\":\"https:\/\/www.visit-ulcinj.com\/blog\/#\/schema\/person\/dcab619c614d3038751c63bc2aadc06d\",\"name\":\"ulqini\",\"sameAs\":[\"http:\/\/www.visit-ulcinj.com\"],\"url\":\"https:\/\/www.visit-ulcinj.com\/blog\/author\/admin\/\"}]}<\/script>\n<!-- \/ Yoast SEO plugin. -->","yoast_head_json":{"title":"Gordana ?urovi? razgovarala sa ambasadorom Roderikom Murom - Lajme nga Ulqini","description":"Potpredsjednik Vlade prof. dr Gordana ?urovi? razgovarala je danas sa ambasadorom Sjedinjenih Ameri?kih Dr\u017eava u Crnoj Gori, Roderikom Murom.","robots":{"index":"index","follow":"follow","max-snippet":"max-snippet:-1","max-image-preview":"max-image-preview:large","max-video-preview":"max-video-preview:-1"},"canonical":"https:\/\/www.visit-ulcinj.com\/blog\/2008\/12\/05\/gordana-durovic-razgovarala-sa-ambasadorom-roderikom-murom\/","og_locale":"en_US","og_type":"article","og_title":"Gordana ?urovi? razgovarala sa ambasadorom Roderikom Murom - Lajme nga Ulqini","og_description":"Potpredsjednik Vlade prof. dr Gordana ?urovi? razgovarala je danas sa ambasadorom Sjedinjenih Ameri?kih Dr\u017eava u Crnoj Gori, Roderikom Murom.","og_url":"https:\/\/www.visit-ulcinj.com\/blog\/2008\/12\/05\/gordana-durovic-razgovarala-sa-ambasadorom-roderikom-murom\/","og_site_name":"Lajme nga Ulqini","article_published_time":"2008-12-05T17:32:09+00:00","article_modified_time":"2008-12-05T17:34:17+00:00","og_image":[{"url":"http:\/\/www.visit-ulcinj.com\/blog\/wp-content\/uploads\/2008\/12\/gordana-durovic_roderik-mur-300x225.jpg"}],"twitter_misc":{"Written by":"ulqini","Est. reading time":"3 minutes"},"schema":{"@context":"https:\/\/schema.org","@graph":[{"@type":"WebSite","@id":"https:\/\/www.visit-ulcinj.com\/blog\/#website","url":"https:\/\/www.visit-ulcinj.com\/blog\/","name":"Lajme nga Ulqini","description":"Lajme,Vijesti,Ulqini,Ulqin,Crna Gora,Mali i Zi","potentialAction":[{"@type":"SearchAction","target":{"@type":"EntryPoint","urlTemplate":"https:\/\/www.visit-ulcinj.com\/blog\/?s={search_term_string}"},"query-input":"required name=search_term_string"}],"inLanguage":"en-US"},{"@type":"ImageObject","inLanguage":"en-US","@id":"https:\/\/www.visit-ulcinj.com\/blog\/2008\/12\/05\/gordana-durovic-razgovarala-sa-ambasadorom-roderikom-murom\/#primaryimage","url":"http:\/\/www.visit-ulcinj.com\/blog\/wp-content\/uploads\/2008\/12\/gordana-durovic_roderik-mur-300x225.jpg","contentUrl":"http:\/\/www.visit-ulcinj.com\/blog\/wp-content\/uploads\/2008\/12\/gordana-durovic_roderik-mur-300x225.jpg"},{"@type":"WebPage","@id":"https:\/\/www.visit-ulcinj.com\/blog\/2008\/12\/05\/gordana-durovic-razgovarala-sa-ambasadorom-roderikom-murom\/#webpage","url":"https:\/\/www.visit-ulcinj.com\/blog\/2008\/12\/05\/gordana-durovic-razgovarala-sa-ambasadorom-roderikom-murom\/","name":"Gordana ?urovi? razgovarala sa ambasadorom Roderikom Murom - Lajme nga Ulqini","isPartOf":{"@id":"https:\/\/www.visit-ulcinj.com\/blog\/#website"},"primaryImageOfPage":{"@id":"https:\/\/www.visit-ulcinj.com\/blog\/2008\/12\/05\/gordana-durovic-razgovarala-sa-ambasadorom-roderikom-murom\/#primaryimage"},"datePublished":"2008-12-05T17:32:09+00:00","dateModified":"2008-12-05T17:34:17+00:00","author":{"@id":"https:\/\/www.visit-ulcinj.com\/blog\/#\/schema\/person\/dcab619c614d3038751c63bc2aadc06d"},"description":"Potpredsjednik Vlade prof. dr Gordana ?urovi? razgovarala je danas sa ambasadorom Sjedinjenih Ameri?kih Dr\u017eava u Crnoj Gori, Roderikom Murom.","breadcrumb":{"@id":"https:\/\/www.visit-ulcinj.com\/blog\/2008\/12\/05\/gordana-durovic-razgovarala-sa-ambasadorom-roderikom-murom\/#breadcrumb"},"inLanguage":"en-US","potentialAction":[{"@type":"ReadAction","target":["https:\/\/www.visit-ulcinj.com\/blog\/2008\/12\/05\/gordana-durovic-razgovarala-sa-ambasadorom-roderikom-murom\/"]}]},{"@type":"BreadcrumbList","@id":"https:\/\/www.visit-ulcinj.com\/blog\/2008\/12\/05\/gordana-durovic-razgovarala-sa-ambasadorom-roderikom-murom\/#breadcrumb","itemListElement":[{"@type":"ListItem","position":1,"name":"Gordana ?urovi? razgovarala sa ambasadorom Roderikom Murom"}]},{"@type":"Person","@id":"https:\/\/www.visit-ulcinj.com\/blog\/#\/schema\/person\/dcab619c614d3038751c63bc2aadc06d","name":"ulqini","sameAs":["http:\/\/www.visit-ulcinj.com"],"url":"https:\/\/www.visit-ulcinj.com\/blog\/author\/admin\/"}]}},"jetpack_featured_media_url":"","jetpack_sharing_enabled":true,"jetpack_shortlink":"https:\/\/wp.me\/pe6lTn-1MN","_links":{"self":[{"href":"https:\/\/www.visit-ulcinj.com\/blog\/wp-json\/wp\/v2\/posts\/6869"}],"collection":[{"href":"https:\/\/www.visit-ulcinj.com\/blog\/wp-json\/wp\/v2\/posts"}],"about":[{"href":"https:\/\/www.visit-ulcinj.com\/blog\/wp-json\/wp\/v2\/types\/post"}],"author":[{"embeddable":true,"href":"https:\/\/www.visit-ulcinj.com\/blog\/wp-json\/wp\/v2\/users\/1"}],"replies":[{"embeddable":true,"href":"https:\/\/www.visit-ulcinj.com\/blog\/wp-json\/wp\/v2\/comments?post=6869"}],"version-history":[{"count":0,"href":"https:\/\/www.visit-ulcinj.com\/blog\/wp-json\/wp\/v2\/posts\/6869\/revisions"}],"wp:attachment":[{"href":"https:\/\/www.visit-ulcinj.com\/blog\/wp-json\/wp\/v2\/media?parent=6869"}],"wp:term":[{"taxonomy":"category","embeddable":true,"href":"https:\/\/www.visit-ulcinj.com\/blog\/wp-json\/wp\/v2\/categories?post=6869"},{"taxonomy":"post_tag","embeddable":true,"href":"https:\/\/www.visit-ulcinj.com\/blog\/wp-json\/wp\/v2\/tags?post=6869"}],"curies":[{"name":"wp","href":"https:\/\/api.w.org\/{rel}","templated":true}]}}