{"id":68692,"date":"2013-02-14T07:56:01","date_gmt":"2013-02-14T06:56:01","guid":{"rendered":"http:\/\/www.visit-ulcinj.com\/blog\/?p=68692"},"modified":"2013-02-14T07:56:01","modified_gmt":"2013-02-14T06:56:01","slug":"fmn-ja-i-kerkon-malit-te-zi-uljen-e-borxhit-publik","status":"publish","type":"post","link":"https:\/\/www.visit-ulcinj.com\/blog\/2013\/02\/14\/fmn-ja-i-kerkon-malit-te-zi-uljen-e-borxhit-publik\/","title":{"rendered":"FMN-ja i k\u00ebrkon Malit t\u00eb Zi uljen e borxhit publik"},"content":{"rendered":"<p><a href=\"http:\/\/www.visit-ulcinj.com\/blog\/wp-content\/uploads\/2013\/02\/FMI.jpg\"><img loading=\"lazy\" class=\"alignleft  wp-image-68693\" alt=\"FMI\" src=\"http:\/\/www.visit-ulcinj.com\/blog\/wp-content\/uploads\/2013\/02\/FMI.jpg\" width=\"508\" height=\"360\" \/><\/a>Podgoric\u00eb, 13 shkurt &#8211; Mali i Zi duhet t\u00eb nd\u00ebrmarr\u00eb masa p\u00ebr uljen e borxhit publik, por pa rrezikuar zhvillimin ekonomik, deklaruan sot p\u00ebrfaq\u00ebsues t\u00eb FMN-s\u00eb pas takimit me ministrin malazez t\u00eb Financave, Radoje Zhugiq.<\/p>\n<p>&#8221;Qeveria e Malit t\u00eb Zi, me miratimin e buxhetit dhe pakos s\u00eb masave p\u00ebr p\u00ebrshtatje financiare \u00ebsht\u00eb n\u00eb rrug\u00eb t\u00eb drejt\u00eb p\u00ebr t\u00eb realizuar baraspesh\u00ebn e financave publike&#8221;, deklaroi ai, transmeton MIA.<\/p>\n<p>Sipas tij, k\u00ebto jan\u00eb prioritetet kryesore t\u00eb Ministris\u00eb s\u00eb Financave gjat\u00eb k\u00ebtij viti.<\/p>\n<p>Pal\u00ebt ran\u00eb dakord p\u00ebr marrjen e masave drejt zvog\u00eblimit t\u00eb nivelit t\u00eb borxhit publik pa rrezikuar zhvillimin ekonomik.<\/p>\n<p><strong>Koha Net<\/strong><\/p>\n","protected":false},"excerpt":{"rendered":"<p>Podgoric\u00eb, 13 shkurt &#8211; Mali i Zi duhet t\u00eb nd\u00ebrmarr\u00eb masa p\u00ebr uljen e borxhit publik, por pa rrezikuar zhvillimin ekonomik, deklaruan sot p\u00ebrfaq\u00ebsues t\u00eb FMN-s\u00eb pas takimit me ministrin malazez t\u00eb Financave, Radoje Zhugiq. &#8221;Qeveria e Malit t\u00eb Zi, me miratimin e buxhetit dhe pakos s\u00eb masave p\u00ebr p\u00ebrshtatje financiare \u00ebsht\u00eb n\u00eb rrug\u00eb t\u00eb [&hellip;]<\/p>\n","protected":false},"author":1,"featured_media":0,"comment_status":"open","ping_status":"closed","sticky":false,"template":"","format":"standard","meta":{"spay_email":"","jetpack_publicize_message":"","jetpack_is_tweetstorm":false,"jetpack_publicize_feature_enabled":true},"categories":[7],"tags":[4335,95],"jetpack_publicize_connections":[],"yoast_head":"<!-- This site is optimized with the Yoast SEO plugin v19.1 - https:\/\/yoast.com\/wordpress\/plugins\/seo\/ -->\n<title>FMN-ja i k\u00ebrkon Malit t\u00eb Zi uljen e borxhit publik - Lajme nga Ulqini<\/title>\n<meta name=\"description\" content=\"Podgoric\u00eb, 13 shkurt - Mali i Zi duhet t\u00eb nd\u00ebrmarr\u00eb masa p\u00ebr uljen e borxhit publik, por pa rrezikuar zhvillimin ekonomik, deklaruan sot p\u00ebrfaq\u00ebsues t\u00eb\" \/>\n<meta name=\"robots\" content=\"index, follow, max-snippet:-1, max-image-preview:large, max-video-preview:-1\" \/>\n<link rel=\"canonical\" href=\"https:\/\/www.visit-ulcinj.com\/blog\/2013\/02\/14\/fmn-ja-i-kerkon-malit-te-zi-uljen-e-borxhit-publik\/\" \/>\n<meta property=\"og:locale\" content=\"en_US\" \/>\n<meta property=\"og:type\" content=\"article\" \/>\n<meta property=\"og:title\" content=\"FMN-ja i k\u00ebrkon Malit t\u00eb Zi uljen e borxhit publik - Lajme nga Ulqini\" \/>\n<meta property=\"og:description\" content=\"Podgoric\u00eb, 13 shkurt - Mali i Zi duhet t\u00eb nd\u00ebrmarr\u00eb masa p\u00ebr uljen e borxhit publik, por pa rrezikuar zhvillimin ekonomik, deklaruan sot p\u00ebrfaq\u00ebsues t\u00eb\" \/>\n<meta property=\"og:url\" content=\"https:\/\/www.visit-ulcinj.com\/blog\/2013\/02\/14\/fmn-ja-i-kerkon-malit-te-zi-uljen-e-borxhit-publik\/\" \/>\n<meta property=\"og:site_name\" content=\"Lajme nga Ulqini\" \/>\n<meta property=\"article:published_time\" content=\"2013-02-14T06:56:01+00:00\" \/>\n<meta property=\"og:image\" content=\"http:\/\/www.visit-ulcinj.com\/blog\/wp-content\/uploads\/2013\/02\/FMI.jpg\" \/>\n<meta name=\"twitter:label1\" content=\"Written by\" \/>\n\t<meta name=\"twitter:data1\" content=\"ulqini\" \/>\n\t<meta name=\"twitter:label2\" content=\"Est. reading time\" \/>\n\t<meta name=\"twitter:data2\" content=\"1 minute\" \/>\n<script type=\"application\/ld+json\" class=\"yoast-schema-graph\">{\"@context\":\"https:\/\/schema.org\",\"@graph\":[{\"@type\":\"WebSite\",\"@id\":\"https:\/\/www.visit-ulcinj.com\/blog\/#website\",\"url\":\"https:\/\/www.visit-ulcinj.com\/blog\/\",\"name\":\"Lajme nga Ulqini\",\"description\":\"Lajme,Vijesti,Ulqini,Ulqin,Crna Gora,Mali i Zi\",\"potentialAction\":[{\"@type\":\"SearchAction\",\"target\":{\"@type\":\"EntryPoint\",\"urlTemplate\":\"https:\/\/www.visit-ulcinj.com\/blog\/?s={search_term_string}\"},\"query-input\":\"required name=search_term_string\"}],\"inLanguage\":\"en-US\"},{\"@type\":\"ImageObject\",\"inLanguage\":\"en-US\",\"@id\":\"https:\/\/www.visit-ulcinj.com\/blog\/2013\/02\/14\/fmn-ja-i-kerkon-malit-te-zi-uljen-e-borxhit-publik\/#primaryimage\",\"url\":\"http:\/\/www.visit-ulcinj.com\/blog\/wp-content\/uploads\/2013\/02\/FMI.jpg\",\"contentUrl\":\"http:\/\/www.visit-ulcinj.com\/blog\/wp-content\/uploads\/2013\/02\/FMI.jpg\"},{\"@type\":\"WebPage\",\"@id\":\"https:\/\/www.visit-ulcinj.com\/blog\/2013\/02\/14\/fmn-ja-i-kerkon-malit-te-zi-uljen-e-borxhit-publik\/#webpage\",\"url\":\"https:\/\/www.visit-ulcinj.com\/blog\/2013\/02\/14\/fmn-ja-i-kerkon-malit-te-zi-uljen-e-borxhit-publik\/\",\"name\":\"FMN-ja i k\u00ebrkon Malit t\u00eb Zi uljen e borxhit publik - Lajme nga Ulqini\",\"isPartOf\":{\"@id\":\"https:\/\/www.visit-ulcinj.com\/blog\/#website\"},\"primaryImageOfPage\":{\"@id\":\"https:\/\/www.visit-ulcinj.com\/blog\/2013\/02\/14\/fmn-ja-i-kerkon-malit-te-zi-uljen-e-borxhit-publik\/#primaryimage\"},\"datePublished\":\"2013-02-14T06:56:01+00:00\",\"dateModified\":\"2013-02-14T06:56:01+00:00\",\"author\":{\"@id\":\"https:\/\/www.visit-ulcinj.com\/blog\/#\/schema\/person\/dcab619c614d3038751c63bc2aadc06d\"},\"description\":\"Podgoric\u00eb, 13 shkurt - Mali i Zi duhet t\u00eb nd\u00ebrmarr\u00eb masa p\u00ebr uljen e borxhit publik, por pa rrezikuar zhvillimin ekonomik, deklaruan sot p\u00ebrfaq\u00ebsues t\u00eb\",\"breadcrumb\":{\"@id\":\"https:\/\/www.visit-ulcinj.com\/blog\/2013\/02\/14\/fmn-ja-i-kerkon-malit-te-zi-uljen-e-borxhit-publik\/#breadcrumb\"},\"inLanguage\":\"en-US\",\"potentialAction\":[{\"@type\":\"ReadAction\",\"target\":[\"https:\/\/www.visit-ulcinj.com\/blog\/2013\/02\/14\/fmn-ja-i-kerkon-malit-te-zi-uljen-e-borxhit-publik\/\"]}]},{\"@type\":\"BreadcrumbList\",\"@id\":\"https:\/\/www.visit-ulcinj.com\/blog\/2013\/02\/14\/fmn-ja-i-kerkon-malit-te-zi-uljen-e-borxhit-publik\/#breadcrumb\",\"itemListElement\":[{\"@type\":\"ListItem\",\"position\":1,\"name\":\"FMN-ja i k\u00ebrkon Malit t\u00eb Zi uljen e borxhit publik\"}]},{\"@type\":\"Person\",\"@id\":\"https:\/\/www.visit-ulcinj.com\/blog\/#\/schema\/person\/dcab619c614d3038751c63bc2aadc06d\",\"name\":\"ulqini\",\"sameAs\":[\"http:\/\/www.visit-ulcinj.com\"],\"url\":\"https:\/\/www.visit-ulcinj.com\/blog\/author\/admin\/\"}]}<\/script>\n<!-- \/ Yoast SEO plugin. -->","yoast_head_json":{"title":"FMN-ja i k\u00ebrkon Malit t\u00eb Zi uljen e borxhit publik - Lajme nga Ulqini","description":"Podgoric\u00eb, 13 shkurt - Mali i Zi duhet t\u00eb nd\u00ebrmarr\u00eb masa p\u00ebr uljen e borxhit publik, por pa rrezikuar zhvillimin ekonomik, deklaruan sot p\u00ebrfaq\u00ebsues t\u00eb","robots":{"index":"index","follow":"follow","max-snippet":"max-snippet:-1","max-image-preview":"max-image-preview:large","max-video-preview":"max-video-preview:-1"},"canonical":"https:\/\/www.visit-ulcinj.com\/blog\/2013\/02\/14\/fmn-ja-i-kerkon-malit-te-zi-uljen-e-borxhit-publik\/","og_locale":"en_US","og_type":"article","og_title":"FMN-ja i k\u00ebrkon Malit t\u00eb Zi uljen e borxhit publik - Lajme nga Ulqini","og_description":"Podgoric\u00eb, 13 shkurt - Mali i Zi duhet t\u00eb nd\u00ebrmarr\u00eb masa p\u00ebr uljen e borxhit publik, por pa rrezikuar zhvillimin ekonomik, deklaruan sot p\u00ebrfaq\u00ebsues t\u00eb","og_url":"https:\/\/www.visit-ulcinj.com\/blog\/2013\/02\/14\/fmn-ja-i-kerkon-malit-te-zi-uljen-e-borxhit-publik\/","og_site_name":"Lajme nga Ulqini","article_published_time":"2013-02-14T06:56:01+00:00","og_image":[{"url":"http:\/\/www.visit-ulcinj.com\/blog\/wp-content\/uploads\/2013\/02\/FMI.jpg"}],"twitter_misc":{"Written by":"ulqini","Est. reading time":"1 minute"},"schema":{"@context":"https:\/\/schema.org","@graph":[{"@type":"WebSite","@id":"https:\/\/www.visit-ulcinj.com\/blog\/#website","url":"https:\/\/www.visit-ulcinj.com\/blog\/","name":"Lajme nga Ulqini","description":"Lajme,Vijesti,Ulqini,Ulqin,Crna Gora,Mali i Zi","potentialAction":[{"@type":"SearchAction","target":{"@type":"EntryPoint","urlTemplate":"https:\/\/www.visit-ulcinj.com\/blog\/?s={search_term_string}"},"query-input":"required name=search_term_string"}],"inLanguage":"en-US"},{"@type":"ImageObject","inLanguage":"en-US","@id":"https:\/\/www.visit-ulcinj.com\/blog\/2013\/02\/14\/fmn-ja-i-kerkon-malit-te-zi-uljen-e-borxhit-publik\/#primaryimage","url":"http:\/\/www.visit-ulcinj.com\/blog\/wp-content\/uploads\/2013\/02\/FMI.jpg","contentUrl":"http:\/\/www.visit-ulcinj.com\/blog\/wp-content\/uploads\/2013\/02\/FMI.jpg"},{"@type":"WebPage","@id":"https:\/\/www.visit-ulcinj.com\/blog\/2013\/02\/14\/fmn-ja-i-kerkon-malit-te-zi-uljen-e-borxhit-publik\/#webpage","url":"https:\/\/www.visit-ulcinj.com\/blog\/2013\/02\/14\/fmn-ja-i-kerkon-malit-te-zi-uljen-e-borxhit-publik\/","name":"FMN-ja i k\u00ebrkon Malit t\u00eb Zi uljen e borxhit publik - Lajme nga Ulqini","isPartOf":{"@id":"https:\/\/www.visit-ulcinj.com\/blog\/#website"},"primaryImageOfPage":{"@id":"https:\/\/www.visit-ulcinj.com\/blog\/2013\/02\/14\/fmn-ja-i-kerkon-malit-te-zi-uljen-e-borxhit-publik\/#primaryimage"},"datePublished":"2013-02-14T06:56:01+00:00","dateModified":"2013-02-14T06:56:01+00:00","author":{"@id":"https:\/\/www.visit-ulcinj.com\/blog\/#\/schema\/person\/dcab619c614d3038751c63bc2aadc06d"},"description":"Podgoric\u00eb, 13 shkurt - Mali i Zi duhet t\u00eb nd\u00ebrmarr\u00eb masa p\u00ebr uljen e borxhit publik, por pa rrezikuar zhvillimin ekonomik, deklaruan sot p\u00ebrfaq\u00ebsues t\u00eb","breadcrumb":{"@id":"https:\/\/www.visit-ulcinj.com\/blog\/2013\/02\/14\/fmn-ja-i-kerkon-malit-te-zi-uljen-e-borxhit-publik\/#breadcrumb"},"inLanguage":"en-US","potentialAction":[{"@type":"ReadAction","target":["https:\/\/www.visit-ulcinj.com\/blog\/2013\/02\/14\/fmn-ja-i-kerkon-malit-te-zi-uljen-e-borxhit-publik\/"]}]},{"@type":"BreadcrumbList","@id":"https:\/\/www.visit-ulcinj.com\/blog\/2013\/02\/14\/fmn-ja-i-kerkon-malit-te-zi-uljen-e-borxhit-publik\/#breadcrumb","itemListElement":[{"@type":"ListItem","position":1,"name":"FMN-ja i k\u00ebrkon Malit t\u00eb Zi uljen e borxhit publik"}]},{"@type":"Person","@id":"https:\/\/www.visit-ulcinj.com\/blog\/#\/schema\/person\/dcab619c614d3038751c63bc2aadc06d","name":"ulqini","sameAs":["http:\/\/www.visit-ulcinj.com"],"url":"https:\/\/www.visit-ulcinj.com\/blog\/author\/admin\/"}]}},"jetpack_featured_media_url":"","jetpack_sharing_enabled":true,"jetpack_shortlink":"https:\/\/wp.me\/pe6lTn-hRW","_links":{"self":[{"href":"https:\/\/www.visit-ulcinj.com\/blog\/wp-json\/wp\/v2\/posts\/68692"}],"collection":[{"href":"https:\/\/www.visit-ulcinj.com\/blog\/wp-json\/wp\/v2\/posts"}],"about":[{"href":"https:\/\/www.visit-ulcinj.com\/blog\/wp-json\/wp\/v2\/types\/post"}],"author":[{"embeddable":true,"href":"https:\/\/www.visit-ulcinj.com\/blog\/wp-json\/wp\/v2\/users\/1"}],"replies":[{"embeddable":true,"href":"https:\/\/www.visit-ulcinj.com\/blog\/wp-json\/wp\/v2\/comments?post=68692"}],"version-history":[{"count":1,"href":"https:\/\/www.visit-ulcinj.com\/blog\/wp-json\/wp\/v2\/posts\/68692\/revisions"}],"predecessor-version":[{"id":68694,"href":"https:\/\/www.visit-ulcinj.com\/blog\/wp-json\/wp\/v2\/posts\/68692\/revisions\/68694"}],"wp:attachment":[{"href":"https:\/\/www.visit-ulcinj.com\/blog\/wp-json\/wp\/v2\/media?parent=68692"}],"wp:term":[{"taxonomy":"category","embeddable":true,"href":"https:\/\/www.visit-ulcinj.com\/blog\/wp-json\/wp\/v2\/categories?post=68692"},{"taxonomy":"post_tag","embeddable":true,"href":"https:\/\/www.visit-ulcinj.com\/blog\/wp-json\/wp\/v2\/tags?post=68692"}],"curies":[{"name":"wp","href":"https:\/\/api.w.org\/{rel}","templated":true}]}}