{"id":68702,"date":"2013-02-14T16:42:16","date_gmt":"2013-02-14T15:42:16","guid":{"rendered":"http:\/\/www.visit-ulcinj.com\/blog\/?p=68702"},"modified":"2013-02-14T16:42:37","modified_gmt":"2013-02-14T15:42:37","slug":"propozim-i-art-klubit-per-emertimin-e-nje-rruge-ali-podrimja-ne-ulqin","status":"publish","type":"post","link":"https:\/\/www.visit-ulcinj.com\/blog\/2013\/02\/14\/propozim-i-art-klubit-per-emertimin-e-nje-rruge-ali-podrimja-ne-ulqin\/","title":{"rendered":"Propozim i Art Klubit p\u00ebr em\u00ebrtimin e nj\u00eb rruge &#8220;Ali Podrimja&#8221; ne Ulqin"},"content":{"rendered":"<div><a href=\"http:\/\/www.visit-ulcinj.com\/blog\/wp-content\/uploads\/2012\/12\/Shoqata-Art-Club-Ulqin.1.jpg\"><img loading=\"lazy\" class=\"alignleft  wp-image-67169\" alt=\"Shoqata-Art-Club-Ulqin.1\" src=\"http:\/\/www.visit-ulcinj.com\/blog\/wp-content\/uploads\/2012\/12\/Shoqata-Art-Club-Ulqin.1.jpg\" width=\"508\" height=\"138\" \/><\/a><\/div>\n<p style=\"text-align: center;\"><strong>Njoftim p\u00ebr media<\/strong><\/p>\n<p style=\"text-align: center;\"><strong>\u00a0<\/strong><\/p>\n<p style=\"text-align: center;\"><strong>\u201cArt Club\u201d propozon q\u00eb nj\u00eb rruge apo sheshi n\u00eb Ulqin t\u2019i jepet emri i poetit Ali Podrimja<\/strong><\/p>\n<p>&nbsp;<\/p>\n<p>Shoqata e Artist\u00ebve dhe Intelektual\u00ebve \u201cArt Club\u201d nga Ulqini i ka propozuar Komisionit p\u00ebr Em\u00ebrtimin e Rrug\u00ebve dhe Shesheve t\u00eb Kuvendit t\u00eb Komun\u00ebs s\u00eb Ulqinit q\u00eb nj\u00eb rrug\u00eb apo shesh n\u00eb k\u00ebt\u00eb qytet t\u00eb mbaj\u00eb emrin e poetit t\u00eb njohur shqiptar me renome nd\u00ebrkomb\u00ebtare, Ali Podrimja.<br \/>\n<a href=\"http:\/\/www.visit-ulcinj.com\/blog\/wp-content\/uploads\/2013\/02\/ALI-PODRIMJA.jpg\"><img loading=\"lazy\" class=\"alignleft size-full wp-image-68704\" alt=\"ALI PODRIMJA\" src=\"http:\/\/www.visit-ulcinj.com\/blog\/wp-content\/uploads\/2013\/02\/ALI-PODRIMJA.jpg\" width=\"508\" height=\"295\" srcset=\"https:\/\/www.visit-ulcinj.com\/blog\/wp-content\/uploads\/2013\/02\/ALI-PODRIMJA.jpg 508w, https:\/\/www.visit-ulcinj.com\/blog\/wp-content\/uploads\/2013\/02\/ALI-PODRIMJA-300x174.jpg 300w\" sizes=\"(max-width: 508px) 100vw, 508px\" \/><\/a><\/p>\n<p>N\u00eb arsyetimin e k\u00ebtij propozimi thuhet se Ali Podrimja ishte shum\u00eb i lidhur me Ulqinin, t\u00eb cilin e donte dhe e vizitonte shpesh.<\/p>\n<p>\u201cAli Podrimja kishte nj\u00eb dashuri t\u00eb ve\u00e7ant\u00eb p\u00ebr Ulqinin dhe ishte mysafir i rregullt i ngjarjeve kulturore q\u00eb i organizonte Shoqata e Artist\u00ebve dhe Intelektual\u00ebve \u2018Art Club\u2019, posa\u00e7\u00ebrisht i manifestimit letrar \u2018Kalimera Poetike\u2019\u201d, thekson propozimi.<\/p>\n<p>Po ashtu, p\u00ebrmendet kontributi i jasht\u00ebzakonsh\u00ebm q\u00eb ka dh\u00ebn\u00eb poeti Ali Podrimja n\u00eb ideimin e disa veprimtarive letrare n\u00eb Ulqin, por edhe n\u00eb zbulimin dhe afirmimin e poet\u00ebve dhe krijuesve nga radh\u00ebt e shqiptar\u00ebve n\u00eb Mal t\u00eb Zi.<\/p>\n<p>\u201cAi e adhuronte detin, val\u00ebt dhe Kalan\u00eb e lasht\u00eb, p\u00ebr \u00e7ka Ulqinin e cil\u00ebsonte si \u2018cepin m\u00eb t\u00eb bukur t\u00eb Shqiptaris\u00eb\u2019. Prania e vazhdueshme e Podrimjes n\u00eb Ulqin dhe shkrimet e tij n\u00eb mediet e k\u00ebtushme ngjall\u00ebn frym\u00ebn e krenaris\u00eb dhe t\u00eb q\u00ebndres\u00ebs s\u00eb shqiptar\u00ebve n\u00eb Mal t\u00eb Zi\u201d, thuhet m\u00eb tej n\u00eb propozim.<\/p>\n<p>Poeti Ali Podrimja vdiq n\u00eb korrik t\u00eb vitit t\u00eb kaluar. Ai ishte zhdukur gjat\u00eb koh\u00ebs s\u00eb mbajtjes s\u00eb festivalit t\u00eb poezis\u00eb \u201cZ\u00ebri i Mesdheut\u201d n\u00eb qytetin Lodeve t\u00eb Franc\u00ebs. Pas k\u00ebrkimeve t\u00eb pareshtura t\u00eb autoriteteve franceze, u gjet trupi i pajet\u00eb i shkrimtarit.<\/p>\n<p>&nbsp;<\/p>\n<p>&nbsp;<\/p>\n<p>&nbsp;<\/p>\n<p>Ulqin, m\u00eb 14. 02. 2013<\/p>\n<p style=\"text-align: right;\">\u00a0\u00a0<strong>\u00a0SHAI \u201cArt Club\u201d<\/strong><\/p>\n","protected":false},"excerpt":{"rendered":"<p>Njoftim p\u00ebr media \u00a0 \u201cArt Club\u201d propozon q\u00eb nj\u00eb rruge apo sheshi n\u00eb Ulqin t\u2019i jepet emri i poetit Ali Podrimja &nbsp; Shoqata e Artist\u00ebve dhe Intelektual\u00ebve \u201cArt Club\u201d nga Ulqini i ka propozuar Komisionit p\u00ebr Em\u00ebrtimin e Rrug\u00ebve dhe Shesheve t\u00eb Kuvendit t\u00eb Komun\u00ebs s\u00eb Ulqinit q\u00eb nj\u00eb rrug\u00eb apo shesh n\u00eb k\u00ebt\u00eb qytet [&hellip;]<\/p>\n","protected":false},"author":1,"featured_media":0,"comment_status":"open","ping_status":"closed","sticky":false,"template":"","format":"standard","meta":{"spay_email":"","jetpack_publicize_message":"","jetpack_is_tweetstorm":false,"jetpack_publicize_feature_enabled":true},"categories":[4],"tags":[11609,21509,21512,21521,4542,4995,212,2192,21522,17828,21239,17834,3382,21237,18370,17811,21523,21242,20884,7930,17831,18362,14353,17808,14354,12340,17840,17839,17468,8161,18363,21524,21221,21525,21222,18532,17835,21240,17814,17810,17816,2326,17071,2319,21246,10400,17807,21526,21253,21468,21469,19517,3516,14652,17837,2322,10529,17827,18023,21219,21416,8470,21244,21494,2338,21238,21527,21248,14358,21528,222,2321,17802,17812,17803,2323,3584,17820,1499,21236,21250,21529,17825,21530,17817,21531,17805,21252,3169,305,3490,21251,840,17823,2325,17832,3506,17818,214,21231,3993,5913,17680,2327,14362,21532,14363,18371,21493,21230,21241,21513,21533,3507,730,21471,21249,17800,498,3500,21421,21534,21228,21255,115,14364,21234,18694,21254,21535,21536,21223,21418,21537,17799,21538,3327,21226,17841,3944,17826,15213,18236,3512,17806,21539,18399,11648,18289,21233,21540,17838,499,21541,95,2331,21542,21543,2348,21427,17813,21544,17804,21545,15141,347,21546,19495,17836,14366,21547,21510,2332,3875,79,17073,18294,612,318,118,18368,18369,21417,21257,21258,1653,21420,21426,21419,21548,2304,21261,2360,21232,1909,21549,21550,21551,16430,21243,21224,14367,500,21552,21553,21235,13393,2354,5380,21554,17801,2306,2334,2335,21470,18360,21227,3577,17822,14368,14369,21555,208,21225,21492,17824,14370,4244,21247,18291,16228,21556,21259,2083,3231,14371,21220,41,3617,5040,3582,2350,3722,21260,2310,14372,17844,17821,2312,21557,5589,18372,21256,17830,17077,18295,14375,17833,17829,899,21245,20894,2337,3797,3583,1655,21558,21559,21229,21560,200,18,21785,21786,10421,17819,21561,21562,2339,4243,16445,3333,17809,21563,2340,4265,14376],"jetpack_publicize_connections":[],"yoast_head":"<!-- This site is optimized with the Yoast SEO plugin v19.1 - https:\/\/yoast.com\/wordpress\/plugins\/seo\/ -->\n<title>Propozim i Art Klubit p\u00ebr em\u00ebrtimin e nj\u00eb rruge &quot;Ali Podrimja&quot; ne Ulqin - Lajme nga Ulqini<\/title>\n<meta name=\"description\" content=\"Njoftim p\u00ebr media \u00a0 \u201cArt Club\u201d propozon q\u00eb nj\u00eb rruge apo sheshi n\u00eb Ulqin t\u2019i jepet emri i poetit Ali Podrimja &nbsp; Shoqata e Artist\u00ebve dhe\" \/>\n<meta name=\"robots\" content=\"index, follow, max-snippet:-1, max-image-preview:large, max-video-preview:-1\" \/>\n<link rel=\"canonical\" href=\"https:\/\/www.visit-ulcinj.com\/blog\/2013\/02\/14\/propozim-i-art-klubit-per-emertimin-e-nje-rruge-ali-podrimja-ne-ulqin\/\" \/>\n<meta property=\"og:locale\" content=\"en_US\" \/>\n<meta property=\"og:type\" content=\"article\" \/>\n<meta property=\"og:title\" content=\"Propozim i Art Klubit p\u00ebr em\u00ebrtimin e nj\u00eb rruge &quot;Ali Podrimja&quot; ne Ulqin - Lajme nga Ulqini\" \/>\n<meta property=\"og:description\" content=\"Njoftim p\u00ebr media \u00a0 \u201cArt Club\u201d propozon q\u00eb nj\u00eb rruge apo sheshi n\u00eb Ulqin t\u2019i jepet emri i poetit Ali Podrimja &nbsp; Shoqata e Artist\u00ebve dhe\" \/>\n<meta property=\"og:url\" content=\"https:\/\/www.visit-ulcinj.com\/blog\/2013\/02\/14\/propozim-i-art-klubit-per-emertimin-e-nje-rruge-ali-podrimja-ne-ulqin\/\" \/>\n<meta property=\"og:site_name\" content=\"Lajme nga Ulqini\" \/>\n<meta property=\"article:published_time\" content=\"2013-02-14T15:42:16+00:00\" \/>\n<meta property=\"article:modified_time\" content=\"2013-02-14T15:42:37+00:00\" \/>\n<meta property=\"og:image\" content=\"http:\/\/www.visit-ulcinj.com\/blog\/wp-content\/uploads\/2012\/12\/Shoqata-Art-Club-Ulqin.1.jpg\" \/>\n<meta name=\"twitter:label1\" content=\"Written by\" \/>\n\t<meta name=\"twitter:data1\" content=\"ulqini\" \/>\n\t<meta name=\"twitter:label2\" content=\"Est. reading time\" \/>\n\t<meta name=\"twitter:data2\" content=\"2 minutes\" \/>\n<script type=\"application\/ld+json\" class=\"yoast-schema-graph\">{\"@context\":\"https:\/\/schema.org\",\"@graph\":[{\"@type\":\"WebSite\",\"@id\":\"https:\/\/www.visit-ulcinj.com\/blog\/#website\",\"url\":\"https:\/\/www.visit-ulcinj.com\/blog\/\",\"name\":\"Lajme nga Ulqini\",\"description\":\"Lajme,Vijesti,Ulqini,Ulqin,Crna Gora,Mali i Zi\",\"potentialAction\":[{\"@type\":\"SearchAction\",\"target\":{\"@type\":\"EntryPoint\",\"urlTemplate\":\"https:\/\/www.visit-ulcinj.com\/blog\/?s={search_term_string}\"},\"query-input\":\"required name=search_term_string\"}],\"inLanguage\":\"en-US\"},{\"@type\":\"ImageObject\",\"inLanguage\":\"en-US\",\"@id\":\"https:\/\/www.visit-ulcinj.com\/blog\/2013\/02\/14\/propozim-i-art-klubit-per-emertimin-e-nje-rruge-ali-podrimja-ne-ulqin\/#primaryimage\",\"url\":\"https:\/\/www.visit-ulcinj.com\/blog\/wp-content\/uploads\/2012\/12\/Shoqata-Art-Club-Ulqin.1.jpg\",\"contentUrl\":\"https:\/\/www.visit-ulcinj.com\/blog\/wp-content\/uploads\/2012\/12\/Shoqata-Art-Club-Ulqin.1.jpg\",\"width\":625,\"height\":138},{\"@type\":\"WebPage\",\"@id\":\"https:\/\/www.visit-ulcinj.com\/blog\/2013\/02\/14\/propozim-i-art-klubit-per-emertimin-e-nje-rruge-ali-podrimja-ne-ulqin\/#webpage\",\"url\":\"https:\/\/www.visit-ulcinj.com\/blog\/2013\/02\/14\/propozim-i-art-klubit-per-emertimin-e-nje-rruge-ali-podrimja-ne-ulqin\/\",\"name\":\"Propozim i Art Klubit p\u00ebr em\u00ebrtimin e nj\u00eb rruge \\\"Ali Podrimja\\\" ne Ulqin - Lajme nga Ulqini\",\"isPartOf\":{\"@id\":\"https:\/\/www.visit-ulcinj.com\/blog\/#website\"},\"primaryImageOfPage\":{\"@id\":\"https:\/\/www.visit-ulcinj.com\/blog\/2013\/02\/14\/propozim-i-art-klubit-per-emertimin-e-nje-rruge-ali-podrimja-ne-ulqin\/#primaryimage\"},\"datePublished\":\"2013-02-14T15:42:16+00:00\",\"dateModified\":\"2013-02-14T15:42:37+00:00\",\"author\":{\"@id\":\"https:\/\/www.visit-ulcinj.com\/blog\/#\/schema\/person\/dcab619c614d3038751c63bc2aadc06d\"},\"description\":\"Njoftim p\u00ebr media \u00a0 \u201cArt Club\u201d propozon q\u00eb nj\u00eb rruge apo sheshi n\u00eb Ulqin t\u2019i jepet emri i poetit Ali Podrimja &nbsp; Shoqata e Artist\u00ebve dhe\",\"breadcrumb\":{\"@id\":\"https:\/\/www.visit-ulcinj.com\/blog\/2013\/02\/14\/propozim-i-art-klubit-per-emertimin-e-nje-rruge-ali-podrimja-ne-ulqin\/#breadcrumb\"},\"inLanguage\":\"en-US\",\"potentialAction\":[{\"@type\":\"ReadAction\",\"target\":[\"https:\/\/www.visit-ulcinj.com\/blog\/2013\/02\/14\/propozim-i-art-klubit-per-emertimin-e-nje-rruge-ali-podrimja-ne-ulqin\/\"]}]},{\"@type\":\"BreadcrumbList\",\"@id\":\"https:\/\/www.visit-ulcinj.com\/blog\/2013\/02\/14\/propozim-i-art-klubit-per-emertimin-e-nje-rruge-ali-podrimja-ne-ulqin\/#breadcrumb\",\"itemListElement\":[{\"@type\":\"ListItem\",\"position\":1,\"name\":\"Propozim i Art Klubit p\u00ebr em\u00ebrtimin e nj\u00eb rruge &#8220;Ali Podrimja&#8221; ne Ulqin\"}]},{\"@type\":\"Person\",\"@id\":\"https:\/\/www.visit-ulcinj.com\/blog\/#\/schema\/person\/dcab619c614d3038751c63bc2aadc06d\",\"name\":\"ulqini\",\"sameAs\":[\"http:\/\/www.visit-ulcinj.com\"],\"url\":\"https:\/\/www.visit-ulcinj.com\/blog\/author\/admin\/\"}]}<\/script>\n<!-- \/ Yoast SEO plugin. -->","yoast_head_json":{"title":"Propozim i Art Klubit p\u00ebr em\u00ebrtimin e nj\u00eb rruge \"Ali Podrimja\" ne Ulqin - Lajme nga Ulqini","description":"Njoftim p\u00ebr media \u00a0 \u201cArt Club\u201d propozon q\u00eb nj\u00eb rruge apo sheshi n\u00eb Ulqin t\u2019i jepet emri i poetit Ali Podrimja &nbsp; Shoqata e Artist\u00ebve dhe","robots":{"index":"index","follow":"follow","max-snippet":"max-snippet:-1","max-image-preview":"max-image-preview:large","max-video-preview":"max-video-preview:-1"},"canonical":"https:\/\/www.visit-ulcinj.com\/blog\/2013\/02\/14\/propozim-i-art-klubit-per-emertimin-e-nje-rruge-ali-podrimja-ne-ulqin\/","og_locale":"en_US","og_type":"article","og_title":"Propozim i Art Klubit p\u00ebr em\u00ebrtimin e nj\u00eb rruge \"Ali Podrimja\" ne Ulqin - Lajme nga Ulqini","og_description":"Njoftim p\u00ebr media \u00a0 \u201cArt Club\u201d propozon q\u00eb nj\u00eb rruge apo sheshi n\u00eb Ulqin t\u2019i jepet emri i poetit Ali Podrimja &nbsp; Shoqata e Artist\u00ebve dhe","og_url":"https:\/\/www.visit-ulcinj.com\/blog\/2013\/02\/14\/propozim-i-art-klubit-per-emertimin-e-nje-rruge-ali-podrimja-ne-ulqin\/","og_site_name":"Lajme nga Ulqini","article_published_time":"2013-02-14T15:42:16+00:00","article_modified_time":"2013-02-14T15:42:37+00:00","og_image":[{"url":"http:\/\/www.visit-ulcinj.com\/blog\/wp-content\/uploads\/2012\/12\/Shoqata-Art-Club-Ulqin.1.jpg"}],"twitter_misc":{"Written by":"ulqini","Est. reading time":"2 minutes"},"schema":{"@context":"https:\/\/schema.org","@graph":[{"@type":"WebSite","@id":"https:\/\/www.visit-ulcinj.com\/blog\/#website","url":"https:\/\/www.visit-ulcinj.com\/blog\/","name":"Lajme nga Ulqini","description":"Lajme,Vijesti,Ulqini,Ulqin,Crna Gora,Mali i Zi","potentialAction":[{"@type":"SearchAction","target":{"@type":"EntryPoint","urlTemplate":"https:\/\/www.visit-ulcinj.com\/blog\/?s={search_term_string}"},"query-input":"required name=search_term_string"}],"inLanguage":"en-US"},{"@type":"ImageObject","inLanguage":"en-US","@id":"https:\/\/www.visit-ulcinj.com\/blog\/2013\/02\/14\/propozim-i-art-klubit-per-emertimin-e-nje-rruge-ali-podrimja-ne-ulqin\/#primaryimage","url":"https:\/\/www.visit-ulcinj.com\/blog\/wp-content\/uploads\/2012\/12\/Shoqata-Art-Club-Ulqin.1.jpg","contentUrl":"https:\/\/www.visit-ulcinj.com\/blog\/wp-content\/uploads\/2012\/12\/Shoqata-Art-Club-Ulqin.1.jpg","width":625,"height":138},{"@type":"WebPage","@id":"https:\/\/www.visit-ulcinj.com\/blog\/2013\/02\/14\/propozim-i-art-klubit-per-emertimin-e-nje-rruge-ali-podrimja-ne-ulqin\/#webpage","url":"https:\/\/www.visit-ulcinj.com\/blog\/2013\/02\/14\/propozim-i-art-klubit-per-emertimin-e-nje-rruge-ali-podrimja-ne-ulqin\/","name":"Propozim i Art Klubit p\u00ebr em\u00ebrtimin e nj\u00eb rruge \"Ali Podrimja\" ne Ulqin - Lajme nga Ulqini","isPartOf":{"@id":"https:\/\/www.visit-ulcinj.com\/blog\/#website"},"primaryImageOfPage":{"@id":"https:\/\/www.visit-ulcinj.com\/blog\/2013\/02\/14\/propozim-i-art-klubit-per-emertimin-e-nje-rruge-ali-podrimja-ne-ulqin\/#primaryimage"},"datePublished":"2013-02-14T15:42:16+00:00","dateModified":"2013-02-14T15:42:37+00:00","author":{"@id":"https:\/\/www.visit-ulcinj.com\/blog\/#\/schema\/person\/dcab619c614d3038751c63bc2aadc06d"},"description":"Njoftim p\u00ebr media \u00a0 \u201cArt Club\u201d propozon q\u00eb nj\u00eb rruge apo sheshi n\u00eb Ulqin t\u2019i jepet emri i poetit Ali Podrimja &nbsp; Shoqata e Artist\u00ebve dhe","breadcrumb":{"@id":"https:\/\/www.visit-ulcinj.com\/blog\/2013\/02\/14\/propozim-i-art-klubit-per-emertimin-e-nje-rruge-ali-podrimja-ne-ulqin\/#breadcrumb"},"inLanguage":"en-US","potentialAction":[{"@type":"ReadAction","target":["https:\/\/www.visit-ulcinj.com\/blog\/2013\/02\/14\/propozim-i-art-klubit-per-emertimin-e-nje-rruge-ali-podrimja-ne-ulqin\/"]}]},{"@type":"BreadcrumbList","@id":"https:\/\/www.visit-ulcinj.com\/blog\/2013\/02\/14\/propozim-i-art-klubit-per-emertimin-e-nje-rruge-ali-podrimja-ne-ulqin\/#breadcrumb","itemListElement":[{"@type":"ListItem","position":1,"name":"Propozim i Art Klubit p\u00ebr em\u00ebrtimin e nj\u00eb rruge &#8220;Ali Podrimja&#8221; ne Ulqin"}]},{"@type":"Person","@id":"https:\/\/www.visit-ulcinj.com\/blog\/#\/schema\/person\/dcab619c614d3038751c63bc2aadc06d","name":"ulqini","sameAs":["http:\/\/www.visit-ulcinj.com"],"url":"https:\/\/www.visit-ulcinj.com\/blog\/author\/admin\/"}]}},"jetpack_featured_media_url":"","jetpack_sharing_enabled":true,"jetpack_shortlink":"https:\/\/wp.me\/pe6lTn-hS6","_links":{"self":[{"href":"https:\/\/www.visit-ulcinj.com\/blog\/wp-json\/wp\/v2\/posts\/68702"}],"collection":[{"href":"https:\/\/www.visit-ulcinj.com\/blog\/wp-json\/wp\/v2\/posts"}],"about":[{"href":"https:\/\/www.visit-ulcinj.com\/blog\/wp-json\/wp\/v2\/types\/post"}],"author":[{"embeddable":true,"href":"https:\/\/www.visit-ulcinj.com\/blog\/wp-json\/wp\/v2\/users\/1"}],"replies":[{"embeddable":true,"href":"https:\/\/www.visit-ulcinj.com\/blog\/wp-json\/wp\/v2\/comments?post=68702"}],"version-history":[{"count":2,"href":"https:\/\/www.visit-ulcinj.com\/blog\/wp-json\/wp\/v2\/posts\/68702\/revisions"}],"predecessor-version":[{"id":68706,"href":"https:\/\/www.visit-ulcinj.com\/blog\/wp-json\/wp\/v2\/posts\/68702\/revisions\/68706"}],"wp:attachment":[{"href":"https:\/\/www.visit-ulcinj.com\/blog\/wp-json\/wp\/v2\/media?parent=68702"}],"wp:term":[{"taxonomy":"category","embeddable":true,"href":"https:\/\/www.visit-ulcinj.com\/blog\/wp-json\/wp\/v2\/categories?post=68702"},{"taxonomy":"post_tag","embeddable":true,"href":"https:\/\/www.visit-ulcinj.com\/blog\/wp-json\/wp\/v2\/tags?post=68702"}],"curies":[{"name":"wp","href":"https:\/\/api.w.org\/{rel}","templated":true}]}}