{"id":68712,"date":"2013-02-14T20:00:41","date_gmt":"2013-02-14T19:00:41","guid":{"rendered":"http:\/\/www.visit-ulcinj.com\/blog\/?p=68712"},"modified":"2013-02-14T20:11:46","modified_gmt":"2013-02-14T19:11:46","slug":"cungu-takon-ministrin-numanoviq-sastanak-cungua-sa-ministrom-numanovic","status":"publish","type":"post","link":"https:\/\/www.visit-ulcinj.com\/blog\/2013\/02\/14\/cungu-takon-ministrin-numanoviq-sastanak-cungua-sa-ministrom-numanovic\/","title":{"rendered":"Cungu takon Ministrin Numanoviq \/ Sastanak Cungua sa Ministrom Numanovic"},"content":{"rendered":"<p><a href=\"http:\/\/www.visit-ulcinj.com\/blog\/wp-content\/uploads\/2013\/02\/Cungu-takon-Ministrin-Numanoviq-Sastanak-Cungua-sa-Ministrom-Numanovic.jpg\"><img loading=\"lazy\" class=\"alignleft size-full wp-image-68713\" alt=\"Cungu takon Ministrin Numanoviq -Sastanak Cungua sa Ministrom Numanovic\" src=\"http:\/\/www.visit-ulcinj.com\/blog\/wp-content\/uploads\/2013\/02\/Cungu-takon-Ministrin-Numanoviq-Sastanak-Cungua-sa-Ministrom-Numanovic.jpg\" width=\"508\" height=\"360\" \/><\/a><br \/>\n<strong><a href=\"http:\/\/www.gov.me\/naslovna\/vijesti-iz-ministarstava\/119566\/Ministar-za-ljudska-i-manjinska-prava-dr-Suad-Numanovic-boravio-je-danas-u-posjeti-Opstini-Bar.html#\"><img loading=\"lazy\" alt=\"Pokrenite\" src=\"http:\/\/www.gov.me\/WebResources\/images\/thumb-audio-small.gif\" width=\"60\" height=\"48\" \/><\/a> <a href=\"http:\/\/www.gov.me\/naslovna\/vijesti-iz-ministarstava\/119566\/Ministar-za-ljudska-i-manjinska-prava-dr-Suad-Numanovic-boravio-je-danas-u-posjeti-Opstini-Bar.html#\">Deklerata p\u00ebr shtyp e Kryetarit te komun\u00ebs s\u00eb Ulqinit z. Nazif Cungu mbas takimit me Ministrin e Ministris\u00eb p\u00ebr t\u00eb Drejtat e Njeriut dhe Pakicave z. Suad Numanoviq<\/a><\/strong><\/p>\n<p>&nbsp;<\/p>\n<p>&nbsp;<\/p>\n<p>Ministar za ljudska i manjinska prava dr Suad Numanovi\u0107 boravio u posjeti Op\u0161tini Ulcinj<\/p>\n<p>Tokom ju\u010dera\u0161njeg dana ministar Numanovi\u0107 posjetio je i op\u0161tinu Ulcinj, gdje je razgovarao sa prvim \u010dovjekom op\u0161tine Nazifom Cunguom.<\/p>\n<p><strong><a href=\"http:\/\/www.gov.me\/naslovna\/vijesti-iz-ministarstava\/119566\/Ministar-za-ljudska-i-manjinska-prava-dr-Suad-Numanovic-boravio-je-danas-u-posjeti-Opstini-Bar.html#\"><img loading=\"lazy\" alt=\"Pokrenite\" src=\"http:\/\/www.gov.me\/WebResources\/images\/thumb-audio-small.gif\" width=\"60\" height=\"48\" \/><\/a> <a href=\"http:\/\/www.gov.me\/naslovna\/vijesti-iz-ministarstava\/119566\/Ministar-za-ljudska-i-manjinska-prava-dr-Suad-Numanovic-boravio-je-danas-u-posjeti-Opstini-Bar.html#\">Izjava predsjednika op\u0161tine Ulcinj nakon susteta sa ministrom Numanovi\u0107em<\/a><\/strong><\/p>\n<p><strong><a href=\"http:\/\/www.gov.me\/naslovna\/vijesti-iz-ministarstava\/119566\/Ministar-za-ljudska-i-manjinska-prava-dr-Suad-Numanovic-boravio-je-danas-u-posjeti-Opstini-Bar.html#\"><img loading=\"lazy\" alt=\"Pokrenite\" src=\"http:\/\/www.gov.me\/WebResources\/images\/thumb-audio-small.gif\" width=\"60\" height=\"48\" \/><\/a> <a href=\"http:\/\/www.gov.me\/naslovna\/vijesti-iz-ministarstava\/119566\/Ministar-za-ljudska-i-manjinska-prava-dr-Suad-Numanovic-boravio-je-danas-u-posjeti-Opstini-Bar.html#\">Izjava ministra Numanovi\u0107a nakon susreta sa predsjednikom op\u0161tine Ulcinj<\/a><\/strong><\/p>\n<p><strong>Municipality of Ulcinj \/ Op\u0161tina Ulcinj \/ Komuna e Ulqinit <\/strong><br \/>\nTel: +382 30 412 050<br \/>\nFax: +382 30 412 413<br \/>\nAdresa: Bul. Skenderbeu bb, 85360 Ulcinj, MNE<\/p>\n<p>&nbsp;<\/p>\n<p><strong> Izvor: <a href=\"http:\/\/www.minmanj.gov.me\">Ministarstvo za ljudska i manjinska prava<\/a><\/strong><\/p>\n<p><a href=\"http:\/\/www.visit-ulcinj.com\/blog\/wp-content\/uploads\/2013\/02\/Cungu-takon-Ministrin-Numanoviq-Sastanak-Cungua-sa-Ministrom-Numanovic.1.jpg\"><img loading=\"lazy\" class=\"alignleft  wp-image-68718\" alt=\"Cungu takon Ministrin Numanoviq -Sastanak Cungua sa Ministrom Numanovic.1\" src=\"http:\/\/www.visit-ulcinj.com\/blog\/wp-content\/uploads\/2013\/02\/Cungu-takon-Ministrin-Numanoviq-Sastanak-Cungua-sa-Ministrom-Numanovic.1.jpg\" width=\"508\" height=\"300\" \/><\/a><\/p>\n<p><strong>SUAD NU\u00adMA\u00adNO\u00adVI\u0106 I NAZIF CUN\u00adGU OCI\u00adJE\u00adNI\u00adLI OBA\u00adVE\u00adZNIM <\/strong><\/p>\n<p><strong>Po\u00ad\u0161to\u00adva\u00adnje pra\u00adva svih ma\u00adnji\u00adna<\/strong><\/p>\n<p>UL\u00adCINj \u2013 Op\u00ad\u0161ti\u00adna Ul\u00adcinj tre\u00adba da kao do\u00adbar pri\u00admjer za\u00ad\u0161ti\u00adte osta\u00adlih ma\u00adnjin\u00adskih na\u00adro\u00adda ko\u00adji ne pri\u00adpa\u00adda\u00adju al\u00adban\u00adskom \u017ei\u00advlju, ra\u00addi na nji\u00adho\u00advoj ve\u00ad\u0107oj pro\u00adpor\u00adci\u00ado\u00adnal\u00adnoj za\u00adstu\u00adplje\u00adno\u00adsti u lo\u00adkal\u00adnoj ad\u00admi\u00adni\u00adstra\u00adci\u00adji i osta\u00adlim dr\u00ad\u017eav\u00adnim or\u00adga\u00adni\u00adma, iz\u00adja\u00advio je ju\u00ad\u010de, to\u00adkom rad\u00adne po\u00adsje\u00adte Ul\u00adci\u00adnju, mi\u00adni\u00adstar za ljud\u00adska i ma\u00adnjin\u00adska pra\u00adva Su\u00adad Nu\u00adma\u00adno\u00advi\u0107. On je na\u00adkon raz\u00adgo\u00advo\u00adra sa pred\u00adsjed\u00adni\u00adkom op\u0161\u00adtine Na\u00adzi\u00adfom Cun\u00adgu\u00adom ka\u00adzao da bi to bio do\u00adbar pri\u00admjer za sve osta\u00adle op\u00ad\u0161ti\u00adne , \u201eda ta\u00admo gdje su Al\u00adban\u00adci u ma\u00adnji\u00adni, ta\u00adko\u00ad\u0111e bu\u00addu pro\u00adpor\u00adci\u00ado\u00adnal\u00adno za\u00adstu\u00adplje\u00adni u or\u00adga\u00adni\u00adma lo\u00adkal\u00adne i dr\u00ad\u017eav\u00adne vla\u00adsti\u201c.<br \/>\nPred\u00adsjed\u00adnik op\u00ad\u0161ti\u00adne i mi\u00adni\u00adstar za ma\u00adnji\u00adne raz\u00admo\u00adtri\u00adli su i niz pi\u00adta\u00adnja iz kor\u00adpu\u00adsa ljud\u00adskih pra\u00adva, a po\u00adseb\u00adno su se osvr\u00adnu\u00adli na rod\u00adnu rav\u00adno\u00adprav\u00adnost.<br \/>\n\u2013 U Cr\u00adnoj Go\u00adri je 51 od\u00adsto gra\u00ad\u0111an\u00adki. Taj po\u00adten\u00adci\u00adjal tre\u00adba kva\u00adli\u00adtet\u00adno sta\u00advi\u00adti u funk\u00adci\u00adju i na taj na\u00ad\u010din do\u00adpri\u00adni\u00adje\u00adti ka\u00addrov\u00adskom ja\u00ad\u010da\u00adnju, ka\u00adko op\u00ad\u0161ti\u00adne ta\u00adko i dr\u00ad\u017ea\u00adve \u2013 re\u00adkao je Nu\u00adma\u00adno\u00advi\u0107 i do\u00addao da je po\u00adtreb\u00adno una\u00adpri\u00adje\u00addi\u00adti i rad in\u00adsti\u00adtu\u00adci\u00adja za dje\u00adcu sa po\u00adse\u00adbe\u00adnim po\u00adtre\u00adba\u00adma.<br \/>\nMi\u00adni\u00adstar Nu\u00adma\u00adno\u00advi\u0107 je pod\u00adsje\u00adtio da je dr\u00ad\u017ea\u00adva kroz ne\u00adko\u00adli\u00adko in\u00adfra\u00adstruk\u00adtur\u00adnih pro\u00adje\u00adka\u00adta: re\u00adgi\u00ado\u00adnal\u00adne de\u00adpo\u00adni\u00adje, vo\u00addo\u00advo\u00adda i mo\u00adsta na Port Mi\u00adle\u00adni, stvo\u00adri\u00adla do\u00adbre osno\u00adve za da\u00adlji raz\u00advoj op\u00ad\u0161ti\u00adne.<br \/>\n\u2013 O\u010de\u00adku\u00adje\u00admo ve\u00ad\u0107i broj in\u00adve\u00adsti\u00adci\u00adja u Ul\u00adci\u00adnju i br\u00ad\u017ei eko\u00adnom\u00adski rast, a o svim ak\u00adtu\u00adel\u00adnim pro\u00adble\u00admi\u00adma, po\u00adput mor\u00adskog do\u00adbra, Val\u00adda\u00adno\u00adsa, zdrav\u00adstve\u00adne za\u00ad\u0161ti\u00adte i obra\u00adzo\u00adva\u00adnja raz\u00adgo\u00adva\u00adra\u00ad\u0107e\u00admo sa ko\u00adle\u00adga\u00adma iz re\u00adsor\u00adnih mi\u00adni\u00adstar\u00adstva \u2013 po\u00adru\u00ad\u010dio je Nu\u00adma\u00adno\u00advi\u0107.<br \/>\n\u2013 Pred\u00adsjed\u00adnik Cun\u00adgu je uka\u00adzao na ve\u00ado\u00adma te\u00ad\u0161ku eko\u00adnom\u00adsku si\u00adtu\u00ada\u00adci\u00adju u Ul\u00adci\u00adnju i iz\u00adra\u00adzio o\u010de\u00adki\u00adva\u00adnje da \u0107e se Vla\u00adda i re\u00adsor\u00adna mi\u00adni\u00adstar\u00adstva vi\u00ad\u0161e an\u00adga\u00ad\u017eo\u00adva\u00adti u pre\u00adva\u00adzi\u00adla\u00ad\u017ee\u00adnju ak\u00adtu\u00adel\u00adnih pro\u00adble\u00adma.<br \/>\n\u2013 Sma\u00adtra\u00admo da in\u00adve\u00adsti\u00adci\u00adje ko\u00adje se ve\u0107 spro\u00advo\u00adde od stra\u00adne cen\u00adtral\u00adne vla\u00adsti tre\u00adba na\u00adsta\u00advi\u00adti, jer na taj na\u00ad\u010din se o\u010de\u00adku\u00adju po\u00adma\u00adci u stva\u00adra\u00adnju osno\u00adve za naj\u00adzna\u00ad\u010daj\u00adni\u00adje pro\u00adjek\u00adte po\u00adgo\u00adto\u00advo u tu\u00adri\u00adzmu \u2013 re\u00adkao je Cun\u00adgu.<br \/>\nOn je na\u00adgla\u00adsio da od Mi\u00adni\u00adstar\u00adstva za ma\u00adnji\u00adne o\u010de\u00adku\u00adje i po\u00adkre\u00adta\u00adnje ini\u00adci\u00adja\u00adti\u00adve pro\u00admje\u00adne iz\u00adbor\u00adnog za\u00adko\u00adna jer su Al\u00adban\u00adci za\u00adin\u00adte\u00adre\u00adso\u00adva\u00adni za za\u00adga\u00adran\u00adto\u00adva\u00adne man\u00adda\u00adte.<\/p>\n<p><strong>M.K.<\/strong><br \/>\n<strong>Izvor: DAN<\/strong><\/p>\n","protected":false},"excerpt":{"rendered":"<p>Deklerata p\u00ebr shtyp e Kryetarit te komun\u00ebs s\u00eb Ulqinit z. Nazif Cungu mbas takimit me Ministrin e Ministris\u00eb p\u00ebr t\u00eb Drejtat e Njeriut dhe Pakicave z. Suad Numanoviq &nbsp; &nbsp; Ministar za ljudska i manjinska prava dr Suad Numanovi\u0107 boravio u posjeti Op\u0161tini Ulcinj Tokom ju\u010dera\u0161njeg dana ministar Numanovi\u0107 posjetio je i op\u0161tinu Ulcinj, gdje [&hellip;]<\/p>\n","protected":false},"author":1,"featured_media":0,"comment_status":"open","ping_status":"closed","sticky":false,"template":"","format":"standard","meta":{"spay_email":"","jetpack_publicize_message":"","jetpack_is_tweetstorm":false,"jetpack_publicize_feature_enabled":true},"categories":[14249],"tags":[118,5183,19,200,18],"jetpack_publicize_connections":[],"yoast_head":"<!-- This site is optimized with the Yoast SEO plugin v19.1 - https:\/\/yoast.com\/wordpress\/plugins\/seo\/ -->\n<title>Cungu takon Ministrin Numanoviq \/ Sastanak Cungua sa Ministrom Numanovic - Lajme nga Ulqini<\/title>\n<meta name=\"description\" content=\"Deklerata p\u00ebr shtyp e Kryetarit te komun\u00ebs s\u00eb Ulqinit z. Nazif Cungu mbas takimit me Ministrin e Ministris\u00eb p\u00ebr t\u00eb Drejtat e Njeriut dhe Pakicave z. Suad\" \/>\n<meta name=\"robots\" content=\"index, follow, max-snippet:-1, max-image-preview:large, max-video-preview:-1\" \/>\n<link rel=\"canonical\" href=\"https:\/\/www.visit-ulcinj.com\/blog\/2013\/02\/14\/cungu-takon-ministrin-numanoviq-sastanak-cungua-sa-ministrom-numanovic\/\" \/>\n<meta property=\"og:locale\" content=\"en_US\" \/>\n<meta property=\"og:type\" content=\"article\" \/>\n<meta property=\"og:title\" content=\"Cungu takon Ministrin Numanoviq \/ Sastanak Cungua sa Ministrom Numanovic - Lajme nga Ulqini\" \/>\n<meta property=\"og:description\" content=\"Deklerata p\u00ebr shtyp e Kryetarit te komun\u00ebs s\u00eb Ulqinit z. Nazif Cungu mbas takimit me Ministrin e Ministris\u00eb p\u00ebr t\u00eb Drejtat e Njeriut dhe Pakicave z. Suad\" \/>\n<meta property=\"og:url\" content=\"https:\/\/www.visit-ulcinj.com\/blog\/2013\/02\/14\/cungu-takon-ministrin-numanoviq-sastanak-cungua-sa-ministrom-numanovic\/\" \/>\n<meta property=\"og:site_name\" content=\"Lajme nga Ulqini\" \/>\n<meta property=\"article:published_time\" content=\"2013-02-14T19:00:41+00:00\" \/>\n<meta property=\"article:modified_time\" content=\"2013-02-14T19:11:46+00:00\" \/>\n<meta property=\"og:image\" content=\"http:\/\/www.visit-ulcinj.com\/blog\/wp-content\/uploads\/2013\/02\/Cungu-takon-Ministrin-Numanoviq-Sastanak-Cungua-sa-Ministrom-Numanovic.jpg\" \/>\n<meta name=\"twitter:label1\" content=\"Written by\" \/>\n\t<meta name=\"twitter:data1\" content=\"ulqini\" \/>\n\t<meta name=\"twitter:label2\" content=\"Est. reading time\" \/>\n\t<meta name=\"twitter:data2\" content=\"4 minutes\" \/>\n<script type=\"application\/ld+json\" class=\"yoast-schema-graph\">{\"@context\":\"https:\/\/schema.org\",\"@graph\":[{\"@type\":\"WebSite\",\"@id\":\"https:\/\/www.visit-ulcinj.com\/blog\/#website\",\"url\":\"https:\/\/www.visit-ulcinj.com\/blog\/\",\"name\":\"Lajme nga Ulqini\",\"description\":\"Lajme,Vijesti,Ulqini,Ulqin,Crna Gora,Mali i Zi\",\"potentialAction\":[{\"@type\":\"SearchAction\",\"target\":{\"@type\":\"EntryPoint\",\"urlTemplate\":\"https:\/\/www.visit-ulcinj.com\/blog\/?s={search_term_string}\"},\"query-input\":\"required name=search_term_string\"}],\"inLanguage\":\"en-US\"},{\"@type\":\"ImageObject\",\"inLanguage\":\"en-US\",\"@id\":\"https:\/\/www.visit-ulcinj.com\/blog\/2013\/02\/14\/cungu-takon-ministrin-numanoviq-sastanak-cungua-sa-ministrom-numanovic\/#primaryimage\",\"url\":\"https:\/\/www.visit-ulcinj.com\/blog\/wp-content\/uploads\/2013\/02\/Cungu-takon-Ministrin-Numanoviq-Sastanak-Cungua-sa-Ministrom-Numanovic.jpg\",\"contentUrl\":\"https:\/\/www.visit-ulcinj.com\/blog\/wp-content\/uploads\/2013\/02\/Cungu-takon-Ministrin-Numanoviq-Sastanak-Cungua-sa-Ministrom-Numanovic.jpg\",\"width\":795,\"height\":526},{\"@type\":\"WebPage\",\"@id\":\"https:\/\/www.visit-ulcinj.com\/blog\/2013\/02\/14\/cungu-takon-ministrin-numanoviq-sastanak-cungua-sa-ministrom-numanovic\/#webpage\",\"url\":\"https:\/\/www.visit-ulcinj.com\/blog\/2013\/02\/14\/cungu-takon-ministrin-numanoviq-sastanak-cungua-sa-ministrom-numanovic\/\",\"name\":\"Cungu takon Ministrin Numanoviq \/ Sastanak Cungua sa Ministrom Numanovic - Lajme nga Ulqini\",\"isPartOf\":{\"@id\":\"https:\/\/www.visit-ulcinj.com\/blog\/#website\"},\"primaryImageOfPage\":{\"@id\":\"https:\/\/www.visit-ulcinj.com\/blog\/2013\/02\/14\/cungu-takon-ministrin-numanoviq-sastanak-cungua-sa-ministrom-numanovic\/#primaryimage\"},\"datePublished\":\"2013-02-14T19:00:41+00:00\",\"dateModified\":\"2013-02-14T19:11:46+00:00\",\"author\":{\"@id\":\"https:\/\/www.visit-ulcinj.com\/blog\/#\/schema\/person\/dcab619c614d3038751c63bc2aadc06d\"},\"description\":\"Deklerata p\u00ebr shtyp e Kryetarit te komun\u00ebs s\u00eb Ulqinit z. Nazif Cungu mbas takimit me Ministrin e Ministris\u00eb p\u00ebr t\u00eb Drejtat e Njeriut dhe Pakicave z. Suad\",\"breadcrumb\":{\"@id\":\"https:\/\/www.visit-ulcinj.com\/blog\/2013\/02\/14\/cungu-takon-ministrin-numanoviq-sastanak-cungua-sa-ministrom-numanovic\/#breadcrumb\"},\"inLanguage\":\"en-US\",\"potentialAction\":[{\"@type\":\"ReadAction\",\"target\":[\"https:\/\/www.visit-ulcinj.com\/blog\/2013\/02\/14\/cungu-takon-ministrin-numanoviq-sastanak-cungua-sa-ministrom-numanovic\/\"]}]},{\"@type\":\"BreadcrumbList\",\"@id\":\"https:\/\/www.visit-ulcinj.com\/blog\/2013\/02\/14\/cungu-takon-ministrin-numanoviq-sastanak-cungua-sa-ministrom-numanovic\/#breadcrumb\",\"itemListElement\":[{\"@type\":\"ListItem\",\"position\":1,\"name\":\"Cungu takon Ministrin Numanoviq \/ Sastanak Cungua sa Ministrom Numanovic\"}]},{\"@type\":\"Person\",\"@id\":\"https:\/\/www.visit-ulcinj.com\/blog\/#\/schema\/person\/dcab619c614d3038751c63bc2aadc06d\",\"name\":\"ulqini\",\"sameAs\":[\"http:\/\/www.visit-ulcinj.com\"],\"url\":\"https:\/\/www.visit-ulcinj.com\/blog\/author\/admin\/\"}]}<\/script>\n<!-- \/ Yoast SEO plugin. -->","yoast_head_json":{"title":"Cungu takon Ministrin Numanoviq \/ Sastanak Cungua sa Ministrom Numanovic - Lajme nga Ulqini","description":"Deklerata p\u00ebr shtyp e Kryetarit te komun\u00ebs s\u00eb Ulqinit z. Nazif Cungu mbas takimit me Ministrin e Ministris\u00eb p\u00ebr t\u00eb Drejtat e Njeriut dhe Pakicave z. Suad","robots":{"index":"index","follow":"follow","max-snippet":"max-snippet:-1","max-image-preview":"max-image-preview:large","max-video-preview":"max-video-preview:-1"},"canonical":"https:\/\/www.visit-ulcinj.com\/blog\/2013\/02\/14\/cungu-takon-ministrin-numanoviq-sastanak-cungua-sa-ministrom-numanovic\/","og_locale":"en_US","og_type":"article","og_title":"Cungu takon Ministrin Numanoviq \/ Sastanak Cungua sa Ministrom Numanovic - Lajme nga Ulqini","og_description":"Deklerata p\u00ebr shtyp e Kryetarit te komun\u00ebs s\u00eb Ulqinit z. Nazif Cungu mbas takimit me Ministrin e Ministris\u00eb p\u00ebr t\u00eb Drejtat e Njeriut dhe Pakicave z. Suad","og_url":"https:\/\/www.visit-ulcinj.com\/blog\/2013\/02\/14\/cungu-takon-ministrin-numanoviq-sastanak-cungua-sa-ministrom-numanovic\/","og_site_name":"Lajme nga Ulqini","article_published_time":"2013-02-14T19:00:41+00:00","article_modified_time":"2013-02-14T19:11:46+00:00","og_image":[{"url":"http:\/\/www.visit-ulcinj.com\/blog\/wp-content\/uploads\/2013\/02\/Cungu-takon-Ministrin-Numanoviq-Sastanak-Cungua-sa-Ministrom-Numanovic.jpg"}],"twitter_misc":{"Written by":"ulqini","Est. reading time":"4 minutes"},"schema":{"@context":"https:\/\/schema.org","@graph":[{"@type":"WebSite","@id":"https:\/\/www.visit-ulcinj.com\/blog\/#website","url":"https:\/\/www.visit-ulcinj.com\/blog\/","name":"Lajme nga Ulqini","description":"Lajme,Vijesti,Ulqini,Ulqin,Crna Gora,Mali i Zi","potentialAction":[{"@type":"SearchAction","target":{"@type":"EntryPoint","urlTemplate":"https:\/\/www.visit-ulcinj.com\/blog\/?s={search_term_string}"},"query-input":"required name=search_term_string"}],"inLanguage":"en-US"},{"@type":"ImageObject","inLanguage":"en-US","@id":"https:\/\/www.visit-ulcinj.com\/blog\/2013\/02\/14\/cungu-takon-ministrin-numanoviq-sastanak-cungua-sa-ministrom-numanovic\/#primaryimage","url":"https:\/\/www.visit-ulcinj.com\/blog\/wp-content\/uploads\/2013\/02\/Cungu-takon-Ministrin-Numanoviq-Sastanak-Cungua-sa-Ministrom-Numanovic.jpg","contentUrl":"https:\/\/www.visit-ulcinj.com\/blog\/wp-content\/uploads\/2013\/02\/Cungu-takon-Ministrin-Numanoviq-Sastanak-Cungua-sa-Ministrom-Numanovic.jpg","width":795,"height":526},{"@type":"WebPage","@id":"https:\/\/www.visit-ulcinj.com\/blog\/2013\/02\/14\/cungu-takon-ministrin-numanoviq-sastanak-cungua-sa-ministrom-numanovic\/#webpage","url":"https:\/\/www.visit-ulcinj.com\/blog\/2013\/02\/14\/cungu-takon-ministrin-numanoviq-sastanak-cungua-sa-ministrom-numanovic\/","name":"Cungu takon Ministrin Numanoviq \/ Sastanak Cungua sa Ministrom Numanovic - Lajme nga Ulqini","isPartOf":{"@id":"https:\/\/www.visit-ulcinj.com\/blog\/#website"},"primaryImageOfPage":{"@id":"https:\/\/www.visit-ulcinj.com\/blog\/2013\/02\/14\/cungu-takon-ministrin-numanoviq-sastanak-cungua-sa-ministrom-numanovic\/#primaryimage"},"datePublished":"2013-02-14T19:00:41+00:00","dateModified":"2013-02-14T19:11:46+00:00","author":{"@id":"https:\/\/www.visit-ulcinj.com\/blog\/#\/schema\/person\/dcab619c614d3038751c63bc2aadc06d"},"description":"Deklerata p\u00ebr shtyp e Kryetarit te komun\u00ebs s\u00eb Ulqinit z. Nazif Cungu mbas takimit me Ministrin e Ministris\u00eb p\u00ebr t\u00eb Drejtat e Njeriut dhe Pakicave z. Suad","breadcrumb":{"@id":"https:\/\/www.visit-ulcinj.com\/blog\/2013\/02\/14\/cungu-takon-ministrin-numanoviq-sastanak-cungua-sa-ministrom-numanovic\/#breadcrumb"},"inLanguage":"en-US","potentialAction":[{"@type":"ReadAction","target":["https:\/\/www.visit-ulcinj.com\/blog\/2013\/02\/14\/cungu-takon-ministrin-numanoviq-sastanak-cungua-sa-ministrom-numanovic\/"]}]},{"@type":"BreadcrumbList","@id":"https:\/\/www.visit-ulcinj.com\/blog\/2013\/02\/14\/cungu-takon-ministrin-numanoviq-sastanak-cungua-sa-ministrom-numanovic\/#breadcrumb","itemListElement":[{"@type":"ListItem","position":1,"name":"Cungu takon Ministrin Numanoviq \/ Sastanak Cungua sa Ministrom Numanovic"}]},{"@type":"Person","@id":"https:\/\/www.visit-ulcinj.com\/blog\/#\/schema\/person\/dcab619c614d3038751c63bc2aadc06d","name":"ulqini","sameAs":["http:\/\/www.visit-ulcinj.com"],"url":"https:\/\/www.visit-ulcinj.com\/blog\/author\/admin\/"}]}},"jetpack_featured_media_url":"","jetpack_sharing_enabled":true,"jetpack_shortlink":"https:\/\/wp.me\/pe6lTn-hSg","_links":{"self":[{"href":"https:\/\/www.visit-ulcinj.com\/blog\/wp-json\/wp\/v2\/posts\/68712"}],"collection":[{"href":"https:\/\/www.visit-ulcinj.com\/blog\/wp-json\/wp\/v2\/posts"}],"about":[{"href":"https:\/\/www.visit-ulcinj.com\/blog\/wp-json\/wp\/v2\/types\/post"}],"author":[{"embeddable":true,"href":"https:\/\/www.visit-ulcinj.com\/blog\/wp-json\/wp\/v2\/users\/1"}],"replies":[{"embeddable":true,"href":"https:\/\/www.visit-ulcinj.com\/blog\/wp-json\/wp\/v2\/comments?post=68712"}],"version-history":[{"count":5,"href":"https:\/\/www.visit-ulcinj.com\/blog\/wp-json\/wp\/v2\/posts\/68712\/revisions"}],"predecessor-version":[{"id":68717,"href":"https:\/\/www.visit-ulcinj.com\/blog\/wp-json\/wp\/v2\/posts\/68712\/revisions\/68717"}],"wp:attachment":[{"href":"https:\/\/www.visit-ulcinj.com\/blog\/wp-json\/wp\/v2\/media?parent=68712"}],"wp:term":[{"taxonomy":"category","embeddable":true,"href":"https:\/\/www.visit-ulcinj.com\/blog\/wp-json\/wp\/v2\/categories?post=68712"},{"taxonomy":"post_tag","embeddable":true,"href":"https:\/\/www.visit-ulcinj.com\/blog\/wp-json\/wp\/v2\/tags?post=68712"}],"curies":[{"name":"wp","href":"https:\/\/api.w.org\/{rel}","templated":true}]}}