{"id":68736,"date":"2013-02-15T06:50:49","date_gmt":"2013-02-15T05:50:49","guid":{"rendered":"http:\/\/www.visit-ulcinj.com\/blog\/?p=68736"},"modified":"2013-02-15T13:10:41","modified_gmt":"2013-02-15T12:10:41","slug":"me-28-29-janar-ne-ulqin-do-te-mbahet-festivali-vii-i-kenges-per-femije-2","status":"publish","type":"post","link":"https:\/\/www.visit-ulcinj.com\/blog\/2013\/02\/15\/me-28-29-janar-ne-ulqin-do-te-mbahet-festivali-vii-i-kenges-per-femije-2\/","title":{"rendered":"M\u00eb 16 shkurt n\u00eb Ulqin do t\u00eb mbahet  Festivali i Vlll kenges per femije"},"content":{"rendered":"<p><a href=\"http:\/\/www.visit-ulcinj.com\/blog\/wp-content\/uploads\/2013\/02\/Festivali-i-Vlll-kenges-per-femije-ne-Ulqin.jpg\"><img loading=\"lazy\" class=\"alignleft  wp-image-68737\" alt=\"Festivali i Vlll kenges per femije ne Ulqin\" src=\"http:\/\/www.visit-ulcinj.com\/blog\/wp-content\/uploads\/2013\/02\/Festivali-i-Vlll-kenges-per-femije-ne-Ulqin.jpg\" width=\"508\" height=\"360\" \/><\/a>Festivali VIIl i K\u00ebng\u00ebs p\u00ebr F\u00ebmij\u00eb \u201cUlqini 2013\u2033 do t\u00eb mbahet n\u00eb Ulqin m\u00eb 16 shkurt 2013 me fillim n\u00eb ora 19:00. Festivali organizohet nga Qendra e Kultur\u00ebs Ulqin n\u00ebn patronatin e Komun\u00ebs s\u00eb Ulqinit.<\/p>\n<p>N\u00eb Festivalin e sivjetsh\u00ebm do t\u00eb marrin pjes\u00eb solist\u00eb nga Shqip\u00ebria, Kosova si dhe nga Mali i Zi\u201d, thot\u00eb drejtori i Qendr\u00ebs s\u00eb Kultur\u00ebs Ulqin,Nail Draga, duke theksuar se ekziston interesim i k\u00ebnaqsh\u00ebm p\u00ebr pjes\u00ebmarrje n\u00eb edicionin e sivjetsh\u00ebm.<br \/>\nPjes\u00ebmarr\u00ebsit n\u00eb Festival duhet t\u00eb plot\u00ebsojn\u00eb kushtet e p\u00ebrcaktuara me konkurs, nd\u00ebrsa p\u00ebrzgjedhja e k\u00ebng\u00ebve do t\u00eb b\u00ebhet nga juria e Festivalit.<br \/>\nN\u00eb Festivalit t\u00eb sivjetsh\u00ebm \u00ebsht\u00eb dh\u00ebnia e \u00e7mimeve speciale, si dhe \u00e7mimi p\u00ebr tekstin m\u00eb t\u00eb mir\u00eb.<br \/>\nP\u00ebrve\u00e7 k\u00ebtyre dy \u00e7mimeve, do t\u00eb ndahen edhe \u00e7mime p\u00ebr interpretuesin m\u00eb t\u00eb mir\u00eb dhe p\u00ebr komponimin m\u00eb t\u00eb mir\u00eb.<\/p>\n<p>Sipas organizatorite k\u00ebtij Festivali t\u00eb \u00a0kenges per femije, k\u00ebng\u00ebtari dhe autori i njohur nga qyteti jon\u00eb i Ulqinit, Cani Lazoja thot\u00eb se n\u00eb program do t\u00eb jen\u00eb 26 k\u00ebng\u00eb t\u00eb reja.<\/p>\n<p>&nbsp;<\/p>\n<p><strong>Lajme nga Ulqini<br \/>\n<!--YouTube Error: bad URL entered--><br \/>\n<\/strong><\/p>\n","protected":false},"excerpt":{"rendered":"<p>Festivali VIIl i K\u00ebng\u00ebs p\u00ebr F\u00ebmij\u00eb \u201cUlqini 2013\u2033 do t\u00eb mbahet n\u00eb Ulqin m\u00eb 16 shkurt 2013 me fillim n\u00eb ora 19:00. Festivali organizohet nga Qendra e Kultur\u00ebs Ulqin n\u00ebn patronatin e Komun\u00ebs s\u00eb Ulqinit. N\u00eb Festivalin e sivjetsh\u00ebm do t\u00eb marrin pjes\u00eb solist\u00eb nga Shqip\u00ebria, Kosova si dhe nga Mali i Zi\u201d, thot\u00eb drejtori [&hellip;]<\/p>\n","protected":false},"author":1,"featured_media":0,"comment_status":"open","ping_status":"closed","sticky":false,"template":"","format":"standard","meta":{"spay_email":"","jetpack_publicize_message":"","jetpack_is_tweetstorm":false,"jetpack_publicize_feature_enabled":true},"categories":[1,6950],"tags":[21873,200,18],"jetpack_publicize_connections":[],"yoast_head":"<!-- This site is optimized with the Yoast SEO plugin v19.1 - https:\/\/yoast.com\/wordpress\/plugins\/seo\/ -->\n<title>M\u00eb 16 shkurt n\u00eb Ulqin do t\u00eb mbahet Festivali i Vlll kenges per femije - Lajme nga Ulqini<\/title>\n<meta name=\"description\" content=\"Festivali VIIl i K\u00ebng\u00ebs p\u00ebr F\u00ebmij\u00eb \u201cUlqini 2013\u2033 do t\u00eb mbahet n\u00eb Ulqin m\u00eb 16 shkurt 2013 me fillim n\u00eb ora 19:00. Festivali organizohet nga Qendra e\" \/>\n<meta name=\"robots\" content=\"index, follow, max-snippet:-1, max-image-preview:large, max-video-preview:-1\" \/>\n<link rel=\"canonical\" href=\"https:\/\/www.visit-ulcinj.com\/blog\/2013\/02\/15\/me-28-29-janar-ne-ulqin-do-te-mbahet-festivali-vii-i-kenges-per-femije-2\/\" \/>\n<meta property=\"og:locale\" content=\"en_US\" \/>\n<meta property=\"og:type\" content=\"article\" \/>\n<meta property=\"og:title\" content=\"M\u00eb 16 shkurt n\u00eb Ulqin do t\u00eb mbahet Festivali i Vlll kenges per femije - Lajme nga Ulqini\" \/>\n<meta property=\"og:description\" content=\"Festivali VIIl i K\u00ebng\u00ebs p\u00ebr F\u00ebmij\u00eb \u201cUlqini 2013\u2033 do t\u00eb mbahet n\u00eb Ulqin m\u00eb 16 shkurt 2013 me fillim n\u00eb ora 19:00. Festivali organizohet nga Qendra e\" \/>\n<meta property=\"og:url\" content=\"https:\/\/www.visit-ulcinj.com\/blog\/2013\/02\/15\/me-28-29-janar-ne-ulqin-do-te-mbahet-festivali-vii-i-kenges-per-femije-2\/\" \/>\n<meta property=\"og:site_name\" content=\"Lajme nga Ulqini\" \/>\n<meta property=\"article:published_time\" content=\"2013-02-15T05:50:49+00:00\" \/>\n<meta property=\"article:modified_time\" content=\"2013-02-15T12:10:41+00:00\" \/>\n<meta property=\"og:image\" content=\"http:\/\/www.visit-ulcinj.com\/blog\/wp-content\/uploads\/2013\/02\/Festivali-i-Vlll-kenges-per-femije-ne-Ulqin.jpg\" \/>\n<meta name=\"twitter:label1\" content=\"Written by\" \/>\n\t<meta name=\"twitter:data1\" content=\"ulqini\" \/>\n\t<meta name=\"twitter:label2\" content=\"Est. reading time\" \/>\n\t<meta name=\"twitter:data2\" content=\"1 minute\" \/>\n<script type=\"application\/ld+json\" class=\"yoast-schema-graph\">{\"@context\":\"https:\/\/schema.org\",\"@graph\":[{\"@type\":\"WebSite\",\"@id\":\"https:\/\/www.visit-ulcinj.com\/blog\/#website\",\"url\":\"https:\/\/www.visit-ulcinj.com\/blog\/\",\"name\":\"Lajme nga Ulqini\",\"description\":\"Lajme,Vijesti,Ulqini,Ulqin,Crna Gora,Mali i Zi\",\"potentialAction\":[{\"@type\":\"SearchAction\",\"target\":{\"@type\":\"EntryPoint\",\"urlTemplate\":\"https:\/\/www.visit-ulcinj.com\/blog\/?s={search_term_string}\"},\"query-input\":\"required name=search_term_string\"}],\"inLanguage\":\"en-US\"},{\"@type\":\"ImageObject\",\"inLanguage\":\"en-US\",\"@id\":\"https:\/\/www.visit-ulcinj.com\/blog\/2013\/02\/15\/me-28-29-janar-ne-ulqin-do-te-mbahet-festivali-vii-i-kenges-per-femije-2\/#primaryimage\",\"url\":\"https:\/\/www.visit-ulcinj.com\/blog\/wp-content\/uploads\/2013\/02\/Festivali-i-Vlll-kenges-per-femije-ne-Ulqin.jpg\",\"contentUrl\":\"https:\/\/www.visit-ulcinj.com\/blog\/wp-content\/uploads\/2013\/02\/Festivali-i-Vlll-kenges-per-femije-ne-Ulqin.jpg\",\"width\":800,\"height\":533},{\"@type\":\"WebPage\",\"@id\":\"https:\/\/www.visit-ulcinj.com\/blog\/2013\/02\/15\/me-28-29-janar-ne-ulqin-do-te-mbahet-festivali-vii-i-kenges-per-femije-2\/#webpage\",\"url\":\"https:\/\/www.visit-ulcinj.com\/blog\/2013\/02\/15\/me-28-29-janar-ne-ulqin-do-te-mbahet-festivali-vii-i-kenges-per-femije-2\/\",\"name\":\"M\u00eb 16 shkurt n\u00eb Ulqin do t\u00eb mbahet Festivali i Vlll kenges per femije - Lajme nga Ulqini\",\"isPartOf\":{\"@id\":\"https:\/\/www.visit-ulcinj.com\/blog\/#website\"},\"primaryImageOfPage\":{\"@id\":\"https:\/\/www.visit-ulcinj.com\/blog\/2013\/02\/15\/me-28-29-janar-ne-ulqin-do-te-mbahet-festivali-vii-i-kenges-per-femije-2\/#primaryimage\"},\"datePublished\":\"2013-02-15T05:50:49+00:00\",\"dateModified\":\"2013-02-15T12:10:41+00:00\",\"author\":{\"@id\":\"https:\/\/www.visit-ulcinj.com\/blog\/#\/schema\/person\/dcab619c614d3038751c63bc2aadc06d\"},\"description\":\"Festivali VIIl i K\u00ebng\u00ebs p\u00ebr F\u00ebmij\u00eb \u201cUlqini 2013\u2033 do t\u00eb mbahet n\u00eb Ulqin m\u00eb 16 shkurt 2013 me fillim n\u00eb ora 19:00. Festivali organizohet nga Qendra e\",\"breadcrumb\":{\"@id\":\"https:\/\/www.visit-ulcinj.com\/blog\/2013\/02\/15\/me-28-29-janar-ne-ulqin-do-te-mbahet-festivali-vii-i-kenges-per-femije-2\/#breadcrumb\"},\"inLanguage\":\"en-US\",\"potentialAction\":[{\"@type\":\"ReadAction\",\"target\":[\"https:\/\/www.visit-ulcinj.com\/blog\/2013\/02\/15\/me-28-29-janar-ne-ulqin-do-te-mbahet-festivali-vii-i-kenges-per-femije-2\/\"]}]},{\"@type\":\"BreadcrumbList\",\"@id\":\"https:\/\/www.visit-ulcinj.com\/blog\/2013\/02\/15\/me-28-29-janar-ne-ulqin-do-te-mbahet-festivali-vii-i-kenges-per-femije-2\/#breadcrumb\",\"itemListElement\":[{\"@type\":\"ListItem\",\"position\":1,\"name\":\"M\u00eb 16 shkurt n\u00eb Ulqin do t\u00eb mbahet Festivali i Vlll kenges per femije\"}]},{\"@type\":\"Person\",\"@id\":\"https:\/\/www.visit-ulcinj.com\/blog\/#\/schema\/person\/dcab619c614d3038751c63bc2aadc06d\",\"name\":\"ulqini\",\"sameAs\":[\"http:\/\/www.visit-ulcinj.com\"],\"url\":\"https:\/\/www.visit-ulcinj.com\/blog\/author\/admin\/\"}]}<\/script>\n<!-- \/ Yoast SEO plugin. -->","yoast_head_json":{"title":"M\u00eb 16 shkurt n\u00eb Ulqin do t\u00eb mbahet Festivali i Vlll kenges per femije - Lajme nga Ulqini","description":"Festivali VIIl i K\u00ebng\u00ebs p\u00ebr F\u00ebmij\u00eb \u201cUlqini 2013\u2033 do t\u00eb mbahet n\u00eb Ulqin m\u00eb 16 shkurt 2013 me fillim n\u00eb ora 19:00. Festivali organizohet nga Qendra e","robots":{"index":"index","follow":"follow","max-snippet":"max-snippet:-1","max-image-preview":"max-image-preview:large","max-video-preview":"max-video-preview:-1"},"canonical":"https:\/\/www.visit-ulcinj.com\/blog\/2013\/02\/15\/me-28-29-janar-ne-ulqin-do-te-mbahet-festivali-vii-i-kenges-per-femije-2\/","og_locale":"en_US","og_type":"article","og_title":"M\u00eb 16 shkurt n\u00eb Ulqin do t\u00eb mbahet Festivali i Vlll kenges per femije - Lajme nga Ulqini","og_description":"Festivali VIIl i K\u00ebng\u00ebs p\u00ebr F\u00ebmij\u00eb \u201cUlqini 2013\u2033 do t\u00eb mbahet n\u00eb Ulqin m\u00eb 16 shkurt 2013 me fillim n\u00eb ora 19:00. Festivali organizohet nga Qendra e","og_url":"https:\/\/www.visit-ulcinj.com\/blog\/2013\/02\/15\/me-28-29-janar-ne-ulqin-do-te-mbahet-festivali-vii-i-kenges-per-femije-2\/","og_site_name":"Lajme nga Ulqini","article_published_time":"2013-02-15T05:50:49+00:00","article_modified_time":"2013-02-15T12:10:41+00:00","og_image":[{"url":"http:\/\/www.visit-ulcinj.com\/blog\/wp-content\/uploads\/2013\/02\/Festivali-i-Vlll-kenges-per-femije-ne-Ulqin.jpg"}],"twitter_misc":{"Written by":"ulqini","Est. reading time":"1 minute"},"schema":{"@context":"https:\/\/schema.org","@graph":[{"@type":"WebSite","@id":"https:\/\/www.visit-ulcinj.com\/blog\/#website","url":"https:\/\/www.visit-ulcinj.com\/blog\/","name":"Lajme nga Ulqini","description":"Lajme,Vijesti,Ulqini,Ulqin,Crna Gora,Mali i Zi","potentialAction":[{"@type":"SearchAction","target":{"@type":"EntryPoint","urlTemplate":"https:\/\/www.visit-ulcinj.com\/blog\/?s={search_term_string}"},"query-input":"required name=search_term_string"}],"inLanguage":"en-US"},{"@type":"ImageObject","inLanguage":"en-US","@id":"https:\/\/www.visit-ulcinj.com\/blog\/2013\/02\/15\/me-28-29-janar-ne-ulqin-do-te-mbahet-festivali-vii-i-kenges-per-femije-2\/#primaryimage","url":"https:\/\/www.visit-ulcinj.com\/blog\/wp-content\/uploads\/2013\/02\/Festivali-i-Vlll-kenges-per-femije-ne-Ulqin.jpg","contentUrl":"https:\/\/www.visit-ulcinj.com\/blog\/wp-content\/uploads\/2013\/02\/Festivali-i-Vlll-kenges-per-femije-ne-Ulqin.jpg","width":800,"height":533},{"@type":"WebPage","@id":"https:\/\/www.visit-ulcinj.com\/blog\/2013\/02\/15\/me-28-29-janar-ne-ulqin-do-te-mbahet-festivali-vii-i-kenges-per-femije-2\/#webpage","url":"https:\/\/www.visit-ulcinj.com\/blog\/2013\/02\/15\/me-28-29-janar-ne-ulqin-do-te-mbahet-festivali-vii-i-kenges-per-femije-2\/","name":"M\u00eb 16 shkurt n\u00eb Ulqin do t\u00eb mbahet Festivali i Vlll kenges per femije - Lajme nga Ulqini","isPartOf":{"@id":"https:\/\/www.visit-ulcinj.com\/blog\/#website"},"primaryImageOfPage":{"@id":"https:\/\/www.visit-ulcinj.com\/blog\/2013\/02\/15\/me-28-29-janar-ne-ulqin-do-te-mbahet-festivali-vii-i-kenges-per-femije-2\/#primaryimage"},"datePublished":"2013-02-15T05:50:49+00:00","dateModified":"2013-02-15T12:10:41+00:00","author":{"@id":"https:\/\/www.visit-ulcinj.com\/blog\/#\/schema\/person\/dcab619c614d3038751c63bc2aadc06d"},"description":"Festivali VIIl i K\u00ebng\u00ebs p\u00ebr F\u00ebmij\u00eb \u201cUlqini 2013\u2033 do t\u00eb mbahet n\u00eb Ulqin m\u00eb 16 shkurt 2013 me fillim n\u00eb ora 19:00. Festivali organizohet nga Qendra e","breadcrumb":{"@id":"https:\/\/www.visit-ulcinj.com\/blog\/2013\/02\/15\/me-28-29-janar-ne-ulqin-do-te-mbahet-festivali-vii-i-kenges-per-femije-2\/#breadcrumb"},"inLanguage":"en-US","potentialAction":[{"@type":"ReadAction","target":["https:\/\/www.visit-ulcinj.com\/blog\/2013\/02\/15\/me-28-29-janar-ne-ulqin-do-te-mbahet-festivali-vii-i-kenges-per-femije-2\/"]}]},{"@type":"BreadcrumbList","@id":"https:\/\/www.visit-ulcinj.com\/blog\/2013\/02\/15\/me-28-29-janar-ne-ulqin-do-te-mbahet-festivali-vii-i-kenges-per-femije-2\/#breadcrumb","itemListElement":[{"@type":"ListItem","position":1,"name":"M\u00eb 16 shkurt n\u00eb Ulqin do t\u00eb mbahet Festivali i Vlll kenges per femije"}]},{"@type":"Person","@id":"https:\/\/www.visit-ulcinj.com\/blog\/#\/schema\/person\/dcab619c614d3038751c63bc2aadc06d","name":"ulqini","sameAs":["http:\/\/www.visit-ulcinj.com"],"url":"https:\/\/www.visit-ulcinj.com\/blog\/author\/admin\/"}]}},"jetpack_featured_media_url":"","jetpack_sharing_enabled":true,"jetpack_shortlink":"https:\/\/wp.me\/pe6lTn-hSE","_links":{"self":[{"href":"https:\/\/www.visit-ulcinj.com\/blog\/wp-json\/wp\/v2\/posts\/68736"}],"collection":[{"href":"https:\/\/www.visit-ulcinj.com\/blog\/wp-json\/wp\/v2\/posts"}],"about":[{"href":"https:\/\/www.visit-ulcinj.com\/blog\/wp-json\/wp\/v2\/types\/post"}],"author":[{"embeddable":true,"href":"https:\/\/www.visit-ulcinj.com\/blog\/wp-json\/wp\/v2\/users\/1"}],"replies":[{"embeddable":true,"href":"https:\/\/www.visit-ulcinj.com\/blog\/wp-json\/wp\/v2\/comments?post=68736"}],"version-history":[{"count":3,"href":"https:\/\/www.visit-ulcinj.com\/blog\/wp-json\/wp\/v2\/posts\/68736\/revisions"}],"predecessor-version":[{"id":68796,"href":"https:\/\/www.visit-ulcinj.com\/blog\/wp-json\/wp\/v2\/posts\/68736\/revisions\/68796"}],"wp:attachment":[{"href":"https:\/\/www.visit-ulcinj.com\/blog\/wp-json\/wp\/v2\/media?parent=68736"}],"wp:term":[{"taxonomy":"category","embeddable":true,"href":"https:\/\/www.visit-ulcinj.com\/blog\/wp-json\/wp\/v2\/categories?post=68736"},{"taxonomy":"post_tag","embeddable":true,"href":"https:\/\/www.visit-ulcinj.com\/blog\/wp-json\/wp\/v2\/tags?post=68736"}],"curies":[{"name":"wp","href":"https:\/\/api.w.org\/{rel}","templated":true}]}}