{"id":6874,"date":"2008-12-05T18:43:39","date_gmt":"2008-12-05T17:43:39","guid":{"rendered":"http:\/\/www.visit-ulcinj.com\/blog\/?p=6874"},"modified":"2008-12-05T18:43:39","modified_gmt":"2008-12-05T17:43:39","slug":"helsinki-crna-gora-i-zvanicno-postala-clanica-jadranske-povelje","status":"publish","type":"post","link":"https:\/\/www.visit-ulcinj.com\/blog\/2008\/12\/05\/helsinki-crna-gora-i-zvanicno-postala-clanica-jadranske-povelje\/","title":{"rendered":"Helsinki: Crna Gora i zvani?no postala ?lanica Jadranske povelje"},"content":{"rendered":"<p><a href=\"http:\/\/www.visit-ulcinj.com\/blog\/wp-content\/uploads\/2008\/12\/milan-rocen_helsinki.jpg\"><img loading=\"lazy\" class=\"alignleft size-medium wp-image-6875\" title=\"milan-rocen_helsinki\" src=\"http:\/\/www.visit-ulcinj.com\/blog\/wp-content\/uploads\/2008\/12\/milan-rocen_helsinki-300x225.jpg\" alt=\"\" width=\"300\" height=\"225\" srcset=\"https:\/\/www.visit-ulcinj.com\/blog\/wp-content\/uploads\/2008\/12\/milan-rocen_helsinki-300x225.jpg 300w, https:\/\/www.visit-ulcinj.com\/blog\/wp-content\/uploads\/2008\/12\/milan-rocen_helsinki.jpg 640w\" sizes=\"(max-width: 300px) 100vw, 300px\" \/><\/a>Ministar inostranih poslova Crne Gore Milan Ro?en je danas na marginama Ministarskog savjeta OEBS u?estvovao na sastanku Jadranske povelje, na kojem je Crna Gora i zvani?no postala dio ove va\u017ene regionalne bezbjednosne inicijative. Ministar Ro?en je potpisao prilog Ugovoru o Jadranskoj povelji kojim se Crna Gora obavezala na po\u0161tovanje principa Povelje i posve?enost regionalnoj saradnji u cilju napretka u evroatlantskim integracijama. Pored ministara inostranih poslova zemalja ?lanica Povelje, Albanije, Hrvatske i Makedonije, sastanku su prisustvovali i pomo?nik dr\u017eavnog sekretara SAD Danijel Frid i ministri inistranih poslova zemalja ?lanica Balti?ke povelje.<br \/>\nMinistar je zahvalio ?lanicama Povelje na podr\u0161ci Crnoj Gori i naglasio da na\u0161 prijem u ovaj mehanizam predstavlja priznanje za napredak koji je za kratko vrijeme napravljen u unustra\u0161njim reformama i <a href=\"http:\/\/www.visit-ulcinj.com\/blog\/wp-content\/uploads\/2008\/12\/crna-gora-i-zvanicno-postala-clanica-jadranske-povelje.jpg\"><img loading=\"lazy\" class=\"alignright size-thumbnail wp-image-6876\" title=\"crna-gora-i-zvanicno-postala-clanica-jadranske-povelje\" src=\"http:\/\/www.visit-ulcinj.com\/blog\/wp-content\/uploads\/2008\/12\/crna-gora-i-zvanicno-postala-clanica-jadranske-povelje-150x150.jpg\" alt=\"\" width=\"228\" height=\"150\" \/><\/a>Partnerstvu za mir. On je takodje ?estitao BiH na prijemu ocijeniv\u0161i da ?e saradnja u ovom okviru pomo?i ubrzanju integracije zemalja regiona u NATO i ostvarenju stabilnosti i bezbjednosti na Zapadnom Balkanu.<br \/>\nU cilju daljeg ja?anja prakti?ne saradnje i razmjene iskustva, u susret Samitu NATO u Francuskoj i Njema?koj na prolje?e sljede?e godine, ministar inostranih poslova Letonije pozvao je sve ?lanice Jadranske i Balti?ke povelje na ministarski sastanak dvije Povelje koji bi bio odr\u017ean krajem marta u Rigi.<br \/>\n<strong><br \/>\nIzvor \/ Vlada Republike Crne Gore<\/strong><\/p>\n","protected":false},"excerpt":{"rendered":"<p>Ministar inostranih poslova Crne Gore Milan Ro?en je danas na marginama Ministarskog savjeta OEBS u?estvovao na sastanku Jadranske povelje, na kojem je Crna Gora i zvani?no postala dio ove va\u017ene regionalne bezbjednosne inicijative. Ministar Ro?en je potpisao prilog Ugovoru o Jadranskoj povelji kojim se Crna Gora obavezala na po\u0161tovanje principa Povelje i posve?enost regionalnoj saradnji [&hellip;]<\/p>\n","protected":false},"author":1,"featured_media":0,"comment_status":"open","ping_status":"closed","sticky":false,"template":"","format":"standard","meta":{"spay_email":"","jetpack_publicize_message":"","jetpack_is_tweetstorm":false,"jetpack_publicize_feature_enabled":true},"categories":[12],"tags":[5163,3860],"jetpack_publicize_connections":[],"yoast_head":"<!-- This site is optimized with the Yoast SEO plugin v19.1 - https:\/\/yoast.com\/wordpress\/plugins\/seo\/ -->\n<title>Helsinki: Crna Gora i zvani?no postala ?lanica Jadranske povelje - Lajme nga Ulqini<\/title>\n<meta name=\"description\" content=\"Ministar inostranih poslova Crne Gore Milan Ro?en je danas na marginama Ministarskog savjeta OEBS u?estvovao na sastanku Jadranske povelje, na kojem je\" \/>\n<meta name=\"robots\" content=\"index, follow, max-snippet:-1, max-image-preview:large, max-video-preview:-1\" \/>\n<link rel=\"canonical\" href=\"https:\/\/www.visit-ulcinj.com\/blog\/2008\/12\/05\/helsinki-crna-gora-i-zvanicno-postala-clanica-jadranske-povelje\/\" \/>\n<meta property=\"og:locale\" content=\"en_US\" \/>\n<meta property=\"og:type\" content=\"article\" \/>\n<meta property=\"og:title\" content=\"Helsinki: Crna Gora i zvani?no postala ?lanica Jadranske povelje - Lajme nga Ulqini\" \/>\n<meta property=\"og:description\" content=\"Ministar inostranih poslova Crne Gore Milan Ro?en je danas na marginama Ministarskog savjeta OEBS u?estvovao na sastanku Jadranske povelje, na kojem je\" \/>\n<meta property=\"og:url\" content=\"https:\/\/www.visit-ulcinj.com\/blog\/2008\/12\/05\/helsinki-crna-gora-i-zvanicno-postala-clanica-jadranske-povelje\/\" \/>\n<meta property=\"og:site_name\" content=\"Lajme nga Ulqini\" \/>\n<meta property=\"article:published_time\" content=\"2008-12-05T17:43:39+00:00\" \/>\n<meta property=\"og:image\" content=\"http:\/\/www.visit-ulcinj.com\/blog\/wp-content\/uploads\/2008\/12\/milan-rocen_helsinki-300x225.jpg\" \/>\n<meta name=\"twitter:label1\" content=\"Written by\" \/>\n\t<meta name=\"twitter:data1\" content=\"ulqini\" \/>\n\t<meta name=\"twitter:label2\" content=\"Est. reading time\" \/>\n\t<meta name=\"twitter:data2\" content=\"1 minute\" \/>\n<script type=\"application\/ld+json\" class=\"yoast-schema-graph\">{\"@context\":\"https:\/\/schema.org\",\"@graph\":[{\"@type\":\"WebSite\",\"@id\":\"https:\/\/www.visit-ulcinj.com\/blog\/#website\",\"url\":\"https:\/\/www.visit-ulcinj.com\/blog\/\",\"name\":\"Lajme nga Ulqini\",\"description\":\"Lajme,Vijesti,Ulqini,Ulqin,Crna Gora,Mali i Zi\",\"potentialAction\":[{\"@type\":\"SearchAction\",\"target\":{\"@type\":\"EntryPoint\",\"urlTemplate\":\"https:\/\/www.visit-ulcinj.com\/blog\/?s={search_term_string}\"},\"query-input\":\"required name=search_term_string\"}],\"inLanguage\":\"en-US\"},{\"@type\":\"ImageObject\",\"inLanguage\":\"en-US\",\"@id\":\"https:\/\/www.visit-ulcinj.com\/blog\/2008\/12\/05\/helsinki-crna-gora-i-zvanicno-postala-clanica-jadranske-povelje\/#primaryimage\",\"url\":\"http:\/\/www.visit-ulcinj.com\/blog\/wp-content\/uploads\/2008\/12\/milan-rocen_helsinki-300x225.jpg\",\"contentUrl\":\"http:\/\/www.visit-ulcinj.com\/blog\/wp-content\/uploads\/2008\/12\/milan-rocen_helsinki-300x225.jpg\"},{\"@type\":\"WebPage\",\"@id\":\"https:\/\/www.visit-ulcinj.com\/blog\/2008\/12\/05\/helsinki-crna-gora-i-zvanicno-postala-clanica-jadranske-povelje\/#webpage\",\"url\":\"https:\/\/www.visit-ulcinj.com\/blog\/2008\/12\/05\/helsinki-crna-gora-i-zvanicno-postala-clanica-jadranske-povelje\/\",\"name\":\"Helsinki: Crna Gora i zvani?no postala ?lanica Jadranske povelje - Lajme nga Ulqini\",\"isPartOf\":{\"@id\":\"https:\/\/www.visit-ulcinj.com\/blog\/#website\"},\"primaryImageOfPage\":{\"@id\":\"https:\/\/www.visit-ulcinj.com\/blog\/2008\/12\/05\/helsinki-crna-gora-i-zvanicno-postala-clanica-jadranske-povelje\/#primaryimage\"},\"datePublished\":\"2008-12-05T17:43:39+00:00\",\"dateModified\":\"2008-12-05T17:43:39+00:00\",\"author\":{\"@id\":\"https:\/\/www.visit-ulcinj.com\/blog\/#\/schema\/person\/dcab619c614d3038751c63bc2aadc06d\"},\"description\":\"Ministar inostranih poslova Crne Gore Milan Ro?en je danas na marginama Ministarskog savjeta OEBS u?estvovao na sastanku Jadranske povelje, na kojem je\",\"breadcrumb\":{\"@id\":\"https:\/\/www.visit-ulcinj.com\/blog\/2008\/12\/05\/helsinki-crna-gora-i-zvanicno-postala-clanica-jadranske-povelje\/#breadcrumb\"},\"inLanguage\":\"en-US\",\"potentialAction\":[{\"@type\":\"ReadAction\",\"target\":[\"https:\/\/www.visit-ulcinj.com\/blog\/2008\/12\/05\/helsinki-crna-gora-i-zvanicno-postala-clanica-jadranske-povelje\/\"]}]},{\"@type\":\"BreadcrumbList\",\"@id\":\"https:\/\/www.visit-ulcinj.com\/blog\/2008\/12\/05\/helsinki-crna-gora-i-zvanicno-postala-clanica-jadranske-povelje\/#breadcrumb\",\"itemListElement\":[{\"@type\":\"ListItem\",\"position\":1,\"name\":\"Helsinki: Crna Gora i zvani?no postala ?lanica Jadranske povelje\"}]},{\"@type\":\"Person\",\"@id\":\"https:\/\/www.visit-ulcinj.com\/blog\/#\/schema\/person\/dcab619c614d3038751c63bc2aadc06d\",\"name\":\"ulqini\",\"sameAs\":[\"http:\/\/www.visit-ulcinj.com\"],\"url\":\"https:\/\/www.visit-ulcinj.com\/blog\/author\/admin\/\"}]}<\/script>\n<!-- \/ Yoast SEO plugin. -->","yoast_head_json":{"title":"Helsinki: Crna Gora i zvani?no postala ?lanica Jadranske povelje - Lajme nga Ulqini","description":"Ministar inostranih poslova Crne Gore Milan Ro?en je danas na marginama Ministarskog savjeta OEBS u?estvovao na sastanku Jadranske povelje, na kojem je","robots":{"index":"index","follow":"follow","max-snippet":"max-snippet:-1","max-image-preview":"max-image-preview:large","max-video-preview":"max-video-preview:-1"},"canonical":"https:\/\/www.visit-ulcinj.com\/blog\/2008\/12\/05\/helsinki-crna-gora-i-zvanicno-postala-clanica-jadranske-povelje\/","og_locale":"en_US","og_type":"article","og_title":"Helsinki: Crna Gora i zvani?no postala ?lanica Jadranske povelje - Lajme nga Ulqini","og_description":"Ministar inostranih poslova Crne Gore Milan Ro?en je danas na marginama Ministarskog savjeta OEBS u?estvovao na sastanku Jadranske povelje, na kojem je","og_url":"https:\/\/www.visit-ulcinj.com\/blog\/2008\/12\/05\/helsinki-crna-gora-i-zvanicno-postala-clanica-jadranske-povelje\/","og_site_name":"Lajme nga Ulqini","article_published_time":"2008-12-05T17:43:39+00:00","og_image":[{"url":"http:\/\/www.visit-ulcinj.com\/blog\/wp-content\/uploads\/2008\/12\/milan-rocen_helsinki-300x225.jpg"}],"twitter_misc":{"Written by":"ulqini","Est. reading time":"1 minute"},"schema":{"@context":"https:\/\/schema.org","@graph":[{"@type":"WebSite","@id":"https:\/\/www.visit-ulcinj.com\/blog\/#website","url":"https:\/\/www.visit-ulcinj.com\/blog\/","name":"Lajme nga Ulqini","description":"Lajme,Vijesti,Ulqini,Ulqin,Crna Gora,Mali i Zi","potentialAction":[{"@type":"SearchAction","target":{"@type":"EntryPoint","urlTemplate":"https:\/\/www.visit-ulcinj.com\/blog\/?s={search_term_string}"},"query-input":"required name=search_term_string"}],"inLanguage":"en-US"},{"@type":"ImageObject","inLanguage":"en-US","@id":"https:\/\/www.visit-ulcinj.com\/blog\/2008\/12\/05\/helsinki-crna-gora-i-zvanicno-postala-clanica-jadranske-povelje\/#primaryimage","url":"http:\/\/www.visit-ulcinj.com\/blog\/wp-content\/uploads\/2008\/12\/milan-rocen_helsinki-300x225.jpg","contentUrl":"http:\/\/www.visit-ulcinj.com\/blog\/wp-content\/uploads\/2008\/12\/milan-rocen_helsinki-300x225.jpg"},{"@type":"WebPage","@id":"https:\/\/www.visit-ulcinj.com\/blog\/2008\/12\/05\/helsinki-crna-gora-i-zvanicno-postala-clanica-jadranske-povelje\/#webpage","url":"https:\/\/www.visit-ulcinj.com\/blog\/2008\/12\/05\/helsinki-crna-gora-i-zvanicno-postala-clanica-jadranske-povelje\/","name":"Helsinki: Crna Gora i zvani?no postala ?lanica Jadranske povelje - Lajme nga Ulqini","isPartOf":{"@id":"https:\/\/www.visit-ulcinj.com\/blog\/#website"},"primaryImageOfPage":{"@id":"https:\/\/www.visit-ulcinj.com\/blog\/2008\/12\/05\/helsinki-crna-gora-i-zvanicno-postala-clanica-jadranske-povelje\/#primaryimage"},"datePublished":"2008-12-05T17:43:39+00:00","dateModified":"2008-12-05T17:43:39+00:00","author":{"@id":"https:\/\/www.visit-ulcinj.com\/blog\/#\/schema\/person\/dcab619c614d3038751c63bc2aadc06d"},"description":"Ministar inostranih poslova Crne Gore Milan Ro?en je danas na marginama Ministarskog savjeta OEBS u?estvovao na sastanku Jadranske povelje, na kojem je","breadcrumb":{"@id":"https:\/\/www.visit-ulcinj.com\/blog\/2008\/12\/05\/helsinki-crna-gora-i-zvanicno-postala-clanica-jadranske-povelje\/#breadcrumb"},"inLanguage":"en-US","potentialAction":[{"@type":"ReadAction","target":["https:\/\/www.visit-ulcinj.com\/blog\/2008\/12\/05\/helsinki-crna-gora-i-zvanicno-postala-clanica-jadranske-povelje\/"]}]},{"@type":"BreadcrumbList","@id":"https:\/\/www.visit-ulcinj.com\/blog\/2008\/12\/05\/helsinki-crna-gora-i-zvanicno-postala-clanica-jadranske-povelje\/#breadcrumb","itemListElement":[{"@type":"ListItem","position":1,"name":"Helsinki: Crna Gora i zvani?no postala ?lanica Jadranske povelje"}]},{"@type":"Person","@id":"https:\/\/www.visit-ulcinj.com\/blog\/#\/schema\/person\/dcab619c614d3038751c63bc2aadc06d","name":"ulqini","sameAs":["http:\/\/www.visit-ulcinj.com"],"url":"https:\/\/www.visit-ulcinj.com\/blog\/author\/admin\/"}]}},"jetpack_featured_media_url":"","jetpack_sharing_enabled":true,"jetpack_shortlink":"https:\/\/wp.me\/pe6lTn-1MS","_links":{"self":[{"href":"https:\/\/www.visit-ulcinj.com\/blog\/wp-json\/wp\/v2\/posts\/6874"}],"collection":[{"href":"https:\/\/www.visit-ulcinj.com\/blog\/wp-json\/wp\/v2\/posts"}],"about":[{"href":"https:\/\/www.visit-ulcinj.com\/blog\/wp-json\/wp\/v2\/types\/post"}],"author":[{"embeddable":true,"href":"https:\/\/www.visit-ulcinj.com\/blog\/wp-json\/wp\/v2\/users\/1"}],"replies":[{"embeddable":true,"href":"https:\/\/www.visit-ulcinj.com\/blog\/wp-json\/wp\/v2\/comments?post=6874"}],"version-history":[{"count":0,"href":"https:\/\/www.visit-ulcinj.com\/blog\/wp-json\/wp\/v2\/posts\/6874\/revisions"}],"wp:attachment":[{"href":"https:\/\/www.visit-ulcinj.com\/blog\/wp-json\/wp\/v2\/media?parent=6874"}],"wp:term":[{"taxonomy":"category","embeddable":true,"href":"https:\/\/www.visit-ulcinj.com\/blog\/wp-json\/wp\/v2\/categories?post=6874"},{"taxonomy":"post_tag","embeddable":true,"href":"https:\/\/www.visit-ulcinj.com\/blog\/wp-json\/wp\/v2\/tags?post=6874"}],"curies":[{"name":"wp","href":"https:\/\/api.w.org\/{rel}","templated":true}]}}