{"id":68753,"date":"2013-02-15T07:37:58","date_gmt":"2013-02-15T06:37:58","guid":{"rendered":"http:\/\/www.visit-ulcinj.com\/blog\/?p=68753"},"modified":"2013-02-15T07:38:14","modified_gmt":"2013-02-15T06:38:14","slug":"floriani-adrian-zgjedhin-prishtinen-per-te-festuar-ditelindjet","status":"publish","type":"post","link":"https:\/\/www.visit-ulcinj.com\/blog\/2013\/02\/15\/floriani-adrian-zgjedhin-prishtinen-per-te-festuar-ditelindjet\/","title":{"rendered":"Floriani &#038; Adrian zgjedhin Prishtin\u00ebn p\u00ebr t\u00eb festuar dit\u00eblindjet"},"content":{"rendered":"<p>Edhe pse i ndan vet\u00ebm nj\u00eb dit\u00eb n\u00eb dat\u00ebn e dit\u00eblindjes, ata kan\u00eb vendosur q\u00eb fest\u00ebn ta b\u00ebjn\u00eb bashk\u00eb.<br \/>\n<a href=\"http:\/\/www.visit-ulcinj.com\/blog\/wp-content\/uploads\/2013\/02\/Floriani-Adrian-zgjedhin-Prishtin\u00ebn-p\u00ebr-t\u00eb-festuar-dit\u00eblindjet.jpg\"><img loading=\"lazy\" class=\"alignleft  wp-image-68754\" alt=\"Floriani &amp; Adrian zgjedhin Prishtin\u00ebn p\u00ebr t\u00eb festuar dit\u00eblindjet\" src=\"http:\/\/www.visit-ulcinj.com\/blog\/wp-content\/uploads\/2013\/02\/Floriani-Adrian-zgjedhin-Prishtin\u00ebn-p\u00ebr-t\u00eb-festuar-dit\u00eblindjet.jpg\" width=\"508\" height=\"360\" \/><\/a><\/p>\n<p>Dy k\u00ebng\u00ebtar\u00ebt e super hitit \u201cNgjyra e kuqe\u201d, Adrian Gaxha dhe Florian Beqiri, duket sikur jan\u00eb t\u00eb pasionuar shum\u00eb pas Prishtin\u00ebs, n\u00eb ve\u00e7anti pas jet\u00ebs s\u00eb nat\u00ebs n\u00eb kryeqytet.<\/p>\n<p>Edhe pse i ndan vet\u00ebm nj\u00eb dit\u00eb n\u00eb dat\u00ebn e dit\u00eblindjes, ata kan\u00eb vendosur q\u00eb fest\u00ebn ta b\u00ebjn\u00eb bashk\u00eb.<\/p>\n<p>Mbr\u00ebmjen e kaluar ata jan\u00eb par\u00eb duke festuar n\u00eb nj\u00ebrin nga pub-et e njohura t\u00eb Prishtin\u00ebs. Nd\u00ebrkoh\u00eb q\u00eb n\u00eb shoq\u00ebrimin e tyre shiheshin edhe modele t\u00eb njohura n\u00eb Kosov\u00eb dhe disa ftyra tjera publike n\u00eb vend.<br \/>\nMadje k\u00ebta t\u00eb fundit i surprizuan k\u00ebngtar\u00ebt me torte, shampanj\u00eb e dhurata.<\/p>\n<p>&nbsp;<\/p>\n<p><strong>Yllpress<br \/>\n<\/strong><\/p>\n<!--YouTube Error: bad URL entered-->\n","protected":false},"excerpt":{"rendered":"<p>Edhe pse i ndan vet\u00ebm nj\u00eb dit\u00eb n\u00eb dat\u00ebn e dit\u00eblindjes, ata kan\u00eb vendosur q\u00eb fest\u00ebn ta b\u00ebjn\u00eb bashk\u00eb. Dy k\u00ebng\u00ebtar\u00ebt e super hitit \u201cNgjyra e kuqe\u201d, Adrian Gaxha dhe Florian Beqiri, duket sikur jan\u00eb t\u00eb pasionuar shum\u00eb pas Prishtin\u00ebs, n\u00eb ve\u00e7anti pas jet\u00ebs s\u00eb nat\u00ebs n\u00eb kryeqytet. Edhe pse i ndan vet\u00ebm nj\u00eb dit\u00eb [&hellip;]<\/p>\n","protected":false},"author":1,"featured_media":0,"comment_status":"open","ping_status":"closed","sticky":false,"template":"","format":"standard","meta":{"spay_email":"","jetpack_publicize_message":"","jetpack_is_tweetstorm":false,"jetpack_publicize_feature_enabled":true},"categories":[1],"tags":[13177,21215],"jetpack_publicize_connections":[],"yoast_head":"<!-- This site is optimized with the Yoast SEO plugin v19.1 - https:\/\/yoast.com\/wordpress\/plugins\/seo\/ -->\n<title>Floriani &amp; Adrian zgjedhin Prishtin\u00ebn p\u00ebr t\u00eb festuar dit\u00eblindjet - Lajme nga Ulqini<\/title>\n<meta name=\"description\" content=\"Edhe pse i ndan vet\u00ebm nj\u00eb dit\u00eb n\u00eb dat\u00ebn e dit\u00eblindjes, ata kan\u00eb vendosur q\u00eb fest\u00ebn ta b\u00ebjn\u00eb bashk\u00eb. Dy k\u00ebng\u00ebtar\u00ebt e super hitit \u201cNgjyra e kuqe\u201d, Adrian\" \/>\n<meta name=\"robots\" content=\"index, follow, max-snippet:-1, max-image-preview:large, max-video-preview:-1\" \/>\n<link rel=\"canonical\" href=\"https:\/\/www.visit-ulcinj.com\/blog\/2013\/02\/15\/floriani-adrian-zgjedhin-prishtinen-per-te-festuar-ditelindjet\/\" \/>\n<meta property=\"og:locale\" content=\"en_US\" \/>\n<meta property=\"og:type\" content=\"article\" \/>\n<meta property=\"og:title\" content=\"Floriani &amp; Adrian zgjedhin Prishtin\u00ebn p\u00ebr t\u00eb festuar dit\u00eblindjet - Lajme nga Ulqini\" \/>\n<meta property=\"og:description\" content=\"Edhe pse i ndan vet\u00ebm nj\u00eb dit\u00eb n\u00eb dat\u00ebn e dit\u00eblindjes, ata kan\u00eb vendosur q\u00eb fest\u00ebn ta b\u00ebjn\u00eb bashk\u00eb. Dy k\u00ebng\u00ebtar\u00ebt e super hitit \u201cNgjyra e kuqe\u201d, Adrian\" \/>\n<meta property=\"og:url\" content=\"https:\/\/www.visit-ulcinj.com\/blog\/2013\/02\/15\/floriani-adrian-zgjedhin-prishtinen-per-te-festuar-ditelindjet\/\" \/>\n<meta property=\"og:site_name\" content=\"Lajme nga Ulqini\" \/>\n<meta property=\"article:published_time\" content=\"2013-02-15T06:37:58+00:00\" \/>\n<meta property=\"article:modified_time\" content=\"2013-02-15T06:38:14+00:00\" \/>\n<meta name=\"twitter:label1\" content=\"Written by\" \/>\n\t<meta name=\"twitter:data1\" content=\"ulqini\" \/>\n\t<meta name=\"twitter:label2\" content=\"Est. reading time\" \/>\n\t<meta name=\"twitter:data2\" content=\"1 minute\" \/>\n<script type=\"application\/ld+json\" class=\"yoast-schema-graph\">{\"@context\":\"https:\/\/schema.org\",\"@graph\":[{\"@type\":\"WebSite\",\"@id\":\"https:\/\/www.visit-ulcinj.com\/blog\/#website\",\"url\":\"https:\/\/www.visit-ulcinj.com\/blog\/\",\"name\":\"Lajme nga Ulqini\",\"description\":\"Lajme,Vijesti,Ulqini,Ulqin,Crna Gora,Mali i Zi\",\"potentialAction\":[{\"@type\":\"SearchAction\",\"target\":{\"@type\":\"EntryPoint\",\"urlTemplate\":\"https:\/\/www.visit-ulcinj.com\/blog\/?s={search_term_string}\"},\"query-input\":\"required name=search_term_string\"}],\"inLanguage\":\"en-US\"},{\"@type\":\"WebPage\",\"@id\":\"https:\/\/www.visit-ulcinj.com\/blog\/2013\/02\/15\/floriani-adrian-zgjedhin-prishtinen-per-te-festuar-ditelindjet\/#webpage\",\"url\":\"https:\/\/www.visit-ulcinj.com\/blog\/2013\/02\/15\/floriani-adrian-zgjedhin-prishtinen-per-te-festuar-ditelindjet\/\",\"name\":\"Floriani & Adrian zgjedhin Prishtin\u00ebn p\u00ebr t\u00eb festuar dit\u00eblindjet - Lajme nga Ulqini\",\"isPartOf\":{\"@id\":\"https:\/\/www.visit-ulcinj.com\/blog\/#website\"},\"datePublished\":\"2013-02-15T06:37:58+00:00\",\"dateModified\":\"2013-02-15T06:38:14+00:00\",\"author\":{\"@id\":\"https:\/\/www.visit-ulcinj.com\/blog\/#\/schema\/person\/dcab619c614d3038751c63bc2aadc06d\"},\"description\":\"Edhe pse i ndan vet\u00ebm nj\u00eb dit\u00eb n\u00eb dat\u00ebn e dit\u00eblindjes, ata kan\u00eb vendosur q\u00eb fest\u00ebn ta b\u00ebjn\u00eb bashk\u00eb. Dy k\u00ebng\u00ebtar\u00ebt e super hitit \u201cNgjyra e kuqe\u201d, Adrian\",\"breadcrumb\":{\"@id\":\"https:\/\/www.visit-ulcinj.com\/blog\/2013\/02\/15\/floriani-adrian-zgjedhin-prishtinen-per-te-festuar-ditelindjet\/#breadcrumb\"},\"inLanguage\":\"en-US\",\"potentialAction\":[{\"@type\":\"ReadAction\",\"target\":[\"https:\/\/www.visit-ulcinj.com\/blog\/2013\/02\/15\/floriani-adrian-zgjedhin-prishtinen-per-te-festuar-ditelindjet\/\"]}]},{\"@type\":\"BreadcrumbList\",\"@id\":\"https:\/\/www.visit-ulcinj.com\/blog\/2013\/02\/15\/floriani-adrian-zgjedhin-prishtinen-per-te-festuar-ditelindjet\/#breadcrumb\",\"itemListElement\":[{\"@type\":\"ListItem\",\"position\":1,\"name\":\"Floriani &#038; Adrian zgjedhin Prishtin\u00ebn p\u00ebr t\u00eb festuar dit\u00eblindjet\"}]},{\"@type\":\"Person\",\"@id\":\"https:\/\/www.visit-ulcinj.com\/blog\/#\/schema\/person\/dcab619c614d3038751c63bc2aadc06d\",\"name\":\"ulqini\",\"sameAs\":[\"http:\/\/www.visit-ulcinj.com\"],\"url\":\"https:\/\/www.visit-ulcinj.com\/blog\/author\/admin\/\"}]}<\/script>\n<!-- \/ Yoast SEO plugin. -->","yoast_head_json":{"title":"Floriani & Adrian zgjedhin Prishtin\u00ebn p\u00ebr t\u00eb festuar dit\u00eblindjet - Lajme nga Ulqini","description":"Edhe pse i ndan vet\u00ebm nj\u00eb dit\u00eb n\u00eb dat\u00ebn e dit\u00eblindjes, ata kan\u00eb vendosur q\u00eb fest\u00ebn ta b\u00ebjn\u00eb bashk\u00eb. Dy k\u00ebng\u00ebtar\u00ebt e super hitit \u201cNgjyra e kuqe\u201d, Adrian","robots":{"index":"index","follow":"follow","max-snippet":"max-snippet:-1","max-image-preview":"max-image-preview:large","max-video-preview":"max-video-preview:-1"},"canonical":"https:\/\/www.visit-ulcinj.com\/blog\/2013\/02\/15\/floriani-adrian-zgjedhin-prishtinen-per-te-festuar-ditelindjet\/","og_locale":"en_US","og_type":"article","og_title":"Floriani & Adrian zgjedhin Prishtin\u00ebn p\u00ebr t\u00eb festuar dit\u00eblindjet - Lajme nga Ulqini","og_description":"Edhe pse i ndan vet\u00ebm nj\u00eb dit\u00eb n\u00eb dat\u00ebn e dit\u00eblindjes, ata kan\u00eb vendosur q\u00eb fest\u00ebn ta b\u00ebjn\u00eb bashk\u00eb. Dy k\u00ebng\u00ebtar\u00ebt e super hitit \u201cNgjyra e kuqe\u201d, Adrian","og_url":"https:\/\/www.visit-ulcinj.com\/blog\/2013\/02\/15\/floriani-adrian-zgjedhin-prishtinen-per-te-festuar-ditelindjet\/","og_site_name":"Lajme nga Ulqini","article_published_time":"2013-02-15T06:37:58+00:00","article_modified_time":"2013-02-15T06:38:14+00:00","twitter_misc":{"Written by":"ulqini","Est. reading time":"1 minute"},"schema":{"@context":"https:\/\/schema.org","@graph":[{"@type":"WebSite","@id":"https:\/\/www.visit-ulcinj.com\/blog\/#website","url":"https:\/\/www.visit-ulcinj.com\/blog\/","name":"Lajme nga Ulqini","description":"Lajme,Vijesti,Ulqini,Ulqin,Crna Gora,Mali i Zi","potentialAction":[{"@type":"SearchAction","target":{"@type":"EntryPoint","urlTemplate":"https:\/\/www.visit-ulcinj.com\/blog\/?s={search_term_string}"},"query-input":"required name=search_term_string"}],"inLanguage":"en-US"},{"@type":"WebPage","@id":"https:\/\/www.visit-ulcinj.com\/blog\/2013\/02\/15\/floriani-adrian-zgjedhin-prishtinen-per-te-festuar-ditelindjet\/#webpage","url":"https:\/\/www.visit-ulcinj.com\/blog\/2013\/02\/15\/floriani-adrian-zgjedhin-prishtinen-per-te-festuar-ditelindjet\/","name":"Floriani & Adrian zgjedhin Prishtin\u00ebn p\u00ebr t\u00eb festuar dit\u00eblindjet - Lajme nga Ulqini","isPartOf":{"@id":"https:\/\/www.visit-ulcinj.com\/blog\/#website"},"datePublished":"2013-02-15T06:37:58+00:00","dateModified":"2013-02-15T06:38:14+00:00","author":{"@id":"https:\/\/www.visit-ulcinj.com\/blog\/#\/schema\/person\/dcab619c614d3038751c63bc2aadc06d"},"description":"Edhe pse i ndan vet\u00ebm nj\u00eb dit\u00eb n\u00eb dat\u00ebn e dit\u00eblindjes, ata kan\u00eb vendosur q\u00eb fest\u00ebn ta b\u00ebjn\u00eb bashk\u00eb. Dy k\u00ebng\u00ebtar\u00ebt e super hitit \u201cNgjyra e kuqe\u201d, Adrian","breadcrumb":{"@id":"https:\/\/www.visit-ulcinj.com\/blog\/2013\/02\/15\/floriani-adrian-zgjedhin-prishtinen-per-te-festuar-ditelindjet\/#breadcrumb"},"inLanguage":"en-US","potentialAction":[{"@type":"ReadAction","target":["https:\/\/www.visit-ulcinj.com\/blog\/2013\/02\/15\/floriani-adrian-zgjedhin-prishtinen-per-te-festuar-ditelindjet\/"]}]},{"@type":"BreadcrumbList","@id":"https:\/\/www.visit-ulcinj.com\/blog\/2013\/02\/15\/floriani-adrian-zgjedhin-prishtinen-per-te-festuar-ditelindjet\/#breadcrumb","itemListElement":[{"@type":"ListItem","position":1,"name":"Floriani &#038; Adrian zgjedhin Prishtin\u00ebn p\u00ebr t\u00eb festuar dit\u00eblindjet"}]},{"@type":"Person","@id":"https:\/\/www.visit-ulcinj.com\/blog\/#\/schema\/person\/dcab619c614d3038751c63bc2aadc06d","name":"ulqini","sameAs":["http:\/\/www.visit-ulcinj.com"],"url":"https:\/\/www.visit-ulcinj.com\/blog\/author\/admin\/"}]}},"jetpack_featured_media_url":"","jetpack_sharing_enabled":true,"jetpack_shortlink":"https:\/\/wp.me\/pe6lTn-hSV","_links":{"self":[{"href":"https:\/\/www.visit-ulcinj.com\/blog\/wp-json\/wp\/v2\/posts\/68753"}],"collection":[{"href":"https:\/\/www.visit-ulcinj.com\/blog\/wp-json\/wp\/v2\/posts"}],"about":[{"href":"https:\/\/www.visit-ulcinj.com\/blog\/wp-json\/wp\/v2\/types\/post"}],"author":[{"embeddable":true,"href":"https:\/\/www.visit-ulcinj.com\/blog\/wp-json\/wp\/v2\/users\/1"}],"replies":[{"embeddable":true,"href":"https:\/\/www.visit-ulcinj.com\/blog\/wp-json\/wp\/v2\/comments?post=68753"}],"version-history":[{"count":2,"href":"https:\/\/www.visit-ulcinj.com\/blog\/wp-json\/wp\/v2\/posts\/68753\/revisions"}],"predecessor-version":[{"id":68756,"href":"https:\/\/www.visit-ulcinj.com\/blog\/wp-json\/wp\/v2\/posts\/68753\/revisions\/68756"}],"wp:attachment":[{"href":"https:\/\/www.visit-ulcinj.com\/blog\/wp-json\/wp\/v2\/media?parent=68753"}],"wp:term":[{"taxonomy":"category","embeddable":true,"href":"https:\/\/www.visit-ulcinj.com\/blog\/wp-json\/wp\/v2\/categories?post=68753"},{"taxonomy":"post_tag","embeddable":true,"href":"https:\/\/www.visit-ulcinj.com\/blog\/wp-json\/wp\/v2\/tags?post=68753"}],"curies":[{"name":"wp","href":"https:\/\/api.w.org\/{rel}","templated":true}]}}