{"id":68757,"date":"2013-02-15T07:48:55","date_gmt":"2013-02-15T06:48:55","guid":{"rendered":"http:\/\/www.visit-ulcinj.com\/blog\/?p=68757"},"modified":"2013-02-15T07:49:31","modified_gmt":"2013-02-15T06:49:31","slug":"tuna-sejdiu-nuk-kam-nevoje-per-shen-valentin","status":"publish","type":"post","link":"https:\/\/www.visit-ulcinj.com\/blog\/2013\/02\/15\/tuna-sejdiu-nuk-kam-nevoje-per-shen-valentin\/","title":{"rendered":"Tuna Sejdiu: Nuk kam nevoj\u00eb p\u00ebr Sh\u00ebn Valentin"},"content":{"rendered":"<p>K\u00ebng\u00ebtarja e njohur Tuna Sejdiu si duket nuk ka nevoj\u00eb q\u00eb pran\u00eb vetes t\u00eb ket\u00eb nj\u00eb mashkull. Madje k\u00ebt\u00eb e ka theksuar edhe n\u00eb nj\u00eb status t\u00eb saj t\u00eb postuar n\u00eb facebook.<br \/>\n<a href=\"http:\/\/www.visit-ulcinj.com\/blog\/wp-content\/uploads\/2013\/02\/Tuna-Sejdiu_Nuk-kam-nevoj\u00eb-p\u00ebr-Sh\u00ebn-Valentin.jpg\"><img loading=\"lazy\" class=\"alignleft  wp-image-68758\" alt=\"Tuna Sejdiu_Nuk kam nevoj\u00eb p\u00ebr Sh\u00ebn Valentin\" src=\"http:\/\/www.visit-ulcinj.com\/blog\/wp-content\/uploads\/2013\/02\/Tuna-Sejdiu_Nuk-kam-nevoj\u00eb-p\u00ebr-Sh\u00ebn-Valentin.jpg\" width=\"508\" height=\"380\" \/><\/a><\/p>\n<p>Nga t\u00eb gjith\u00eb angazhimet q\u00eb i ka, si duket k\u00ebng\u00ebtarja seksi nuk ka nevoj\u00eb p\u00ebr ndonj\u00eb mashkull pran\u00eb vetes. K\u00ebt\u00eb e ka treguar m\u00eb qart\u00eb vet k\u00ebng\u00ebtarja gjat\u00eb nj\u00eb statusi t\u00eb postuar n\u00eb facebook ku thot\u00eb se nuk ka nevoj\u00eb p\u00ebr Sh\u00ebn Valentin.<\/p>\n<p>Tuna Sejdiu \u00ebsht\u00eb e angazhuar n\u00eb jurin\u00eb e spektaklit X Factor gj\u00eb q\u00eb nuk i jep shum\u00eb koh\u00eb p\u00ebr jet\u00ebn private.<\/p>\n<p>Yllpress<\/p>\n<!--YouTube Error: bad URL entered-->\n","protected":false},"excerpt":{"rendered":"<p>K\u00ebng\u00ebtarja e njohur Tuna Sejdiu si duket nuk ka nevoj\u00eb q\u00eb pran\u00eb vetes t\u00eb ket\u00eb nj\u00eb mashkull. Madje k\u00ebt\u00eb e ka theksuar edhe n\u00eb nj\u00eb status t\u00eb saj t\u00eb postuar n\u00eb facebook. Nga t\u00eb gjith\u00eb angazhimet q\u00eb i ka, si duket k\u00ebng\u00ebtarja seksi nuk ka nevoj\u00eb p\u00ebr ndonj\u00eb mashkull pran\u00eb vetes. K\u00ebt\u00eb e ka treguar [&hellip;]<\/p>\n","protected":false},"author":1,"featured_media":0,"comment_status":"open","ping_status":"closed","sticky":false,"template":"","format":"standard","meta":{"spay_email":"","jetpack_publicize_message":"","jetpack_is_tweetstorm":false,"jetpack_publicize_feature_enabled":true},"categories":[1],"tags":[4970],"jetpack_publicize_connections":[],"yoast_head":"<!-- This site is optimized with the Yoast SEO plugin v19.1 - https:\/\/yoast.com\/wordpress\/plugins\/seo\/ -->\n<title>Tuna Sejdiu: Nuk kam nevoj\u00eb p\u00ebr Sh\u00ebn Valentin - Lajme nga Ulqini<\/title>\n<meta name=\"description\" content=\"K\u00ebng\u00ebtarja e njohur Tuna Sejdiu si duket nuk ka nevoj\u00eb q\u00eb pran\u00eb vetes t\u00eb ket\u00eb nj\u00eb mashkull. Madje k\u00ebt\u00eb e ka theksuar edhe n\u00eb nj\u00eb status t\u00eb saj t\u00eb postuar\" \/>\n<meta name=\"robots\" content=\"index, follow, max-snippet:-1, max-image-preview:large, max-video-preview:-1\" \/>\n<link rel=\"canonical\" href=\"https:\/\/www.visit-ulcinj.com\/blog\/2013\/02\/15\/tuna-sejdiu-nuk-kam-nevoje-per-shen-valentin\/\" \/>\n<meta property=\"og:locale\" content=\"en_US\" \/>\n<meta property=\"og:type\" content=\"article\" \/>\n<meta property=\"og:title\" content=\"Tuna Sejdiu: Nuk kam nevoj\u00eb p\u00ebr Sh\u00ebn Valentin - Lajme nga Ulqini\" \/>\n<meta property=\"og:description\" content=\"K\u00ebng\u00ebtarja e njohur Tuna Sejdiu si duket nuk ka nevoj\u00eb q\u00eb pran\u00eb vetes t\u00eb ket\u00eb nj\u00eb mashkull. Madje k\u00ebt\u00eb e ka theksuar edhe n\u00eb nj\u00eb status t\u00eb saj t\u00eb postuar\" \/>\n<meta property=\"og:url\" content=\"https:\/\/www.visit-ulcinj.com\/blog\/2013\/02\/15\/tuna-sejdiu-nuk-kam-nevoje-per-shen-valentin\/\" \/>\n<meta property=\"og:site_name\" content=\"Lajme nga Ulqini\" \/>\n<meta property=\"article:published_time\" content=\"2013-02-15T06:48:55+00:00\" \/>\n<meta property=\"article:modified_time\" content=\"2013-02-15T06:49:31+00:00\" \/>\n<meta name=\"twitter:label1\" content=\"Written by\" \/>\n\t<meta name=\"twitter:data1\" content=\"ulqini\" \/>\n\t<meta name=\"twitter:label2\" content=\"Est. reading time\" \/>\n\t<meta name=\"twitter:data2\" content=\"1 minute\" \/>\n<script type=\"application\/ld+json\" class=\"yoast-schema-graph\">{\"@context\":\"https:\/\/schema.org\",\"@graph\":[{\"@type\":\"WebSite\",\"@id\":\"https:\/\/www.visit-ulcinj.com\/blog\/#website\",\"url\":\"https:\/\/www.visit-ulcinj.com\/blog\/\",\"name\":\"Lajme nga Ulqini\",\"description\":\"Lajme,Vijesti,Ulqini,Ulqin,Crna Gora,Mali i Zi\",\"potentialAction\":[{\"@type\":\"SearchAction\",\"target\":{\"@type\":\"EntryPoint\",\"urlTemplate\":\"https:\/\/www.visit-ulcinj.com\/blog\/?s={search_term_string}\"},\"query-input\":\"required name=search_term_string\"}],\"inLanguage\":\"en-US\"},{\"@type\":\"WebPage\",\"@id\":\"https:\/\/www.visit-ulcinj.com\/blog\/2013\/02\/15\/tuna-sejdiu-nuk-kam-nevoje-per-shen-valentin\/#webpage\",\"url\":\"https:\/\/www.visit-ulcinj.com\/blog\/2013\/02\/15\/tuna-sejdiu-nuk-kam-nevoje-per-shen-valentin\/\",\"name\":\"Tuna Sejdiu: Nuk kam nevoj\u00eb p\u00ebr Sh\u00ebn Valentin - Lajme nga Ulqini\",\"isPartOf\":{\"@id\":\"https:\/\/www.visit-ulcinj.com\/blog\/#website\"},\"datePublished\":\"2013-02-15T06:48:55+00:00\",\"dateModified\":\"2013-02-15T06:49:31+00:00\",\"author\":{\"@id\":\"https:\/\/www.visit-ulcinj.com\/blog\/#\/schema\/person\/dcab619c614d3038751c63bc2aadc06d\"},\"description\":\"K\u00ebng\u00ebtarja e njohur Tuna Sejdiu si duket nuk ka nevoj\u00eb q\u00eb pran\u00eb vetes t\u00eb ket\u00eb nj\u00eb mashkull. Madje k\u00ebt\u00eb e ka theksuar edhe n\u00eb nj\u00eb status t\u00eb saj t\u00eb postuar\",\"breadcrumb\":{\"@id\":\"https:\/\/www.visit-ulcinj.com\/blog\/2013\/02\/15\/tuna-sejdiu-nuk-kam-nevoje-per-shen-valentin\/#breadcrumb\"},\"inLanguage\":\"en-US\",\"potentialAction\":[{\"@type\":\"ReadAction\",\"target\":[\"https:\/\/www.visit-ulcinj.com\/blog\/2013\/02\/15\/tuna-sejdiu-nuk-kam-nevoje-per-shen-valentin\/\"]}]},{\"@type\":\"BreadcrumbList\",\"@id\":\"https:\/\/www.visit-ulcinj.com\/blog\/2013\/02\/15\/tuna-sejdiu-nuk-kam-nevoje-per-shen-valentin\/#breadcrumb\",\"itemListElement\":[{\"@type\":\"ListItem\",\"position\":1,\"name\":\"Tuna Sejdiu: Nuk kam nevoj\u00eb p\u00ebr Sh\u00ebn Valentin\"}]},{\"@type\":\"Person\",\"@id\":\"https:\/\/www.visit-ulcinj.com\/blog\/#\/schema\/person\/dcab619c614d3038751c63bc2aadc06d\",\"name\":\"ulqini\",\"sameAs\":[\"http:\/\/www.visit-ulcinj.com\"],\"url\":\"https:\/\/www.visit-ulcinj.com\/blog\/author\/admin\/\"}]}<\/script>\n<!-- \/ Yoast SEO plugin. -->","yoast_head_json":{"title":"Tuna Sejdiu: Nuk kam nevoj\u00eb p\u00ebr Sh\u00ebn Valentin - Lajme nga Ulqini","description":"K\u00ebng\u00ebtarja e njohur Tuna Sejdiu si duket nuk ka nevoj\u00eb q\u00eb pran\u00eb vetes t\u00eb ket\u00eb nj\u00eb mashkull. Madje k\u00ebt\u00eb e ka theksuar edhe n\u00eb nj\u00eb status t\u00eb saj t\u00eb postuar","robots":{"index":"index","follow":"follow","max-snippet":"max-snippet:-1","max-image-preview":"max-image-preview:large","max-video-preview":"max-video-preview:-1"},"canonical":"https:\/\/www.visit-ulcinj.com\/blog\/2013\/02\/15\/tuna-sejdiu-nuk-kam-nevoje-per-shen-valentin\/","og_locale":"en_US","og_type":"article","og_title":"Tuna Sejdiu: Nuk kam nevoj\u00eb p\u00ebr Sh\u00ebn Valentin - Lajme nga Ulqini","og_description":"K\u00ebng\u00ebtarja e njohur Tuna Sejdiu si duket nuk ka nevoj\u00eb q\u00eb pran\u00eb vetes t\u00eb ket\u00eb nj\u00eb mashkull. Madje k\u00ebt\u00eb e ka theksuar edhe n\u00eb nj\u00eb status t\u00eb saj t\u00eb postuar","og_url":"https:\/\/www.visit-ulcinj.com\/blog\/2013\/02\/15\/tuna-sejdiu-nuk-kam-nevoje-per-shen-valentin\/","og_site_name":"Lajme nga Ulqini","article_published_time":"2013-02-15T06:48:55+00:00","article_modified_time":"2013-02-15T06:49:31+00:00","twitter_misc":{"Written by":"ulqini","Est. reading time":"1 minute"},"schema":{"@context":"https:\/\/schema.org","@graph":[{"@type":"WebSite","@id":"https:\/\/www.visit-ulcinj.com\/blog\/#website","url":"https:\/\/www.visit-ulcinj.com\/blog\/","name":"Lajme nga Ulqini","description":"Lajme,Vijesti,Ulqini,Ulqin,Crna Gora,Mali i Zi","potentialAction":[{"@type":"SearchAction","target":{"@type":"EntryPoint","urlTemplate":"https:\/\/www.visit-ulcinj.com\/blog\/?s={search_term_string}"},"query-input":"required name=search_term_string"}],"inLanguage":"en-US"},{"@type":"WebPage","@id":"https:\/\/www.visit-ulcinj.com\/blog\/2013\/02\/15\/tuna-sejdiu-nuk-kam-nevoje-per-shen-valentin\/#webpage","url":"https:\/\/www.visit-ulcinj.com\/blog\/2013\/02\/15\/tuna-sejdiu-nuk-kam-nevoje-per-shen-valentin\/","name":"Tuna Sejdiu: Nuk kam nevoj\u00eb p\u00ebr Sh\u00ebn Valentin - Lajme nga Ulqini","isPartOf":{"@id":"https:\/\/www.visit-ulcinj.com\/blog\/#website"},"datePublished":"2013-02-15T06:48:55+00:00","dateModified":"2013-02-15T06:49:31+00:00","author":{"@id":"https:\/\/www.visit-ulcinj.com\/blog\/#\/schema\/person\/dcab619c614d3038751c63bc2aadc06d"},"description":"K\u00ebng\u00ebtarja e njohur Tuna Sejdiu si duket nuk ka nevoj\u00eb q\u00eb pran\u00eb vetes t\u00eb ket\u00eb nj\u00eb mashkull. Madje k\u00ebt\u00eb e ka theksuar edhe n\u00eb nj\u00eb status t\u00eb saj t\u00eb postuar","breadcrumb":{"@id":"https:\/\/www.visit-ulcinj.com\/blog\/2013\/02\/15\/tuna-sejdiu-nuk-kam-nevoje-per-shen-valentin\/#breadcrumb"},"inLanguage":"en-US","potentialAction":[{"@type":"ReadAction","target":["https:\/\/www.visit-ulcinj.com\/blog\/2013\/02\/15\/tuna-sejdiu-nuk-kam-nevoje-per-shen-valentin\/"]}]},{"@type":"BreadcrumbList","@id":"https:\/\/www.visit-ulcinj.com\/blog\/2013\/02\/15\/tuna-sejdiu-nuk-kam-nevoje-per-shen-valentin\/#breadcrumb","itemListElement":[{"@type":"ListItem","position":1,"name":"Tuna Sejdiu: Nuk kam nevoj\u00eb p\u00ebr Sh\u00ebn Valentin"}]},{"@type":"Person","@id":"https:\/\/www.visit-ulcinj.com\/blog\/#\/schema\/person\/dcab619c614d3038751c63bc2aadc06d","name":"ulqini","sameAs":["http:\/\/www.visit-ulcinj.com"],"url":"https:\/\/www.visit-ulcinj.com\/blog\/author\/admin\/"}]}},"jetpack_featured_media_url":"","jetpack_sharing_enabled":true,"jetpack_shortlink":"https:\/\/wp.me\/pe6lTn-hSZ","_links":{"self":[{"href":"https:\/\/www.visit-ulcinj.com\/blog\/wp-json\/wp\/v2\/posts\/68757"}],"collection":[{"href":"https:\/\/www.visit-ulcinj.com\/blog\/wp-json\/wp\/v2\/posts"}],"about":[{"href":"https:\/\/www.visit-ulcinj.com\/blog\/wp-json\/wp\/v2\/types\/post"}],"author":[{"embeddable":true,"href":"https:\/\/www.visit-ulcinj.com\/blog\/wp-json\/wp\/v2\/users\/1"}],"replies":[{"embeddable":true,"href":"https:\/\/www.visit-ulcinj.com\/blog\/wp-json\/wp\/v2\/comments?post=68757"}],"version-history":[{"count":2,"href":"https:\/\/www.visit-ulcinj.com\/blog\/wp-json\/wp\/v2\/posts\/68757\/revisions"}],"predecessor-version":[{"id":68760,"href":"https:\/\/www.visit-ulcinj.com\/blog\/wp-json\/wp\/v2\/posts\/68757\/revisions\/68760"}],"wp:attachment":[{"href":"https:\/\/www.visit-ulcinj.com\/blog\/wp-json\/wp\/v2\/media?parent=68757"}],"wp:term":[{"taxonomy":"category","embeddable":true,"href":"https:\/\/www.visit-ulcinj.com\/blog\/wp-json\/wp\/v2\/categories?post=68757"},{"taxonomy":"post_tag","embeddable":true,"href":"https:\/\/www.visit-ulcinj.com\/blog\/wp-json\/wp\/v2\/tags?post=68757"}],"curies":[{"name":"wp","href":"https:\/\/api.w.org\/{rel}","templated":true}]}}