{"id":68761,"date":"2013-02-15T07:59:34","date_gmt":"2013-02-15T06:59:34","guid":{"rendered":"http:\/\/www.visit-ulcinj.com\/blog\/?p=68761"},"modified":"2013-02-15T07:59:54","modified_gmt":"2013-02-15T06:59:54","slug":"elvana-gjata-fyen-koleget-jeni-palaco","status":"publish","type":"post","link":"https:\/\/www.visit-ulcinj.com\/blog\/2013\/02\/15\/elvana-gjata-fyen-koleget-jeni-palaco\/","title":{"rendered":"Elvana Gjata \u201cfyen\u201d koleg\u00ebt: Jeni pala\u00e7o"},"content":{"rendered":"<p>Elvana Gjata ka prezantuar sot k\u00ebng\u00ebn e saj t\u00eb par\u00eb p\u00ebr vitin 2013 me titull \u201cFake\u201d (falso). Me nj\u00eb video mjaft t\u00eb realizuar, Elvana vjen m\u00eb agresive se asnj\u00ebher\u00eb\u00a0 tjet\u00ebr.<br \/>\n<a href=\"http:\/\/www.visit-ulcinj.com\/blog\/wp-content\/uploads\/2013\/02\/ElvanaGjata_Fake.jpg\"><img loading=\"lazy\" class=\"alignleft  wp-image-68762\" alt=\"ElvanaGjata_Fake\" src=\"http:\/\/www.visit-ulcinj.com\/blog\/wp-content\/uploads\/2013\/02\/ElvanaGjata_Fake.jpg\" width=\"508\" height=\"355\" \/><\/a><\/p>\n<p>Ajo \u2018fyen\u201d koleg\u00ebt e saj k\u00ebng\u00ebtar\u00eb dhe jo vet\u00ebm , duke i konsideruar edhe\u00a0 pala\u00e7o. Video mund t\u00eb konsiderohet me permbajtje te fort\u00eb, pasi n\u00eb t\u00eb paraqitet nj\u00eb\u00a0 person me arm\u00eb( kallashnikov) dhe nj\u00eb tjet\u00ebr, i cili m\u00eb nj\u00eb s\u00ebpat\u00eb n\u00eb dor\u00eb \u00ebsht\u00eb\u00a0 duke grir\u00eb mish.<\/p>\n<p>P\u00ebr ti shtuar edhe m\u00eb tep\u00ebr frik\u00ebn, nj\u00eb Luan shfaqet i mbyllur n\u00eb pak metra\u00a0 katror\u00eb bashk\u00eb me k\u00ebng\u00ebtaren.<\/p>\n<p><strong>Panorama<\/strong><\/p>\n<!--YouTube Error: bad URL entered-->\n","protected":false},"excerpt":{"rendered":"<p>Elvana Gjata ka prezantuar sot k\u00ebng\u00ebn e saj t\u00eb par\u00eb p\u00ebr vitin 2013 me titull \u201cFake\u201d (falso). Me nj\u00eb video mjaft t\u00eb realizuar, Elvana vjen m\u00eb agresive se asnj\u00ebher\u00eb\u00a0 tjet\u00ebr. Ajo \u2018fyen\u201d koleg\u00ebt e saj k\u00ebng\u00ebtar\u00eb dhe jo vet\u00ebm , duke i konsideruar edhe\u00a0 pala\u00e7o. Video mund t\u00eb konsiderohet me permbajtje te fort\u00eb, pasi n\u00eb [&hellip;]<\/p>\n","protected":false},"author":1,"featured_media":0,"comment_status":"open","ping_status":"closed","sticky":false,"template":"","format":"standard","meta":{"spay_email":"","jetpack_publicize_message":"","jetpack_is_tweetstorm":false,"jetpack_publicize_feature_enabled":true},"categories":[1],"tags":[19677,7760,21875,19806,16036,19514,19511,4684,19460],"jetpack_publicize_connections":[],"yoast_head":"<!-- This site is optimized with the Yoast SEO plugin v19.1 - https:\/\/yoast.com\/wordpress\/plugins\/seo\/ -->\n<title>Elvana Gjata \u201cfyen\u201d koleg\u00ebt: Jeni pala\u00e7o - Lajme nga Ulqini<\/title>\n<meta name=\"description\" content=\"Elvana Gjata ka prezantuar sot k\u00ebng\u00ebn e saj t\u00eb par\u00eb p\u00ebr vitin 2013 me titull \u201cFake\u201d (falso). Me nj\u00eb video mjaft t\u00eb realizuar, Elvana vjen m\u00eb agresive se\" \/>\n<meta name=\"robots\" content=\"index, follow, max-snippet:-1, max-image-preview:large, max-video-preview:-1\" \/>\n<link rel=\"canonical\" href=\"https:\/\/www.visit-ulcinj.com\/blog\/2013\/02\/15\/elvana-gjata-fyen-koleget-jeni-palaco\/\" \/>\n<meta property=\"og:locale\" content=\"en_US\" \/>\n<meta property=\"og:type\" content=\"article\" \/>\n<meta property=\"og:title\" content=\"Elvana Gjata \u201cfyen\u201d koleg\u00ebt: Jeni pala\u00e7o - Lajme nga Ulqini\" \/>\n<meta property=\"og:description\" content=\"Elvana Gjata ka prezantuar sot k\u00ebng\u00ebn e saj t\u00eb par\u00eb p\u00ebr vitin 2013 me titull \u201cFake\u201d (falso). Me nj\u00eb video mjaft t\u00eb realizuar, Elvana vjen m\u00eb agresive se\" \/>\n<meta property=\"og:url\" content=\"https:\/\/www.visit-ulcinj.com\/blog\/2013\/02\/15\/elvana-gjata-fyen-koleget-jeni-palaco\/\" \/>\n<meta property=\"og:site_name\" content=\"Lajme nga Ulqini\" \/>\n<meta property=\"article:published_time\" content=\"2013-02-15T06:59:34+00:00\" \/>\n<meta property=\"article:modified_time\" content=\"2013-02-15T06:59:54+00:00\" \/>\n<meta property=\"og:image\" content=\"http:\/\/www.visit-ulcinj.com\/blog\/wp-content\/uploads\/2013\/02\/ElvanaGjata_Fake.jpg\" \/>\n<meta name=\"twitter:label1\" content=\"Written by\" \/>\n\t<meta name=\"twitter:data1\" content=\"ulqini\" \/>\n\t<meta name=\"twitter:label2\" content=\"Est. reading time\" \/>\n\t<meta name=\"twitter:data2\" content=\"1 minute\" \/>\n<script type=\"application\/ld+json\" class=\"yoast-schema-graph\">{\"@context\":\"https:\/\/schema.org\",\"@graph\":[{\"@type\":\"WebSite\",\"@id\":\"https:\/\/www.visit-ulcinj.com\/blog\/#website\",\"url\":\"https:\/\/www.visit-ulcinj.com\/blog\/\",\"name\":\"Lajme nga Ulqini\",\"description\":\"Lajme,Vijesti,Ulqini,Ulqin,Crna Gora,Mali i Zi\",\"potentialAction\":[{\"@type\":\"SearchAction\",\"target\":{\"@type\":\"EntryPoint\",\"urlTemplate\":\"https:\/\/www.visit-ulcinj.com\/blog\/?s={search_term_string}\"},\"query-input\":\"required name=search_term_string\"}],\"inLanguage\":\"en-US\"},{\"@type\":\"ImageObject\",\"inLanguage\":\"en-US\",\"@id\":\"https:\/\/www.visit-ulcinj.com\/blog\/2013\/02\/15\/elvana-gjata-fyen-koleget-jeni-palaco\/#primaryimage\",\"url\":\"https:\/\/www.visit-ulcinj.com\/blog\/wp-content\/uploads\/2013\/02\/ElvanaGjata_Fake.jpg\",\"contentUrl\":\"https:\/\/www.visit-ulcinj.com\/blog\/wp-content\/uploads\/2013\/02\/ElvanaGjata_Fake.jpg\",\"width\":960,\"height\":355},{\"@type\":\"WebPage\",\"@id\":\"https:\/\/www.visit-ulcinj.com\/blog\/2013\/02\/15\/elvana-gjata-fyen-koleget-jeni-palaco\/#webpage\",\"url\":\"https:\/\/www.visit-ulcinj.com\/blog\/2013\/02\/15\/elvana-gjata-fyen-koleget-jeni-palaco\/\",\"name\":\"Elvana Gjata \u201cfyen\u201d koleg\u00ebt: Jeni pala\u00e7o - Lajme nga Ulqini\",\"isPartOf\":{\"@id\":\"https:\/\/www.visit-ulcinj.com\/blog\/#website\"},\"primaryImageOfPage\":{\"@id\":\"https:\/\/www.visit-ulcinj.com\/blog\/2013\/02\/15\/elvana-gjata-fyen-koleget-jeni-palaco\/#primaryimage\"},\"datePublished\":\"2013-02-15T06:59:34+00:00\",\"dateModified\":\"2013-02-15T06:59:54+00:00\",\"author\":{\"@id\":\"https:\/\/www.visit-ulcinj.com\/blog\/#\/schema\/person\/dcab619c614d3038751c63bc2aadc06d\"},\"description\":\"Elvana Gjata ka prezantuar sot k\u00ebng\u00ebn e saj t\u00eb par\u00eb p\u00ebr vitin 2013 me titull \u201cFake\u201d (falso). Me nj\u00eb video mjaft t\u00eb realizuar, Elvana vjen m\u00eb agresive se\",\"breadcrumb\":{\"@id\":\"https:\/\/www.visit-ulcinj.com\/blog\/2013\/02\/15\/elvana-gjata-fyen-koleget-jeni-palaco\/#breadcrumb\"},\"inLanguage\":\"en-US\",\"potentialAction\":[{\"@type\":\"ReadAction\",\"target\":[\"https:\/\/www.visit-ulcinj.com\/blog\/2013\/02\/15\/elvana-gjata-fyen-koleget-jeni-palaco\/\"]}]},{\"@type\":\"BreadcrumbList\",\"@id\":\"https:\/\/www.visit-ulcinj.com\/blog\/2013\/02\/15\/elvana-gjata-fyen-koleget-jeni-palaco\/#breadcrumb\",\"itemListElement\":[{\"@type\":\"ListItem\",\"position\":1,\"name\":\"Elvana Gjata \u201cfyen\u201d koleg\u00ebt: Jeni pala\u00e7o\"}]},{\"@type\":\"Person\",\"@id\":\"https:\/\/www.visit-ulcinj.com\/blog\/#\/schema\/person\/dcab619c614d3038751c63bc2aadc06d\",\"name\":\"ulqini\",\"sameAs\":[\"http:\/\/www.visit-ulcinj.com\"],\"url\":\"https:\/\/www.visit-ulcinj.com\/blog\/author\/admin\/\"}]}<\/script>\n<!-- \/ Yoast SEO plugin. -->","yoast_head_json":{"title":"Elvana Gjata \u201cfyen\u201d koleg\u00ebt: Jeni pala\u00e7o - Lajme nga Ulqini","description":"Elvana Gjata ka prezantuar sot k\u00ebng\u00ebn e saj t\u00eb par\u00eb p\u00ebr vitin 2013 me titull \u201cFake\u201d (falso). Me nj\u00eb video mjaft t\u00eb realizuar, Elvana vjen m\u00eb agresive se","robots":{"index":"index","follow":"follow","max-snippet":"max-snippet:-1","max-image-preview":"max-image-preview:large","max-video-preview":"max-video-preview:-1"},"canonical":"https:\/\/www.visit-ulcinj.com\/blog\/2013\/02\/15\/elvana-gjata-fyen-koleget-jeni-palaco\/","og_locale":"en_US","og_type":"article","og_title":"Elvana Gjata \u201cfyen\u201d koleg\u00ebt: Jeni pala\u00e7o - Lajme nga Ulqini","og_description":"Elvana Gjata ka prezantuar sot k\u00ebng\u00ebn e saj t\u00eb par\u00eb p\u00ebr vitin 2013 me titull \u201cFake\u201d (falso). Me nj\u00eb video mjaft t\u00eb realizuar, Elvana vjen m\u00eb agresive se","og_url":"https:\/\/www.visit-ulcinj.com\/blog\/2013\/02\/15\/elvana-gjata-fyen-koleget-jeni-palaco\/","og_site_name":"Lajme nga Ulqini","article_published_time":"2013-02-15T06:59:34+00:00","article_modified_time":"2013-02-15T06:59:54+00:00","og_image":[{"url":"http:\/\/www.visit-ulcinj.com\/blog\/wp-content\/uploads\/2013\/02\/ElvanaGjata_Fake.jpg"}],"twitter_misc":{"Written by":"ulqini","Est. reading time":"1 minute"},"schema":{"@context":"https:\/\/schema.org","@graph":[{"@type":"WebSite","@id":"https:\/\/www.visit-ulcinj.com\/blog\/#website","url":"https:\/\/www.visit-ulcinj.com\/blog\/","name":"Lajme nga Ulqini","description":"Lajme,Vijesti,Ulqini,Ulqin,Crna Gora,Mali i Zi","potentialAction":[{"@type":"SearchAction","target":{"@type":"EntryPoint","urlTemplate":"https:\/\/www.visit-ulcinj.com\/blog\/?s={search_term_string}"},"query-input":"required name=search_term_string"}],"inLanguage":"en-US"},{"@type":"ImageObject","inLanguage":"en-US","@id":"https:\/\/www.visit-ulcinj.com\/blog\/2013\/02\/15\/elvana-gjata-fyen-koleget-jeni-palaco\/#primaryimage","url":"https:\/\/www.visit-ulcinj.com\/blog\/wp-content\/uploads\/2013\/02\/ElvanaGjata_Fake.jpg","contentUrl":"https:\/\/www.visit-ulcinj.com\/blog\/wp-content\/uploads\/2013\/02\/ElvanaGjata_Fake.jpg","width":960,"height":355},{"@type":"WebPage","@id":"https:\/\/www.visit-ulcinj.com\/blog\/2013\/02\/15\/elvana-gjata-fyen-koleget-jeni-palaco\/#webpage","url":"https:\/\/www.visit-ulcinj.com\/blog\/2013\/02\/15\/elvana-gjata-fyen-koleget-jeni-palaco\/","name":"Elvana Gjata \u201cfyen\u201d koleg\u00ebt: Jeni pala\u00e7o - Lajme nga Ulqini","isPartOf":{"@id":"https:\/\/www.visit-ulcinj.com\/blog\/#website"},"primaryImageOfPage":{"@id":"https:\/\/www.visit-ulcinj.com\/blog\/2013\/02\/15\/elvana-gjata-fyen-koleget-jeni-palaco\/#primaryimage"},"datePublished":"2013-02-15T06:59:34+00:00","dateModified":"2013-02-15T06:59:54+00:00","author":{"@id":"https:\/\/www.visit-ulcinj.com\/blog\/#\/schema\/person\/dcab619c614d3038751c63bc2aadc06d"},"description":"Elvana Gjata ka prezantuar sot k\u00ebng\u00ebn e saj t\u00eb par\u00eb p\u00ebr vitin 2013 me titull \u201cFake\u201d (falso). Me nj\u00eb video mjaft t\u00eb realizuar, Elvana vjen m\u00eb agresive se","breadcrumb":{"@id":"https:\/\/www.visit-ulcinj.com\/blog\/2013\/02\/15\/elvana-gjata-fyen-koleget-jeni-palaco\/#breadcrumb"},"inLanguage":"en-US","potentialAction":[{"@type":"ReadAction","target":["https:\/\/www.visit-ulcinj.com\/blog\/2013\/02\/15\/elvana-gjata-fyen-koleget-jeni-palaco\/"]}]},{"@type":"BreadcrumbList","@id":"https:\/\/www.visit-ulcinj.com\/blog\/2013\/02\/15\/elvana-gjata-fyen-koleget-jeni-palaco\/#breadcrumb","itemListElement":[{"@type":"ListItem","position":1,"name":"Elvana Gjata \u201cfyen\u201d koleg\u00ebt: Jeni pala\u00e7o"}]},{"@type":"Person","@id":"https:\/\/www.visit-ulcinj.com\/blog\/#\/schema\/person\/dcab619c614d3038751c63bc2aadc06d","name":"ulqini","sameAs":["http:\/\/www.visit-ulcinj.com"],"url":"https:\/\/www.visit-ulcinj.com\/blog\/author\/admin\/"}]}},"jetpack_featured_media_url":"","jetpack_sharing_enabled":true,"jetpack_shortlink":"https:\/\/wp.me\/pe6lTn-hT3","_links":{"self":[{"href":"https:\/\/www.visit-ulcinj.com\/blog\/wp-json\/wp\/v2\/posts\/68761"}],"collection":[{"href":"https:\/\/www.visit-ulcinj.com\/blog\/wp-json\/wp\/v2\/posts"}],"about":[{"href":"https:\/\/www.visit-ulcinj.com\/blog\/wp-json\/wp\/v2\/types\/post"}],"author":[{"embeddable":true,"href":"https:\/\/www.visit-ulcinj.com\/blog\/wp-json\/wp\/v2\/users\/1"}],"replies":[{"embeddable":true,"href":"https:\/\/www.visit-ulcinj.com\/blog\/wp-json\/wp\/v2\/comments?post=68761"}],"version-history":[{"count":2,"href":"https:\/\/www.visit-ulcinj.com\/blog\/wp-json\/wp\/v2\/posts\/68761\/revisions"}],"predecessor-version":[{"id":68764,"href":"https:\/\/www.visit-ulcinj.com\/blog\/wp-json\/wp\/v2\/posts\/68761\/revisions\/68764"}],"wp:attachment":[{"href":"https:\/\/www.visit-ulcinj.com\/blog\/wp-json\/wp\/v2\/media?parent=68761"}],"wp:term":[{"taxonomy":"category","embeddable":true,"href":"https:\/\/www.visit-ulcinj.com\/blog\/wp-json\/wp\/v2\/categories?post=68761"},{"taxonomy":"post_tag","embeddable":true,"href":"https:\/\/www.visit-ulcinj.com\/blog\/wp-json\/wp\/v2\/tags?post=68761"}],"curies":[{"name":"wp","href":"https:\/\/api.w.org\/{rel}","templated":true}]}}