{"id":68779,"date":"2013-02-15T10:28:35","date_gmt":"2013-02-15T09:28:35","guid":{"rendered":"http:\/\/www.visit-ulcinj.com\/blog\/?p=68779"},"modified":"2013-02-15T10:29:01","modified_gmt":"2013-02-15T09:29:01","slug":"gradonacelnik-ulcinja-ne-podrzava-davanje-uvale-valdanos-u-zakup","status":"publish","type":"post","link":"https:\/\/www.visit-ulcinj.com\/blog\/2013\/02\/15\/gradonacelnik-ulcinja-ne-podrzava-davanje-uvale-valdanos-u-zakup\/","title":{"rendered":"Gradona\u010delnik Ulcinja ne podr\u017eava davanje uvale Valdanos u zakup"},"content":{"rendered":"<p><strong>Cungu ne\u0107e protiv naroda<\/strong><\/p>\n<p>Gradona\u010delnik Ulcinja Nazif Cungu izjavio je ju\u010de da lokalna vlast nema pravo da podr\u017eava davanje uvale Valdanos u zakup, kad se tome protivi ve\u0107ina gra\u0111ana.<br \/>\n<a href=\"http:\/\/www.visit-ulcinj.com\/blog\/wp-content\/uploads\/2013\/02\/Nazif-Cungu-gradonacelnik-Ulcinja.jpg\"><img loading=\"lazy\" class=\"alignleft  wp-image-68780\" alt=\"Nazif Cungu gradonacelnik Ulcinja\" src=\"http:\/\/www.visit-ulcinj.com\/blog\/wp-content\/uploads\/2013\/02\/Nazif-Cungu-gradonacelnik-Ulcinja.jpg\" width=\"508\" height=\"299\" \/><\/a><br \/>\n\u2013 Bilo kakva podr\u0161ka je protivna zaklju\u010dcima lokalnog parlamenta, koji je jednoglasno usvojio deklaraciju o povra\u0107aju imovine. Pozivamo Savjet za privatizaciju da odustane od namjeravanog izdavanja u zakup Valdanosa \u2013 rekao je Cungu, isti\u010du\u0107i da tender ni ovoga puta ne\u0107e uspjeti, po\u0161to nijedan investitor ne\u0107e ulagati u podru\u010dje gdje su sporni imovinski odnosi i za koje nema podr\u0161ku lokalnog stanovni\u0161tva i vlasti.<br \/>\nOn je kazao da su neprihvatljivi i tendenciozni navodi Odbora za povra\u0107aj maslinade Valdanos da se ne sprovodi odluka o deeksproprijaciji iz 2007. godine.<br \/>\n\u2013 Po zakonu deeksproprijaciju vr\u0161i Uprava za nekretnine, dakle dr\u017eavni a ne lokalni organ, i to na zahtjev stranke. To odli\u010dno znaju predstavnici biv\u0161ih vlasnika jer smo o tome razgovarali vi\u0161e puta \u2013 kazao je Cungu i dodao da \u0107e lokalna vlast istrajati na rje\u0161avanju ovog pitanja do kona\u010dnog rje\u0161enja. Istakao je da treba shvatiti da su mogu\u0107nosti lokalne samouprave ograni\u010dene, po\u0161to se \u201eovdje u krajnjem radi o politi\u010dkom pitanju i politi\u010dkoj volji centralne vlasti\u201d.<br \/>\nTo znaju i biv\u0161i vlasnici, tako da vjerujem da je svima jasno da je njihova reakcija u najmanju ruku neumjesna \u2013 istakao je Cungu, obja\u0161njavaju\u0107i da se vra\u0107anjem imovine u Vladanosu bavi od dolaska na mjesto gradona\u010delnika.<br \/>\n\u2013 Odmah sam pristupio svestranom sagledavanju ovog pitanja i tra\u017eenju mogu\u0107eg prihvatljivog rje\u0161enja za sve strane. U tom cilju sam sa svim stranama organizovao niz zajedni\u010dkih sastanaka. Pregovaranje je i\u0161lo te\u0161ko, jer su predstavnici Vlade insistirali na tome da su maslinjaci dr\u017eavno vlasni\u0161tvo, da je postupak zavr\u0161en, i da je najbolje rje\u0161enje turisti\u010dka valorizacija. S druge strane, biv\u0161i vlasnici s pravom ukazuju da im je imovina eksproprisana radi izgradnje vojne baze, uz simboli\u010dnu nadoknadu. Kako baza nije nikad izgra\u0111ena, dovodi se u pitanje osnov zadr\u017eavanja u dr\u017eavnom vlasni\u0161tvu \u2013 objasnio je Cungu i dodao da je maslinama potrebna sveobuhvatna revitalizacija.<\/p>\n<p><strong>M.K.<br \/>\nIzvor: DAN<\/strong><\/p>\n","protected":false},"excerpt":{"rendered":"<p>Cungu ne\u0107e protiv naroda Gradona\u010delnik Ulcinja Nazif Cungu izjavio je ju\u010de da lokalna vlast nema pravo da podr\u017eava davanje uvale Valdanos u zakup, kad se tome protivi ve\u0107ina gra\u0111ana. \u2013 Bilo kakva podr\u0161ka je protivna zaklju\u010dcima lokalnog parlamenta, koji je jednoglasno usvojio deklaraciju o povra\u0107aju imovine. Pozivamo Savjet za privatizaciju da odustane od namjeravanog izdavanja [&hellip;]<\/p>\n","protected":false},"author":1,"featured_media":0,"comment_status":"open","ping_status":"closed","sticky":false,"template":"","format":"standard","meta":{"spay_email":"","jetpack_publicize_message":"","jetpack_is_tweetstorm":false,"jetpack_publicize_feature_enabled":true},"categories":[8337],"tags":[19],"jetpack_publicize_connections":[],"yoast_head":"<!-- This site is optimized with the Yoast SEO plugin v19.1 - https:\/\/yoast.com\/wordpress\/plugins\/seo\/ -->\n<title>Gradona\u010delnik Ulcinja ne podr\u017eava davanje uvale Valdanos u zakup - Lajme nga Ulqini<\/title>\n<meta name=\"description\" content=\"Cungu ne\u0107e protiv naroda Gradona\u010delnik Ulcinja Nazif Cungu izjavio je ju\u010de da lokalna vlast nema pravo da podr\u017eava davanje uvale Valdanos u zakup, kad se\" \/>\n<meta name=\"robots\" content=\"index, follow, max-snippet:-1, max-image-preview:large, max-video-preview:-1\" \/>\n<link rel=\"canonical\" href=\"https:\/\/www.visit-ulcinj.com\/blog\/2013\/02\/15\/gradonacelnik-ulcinja-ne-podrzava-davanje-uvale-valdanos-u-zakup\/\" \/>\n<meta property=\"og:locale\" content=\"en_US\" \/>\n<meta property=\"og:type\" content=\"article\" \/>\n<meta property=\"og:title\" content=\"Gradona\u010delnik Ulcinja ne podr\u017eava davanje uvale Valdanos u zakup - Lajme nga Ulqini\" \/>\n<meta property=\"og:description\" content=\"Cungu ne\u0107e protiv naroda Gradona\u010delnik Ulcinja Nazif Cungu izjavio je ju\u010de da lokalna vlast nema pravo da podr\u017eava davanje uvale Valdanos u zakup, kad se\" \/>\n<meta property=\"og:url\" content=\"https:\/\/www.visit-ulcinj.com\/blog\/2013\/02\/15\/gradonacelnik-ulcinja-ne-podrzava-davanje-uvale-valdanos-u-zakup\/\" \/>\n<meta property=\"og:site_name\" content=\"Lajme nga Ulqini\" \/>\n<meta property=\"article:published_time\" content=\"2013-02-15T09:28:35+00:00\" \/>\n<meta property=\"article:modified_time\" content=\"2013-02-15T09:29:01+00:00\" \/>\n<meta property=\"og:image\" content=\"http:\/\/www.visit-ulcinj.com\/blog\/wp-content\/uploads\/2013\/02\/Nazif-Cungu-gradonacelnik-Ulcinja.jpg\" \/>\n<meta name=\"twitter:label1\" content=\"Written by\" \/>\n\t<meta name=\"twitter:data1\" content=\"ulqini\" \/>\n\t<meta name=\"twitter:label2\" content=\"Est. reading time\" \/>\n\t<meta name=\"twitter:data2\" content=\"2 minutes\" \/>\n<script type=\"application\/ld+json\" class=\"yoast-schema-graph\">{\"@context\":\"https:\/\/schema.org\",\"@graph\":[{\"@type\":\"WebSite\",\"@id\":\"https:\/\/www.visit-ulcinj.com\/blog\/#website\",\"url\":\"https:\/\/www.visit-ulcinj.com\/blog\/\",\"name\":\"Lajme nga Ulqini\",\"description\":\"Lajme,Vijesti,Ulqini,Ulqin,Crna Gora,Mali i Zi\",\"potentialAction\":[{\"@type\":\"SearchAction\",\"target\":{\"@type\":\"EntryPoint\",\"urlTemplate\":\"https:\/\/www.visit-ulcinj.com\/blog\/?s={search_term_string}\"},\"query-input\":\"required name=search_term_string\"}],\"inLanguage\":\"en-US\"},{\"@type\":\"ImageObject\",\"inLanguage\":\"en-US\",\"@id\":\"https:\/\/www.visit-ulcinj.com\/blog\/2013\/02\/15\/gradonacelnik-ulcinja-ne-podrzava-davanje-uvale-valdanos-u-zakup\/#primaryimage\",\"url\":\"https:\/\/www.visit-ulcinj.com\/blog\/wp-content\/uploads\/2013\/02\/Nazif-Cungu-gradonacelnik-Ulcinja.jpg\",\"contentUrl\":\"https:\/\/www.visit-ulcinj.com\/blog\/wp-content\/uploads\/2013\/02\/Nazif-Cungu-gradonacelnik-Ulcinja.jpg\",\"width\":450,\"height\":299},{\"@type\":\"WebPage\",\"@id\":\"https:\/\/www.visit-ulcinj.com\/blog\/2013\/02\/15\/gradonacelnik-ulcinja-ne-podrzava-davanje-uvale-valdanos-u-zakup\/#webpage\",\"url\":\"https:\/\/www.visit-ulcinj.com\/blog\/2013\/02\/15\/gradonacelnik-ulcinja-ne-podrzava-davanje-uvale-valdanos-u-zakup\/\",\"name\":\"Gradona\u010delnik Ulcinja ne podr\u017eava davanje uvale Valdanos u zakup - Lajme nga Ulqini\",\"isPartOf\":{\"@id\":\"https:\/\/www.visit-ulcinj.com\/blog\/#website\"},\"primaryImageOfPage\":{\"@id\":\"https:\/\/www.visit-ulcinj.com\/blog\/2013\/02\/15\/gradonacelnik-ulcinja-ne-podrzava-davanje-uvale-valdanos-u-zakup\/#primaryimage\"},\"datePublished\":\"2013-02-15T09:28:35+00:00\",\"dateModified\":\"2013-02-15T09:29:01+00:00\",\"author\":{\"@id\":\"https:\/\/www.visit-ulcinj.com\/blog\/#\/schema\/person\/dcab619c614d3038751c63bc2aadc06d\"},\"description\":\"Cungu ne\u0107e protiv naroda Gradona\u010delnik Ulcinja Nazif Cungu izjavio je ju\u010de da lokalna vlast nema pravo da podr\u017eava davanje uvale Valdanos u zakup, kad se\",\"breadcrumb\":{\"@id\":\"https:\/\/www.visit-ulcinj.com\/blog\/2013\/02\/15\/gradonacelnik-ulcinja-ne-podrzava-davanje-uvale-valdanos-u-zakup\/#breadcrumb\"},\"inLanguage\":\"en-US\",\"potentialAction\":[{\"@type\":\"ReadAction\",\"target\":[\"https:\/\/www.visit-ulcinj.com\/blog\/2013\/02\/15\/gradonacelnik-ulcinja-ne-podrzava-davanje-uvale-valdanos-u-zakup\/\"]}]},{\"@type\":\"BreadcrumbList\",\"@id\":\"https:\/\/www.visit-ulcinj.com\/blog\/2013\/02\/15\/gradonacelnik-ulcinja-ne-podrzava-davanje-uvale-valdanos-u-zakup\/#breadcrumb\",\"itemListElement\":[{\"@type\":\"ListItem\",\"position\":1,\"name\":\"Gradona\u010delnik Ulcinja ne podr\u017eava davanje uvale Valdanos u zakup\"}]},{\"@type\":\"Person\",\"@id\":\"https:\/\/www.visit-ulcinj.com\/blog\/#\/schema\/person\/dcab619c614d3038751c63bc2aadc06d\",\"name\":\"ulqini\",\"sameAs\":[\"http:\/\/www.visit-ulcinj.com\"],\"url\":\"https:\/\/www.visit-ulcinj.com\/blog\/author\/admin\/\"}]}<\/script>\n<!-- \/ Yoast SEO plugin. -->","yoast_head_json":{"title":"Gradona\u010delnik Ulcinja ne podr\u017eava davanje uvale Valdanos u zakup - Lajme nga Ulqini","description":"Cungu ne\u0107e protiv naroda Gradona\u010delnik Ulcinja Nazif Cungu izjavio je ju\u010de da lokalna vlast nema pravo da podr\u017eava davanje uvale Valdanos u zakup, kad se","robots":{"index":"index","follow":"follow","max-snippet":"max-snippet:-1","max-image-preview":"max-image-preview:large","max-video-preview":"max-video-preview:-1"},"canonical":"https:\/\/www.visit-ulcinj.com\/blog\/2013\/02\/15\/gradonacelnik-ulcinja-ne-podrzava-davanje-uvale-valdanos-u-zakup\/","og_locale":"en_US","og_type":"article","og_title":"Gradona\u010delnik Ulcinja ne podr\u017eava davanje uvale Valdanos u zakup - Lajme nga Ulqini","og_description":"Cungu ne\u0107e protiv naroda Gradona\u010delnik Ulcinja Nazif Cungu izjavio je ju\u010de da lokalna vlast nema pravo da podr\u017eava davanje uvale Valdanos u zakup, kad se","og_url":"https:\/\/www.visit-ulcinj.com\/blog\/2013\/02\/15\/gradonacelnik-ulcinja-ne-podrzava-davanje-uvale-valdanos-u-zakup\/","og_site_name":"Lajme nga Ulqini","article_published_time":"2013-02-15T09:28:35+00:00","article_modified_time":"2013-02-15T09:29:01+00:00","og_image":[{"url":"http:\/\/www.visit-ulcinj.com\/blog\/wp-content\/uploads\/2013\/02\/Nazif-Cungu-gradonacelnik-Ulcinja.jpg"}],"twitter_misc":{"Written by":"ulqini","Est. reading time":"2 minutes"},"schema":{"@context":"https:\/\/schema.org","@graph":[{"@type":"WebSite","@id":"https:\/\/www.visit-ulcinj.com\/blog\/#website","url":"https:\/\/www.visit-ulcinj.com\/blog\/","name":"Lajme nga Ulqini","description":"Lajme,Vijesti,Ulqini,Ulqin,Crna Gora,Mali i Zi","potentialAction":[{"@type":"SearchAction","target":{"@type":"EntryPoint","urlTemplate":"https:\/\/www.visit-ulcinj.com\/blog\/?s={search_term_string}"},"query-input":"required name=search_term_string"}],"inLanguage":"en-US"},{"@type":"ImageObject","inLanguage":"en-US","@id":"https:\/\/www.visit-ulcinj.com\/blog\/2013\/02\/15\/gradonacelnik-ulcinja-ne-podrzava-davanje-uvale-valdanos-u-zakup\/#primaryimage","url":"https:\/\/www.visit-ulcinj.com\/blog\/wp-content\/uploads\/2013\/02\/Nazif-Cungu-gradonacelnik-Ulcinja.jpg","contentUrl":"https:\/\/www.visit-ulcinj.com\/blog\/wp-content\/uploads\/2013\/02\/Nazif-Cungu-gradonacelnik-Ulcinja.jpg","width":450,"height":299},{"@type":"WebPage","@id":"https:\/\/www.visit-ulcinj.com\/blog\/2013\/02\/15\/gradonacelnik-ulcinja-ne-podrzava-davanje-uvale-valdanos-u-zakup\/#webpage","url":"https:\/\/www.visit-ulcinj.com\/blog\/2013\/02\/15\/gradonacelnik-ulcinja-ne-podrzava-davanje-uvale-valdanos-u-zakup\/","name":"Gradona\u010delnik Ulcinja ne podr\u017eava davanje uvale Valdanos u zakup - Lajme nga Ulqini","isPartOf":{"@id":"https:\/\/www.visit-ulcinj.com\/blog\/#website"},"primaryImageOfPage":{"@id":"https:\/\/www.visit-ulcinj.com\/blog\/2013\/02\/15\/gradonacelnik-ulcinja-ne-podrzava-davanje-uvale-valdanos-u-zakup\/#primaryimage"},"datePublished":"2013-02-15T09:28:35+00:00","dateModified":"2013-02-15T09:29:01+00:00","author":{"@id":"https:\/\/www.visit-ulcinj.com\/blog\/#\/schema\/person\/dcab619c614d3038751c63bc2aadc06d"},"description":"Cungu ne\u0107e protiv naroda Gradona\u010delnik Ulcinja Nazif Cungu izjavio je ju\u010de da lokalna vlast nema pravo da podr\u017eava davanje uvale Valdanos u zakup, kad se","breadcrumb":{"@id":"https:\/\/www.visit-ulcinj.com\/blog\/2013\/02\/15\/gradonacelnik-ulcinja-ne-podrzava-davanje-uvale-valdanos-u-zakup\/#breadcrumb"},"inLanguage":"en-US","potentialAction":[{"@type":"ReadAction","target":["https:\/\/www.visit-ulcinj.com\/blog\/2013\/02\/15\/gradonacelnik-ulcinja-ne-podrzava-davanje-uvale-valdanos-u-zakup\/"]}]},{"@type":"BreadcrumbList","@id":"https:\/\/www.visit-ulcinj.com\/blog\/2013\/02\/15\/gradonacelnik-ulcinja-ne-podrzava-davanje-uvale-valdanos-u-zakup\/#breadcrumb","itemListElement":[{"@type":"ListItem","position":1,"name":"Gradona\u010delnik Ulcinja ne podr\u017eava davanje uvale Valdanos u zakup"}]},{"@type":"Person","@id":"https:\/\/www.visit-ulcinj.com\/blog\/#\/schema\/person\/dcab619c614d3038751c63bc2aadc06d","name":"ulqini","sameAs":["http:\/\/www.visit-ulcinj.com"],"url":"https:\/\/www.visit-ulcinj.com\/blog\/author\/admin\/"}]}},"jetpack_featured_media_url":"","jetpack_sharing_enabled":true,"jetpack_shortlink":"https:\/\/wp.me\/pe6lTn-hTl","_links":{"self":[{"href":"https:\/\/www.visit-ulcinj.com\/blog\/wp-json\/wp\/v2\/posts\/68779"}],"collection":[{"href":"https:\/\/www.visit-ulcinj.com\/blog\/wp-json\/wp\/v2\/posts"}],"about":[{"href":"https:\/\/www.visit-ulcinj.com\/blog\/wp-json\/wp\/v2\/types\/post"}],"author":[{"embeddable":true,"href":"https:\/\/www.visit-ulcinj.com\/blog\/wp-json\/wp\/v2\/users\/1"}],"replies":[{"embeddable":true,"href":"https:\/\/www.visit-ulcinj.com\/blog\/wp-json\/wp\/v2\/comments?post=68779"}],"version-history":[{"count":2,"href":"https:\/\/www.visit-ulcinj.com\/blog\/wp-json\/wp\/v2\/posts\/68779\/revisions"}],"predecessor-version":[{"id":68782,"href":"https:\/\/www.visit-ulcinj.com\/blog\/wp-json\/wp\/v2\/posts\/68779\/revisions\/68782"}],"wp:attachment":[{"href":"https:\/\/www.visit-ulcinj.com\/blog\/wp-json\/wp\/v2\/media?parent=68779"}],"wp:term":[{"taxonomy":"category","embeddable":true,"href":"https:\/\/www.visit-ulcinj.com\/blog\/wp-json\/wp\/v2\/categories?post=68779"},{"taxonomy":"post_tag","embeddable":true,"href":"https:\/\/www.visit-ulcinj.com\/blog\/wp-json\/wp\/v2\/tags?post=68779"}],"curies":[{"name":"wp","href":"https:\/\/api.w.org\/{rel}","templated":true}]}}