{"id":68783,"date":"2013-02-15T12:45:09","date_gmt":"2013-02-15T11:45:09","guid":{"rendered":"http:\/\/www.visit-ulcinj.com\/blog\/?p=68783"},"modified":"2013-02-15T12:45:37","modified_gmt":"2013-02-15T11:45:37","slug":"trepca-anulon-ulqinin-presin-perforcimin","status":"publish","type":"post","link":"https:\/\/www.visit-ulcinj.com\/blog\/2013\/02\/15\/trepca-anulon-ulqinin-presin-perforcimin\/","title":{"rendered":"Trep\u00e7a anulon Ulqinin, presin p\u00ebrforcimin"},"content":{"rendered":"<p><a href=\"http:\/\/www.visit-ulcinj.com\/blog\/wp-content\/uploads\/2013\/02\/basketboll-trepca.jpg\"><img loading=\"lazy\" class=\"alignleft  wp-image-68784\" alt=\"basketboll trepca\" src=\"http:\/\/www.visit-ulcinj.com\/blog\/wp-content\/uploads\/2013\/02\/basketboll-trepca.jpg\" width=\"508\" height=\"367\" \/><\/a>Kampioni dhe fituesi i Kup\u00ebs n\u00eb basketboll, Trep\u00e7a, me nd\u00ebrrimin e shtabit teknik, respektivisht trajnerit, ka nd\u00ebrruar edhe planin e p\u00ebrgatitjeve. Para se t\u00eb largohej finlandezi Mika Turunen xehetar\u00ebt kishin planifikuar q\u00eb k\u00ebto dit\u00eb t\u00eb udh\u00ebtonin p\u00ebr n\u00eb Ulqin p\u00ebr t\u00eb kryer faz\u00ebn p\u00ebrgatitore mir\u00ebpo me ardhjen e Panche Milevksit ky plan \u00ebsht\u00eb anuluar.<\/p>\n<p>Milevski ka k\u00ebrkuar m\u00eb shum\u00eb ndeshje miq\u00ebsore dhe nuk e ka par\u00eb t\u00eb arsyeshme udh\u00ebtimin n\u00eb Ulqin p\u00ebr faz\u00ebn p\u00ebrgatitore.<\/p>\n<p>\u201cUdh\u00ebtimi n\u00eb Ulqin \u00ebsht\u00eb anuluar me k\u00ebrkes\u00ebn e trajnerit t\u00eb ri Milevski i cili ka k\u00ebrkuar nga kryesia m\u00eb shum\u00eb ndeshje miq\u00ebsore\u201d, ka th\u00ebn\u00eb menaxheri i skuadr\u00ebs, Lenard Vidishiqi. Si rezultat i k\u00ebsaj xehetar\u00ebt nes\u00ebr do t\u00eb udh\u00ebtojn\u00eb p\u00ebr n\u00eb Tiran\u00eb ku do zhvillojn\u00eb nj\u00eb ndeshje miq\u00ebsore atje.<\/p>\n<p>\u201cNes\u00ebr do t\u00eb udh\u00ebtojm\u00eb p\u00ebr n\u00eb Tiran\u00eb p\u00ebr t\u00eb zhvilluar nj\u00eb takim miq\u00ebsor me \u201cShoqata Tirana\u201d ku edhe do t\u00eb flem\u00eb nj\u00eb nat\u00eb. T\u00eb nes\u00ebrmen do t\u00eb ndalemi n\u00eb Shkod\u00ebr p\u00ebr t\u00eb zhvilluar nj\u00eb takim me Vllaznin\u00eb. K\u00ebto dy takime jan\u00eb t\u00eb sigurta nd\u00ebrsa mendojm\u00eb q\u00eb nga Shkodra t\u00eb shkojm\u00eb edhe n\u00eb Ulqin p\u00ebr t\u00eb zhvilluar nj\u00eb takim t\u00eb tret\u00eb me Ulqinin\u201d, ka shtuar Vidishiqi.<\/p>\n<p>Nd\u00ebrkoh\u00eb me largimin e amerikanit Roonie Kinney, xehetar\u00ebt kan\u00eb mbetur p\u00ebrs\u00ebri me vet\u00ebm dy basketbollist\u00eb t\u00eb huaj. Mir\u00ebpo jo p\u00ebr shum\u00eb koh\u00eb pasi q\u00eb i treti pritet t\u00eb arrij\u00eb s\u00eb shpejti.<\/p>\n<p>\u201cJemi n\u00eb bisedime me kat\u00ebr basketbollist\u00eb t\u00eb huaj t\u00eb pozit\u00ebs 2 dhe 3. Besoj q\u00eb n\u00ebse jo sot, at\u00ebher\u00eb nes\u00ebr do t\u00eb kemi nj\u00eb em\u00ebr konkret. Sidoqoft\u00eb e sigurt \u00ebsht\u00eb q\u00eb Trep\u00e7a do t\u00eb luaj\u00eb me tre basketbollist\u00eb t\u00eb huaj k\u00ebt\u00eb stinor\u201d, ka th\u00ebn\u00eb Vidishiqi.<\/p>\n<p>Nd\u00ebrkoh\u00eb faqja e KB Trep\u00e7\u00ebs n\u00eb Facebook ka b\u00ebr\u00eb t\u00eb ditur se p\u00ebrforcimi i ri \u00ebsht\u00eb nj\u00eb nigerian dhe sipas tyre shum\u00eb cil\u00ebsor. Kampioni n\u00eb fuqi synon q\u00eb edhe sivjet t\u00eb mbroj\u00eb titullin.<\/p>\n<p>\u201cSynojm\u00eb pozit\u00ebn e tret\u00eb e m\u00eb pas t\u00eb arrijm\u00eb t\u00eb shpallemi kampion. Ky \u00ebsht\u00eb q\u00ebllimi yn\u00eb p\u00ebr k\u00ebt\u00eb stinor\u201d, ka p\u00ebrfunduar menaxheri Lenard Vidishiqi.<\/p>\n<p>&nbsp;<\/p>\n<p><strong>Burimi: Zeri<\/strong><\/p>\n","protected":false},"excerpt":{"rendered":"<p>Kampioni dhe fituesi i Kup\u00ebs n\u00eb basketboll, Trep\u00e7a, me nd\u00ebrrimin e shtabit teknik, respektivisht trajnerit, ka nd\u00ebrruar edhe planin e p\u00ebrgatitjeve. Para se t\u00eb largohej finlandezi Mika Turunen xehetar\u00ebt kishin planifikuar q\u00eb k\u00ebto dit\u00eb t\u00eb udh\u00ebtonin p\u00ebr n\u00eb Ulqin p\u00ebr t\u00eb kryer faz\u00ebn p\u00ebrgatitore mir\u00ebpo me ardhjen e Panche Milevksit ky plan \u00ebsht\u00eb anuluar. Milevski [&hellip;]<\/p>\n","protected":false},"author":1,"featured_media":0,"comment_status":"open","ping_status":"closed","sticky":false,"template":"","format":"standard","meta":{"spay_email":"","jetpack_publicize_message":"","jetpack_is_tweetstorm":false,"jetpack_publicize_feature_enabled":true},"categories":[3],"tags":[21877,200],"jetpack_publicize_connections":[],"yoast_head":"<!-- This site is optimized with the Yoast SEO plugin v19.1 - https:\/\/yoast.com\/wordpress\/plugins\/seo\/ -->\n<title>Trep\u00e7a anulon Ulqinin, presin p\u00ebrforcimin - Lajme nga Ulqini<\/title>\n<meta name=\"description\" content=\"Kampioni dhe fituesi i Kup\u00ebs n\u00eb basketboll, Trep\u00e7a, me nd\u00ebrrimin e shtabit teknik, respektivisht trajnerit, ka nd\u00ebrruar edhe planin e p\u00ebrgatitjeve. Para\" \/>\n<meta name=\"robots\" content=\"index, follow, max-snippet:-1, max-image-preview:large, max-video-preview:-1\" \/>\n<link rel=\"canonical\" href=\"https:\/\/www.visit-ulcinj.com\/blog\/2013\/02\/15\/trepca-anulon-ulqinin-presin-perforcimin\/\" \/>\n<meta property=\"og:locale\" content=\"en_US\" \/>\n<meta property=\"og:type\" content=\"article\" \/>\n<meta property=\"og:title\" content=\"Trep\u00e7a anulon Ulqinin, presin p\u00ebrforcimin - Lajme nga Ulqini\" \/>\n<meta property=\"og:description\" content=\"Kampioni dhe fituesi i Kup\u00ebs n\u00eb basketboll, Trep\u00e7a, me nd\u00ebrrimin e shtabit teknik, respektivisht trajnerit, ka nd\u00ebrruar edhe planin e p\u00ebrgatitjeve. Para\" \/>\n<meta property=\"og:url\" content=\"https:\/\/www.visit-ulcinj.com\/blog\/2013\/02\/15\/trepca-anulon-ulqinin-presin-perforcimin\/\" \/>\n<meta property=\"og:site_name\" content=\"Lajme nga Ulqini\" \/>\n<meta property=\"article:published_time\" content=\"2013-02-15T11:45:09+00:00\" \/>\n<meta property=\"article:modified_time\" content=\"2013-02-15T11:45:37+00:00\" \/>\n<meta property=\"og:image\" content=\"http:\/\/www.visit-ulcinj.com\/blog\/wp-content\/uploads\/2013\/02\/basketboll-trepca.jpg\" \/>\n<meta name=\"twitter:label1\" content=\"Written by\" \/>\n\t<meta name=\"twitter:data1\" content=\"ulqini\" \/>\n\t<meta name=\"twitter:label2\" content=\"Est. reading time\" \/>\n\t<meta name=\"twitter:data2\" content=\"2 minutes\" \/>\n<script type=\"application\/ld+json\" class=\"yoast-schema-graph\">{\"@context\":\"https:\/\/schema.org\",\"@graph\":[{\"@type\":\"WebSite\",\"@id\":\"https:\/\/www.visit-ulcinj.com\/blog\/#website\",\"url\":\"https:\/\/www.visit-ulcinj.com\/blog\/\",\"name\":\"Lajme nga Ulqini\",\"description\":\"Lajme,Vijesti,Ulqini,Ulqin,Crna Gora,Mali i Zi\",\"potentialAction\":[{\"@type\":\"SearchAction\",\"target\":{\"@type\":\"EntryPoint\",\"urlTemplate\":\"https:\/\/www.visit-ulcinj.com\/blog\/?s={search_term_string}\"},\"query-input\":\"required name=search_term_string\"}],\"inLanguage\":\"en-US\"},{\"@type\":\"ImageObject\",\"inLanguage\":\"en-US\",\"@id\":\"https:\/\/www.visit-ulcinj.com\/blog\/2013\/02\/15\/trepca-anulon-ulqinin-presin-perforcimin\/#primaryimage\",\"url\":\"http:\/\/www.visit-ulcinj.com\/blog\/wp-content\/uploads\/2013\/02\/basketboll-trepca.jpg\",\"contentUrl\":\"http:\/\/www.visit-ulcinj.com\/blog\/wp-content\/uploads\/2013\/02\/basketboll-trepca.jpg\"},{\"@type\":\"WebPage\",\"@id\":\"https:\/\/www.visit-ulcinj.com\/blog\/2013\/02\/15\/trepca-anulon-ulqinin-presin-perforcimin\/#webpage\",\"url\":\"https:\/\/www.visit-ulcinj.com\/blog\/2013\/02\/15\/trepca-anulon-ulqinin-presin-perforcimin\/\",\"name\":\"Trep\u00e7a anulon Ulqinin, presin p\u00ebrforcimin - Lajme nga Ulqini\",\"isPartOf\":{\"@id\":\"https:\/\/www.visit-ulcinj.com\/blog\/#website\"},\"primaryImageOfPage\":{\"@id\":\"https:\/\/www.visit-ulcinj.com\/blog\/2013\/02\/15\/trepca-anulon-ulqinin-presin-perforcimin\/#primaryimage\"},\"datePublished\":\"2013-02-15T11:45:09+00:00\",\"dateModified\":\"2013-02-15T11:45:37+00:00\",\"author\":{\"@id\":\"https:\/\/www.visit-ulcinj.com\/blog\/#\/schema\/person\/dcab619c614d3038751c63bc2aadc06d\"},\"description\":\"Kampioni dhe fituesi i Kup\u00ebs n\u00eb basketboll, Trep\u00e7a, me nd\u00ebrrimin e shtabit teknik, respektivisht trajnerit, ka nd\u00ebrruar edhe planin e p\u00ebrgatitjeve. Para\",\"breadcrumb\":{\"@id\":\"https:\/\/www.visit-ulcinj.com\/blog\/2013\/02\/15\/trepca-anulon-ulqinin-presin-perforcimin\/#breadcrumb\"},\"inLanguage\":\"en-US\",\"potentialAction\":[{\"@type\":\"ReadAction\",\"target\":[\"https:\/\/www.visit-ulcinj.com\/blog\/2013\/02\/15\/trepca-anulon-ulqinin-presin-perforcimin\/\"]}]},{\"@type\":\"BreadcrumbList\",\"@id\":\"https:\/\/www.visit-ulcinj.com\/blog\/2013\/02\/15\/trepca-anulon-ulqinin-presin-perforcimin\/#breadcrumb\",\"itemListElement\":[{\"@type\":\"ListItem\",\"position\":1,\"name\":\"Trep\u00e7a anulon Ulqinin, presin p\u00ebrforcimin\"}]},{\"@type\":\"Person\",\"@id\":\"https:\/\/www.visit-ulcinj.com\/blog\/#\/schema\/person\/dcab619c614d3038751c63bc2aadc06d\",\"name\":\"ulqini\",\"sameAs\":[\"http:\/\/www.visit-ulcinj.com\"],\"url\":\"https:\/\/www.visit-ulcinj.com\/blog\/author\/admin\/\"}]}<\/script>\n<!-- \/ Yoast SEO plugin. -->","yoast_head_json":{"title":"Trep\u00e7a anulon Ulqinin, presin p\u00ebrforcimin - Lajme nga Ulqini","description":"Kampioni dhe fituesi i Kup\u00ebs n\u00eb basketboll, Trep\u00e7a, me nd\u00ebrrimin e shtabit teknik, respektivisht trajnerit, ka nd\u00ebrruar edhe planin e p\u00ebrgatitjeve. Para","robots":{"index":"index","follow":"follow","max-snippet":"max-snippet:-1","max-image-preview":"max-image-preview:large","max-video-preview":"max-video-preview:-1"},"canonical":"https:\/\/www.visit-ulcinj.com\/blog\/2013\/02\/15\/trepca-anulon-ulqinin-presin-perforcimin\/","og_locale":"en_US","og_type":"article","og_title":"Trep\u00e7a anulon Ulqinin, presin p\u00ebrforcimin - Lajme nga Ulqini","og_description":"Kampioni dhe fituesi i Kup\u00ebs n\u00eb basketboll, Trep\u00e7a, me nd\u00ebrrimin e shtabit teknik, respektivisht trajnerit, ka nd\u00ebrruar edhe planin e p\u00ebrgatitjeve. Para","og_url":"https:\/\/www.visit-ulcinj.com\/blog\/2013\/02\/15\/trepca-anulon-ulqinin-presin-perforcimin\/","og_site_name":"Lajme nga Ulqini","article_published_time":"2013-02-15T11:45:09+00:00","article_modified_time":"2013-02-15T11:45:37+00:00","og_image":[{"url":"http:\/\/www.visit-ulcinj.com\/blog\/wp-content\/uploads\/2013\/02\/basketboll-trepca.jpg"}],"twitter_misc":{"Written by":"ulqini","Est. reading time":"2 minutes"},"schema":{"@context":"https:\/\/schema.org","@graph":[{"@type":"WebSite","@id":"https:\/\/www.visit-ulcinj.com\/blog\/#website","url":"https:\/\/www.visit-ulcinj.com\/blog\/","name":"Lajme nga Ulqini","description":"Lajme,Vijesti,Ulqini,Ulqin,Crna Gora,Mali i Zi","potentialAction":[{"@type":"SearchAction","target":{"@type":"EntryPoint","urlTemplate":"https:\/\/www.visit-ulcinj.com\/blog\/?s={search_term_string}"},"query-input":"required name=search_term_string"}],"inLanguage":"en-US"},{"@type":"ImageObject","inLanguage":"en-US","@id":"https:\/\/www.visit-ulcinj.com\/blog\/2013\/02\/15\/trepca-anulon-ulqinin-presin-perforcimin\/#primaryimage","url":"http:\/\/www.visit-ulcinj.com\/blog\/wp-content\/uploads\/2013\/02\/basketboll-trepca.jpg","contentUrl":"http:\/\/www.visit-ulcinj.com\/blog\/wp-content\/uploads\/2013\/02\/basketboll-trepca.jpg"},{"@type":"WebPage","@id":"https:\/\/www.visit-ulcinj.com\/blog\/2013\/02\/15\/trepca-anulon-ulqinin-presin-perforcimin\/#webpage","url":"https:\/\/www.visit-ulcinj.com\/blog\/2013\/02\/15\/trepca-anulon-ulqinin-presin-perforcimin\/","name":"Trep\u00e7a anulon Ulqinin, presin p\u00ebrforcimin - Lajme nga Ulqini","isPartOf":{"@id":"https:\/\/www.visit-ulcinj.com\/blog\/#website"},"primaryImageOfPage":{"@id":"https:\/\/www.visit-ulcinj.com\/blog\/2013\/02\/15\/trepca-anulon-ulqinin-presin-perforcimin\/#primaryimage"},"datePublished":"2013-02-15T11:45:09+00:00","dateModified":"2013-02-15T11:45:37+00:00","author":{"@id":"https:\/\/www.visit-ulcinj.com\/blog\/#\/schema\/person\/dcab619c614d3038751c63bc2aadc06d"},"description":"Kampioni dhe fituesi i Kup\u00ebs n\u00eb basketboll, Trep\u00e7a, me nd\u00ebrrimin e shtabit teknik, respektivisht trajnerit, ka nd\u00ebrruar edhe planin e p\u00ebrgatitjeve. Para","breadcrumb":{"@id":"https:\/\/www.visit-ulcinj.com\/blog\/2013\/02\/15\/trepca-anulon-ulqinin-presin-perforcimin\/#breadcrumb"},"inLanguage":"en-US","potentialAction":[{"@type":"ReadAction","target":["https:\/\/www.visit-ulcinj.com\/blog\/2013\/02\/15\/trepca-anulon-ulqinin-presin-perforcimin\/"]}]},{"@type":"BreadcrumbList","@id":"https:\/\/www.visit-ulcinj.com\/blog\/2013\/02\/15\/trepca-anulon-ulqinin-presin-perforcimin\/#breadcrumb","itemListElement":[{"@type":"ListItem","position":1,"name":"Trep\u00e7a anulon Ulqinin, presin p\u00ebrforcimin"}]},{"@type":"Person","@id":"https:\/\/www.visit-ulcinj.com\/blog\/#\/schema\/person\/dcab619c614d3038751c63bc2aadc06d","name":"ulqini","sameAs":["http:\/\/www.visit-ulcinj.com"],"url":"https:\/\/www.visit-ulcinj.com\/blog\/author\/admin\/"}]}},"jetpack_featured_media_url":"","jetpack_sharing_enabled":true,"jetpack_shortlink":"https:\/\/wp.me\/pe6lTn-hTp","_links":{"self":[{"href":"https:\/\/www.visit-ulcinj.com\/blog\/wp-json\/wp\/v2\/posts\/68783"}],"collection":[{"href":"https:\/\/www.visit-ulcinj.com\/blog\/wp-json\/wp\/v2\/posts"}],"about":[{"href":"https:\/\/www.visit-ulcinj.com\/blog\/wp-json\/wp\/v2\/types\/post"}],"author":[{"embeddable":true,"href":"https:\/\/www.visit-ulcinj.com\/blog\/wp-json\/wp\/v2\/users\/1"}],"replies":[{"embeddable":true,"href":"https:\/\/www.visit-ulcinj.com\/blog\/wp-json\/wp\/v2\/comments?post=68783"}],"version-history":[{"count":2,"href":"https:\/\/www.visit-ulcinj.com\/blog\/wp-json\/wp\/v2\/posts\/68783\/revisions"}],"predecessor-version":[{"id":68786,"href":"https:\/\/www.visit-ulcinj.com\/blog\/wp-json\/wp\/v2\/posts\/68783\/revisions\/68786"}],"wp:attachment":[{"href":"https:\/\/www.visit-ulcinj.com\/blog\/wp-json\/wp\/v2\/media?parent=68783"}],"wp:term":[{"taxonomy":"category","embeddable":true,"href":"https:\/\/www.visit-ulcinj.com\/blog\/wp-json\/wp\/v2\/categories?post=68783"},{"taxonomy":"post_tag","embeddable":true,"href":"https:\/\/www.visit-ulcinj.com\/blog\/wp-json\/wp\/v2\/tags?post=68783"}],"curies":[{"name":"wp","href":"https:\/\/api.w.org\/{rel}","templated":true}]}}