{"id":6879,"date":"2008-12-05T19:16:01","date_gmt":"2008-12-05T18:16:01","guid":{"rendered":"http:\/\/www.visit-ulcinj.com\/blog\/?p=6879"},"modified":"2008-12-05T19:28:20","modified_gmt":"2008-12-05T18:28:20","slug":"grupi-i-adriatikut-firmosi-kerkesen-per-hyrje-ne-nato","status":"publish","type":"post","link":"https:\/\/www.visit-ulcinj.com\/blog\/2008\/12\/05\/grupi-i-adriatikut-firmosi-kerkesen-per-hyrje-ne-nato\/","title":{"rendered":"Grupi i Adriatikut firmosi k\u00ebrkes\u00ebn p\u00ebr hyrje n\u00eb NATO"},"content":{"rendered":"<p><a href=\"http:\/\/www.visit-ulcinj.com\/blog\/wp-content\/uploads\/2008\/12\/crna-gora-i-zvanicno-postala-clanica-jadranske-povelje.jpg\"><img loading=\"lazy\" class=\"alignleft size-medium wp-image-6876\" title=\"crna-gora-i-zvanicno-postala-clanica-jadranske-povelje\" src=\"http:\/\/www.visit-ulcinj.com\/blog\/wp-content\/uploads\/2008\/12\/crna-gora-i-zvanicno-postala-clanica-jadranske-povelje-300x225.jpg\" alt=\"\" width=\"300\" height=\"225\" srcset=\"https:\/\/www.visit-ulcinj.com\/blog\/wp-content\/uploads\/2008\/12\/crna-gora-i-zvanicno-postala-clanica-jadranske-povelje-300x225.jpg 300w, https:\/\/www.visit-ulcinj.com\/blog\/wp-content\/uploads\/2008\/12\/crna-gora-i-zvanicno-postala-clanica-jadranske-povelje.jpg 640w\" sizes=\"(max-width: 300px) 100vw, 300px\" \/><\/a>Zgjerohet grupimi ballkanik i NATO-s, Karta e Adriatikut, q\u00eb \u00ebsht\u00eb themeluar nga Shtetet e Bashkuara t\u00eb Amerik\u00ebs, Shqip\u00ebria, Maqedonia dhe Kroacia n\u00eb vitin 2003.<br \/>\nKart\u00ebs i jan\u00eb shtuar edhe Mali i Zi e Bosnj\u00eb-Hercegovina. Ceremonia \u00ebsht\u00eb zhvilluar n\u00eb Helsinki, ku kan\u00eb qen\u00eb prezent\u00eb: zv\/sekretari amerikan i Shtetit, Daniel Fried, ministri Jasht\u00ebm i Shqip\u00ebris\u00eb, Lulzim Basha, dhe homolog\u00ebt e tij t\u00eb Maqedonis\u00eb, Milloshoski, t\u00eb Kroacis\u00eb, Gordanovi\u00e7, t\u00eb Bosnj\u00eb-Hercegovin\u00ebs, Alkalaj dhe ai i Malit t\u00eb Zi Rocen.<br \/>\nT\u00eb pranishmit n\u00eb takim theksuan se Karta e Partneriteti Adriatik 3, fillimisht e n\u00ebnshkruar mes SHBA-s\u00eb, Shqip\u00ebris\u00eb, Kroacis\u00eb dhe Maqedonis\u00eb, ka dh\u00ebn\u00eb nj\u00eb kontribut shum\u00eb t\u00eb r\u00ebnd\u00ebsish\u00ebm n\u00eb p\u00ebrshpejtimin e ritmeve t\u00eb reformave t\u00eb vendeve kandidate p\u00ebr t\u2018u an\u00ebtar\u00ebsuar n\u00eb NATO, duke ndikuar n\u00eb krijimin e nj\u00eb klime mir\u00ebbesimi t\u00eb nd\u00ebrsjell\u00eb mes vendeve t\u00eb rajonit.<br \/>\nN\u00eb takim u vler\u00ebsua se akti i aderimit i Bosnj\u00eb-Hercegovin\u00ebs dhe Malit t\u00eb Zi n\u00eb Kart\u00eb \u00ebsht\u00eb shprehje e aspiratave dhe p\u00ebrpjekjeve p\u00ebr integrimin euroatlantik t\u00eb dy vendeve dhe do t\u00eb kontribuoj\u00eb n\u00eb rritjen e siguris\u00eb, stabilitetit dhe paqes n\u00eb rajon.<br \/>\nMinistri i Jasht\u00ebm, Lul\u00ebzim Basha, n\u00ebnvizoi se ky \u00ebsht\u00eb nj\u00eb moment i sh\u00ebnuar, sidomos n\u00eb drejtim t\u00eb zgjerimit t\u00eb hap\u00ebsir\u00ebs s\u00eb siguris\u00eb n\u00eb rajonin ton\u00eb, nxitjes s\u00eb demokracis\u00eb, lirive themelore dhe sundimit t\u00eb ligjit, n\u00eb funksion t\u00eb integrimit euroatlantik t\u00eb t\u00eb gjitha vendeve t\u00eb Ballkanit Per\u00ebndimor.<br \/>\n<strong>Top Channel<\/strong><\/p>\n","protected":false},"excerpt":{"rendered":"<p>Zgjerohet grupimi ballkanik i NATO-s, Karta e Adriatikut, q\u00eb \u00ebsht\u00eb themeluar nga Shtetet e Bashkuara t\u00eb Amerik\u00ebs, Shqip\u00ebria, Maqedonia dhe Kroacia n\u00eb vitin 2003. Kart\u00ebs i jan\u00eb shtuar edhe Mali i Zi e Bosnj\u00eb-Hercegovina. Ceremonia \u00ebsht\u00eb zhvilluar n\u00eb Helsinki, ku kan\u00eb qen\u00eb prezent\u00eb: zv\/sekretari amerikan i Shtetit, Daniel Fried, ministri Jasht\u00ebm i Shqip\u00ebris\u00eb, Lulzim Basha, [&hellip;]<\/p>\n","protected":false},"author":1,"featured_media":0,"comment_status":"open","ping_status":"closed","sticky":false,"template":"","format":"standard","meta":{"spay_email":"","jetpack_publicize_message":"","jetpack_is_tweetstorm":false,"jetpack_publicize_feature_enabled":true},"categories":[14],"tags":[5164],"jetpack_publicize_connections":[],"yoast_head":"<!-- This site is optimized with the Yoast SEO plugin v19.1 - https:\/\/yoast.com\/wordpress\/plugins\/seo\/ -->\n<title>Grupi i Adriatikut firmosi k\u00ebrkes\u00ebn p\u00ebr hyrje n\u00eb NATO - Lajme nga Ulqini<\/title>\n<meta name=\"description\" content=\"Zgjerohet grupimi ballkanik i NATO-s, Karta e Adriatikut, q\u00eb \u00ebsht\u00eb themeluar nga Shtetet e Bashkuara t\u00eb Amerik\u00ebs, Shqip\u00ebria, Maqedonia dhe Kroacia n\u00eb\" \/>\n<meta name=\"robots\" content=\"index, follow, max-snippet:-1, max-image-preview:large, max-video-preview:-1\" \/>\n<link rel=\"canonical\" href=\"https:\/\/www.visit-ulcinj.com\/blog\/2008\/12\/05\/grupi-i-adriatikut-firmosi-kerkesen-per-hyrje-ne-nato\/\" \/>\n<meta property=\"og:locale\" content=\"en_US\" \/>\n<meta property=\"og:type\" content=\"article\" \/>\n<meta property=\"og:title\" content=\"Grupi i Adriatikut firmosi k\u00ebrkes\u00ebn p\u00ebr hyrje n\u00eb NATO - Lajme nga Ulqini\" \/>\n<meta property=\"og:description\" content=\"Zgjerohet grupimi ballkanik i NATO-s, Karta e Adriatikut, q\u00eb \u00ebsht\u00eb themeluar nga Shtetet e Bashkuara t\u00eb Amerik\u00ebs, Shqip\u00ebria, Maqedonia dhe Kroacia n\u00eb\" \/>\n<meta property=\"og:url\" content=\"https:\/\/www.visit-ulcinj.com\/blog\/2008\/12\/05\/grupi-i-adriatikut-firmosi-kerkesen-per-hyrje-ne-nato\/\" \/>\n<meta property=\"og:site_name\" content=\"Lajme nga Ulqini\" \/>\n<meta property=\"article:published_time\" content=\"2008-12-05T18:16:01+00:00\" \/>\n<meta property=\"article:modified_time\" content=\"2008-12-05T18:28:20+00:00\" \/>\n<meta property=\"og:image\" content=\"http:\/\/www.visit-ulcinj.com\/blog\/wp-content\/uploads\/2008\/12\/crna-gora-i-zvanicno-postala-clanica-jadranske-povelje-300x225.jpg\" \/>\n<meta name=\"twitter:label1\" content=\"Written by\" \/>\n\t<meta name=\"twitter:data1\" content=\"ulqini\" \/>\n\t<meta name=\"twitter:label2\" content=\"Est. reading time\" \/>\n\t<meta name=\"twitter:data2\" content=\"1 minute\" \/>\n<script type=\"application\/ld+json\" class=\"yoast-schema-graph\">{\"@context\":\"https:\/\/schema.org\",\"@graph\":[{\"@type\":\"WebSite\",\"@id\":\"https:\/\/www.visit-ulcinj.com\/blog\/#website\",\"url\":\"https:\/\/www.visit-ulcinj.com\/blog\/\",\"name\":\"Lajme nga Ulqini\",\"description\":\"Lajme,Vijesti,Ulqini,Ulqin,Crna Gora,Mali i Zi\",\"potentialAction\":[{\"@type\":\"SearchAction\",\"target\":{\"@type\":\"EntryPoint\",\"urlTemplate\":\"https:\/\/www.visit-ulcinj.com\/blog\/?s={search_term_string}\"},\"query-input\":\"required name=search_term_string\"}],\"inLanguage\":\"en-US\"},{\"@type\":\"ImageObject\",\"inLanguage\":\"en-US\",\"@id\":\"https:\/\/www.visit-ulcinj.com\/blog\/2008\/12\/05\/grupi-i-adriatikut-firmosi-kerkesen-per-hyrje-ne-nato\/#primaryimage\",\"url\":\"http:\/\/www.visit-ulcinj.com\/blog\/wp-content\/uploads\/2008\/12\/crna-gora-i-zvanicno-postala-clanica-jadranske-povelje-300x225.jpg\",\"contentUrl\":\"http:\/\/www.visit-ulcinj.com\/blog\/wp-content\/uploads\/2008\/12\/crna-gora-i-zvanicno-postala-clanica-jadranske-povelje-300x225.jpg\"},{\"@type\":\"WebPage\",\"@id\":\"https:\/\/www.visit-ulcinj.com\/blog\/2008\/12\/05\/grupi-i-adriatikut-firmosi-kerkesen-per-hyrje-ne-nato\/#webpage\",\"url\":\"https:\/\/www.visit-ulcinj.com\/blog\/2008\/12\/05\/grupi-i-adriatikut-firmosi-kerkesen-per-hyrje-ne-nato\/\",\"name\":\"Grupi i Adriatikut firmosi k\u00ebrkes\u00ebn p\u00ebr hyrje n\u00eb NATO - Lajme nga Ulqini\",\"isPartOf\":{\"@id\":\"https:\/\/www.visit-ulcinj.com\/blog\/#website\"},\"primaryImageOfPage\":{\"@id\":\"https:\/\/www.visit-ulcinj.com\/blog\/2008\/12\/05\/grupi-i-adriatikut-firmosi-kerkesen-per-hyrje-ne-nato\/#primaryimage\"},\"datePublished\":\"2008-12-05T18:16:01+00:00\",\"dateModified\":\"2008-12-05T18:28:20+00:00\",\"author\":{\"@id\":\"https:\/\/www.visit-ulcinj.com\/blog\/#\/schema\/person\/dcab619c614d3038751c63bc2aadc06d\"},\"description\":\"Zgjerohet grupimi ballkanik i NATO-s, Karta e Adriatikut, q\u00eb \u00ebsht\u00eb themeluar nga Shtetet e Bashkuara t\u00eb Amerik\u00ebs, Shqip\u00ebria, Maqedonia dhe Kroacia n\u00eb\",\"breadcrumb\":{\"@id\":\"https:\/\/www.visit-ulcinj.com\/blog\/2008\/12\/05\/grupi-i-adriatikut-firmosi-kerkesen-per-hyrje-ne-nato\/#breadcrumb\"},\"inLanguage\":\"en-US\",\"potentialAction\":[{\"@type\":\"ReadAction\",\"target\":[\"https:\/\/www.visit-ulcinj.com\/blog\/2008\/12\/05\/grupi-i-adriatikut-firmosi-kerkesen-per-hyrje-ne-nato\/\"]}]},{\"@type\":\"BreadcrumbList\",\"@id\":\"https:\/\/www.visit-ulcinj.com\/blog\/2008\/12\/05\/grupi-i-adriatikut-firmosi-kerkesen-per-hyrje-ne-nato\/#breadcrumb\",\"itemListElement\":[{\"@type\":\"ListItem\",\"position\":1,\"name\":\"Grupi i Adriatikut firmosi k\u00ebrkes\u00ebn p\u00ebr hyrje n\u00eb NATO\"}]},{\"@type\":\"Person\",\"@id\":\"https:\/\/www.visit-ulcinj.com\/blog\/#\/schema\/person\/dcab619c614d3038751c63bc2aadc06d\",\"name\":\"ulqini\",\"sameAs\":[\"http:\/\/www.visit-ulcinj.com\"],\"url\":\"https:\/\/www.visit-ulcinj.com\/blog\/author\/admin\/\"}]}<\/script>\n<!-- \/ Yoast SEO plugin. -->","yoast_head_json":{"title":"Grupi i Adriatikut firmosi k\u00ebrkes\u00ebn p\u00ebr hyrje n\u00eb NATO - Lajme nga Ulqini","description":"Zgjerohet grupimi ballkanik i NATO-s, Karta e Adriatikut, q\u00eb \u00ebsht\u00eb themeluar nga Shtetet e Bashkuara t\u00eb Amerik\u00ebs, Shqip\u00ebria, Maqedonia dhe Kroacia n\u00eb","robots":{"index":"index","follow":"follow","max-snippet":"max-snippet:-1","max-image-preview":"max-image-preview:large","max-video-preview":"max-video-preview:-1"},"canonical":"https:\/\/www.visit-ulcinj.com\/blog\/2008\/12\/05\/grupi-i-adriatikut-firmosi-kerkesen-per-hyrje-ne-nato\/","og_locale":"en_US","og_type":"article","og_title":"Grupi i Adriatikut firmosi k\u00ebrkes\u00ebn p\u00ebr hyrje n\u00eb NATO - Lajme nga Ulqini","og_description":"Zgjerohet grupimi ballkanik i NATO-s, Karta e Adriatikut, q\u00eb \u00ebsht\u00eb themeluar nga Shtetet e Bashkuara t\u00eb Amerik\u00ebs, Shqip\u00ebria, Maqedonia dhe Kroacia n\u00eb","og_url":"https:\/\/www.visit-ulcinj.com\/blog\/2008\/12\/05\/grupi-i-adriatikut-firmosi-kerkesen-per-hyrje-ne-nato\/","og_site_name":"Lajme nga Ulqini","article_published_time":"2008-12-05T18:16:01+00:00","article_modified_time":"2008-12-05T18:28:20+00:00","og_image":[{"url":"http:\/\/www.visit-ulcinj.com\/blog\/wp-content\/uploads\/2008\/12\/crna-gora-i-zvanicno-postala-clanica-jadranske-povelje-300x225.jpg"}],"twitter_misc":{"Written by":"ulqini","Est. reading time":"1 minute"},"schema":{"@context":"https:\/\/schema.org","@graph":[{"@type":"WebSite","@id":"https:\/\/www.visit-ulcinj.com\/blog\/#website","url":"https:\/\/www.visit-ulcinj.com\/blog\/","name":"Lajme nga Ulqini","description":"Lajme,Vijesti,Ulqini,Ulqin,Crna Gora,Mali i Zi","potentialAction":[{"@type":"SearchAction","target":{"@type":"EntryPoint","urlTemplate":"https:\/\/www.visit-ulcinj.com\/blog\/?s={search_term_string}"},"query-input":"required name=search_term_string"}],"inLanguage":"en-US"},{"@type":"ImageObject","inLanguage":"en-US","@id":"https:\/\/www.visit-ulcinj.com\/blog\/2008\/12\/05\/grupi-i-adriatikut-firmosi-kerkesen-per-hyrje-ne-nato\/#primaryimage","url":"http:\/\/www.visit-ulcinj.com\/blog\/wp-content\/uploads\/2008\/12\/crna-gora-i-zvanicno-postala-clanica-jadranske-povelje-300x225.jpg","contentUrl":"http:\/\/www.visit-ulcinj.com\/blog\/wp-content\/uploads\/2008\/12\/crna-gora-i-zvanicno-postala-clanica-jadranske-povelje-300x225.jpg"},{"@type":"WebPage","@id":"https:\/\/www.visit-ulcinj.com\/blog\/2008\/12\/05\/grupi-i-adriatikut-firmosi-kerkesen-per-hyrje-ne-nato\/#webpage","url":"https:\/\/www.visit-ulcinj.com\/blog\/2008\/12\/05\/grupi-i-adriatikut-firmosi-kerkesen-per-hyrje-ne-nato\/","name":"Grupi i Adriatikut firmosi k\u00ebrkes\u00ebn p\u00ebr hyrje n\u00eb NATO - Lajme nga Ulqini","isPartOf":{"@id":"https:\/\/www.visit-ulcinj.com\/blog\/#website"},"primaryImageOfPage":{"@id":"https:\/\/www.visit-ulcinj.com\/blog\/2008\/12\/05\/grupi-i-adriatikut-firmosi-kerkesen-per-hyrje-ne-nato\/#primaryimage"},"datePublished":"2008-12-05T18:16:01+00:00","dateModified":"2008-12-05T18:28:20+00:00","author":{"@id":"https:\/\/www.visit-ulcinj.com\/blog\/#\/schema\/person\/dcab619c614d3038751c63bc2aadc06d"},"description":"Zgjerohet grupimi ballkanik i NATO-s, Karta e Adriatikut, q\u00eb \u00ebsht\u00eb themeluar nga Shtetet e Bashkuara t\u00eb Amerik\u00ebs, Shqip\u00ebria, Maqedonia dhe Kroacia n\u00eb","breadcrumb":{"@id":"https:\/\/www.visit-ulcinj.com\/blog\/2008\/12\/05\/grupi-i-adriatikut-firmosi-kerkesen-per-hyrje-ne-nato\/#breadcrumb"},"inLanguage":"en-US","potentialAction":[{"@type":"ReadAction","target":["https:\/\/www.visit-ulcinj.com\/blog\/2008\/12\/05\/grupi-i-adriatikut-firmosi-kerkesen-per-hyrje-ne-nato\/"]}]},{"@type":"BreadcrumbList","@id":"https:\/\/www.visit-ulcinj.com\/blog\/2008\/12\/05\/grupi-i-adriatikut-firmosi-kerkesen-per-hyrje-ne-nato\/#breadcrumb","itemListElement":[{"@type":"ListItem","position":1,"name":"Grupi i Adriatikut firmosi k\u00ebrkes\u00ebn p\u00ebr hyrje n\u00eb NATO"}]},{"@type":"Person","@id":"https:\/\/www.visit-ulcinj.com\/blog\/#\/schema\/person\/dcab619c614d3038751c63bc2aadc06d","name":"ulqini","sameAs":["http:\/\/www.visit-ulcinj.com"],"url":"https:\/\/www.visit-ulcinj.com\/blog\/author\/admin\/"}]}},"jetpack_featured_media_url":"","jetpack_sharing_enabled":true,"jetpack_shortlink":"https:\/\/wp.me\/pe6lTn-1MX","_links":{"self":[{"href":"https:\/\/www.visit-ulcinj.com\/blog\/wp-json\/wp\/v2\/posts\/6879"}],"collection":[{"href":"https:\/\/www.visit-ulcinj.com\/blog\/wp-json\/wp\/v2\/posts"}],"about":[{"href":"https:\/\/www.visit-ulcinj.com\/blog\/wp-json\/wp\/v2\/types\/post"}],"author":[{"embeddable":true,"href":"https:\/\/www.visit-ulcinj.com\/blog\/wp-json\/wp\/v2\/users\/1"}],"replies":[{"embeddable":true,"href":"https:\/\/www.visit-ulcinj.com\/blog\/wp-json\/wp\/v2\/comments?post=6879"}],"version-history":[{"count":0,"href":"https:\/\/www.visit-ulcinj.com\/blog\/wp-json\/wp\/v2\/posts\/6879\/revisions"}],"wp:attachment":[{"href":"https:\/\/www.visit-ulcinj.com\/blog\/wp-json\/wp\/v2\/media?parent=6879"}],"wp:term":[{"taxonomy":"category","embeddable":true,"href":"https:\/\/www.visit-ulcinj.com\/blog\/wp-json\/wp\/v2\/categories?post=6879"},{"taxonomy":"post_tag","embeddable":true,"href":"https:\/\/www.visit-ulcinj.com\/blog\/wp-json\/wp\/v2\/tags?post=6879"}],"curies":[{"name":"wp","href":"https:\/\/api.w.org\/{rel}","templated":true}]}}