{"id":68791,"date":"2013-02-15T13:08:36","date_gmt":"2013-02-15T12:08:36","guid":{"rendered":"http:\/\/www.visit-ulcinj.com\/blog\/?p=68791"},"modified":"2013-02-16T09:13:11","modified_gmt":"2013-02-16T08:13:11","slug":"futbollistet-e-prishtines-prej-sot-ne-ulqin","status":"publish","type":"post","link":"https:\/\/www.visit-ulcinj.com\/blog\/2013\/02\/15\/futbollistet-e-prishtines-prej-sot-ne-ulqin\/","title":{"rendered":"Futbollist\u00ebt e Prishtin\u00ebs prej sot n\u00eb Ulqin"},"content":{"rendered":"<p><a href=\"http:\/\/www.visit-ulcinj.com\/blog\/wp-content\/uploads\/2013\/02\/FK-PRISHTINA.jpg\"><img loading=\"lazy\" class=\"alignleft  wp-image-68792\" alt=\"FK PRISHTINA\" src=\"http:\/\/www.visit-ulcinj.com\/blog\/wp-content\/uploads\/2013\/02\/FK-PRISHTINA.jpg\" width=\"508\" height=\"375\" \/><\/a>Ashtu si\u00e7 ishte paralajm\u00ebruar, futbollist\u00ebt e Prishtin\u00ebs nj\u00eb pjes\u00eb t\u00eb faz\u00ebs p\u00ebrgatitore do ta kryejn\u00eb n\u00eb Ulqin ku do t\u00eb q\u00ebndrojn\u00eb t\u00eb pakt\u00ebn dhjet\u00eb dit\u00eb. N\u00eb fakt, Ulqini \u00ebsht\u00eb vendi q\u00eb po preferohet nga prishtinasit, t\u00eb cil\u00ebt pothuaj \u00e7do vit e kryejn\u00eb nj\u00eb faz\u00eb t\u00eb p\u00ebrgatitjeve k\u00ebtu. Ekspedita e Prishtin\u00ebs prej 30 an\u00ebtar\u00ebve, 25 futbollist\u00eb dhe shtabi teknik, pritet q\u00eb sot n\u00eb m\u00ebngjes t\u00eb niset p\u00ebr k\u00ebt\u00eb vend bregdetar ku p\u00ebrve\u00e7 ushtrimeve do t\u2019i zhvilloj\u00eb edhe disa ndeshje kontrolluese.<\/p>\n<p>N\u00eb ekspedit\u00eb gjenden pothuaj t\u00eb gjith\u00eb futbollist\u00ebt n\u00eb t\u00eb cil\u00ebt kryetrajneri Afrim Tov\u00ebrlani llogarit p\u00ebr vazhdimin e kampionatit, nd\u00ebrkoh\u00eb q\u00eb n\u00eb mesin e udh\u00ebtar\u00ebve nuk do t\u00eb jet\u00eb qend\u00ebrsulmuesi Suad Saliagiq, i cili duket se ende ka telashe me l\u00ebndimin q\u00eb e kishte l\u00ebn\u00eb m\u00eb shum\u00eb se nj\u00eb edicion jasht\u00eb fush\u00ebs s\u00eb futbollit.<\/p>\n<p>\u201cP\u00ebr Suadin \u00ebsht\u00eb m\u00eb mir\u00eb t\u00eb q\u00ebndroj\u00eb k\u00ebtu e t\u00eb merret me fitnes sesa t\u00eb vij\u00eb n\u00eb Ulqin ende pa e sanuar mir\u00eb l\u00ebndimin\u201d, tha kryetrajneri i Prishtin\u00ebs Afrim Tov\u00ebrlani, duke konfirmuar se gjat\u00eb k\u00ebsaj kohe Prishtina do t\u2019i zhvilloj\u00eb 4 ndeshje kontrolluese, mund\u00ebsisht me skuadra t\u00eb lig\u00ebs s\u00eb par\u00eb t\u00eb Malit t\u00eb Zi.<\/p>\n<p><strong>B.B.<\/strong><br \/>\n<strong>Burimi: Z\u00ebri<\/strong><\/p>\n","protected":false},"excerpt":{"rendered":"<p>Ashtu si\u00e7 ishte paralajm\u00ebruar, futbollist\u00ebt e Prishtin\u00ebs nj\u00eb pjes\u00eb t\u00eb faz\u00ebs p\u00ebrgatitore do ta kryejn\u00eb n\u00eb Ulqin ku do t\u00eb q\u00ebndrojn\u00eb t\u00eb pakt\u00ebn dhjet\u00eb dit\u00eb. N\u00eb fakt, Ulqini \u00ebsht\u00eb vendi q\u00eb po preferohet nga prishtinasit, t\u00eb cil\u00ebt pothuaj \u00e7do vit e kryejn\u00eb nj\u00eb faz\u00eb t\u00eb p\u00ebrgatitjeve k\u00ebtu. Ekspedita e Prishtin\u00ebs prej 30 an\u00ebtar\u00ebve, 25 futbollist\u00eb [&hellip;]<\/p>\n","protected":false},"author":1,"featured_media":0,"comment_status":"open","ping_status":"closed","sticky":false,"template":"","format":"standard","meta":{"spay_email":"","jetpack_publicize_message":"","jetpack_is_tweetstorm":false,"jetpack_publicize_feature_enabled":true},"categories":[3],"tags":[21879,200],"jetpack_publicize_connections":[],"yoast_head":"<!-- This site is optimized with the Yoast SEO plugin v19.1 - https:\/\/yoast.com\/wordpress\/plugins\/seo\/ -->\n<title>Futbollist\u00ebt e Prishtin\u00ebs prej sot n\u00eb Ulqin - Lajme nga Ulqini<\/title>\n<meta name=\"description\" content=\"Ashtu si\u00e7 ishte paralajm\u00ebruar, futbollist\u00ebt e Prishtin\u00ebs nj\u00eb pjes\u00eb t\u00eb faz\u00ebs p\u00ebrgatitore do ta kryejn\u00eb n\u00eb Ulqin ku do t\u00eb q\u00ebndrojn\u00eb t\u00eb pakt\u00ebn dhjet\u00eb dit\u00eb.\" \/>\n<meta name=\"robots\" content=\"index, follow, max-snippet:-1, max-image-preview:large, max-video-preview:-1\" \/>\n<link rel=\"canonical\" href=\"https:\/\/www.visit-ulcinj.com\/blog\/2013\/02\/15\/futbollistet-e-prishtines-prej-sot-ne-ulqin\/\" \/>\n<meta property=\"og:locale\" content=\"en_US\" \/>\n<meta property=\"og:type\" content=\"article\" \/>\n<meta property=\"og:title\" content=\"Futbollist\u00ebt e Prishtin\u00ebs prej sot n\u00eb Ulqin - Lajme nga Ulqini\" \/>\n<meta property=\"og:description\" content=\"Ashtu si\u00e7 ishte paralajm\u00ebruar, futbollist\u00ebt e Prishtin\u00ebs nj\u00eb pjes\u00eb t\u00eb faz\u00ebs p\u00ebrgatitore do ta kryejn\u00eb n\u00eb Ulqin ku do t\u00eb q\u00ebndrojn\u00eb t\u00eb pakt\u00ebn dhjet\u00eb dit\u00eb.\" \/>\n<meta property=\"og:url\" content=\"https:\/\/www.visit-ulcinj.com\/blog\/2013\/02\/15\/futbollistet-e-prishtines-prej-sot-ne-ulqin\/\" \/>\n<meta property=\"og:site_name\" content=\"Lajme nga Ulqini\" \/>\n<meta property=\"article:published_time\" content=\"2013-02-15T12:08:36+00:00\" \/>\n<meta property=\"article:modified_time\" content=\"2013-02-16T08:13:11+00:00\" \/>\n<meta property=\"og:image\" content=\"http:\/\/www.visit-ulcinj.com\/blog\/wp-content\/uploads\/2013\/02\/FK-PRISHTINA.jpg\" \/>\n<meta name=\"twitter:label1\" content=\"Written by\" \/>\n\t<meta name=\"twitter:data1\" content=\"ulqini\" \/>\n\t<meta name=\"twitter:label2\" content=\"Est. reading time\" \/>\n\t<meta name=\"twitter:data2\" content=\"1 minute\" \/>\n<script type=\"application\/ld+json\" class=\"yoast-schema-graph\">{\"@context\":\"https:\/\/schema.org\",\"@graph\":[{\"@type\":\"WebSite\",\"@id\":\"https:\/\/www.visit-ulcinj.com\/blog\/#website\",\"url\":\"https:\/\/www.visit-ulcinj.com\/blog\/\",\"name\":\"Lajme nga Ulqini\",\"description\":\"Lajme,Vijesti,Ulqini,Ulqin,Crna Gora,Mali i Zi\",\"potentialAction\":[{\"@type\":\"SearchAction\",\"target\":{\"@type\":\"EntryPoint\",\"urlTemplate\":\"https:\/\/www.visit-ulcinj.com\/blog\/?s={search_term_string}\"},\"query-input\":\"required name=search_term_string\"}],\"inLanguage\":\"en-US\"},{\"@type\":\"ImageObject\",\"inLanguage\":\"en-US\",\"@id\":\"https:\/\/www.visit-ulcinj.com\/blog\/2013\/02\/15\/futbollistet-e-prishtines-prej-sot-ne-ulqin\/#primaryimage\",\"url\":\"https:\/\/www.visit-ulcinj.com\/blog\/wp-content\/uploads\/2013\/02\/FK-PRISHTINA.jpg\",\"contentUrl\":\"https:\/\/www.visit-ulcinj.com\/blog\/wp-content\/uploads\/2013\/02\/FK-PRISHTINA.jpg\",\"width\":660,\"height\":375},{\"@type\":\"WebPage\",\"@id\":\"https:\/\/www.visit-ulcinj.com\/blog\/2013\/02\/15\/futbollistet-e-prishtines-prej-sot-ne-ulqin\/#webpage\",\"url\":\"https:\/\/www.visit-ulcinj.com\/blog\/2013\/02\/15\/futbollistet-e-prishtines-prej-sot-ne-ulqin\/\",\"name\":\"Futbollist\u00ebt e Prishtin\u00ebs prej sot n\u00eb Ulqin - Lajme nga Ulqini\",\"isPartOf\":{\"@id\":\"https:\/\/www.visit-ulcinj.com\/blog\/#website\"},\"primaryImageOfPage\":{\"@id\":\"https:\/\/www.visit-ulcinj.com\/blog\/2013\/02\/15\/futbollistet-e-prishtines-prej-sot-ne-ulqin\/#primaryimage\"},\"datePublished\":\"2013-02-15T12:08:36+00:00\",\"dateModified\":\"2013-02-16T08:13:11+00:00\",\"author\":{\"@id\":\"https:\/\/www.visit-ulcinj.com\/blog\/#\/schema\/person\/dcab619c614d3038751c63bc2aadc06d\"},\"description\":\"Ashtu si\u00e7 ishte paralajm\u00ebruar, futbollist\u00ebt e Prishtin\u00ebs nj\u00eb pjes\u00eb t\u00eb faz\u00ebs p\u00ebrgatitore do ta kryejn\u00eb n\u00eb Ulqin ku do t\u00eb q\u00ebndrojn\u00eb t\u00eb pakt\u00ebn dhjet\u00eb dit\u00eb.\",\"breadcrumb\":{\"@id\":\"https:\/\/www.visit-ulcinj.com\/blog\/2013\/02\/15\/futbollistet-e-prishtines-prej-sot-ne-ulqin\/#breadcrumb\"},\"inLanguage\":\"en-US\",\"potentialAction\":[{\"@type\":\"ReadAction\",\"target\":[\"https:\/\/www.visit-ulcinj.com\/blog\/2013\/02\/15\/futbollistet-e-prishtines-prej-sot-ne-ulqin\/\"]}]},{\"@type\":\"BreadcrumbList\",\"@id\":\"https:\/\/www.visit-ulcinj.com\/blog\/2013\/02\/15\/futbollistet-e-prishtines-prej-sot-ne-ulqin\/#breadcrumb\",\"itemListElement\":[{\"@type\":\"ListItem\",\"position\":1,\"name\":\"Futbollist\u00ebt e Prishtin\u00ebs prej sot n\u00eb Ulqin\"}]},{\"@type\":\"Person\",\"@id\":\"https:\/\/www.visit-ulcinj.com\/blog\/#\/schema\/person\/dcab619c614d3038751c63bc2aadc06d\",\"name\":\"ulqini\",\"sameAs\":[\"http:\/\/www.visit-ulcinj.com\"],\"url\":\"https:\/\/www.visit-ulcinj.com\/blog\/author\/admin\/\"}]}<\/script>\n<!-- \/ Yoast SEO plugin. -->","yoast_head_json":{"title":"Futbollist\u00ebt e Prishtin\u00ebs prej sot n\u00eb Ulqin - Lajme nga Ulqini","description":"Ashtu si\u00e7 ishte paralajm\u00ebruar, futbollist\u00ebt e Prishtin\u00ebs nj\u00eb pjes\u00eb t\u00eb faz\u00ebs p\u00ebrgatitore do ta kryejn\u00eb n\u00eb Ulqin ku do t\u00eb q\u00ebndrojn\u00eb t\u00eb pakt\u00ebn dhjet\u00eb dit\u00eb.","robots":{"index":"index","follow":"follow","max-snippet":"max-snippet:-1","max-image-preview":"max-image-preview:large","max-video-preview":"max-video-preview:-1"},"canonical":"https:\/\/www.visit-ulcinj.com\/blog\/2013\/02\/15\/futbollistet-e-prishtines-prej-sot-ne-ulqin\/","og_locale":"en_US","og_type":"article","og_title":"Futbollist\u00ebt e Prishtin\u00ebs prej sot n\u00eb Ulqin - Lajme nga Ulqini","og_description":"Ashtu si\u00e7 ishte paralajm\u00ebruar, futbollist\u00ebt e Prishtin\u00ebs nj\u00eb pjes\u00eb t\u00eb faz\u00ebs p\u00ebrgatitore do ta kryejn\u00eb n\u00eb Ulqin ku do t\u00eb q\u00ebndrojn\u00eb t\u00eb pakt\u00ebn dhjet\u00eb dit\u00eb.","og_url":"https:\/\/www.visit-ulcinj.com\/blog\/2013\/02\/15\/futbollistet-e-prishtines-prej-sot-ne-ulqin\/","og_site_name":"Lajme nga Ulqini","article_published_time":"2013-02-15T12:08:36+00:00","article_modified_time":"2013-02-16T08:13:11+00:00","og_image":[{"url":"http:\/\/www.visit-ulcinj.com\/blog\/wp-content\/uploads\/2013\/02\/FK-PRISHTINA.jpg"}],"twitter_misc":{"Written by":"ulqini","Est. reading time":"1 minute"},"schema":{"@context":"https:\/\/schema.org","@graph":[{"@type":"WebSite","@id":"https:\/\/www.visit-ulcinj.com\/blog\/#website","url":"https:\/\/www.visit-ulcinj.com\/blog\/","name":"Lajme nga Ulqini","description":"Lajme,Vijesti,Ulqini,Ulqin,Crna Gora,Mali i Zi","potentialAction":[{"@type":"SearchAction","target":{"@type":"EntryPoint","urlTemplate":"https:\/\/www.visit-ulcinj.com\/blog\/?s={search_term_string}"},"query-input":"required name=search_term_string"}],"inLanguage":"en-US"},{"@type":"ImageObject","inLanguage":"en-US","@id":"https:\/\/www.visit-ulcinj.com\/blog\/2013\/02\/15\/futbollistet-e-prishtines-prej-sot-ne-ulqin\/#primaryimage","url":"https:\/\/www.visit-ulcinj.com\/blog\/wp-content\/uploads\/2013\/02\/FK-PRISHTINA.jpg","contentUrl":"https:\/\/www.visit-ulcinj.com\/blog\/wp-content\/uploads\/2013\/02\/FK-PRISHTINA.jpg","width":660,"height":375},{"@type":"WebPage","@id":"https:\/\/www.visit-ulcinj.com\/blog\/2013\/02\/15\/futbollistet-e-prishtines-prej-sot-ne-ulqin\/#webpage","url":"https:\/\/www.visit-ulcinj.com\/blog\/2013\/02\/15\/futbollistet-e-prishtines-prej-sot-ne-ulqin\/","name":"Futbollist\u00ebt e Prishtin\u00ebs prej sot n\u00eb Ulqin - Lajme nga Ulqini","isPartOf":{"@id":"https:\/\/www.visit-ulcinj.com\/blog\/#website"},"primaryImageOfPage":{"@id":"https:\/\/www.visit-ulcinj.com\/blog\/2013\/02\/15\/futbollistet-e-prishtines-prej-sot-ne-ulqin\/#primaryimage"},"datePublished":"2013-02-15T12:08:36+00:00","dateModified":"2013-02-16T08:13:11+00:00","author":{"@id":"https:\/\/www.visit-ulcinj.com\/blog\/#\/schema\/person\/dcab619c614d3038751c63bc2aadc06d"},"description":"Ashtu si\u00e7 ishte paralajm\u00ebruar, futbollist\u00ebt e Prishtin\u00ebs nj\u00eb pjes\u00eb t\u00eb faz\u00ebs p\u00ebrgatitore do ta kryejn\u00eb n\u00eb Ulqin ku do t\u00eb q\u00ebndrojn\u00eb t\u00eb pakt\u00ebn dhjet\u00eb dit\u00eb.","breadcrumb":{"@id":"https:\/\/www.visit-ulcinj.com\/blog\/2013\/02\/15\/futbollistet-e-prishtines-prej-sot-ne-ulqin\/#breadcrumb"},"inLanguage":"en-US","potentialAction":[{"@type":"ReadAction","target":["https:\/\/www.visit-ulcinj.com\/blog\/2013\/02\/15\/futbollistet-e-prishtines-prej-sot-ne-ulqin\/"]}]},{"@type":"BreadcrumbList","@id":"https:\/\/www.visit-ulcinj.com\/blog\/2013\/02\/15\/futbollistet-e-prishtines-prej-sot-ne-ulqin\/#breadcrumb","itemListElement":[{"@type":"ListItem","position":1,"name":"Futbollist\u00ebt e Prishtin\u00ebs prej sot n\u00eb Ulqin"}]},{"@type":"Person","@id":"https:\/\/www.visit-ulcinj.com\/blog\/#\/schema\/person\/dcab619c614d3038751c63bc2aadc06d","name":"ulqini","sameAs":["http:\/\/www.visit-ulcinj.com"],"url":"https:\/\/www.visit-ulcinj.com\/blog\/author\/admin\/"}]}},"jetpack_featured_media_url":"","jetpack_sharing_enabled":true,"jetpack_shortlink":"https:\/\/wp.me\/pe6lTn-hTx","_links":{"self":[{"href":"https:\/\/www.visit-ulcinj.com\/blog\/wp-json\/wp\/v2\/posts\/68791"}],"collection":[{"href":"https:\/\/www.visit-ulcinj.com\/blog\/wp-json\/wp\/v2\/posts"}],"about":[{"href":"https:\/\/www.visit-ulcinj.com\/blog\/wp-json\/wp\/v2\/types\/post"}],"author":[{"embeddable":true,"href":"https:\/\/www.visit-ulcinj.com\/blog\/wp-json\/wp\/v2\/users\/1"}],"replies":[{"embeddable":true,"href":"https:\/\/www.visit-ulcinj.com\/blog\/wp-json\/wp\/v2\/comments?post=68791"}],"version-history":[{"count":4,"href":"https:\/\/www.visit-ulcinj.com\/blog\/wp-json\/wp\/v2\/posts\/68791\/revisions"}],"predecessor-version":[{"id":68826,"href":"https:\/\/www.visit-ulcinj.com\/blog\/wp-json\/wp\/v2\/posts\/68791\/revisions\/68826"}],"wp:attachment":[{"href":"https:\/\/www.visit-ulcinj.com\/blog\/wp-json\/wp\/v2\/media?parent=68791"}],"wp:term":[{"taxonomy":"category","embeddable":true,"href":"https:\/\/www.visit-ulcinj.com\/blog\/wp-json\/wp\/v2\/categories?post=68791"},{"taxonomy":"post_tag","embeddable":true,"href":"https:\/\/www.visit-ulcinj.com\/blog\/wp-json\/wp\/v2\/tags?post=68791"}],"curies":[{"name":"wp","href":"https:\/\/api.w.org\/{rel}","templated":true}]}}