{"id":688,"date":"2008-02-28T07:09:18","date_gmt":"2008-02-28T12:09:18","guid":{"rendered":"http:\/\/www.visit-ulcinj.com\/blog\/2008\/02\/28\/oli-rehn-kerkon-nga-maqedonia-dhe-mali-i-zi-te-mos-hezitojne-ta-njohin-pavaresine-e-kosoves\/"},"modified":"2008-10-17T13:45:02","modified_gmt":"2008-10-17T18:45:02","slug":"oli-rehn-kerkon-nga-maqedonia-dhe-mali-i-zi-te-mos-hezitojne-ta-njohin-pavaresine-e-kosoves","status":"publish","type":"post","link":"https:\/\/www.visit-ulcinj.com\/blog\/2008\/02\/28\/oli-rehn-kerkon-nga-maqedonia-dhe-mali-i-zi-te-mos-hezitojne-ta-njohin-pavaresine-e-kosoves\/","title":{"rendered":"Oli Rehn k\u00ebrkon nga Maqedonia dhe Mali i Zi t\u00eb mos hezitojn\u00eb ta njohin pavar\u00ebsin\u00eb e Kosov\u00ebs"},"content":{"rendered":"<p><a title=\"Oli Rehn_Filip Vujanoviq\" rel=\"lightbox[pics-1204198688]\" href=\"http:\/\/www.visit-ulcinj.com\/blog\/wp-content\/uploads\/2008\/02\/oli-rehn_filip-vujanoviq.jpg\"><img loading=\"lazy\" src=\"http:\/\/www.visit-ulcinj.com\/blog\/wp-content\/uploads\/2008\/02\/oli-rehn_filip-vujanoviq.thumbnail.jpg\" alt=\"Oli Rehn_Filip Vujanoviq\" width=\"200\" height=\"139\" align=\"left\" \/><\/a>Komisioneri evropian p\u00ebr zgjerim Oli Rehn iu ka b\u00ebr? thirrje vendeve an\u00ebtare t\u00eb BE-s\u00eb q\u00eb t? njohin pavar?sin? e Kosov?s. \u201cTani m\u00eb shum\u00eb se 12 vende t? BE-s? e kan\u00eb njohur pavar?sin?, andaj shpresoj se edhe tek vendet tjera do t\u00eb dominoj\u00eb maturia dhe do ta p\u00ebrcjellin shembullin e k\u00ebtyre t? parave&#8221;, ka th?n? Olli Rehn. Ai u takua t\u00eb mart\u00ebn me kryetar\u00ebt e Maqedonis\u00eb dhe Malit t? Zi, dy vende k\u00ebto fqinje t? cilat edhe m? tutje po hezitojn\u00eb p\u00ebr ta njohur shtetin e ri t\u00eb Kosov\u00ebs. Kryetari maqedonas Branko Crvenkovski ka th?n? se Maqedonia ,si shtet kandidat p?r Bashkimin Evropian dhe NATO, ?sht? e obliguar q? ta p?rcjell? politik\u00ebn e p?rbahsk?t. Por, sipas tij, mungon konsensusi i plot\u00eb n? k\u00ebto dy struktura, sa i p\u00ebrket Kosov\u00ebs. Crvenkovski \u00ebsht\u00eb shprehur se \u201cne jemi t? obliguar q? t? marrim parasysh edhe interesat komb\u00ebtare dhe ato shtet\u00ebrore. Maqedonia do t\u00eb marr\u00eb vendim n? momentin kur konsiderohet se ?sht? m? i p\u00ebrshtatshmi p?r interesat e shtetit&#8221;. Nga ana tjet?r, Hezitimet e shtetit t? tij q? ta njeh Kosov\u00ebn si shtet i pavarur, Kryetari i Malit t\u00eb Zi, Filip Vujanoviq, i arsyeton me stabilitetin e brendsh\u00ebm. Ai deklaroi se duhet t? merren parasysh edhe raportet n? mes t? shqiptar\u00ebve dhe serb\u00ebve q? jetojn\u00eb n? Mal t? Zi, por edhe ruajtja e atmosfer\u00ebs multifetare dhe multikulturore q? dominon n? vend. &#8220;Ne nuk do marrim vendime t? nxirtuara, por do ta mendojm\u00eb mir\u00eb dhe do ta shpalosim vendimin ton\u00eb n? momentin e p?rshtatsh?m p?r Malin e ZI&#8217;, u shpreh Vujanoviq.<\/p>\n","protected":false},"excerpt":{"rendered":"<p>Komisioneri evropian p\u00ebr zgjerim Oli Rehn iu ka b\u00ebr? thirrje vendeve an\u00ebtare t\u00eb BE-s\u00eb q\u00eb t? njohin pavar?sin? e Kosov?s. \u201cTani m\u00eb shum\u00eb se 12 vende t? BE-s? e kan\u00eb njohur pavar?sin?, andaj shpresoj se edhe tek vendet tjera do t\u00eb dominoj\u00eb maturia dhe do ta p\u00ebrcjellin shembullin e k\u00ebtyre t? parave&#8221;, ka th?n? Olli [&hellip;]<\/p>\n","protected":false},"author":1,"featured_media":0,"comment_status":"open","ping_status":"closed","sticky":false,"template":"","format":"standard","meta":{"spay_email":"","jetpack_publicize_message":"","jetpack_is_tweetstorm":false,"jetpack_publicize_feature_enabled":true},"categories":[7],"tags":[100,1768,325,503,1753,2000],"jetpack_publicize_connections":[],"yoast_head":"<!-- This site is optimized with the Yoast SEO plugin v19.1 - https:\/\/yoast.com\/wordpress\/plugins\/seo\/ -->\n<title>Oli Rehn k\u00ebrkon nga Maqedonia dhe Mali i Zi t\u00eb mos hezitojn\u00eb ta njohin pavar\u00ebsin\u00eb e Kosov\u00ebs - Lajme nga Ulqini<\/title>\n<meta name=\"description\" content=\"Komisioneri evropian p\u00ebr zgjerim Oli Rehn iu ka b\u00ebr? thirrje vendeve an\u00ebtare t\u00eb BE-s\u00eb q\u00eb t? njohin pavar?sin? e Kosov?s. \u201cTani m\u00eb shum\u00eb se 12 vende t?\" \/>\n<meta name=\"robots\" content=\"index, follow, max-snippet:-1, max-image-preview:large, max-video-preview:-1\" \/>\n<link rel=\"canonical\" href=\"https:\/\/www.visit-ulcinj.com\/blog\/2008\/02\/28\/oli-rehn-kerkon-nga-maqedonia-dhe-mali-i-zi-te-mos-hezitojne-ta-njohin-pavaresine-e-kosoves\/\" \/>\n<meta property=\"og:locale\" content=\"en_US\" \/>\n<meta property=\"og:type\" content=\"article\" \/>\n<meta property=\"og:title\" content=\"Oli Rehn k\u00ebrkon nga Maqedonia dhe Mali i Zi t\u00eb mos hezitojn\u00eb ta njohin pavar\u00ebsin\u00eb e Kosov\u00ebs - Lajme nga Ulqini\" \/>\n<meta property=\"og:description\" content=\"Komisioneri evropian p\u00ebr zgjerim Oli Rehn iu ka b\u00ebr? thirrje vendeve an\u00ebtare t\u00eb BE-s\u00eb q\u00eb t? njohin pavar?sin? e Kosov?s. \u201cTani m\u00eb shum\u00eb se 12 vende t?\" \/>\n<meta property=\"og:url\" content=\"https:\/\/www.visit-ulcinj.com\/blog\/2008\/02\/28\/oli-rehn-kerkon-nga-maqedonia-dhe-mali-i-zi-te-mos-hezitojne-ta-njohin-pavaresine-e-kosoves\/\" \/>\n<meta property=\"og:site_name\" content=\"Lajme nga Ulqini\" \/>\n<meta property=\"article:published_time\" content=\"2008-02-28T12:09:18+00:00\" \/>\n<meta property=\"article:modified_time\" content=\"2008-10-17T18:45:02+00:00\" \/>\n<meta property=\"og:image\" content=\"http:\/\/www.visit-ulcinj.com\/blog\/wp-content\/uploads\/2008\/02\/oli-rehn_filip-vujanoviq.thumbnail.jpg\" \/>\n<meta name=\"twitter:label1\" content=\"Written by\" \/>\n\t<meta name=\"twitter:data1\" content=\"ulqini\" \/>\n\t<meta name=\"twitter:label2\" content=\"Est. reading time\" \/>\n\t<meta name=\"twitter:data2\" content=\"1 minute\" \/>\n<script type=\"application\/ld+json\" class=\"yoast-schema-graph\">{\"@context\":\"https:\/\/schema.org\",\"@graph\":[{\"@type\":\"WebSite\",\"@id\":\"https:\/\/www.visit-ulcinj.com\/blog\/#website\",\"url\":\"https:\/\/www.visit-ulcinj.com\/blog\/\",\"name\":\"Lajme nga Ulqini\",\"description\":\"Lajme,Vijesti,Ulqini,Ulqin,Crna Gora,Mali i Zi\",\"potentialAction\":[{\"@type\":\"SearchAction\",\"target\":{\"@type\":\"EntryPoint\",\"urlTemplate\":\"https:\/\/www.visit-ulcinj.com\/blog\/?s={search_term_string}\"},\"query-input\":\"required name=search_term_string\"}],\"inLanguage\":\"en-US\"},{\"@type\":\"ImageObject\",\"inLanguage\":\"en-US\",\"@id\":\"https:\/\/www.visit-ulcinj.com\/blog\/2008\/02\/28\/oli-rehn-kerkon-nga-maqedonia-dhe-mali-i-zi-te-mos-hezitojne-ta-njohin-pavaresine-e-kosoves\/#primaryimage\",\"url\":\"http:\/\/www.visit-ulcinj.com\/blog\/wp-content\/uploads\/2008\/02\/oli-rehn_filip-vujanoviq.thumbnail.jpg\",\"contentUrl\":\"http:\/\/www.visit-ulcinj.com\/blog\/wp-content\/uploads\/2008\/02\/oli-rehn_filip-vujanoviq.thumbnail.jpg\"},{\"@type\":\"WebPage\",\"@id\":\"https:\/\/www.visit-ulcinj.com\/blog\/2008\/02\/28\/oli-rehn-kerkon-nga-maqedonia-dhe-mali-i-zi-te-mos-hezitojne-ta-njohin-pavaresine-e-kosoves\/#webpage\",\"url\":\"https:\/\/www.visit-ulcinj.com\/blog\/2008\/02\/28\/oli-rehn-kerkon-nga-maqedonia-dhe-mali-i-zi-te-mos-hezitojne-ta-njohin-pavaresine-e-kosoves\/\",\"name\":\"Oli Rehn k\u00ebrkon nga Maqedonia dhe Mali i Zi t\u00eb mos hezitojn\u00eb ta njohin pavar\u00ebsin\u00eb e Kosov\u00ebs - Lajme nga Ulqini\",\"isPartOf\":{\"@id\":\"https:\/\/www.visit-ulcinj.com\/blog\/#website\"},\"primaryImageOfPage\":{\"@id\":\"https:\/\/www.visit-ulcinj.com\/blog\/2008\/02\/28\/oli-rehn-kerkon-nga-maqedonia-dhe-mali-i-zi-te-mos-hezitojne-ta-njohin-pavaresine-e-kosoves\/#primaryimage\"},\"datePublished\":\"2008-02-28T12:09:18+00:00\",\"dateModified\":\"2008-10-17T18:45:02+00:00\",\"author\":{\"@id\":\"https:\/\/www.visit-ulcinj.com\/blog\/#\/schema\/person\/dcab619c614d3038751c63bc2aadc06d\"},\"description\":\"Komisioneri evropian p\u00ebr zgjerim Oli Rehn iu ka b\u00ebr? thirrje vendeve an\u00ebtare t\u00eb BE-s\u00eb q\u00eb t? njohin pavar?sin? e Kosov?s. \u201cTani m\u00eb shum\u00eb se 12 vende t?\",\"breadcrumb\":{\"@id\":\"https:\/\/www.visit-ulcinj.com\/blog\/2008\/02\/28\/oli-rehn-kerkon-nga-maqedonia-dhe-mali-i-zi-te-mos-hezitojne-ta-njohin-pavaresine-e-kosoves\/#breadcrumb\"},\"inLanguage\":\"en-US\",\"potentialAction\":[{\"@type\":\"ReadAction\",\"target\":[\"https:\/\/www.visit-ulcinj.com\/blog\/2008\/02\/28\/oli-rehn-kerkon-nga-maqedonia-dhe-mali-i-zi-te-mos-hezitojne-ta-njohin-pavaresine-e-kosoves\/\"]}]},{\"@type\":\"BreadcrumbList\",\"@id\":\"https:\/\/www.visit-ulcinj.com\/blog\/2008\/02\/28\/oli-rehn-kerkon-nga-maqedonia-dhe-mali-i-zi-te-mos-hezitojne-ta-njohin-pavaresine-e-kosoves\/#breadcrumb\",\"itemListElement\":[{\"@type\":\"ListItem\",\"position\":1,\"name\":\"Oli Rehn k\u00ebrkon nga Maqedonia dhe Mali i Zi t\u00eb mos hezitojn\u00eb ta njohin pavar\u00ebsin\u00eb e Kosov\u00ebs\"}]},{\"@type\":\"Person\",\"@id\":\"https:\/\/www.visit-ulcinj.com\/blog\/#\/schema\/person\/dcab619c614d3038751c63bc2aadc06d\",\"name\":\"ulqini\",\"sameAs\":[\"http:\/\/www.visit-ulcinj.com\"],\"url\":\"https:\/\/www.visit-ulcinj.com\/blog\/author\/admin\/\"}]}<\/script>\n<!-- \/ Yoast SEO plugin. -->","yoast_head_json":{"title":"Oli Rehn k\u00ebrkon nga Maqedonia dhe Mali i Zi t\u00eb mos hezitojn\u00eb ta njohin pavar\u00ebsin\u00eb e Kosov\u00ebs - Lajme nga Ulqini","description":"Komisioneri evropian p\u00ebr zgjerim Oli Rehn iu ka b\u00ebr? thirrje vendeve an\u00ebtare t\u00eb BE-s\u00eb q\u00eb t? njohin pavar?sin? e Kosov?s. \u201cTani m\u00eb shum\u00eb se 12 vende t?","robots":{"index":"index","follow":"follow","max-snippet":"max-snippet:-1","max-image-preview":"max-image-preview:large","max-video-preview":"max-video-preview:-1"},"canonical":"https:\/\/www.visit-ulcinj.com\/blog\/2008\/02\/28\/oli-rehn-kerkon-nga-maqedonia-dhe-mali-i-zi-te-mos-hezitojne-ta-njohin-pavaresine-e-kosoves\/","og_locale":"en_US","og_type":"article","og_title":"Oli Rehn k\u00ebrkon nga Maqedonia dhe Mali i Zi t\u00eb mos hezitojn\u00eb ta njohin pavar\u00ebsin\u00eb e Kosov\u00ebs - Lajme nga Ulqini","og_description":"Komisioneri evropian p\u00ebr zgjerim Oli Rehn iu ka b\u00ebr? thirrje vendeve an\u00ebtare t\u00eb BE-s\u00eb q\u00eb t? njohin pavar?sin? e Kosov?s. \u201cTani m\u00eb shum\u00eb se 12 vende t?","og_url":"https:\/\/www.visit-ulcinj.com\/blog\/2008\/02\/28\/oli-rehn-kerkon-nga-maqedonia-dhe-mali-i-zi-te-mos-hezitojne-ta-njohin-pavaresine-e-kosoves\/","og_site_name":"Lajme nga Ulqini","article_published_time":"2008-02-28T12:09:18+00:00","article_modified_time":"2008-10-17T18:45:02+00:00","og_image":[{"url":"http:\/\/www.visit-ulcinj.com\/blog\/wp-content\/uploads\/2008\/02\/oli-rehn_filip-vujanoviq.thumbnail.jpg"}],"twitter_misc":{"Written by":"ulqini","Est. reading time":"1 minute"},"schema":{"@context":"https:\/\/schema.org","@graph":[{"@type":"WebSite","@id":"https:\/\/www.visit-ulcinj.com\/blog\/#website","url":"https:\/\/www.visit-ulcinj.com\/blog\/","name":"Lajme nga Ulqini","description":"Lajme,Vijesti,Ulqini,Ulqin,Crna Gora,Mali i Zi","potentialAction":[{"@type":"SearchAction","target":{"@type":"EntryPoint","urlTemplate":"https:\/\/www.visit-ulcinj.com\/blog\/?s={search_term_string}"},"query-input":"required name=search_term_string"}],"inLanguage":"en-US"},{"@type":"ImageObject","inLanguage":"en-US","@id":"https:\/\/www.visit-ulcinj.com\/blog\/2008\/02\/28\/oli-rehn-kerkon-nga-maqedonia-dhe-mali-i-zi-te-mos-hezitojne-ta-njohin-pavaresine-e-kosoves\/#primaryimage","url":"http:\/\/www.visit-ulcinj.com\/blog\/wp-content\/uploads\/2008\/02\/oli-rehn_filip-vujanoviq.thumbnail.jpg","contentUrl":"http:\/\/www.visit-ulcinj.com\/blog\/wp-content\/uploads\/2008\/02\/oli-rehn_filip-vujanoviq.thumbnail.jpg"},{"@type":"WebPage","@id":"https:\/\/www.visit-ulcinj.com\/blog\/2008\/02\/28\/oli-rehn-kerkon-nga-maqedonia-dhe-mali-i-zi-te-mos-hezitojne-ta-njohin-pavaresine-e-kosoves\/#webpage","url":"https:\/\/www.visit-ulcinj.com\/blog\/2008\/02\/28\/oli-rehn-kerkon-nga-maqedonia-dhe-mali-i-zi-te-mos-hezitojne-ta-njohin-pavaresine-e-kosoves\/","name":"Oli Rehn k\u00ebrkon nga Maqedonia dhe Mali i Zi t\u00eb mos hezitojn\u00eb ta njohin pavar\u00ebsin\u00eb e Kosov\u00ebs - Lajme nga Ulqini","isPartOf":{"@id":"https:\/\/www.visit-ulcinj.com\/blog\/#website"},"primaryImageOfPage":{"@id":"https:\/\/www.visit-ulcinj.com\/blog\/2008\/02\/28\/oli-rehn-kerkon-nga-maqedonia-dhe-mali-i-zi-te-mos-hezitojne-ta-njohin-pavaresine-e-kosoves\/#primaryimage"},"datePublished":"2008-02-28T12:09:18+00:00","dateModified":"2008-10-17T18:45:02+00:00","author":{"@id":"https:\/\/www.visit-ulcinj.com\/blog\/#\/schema\/person\/dcab619c614d3038751c63bc2aadc06d"},"description":"Komisioneri evropian p\u00ebr zgjerim Oli Rehn iu ka b\u00ebr? thirrje vendeve an\u00ebtare t\u00eb BE-s\u00eb q\u00eb t? njohin pavar?sin? e Kosov?s. \u201cTani m\u00eb shum\u00eb se 12 vende t?","breadcrumb":{"@id":"https:\/\/www.visit-ulcinj.com\/blog\/2008\/02\/28\/oli-rehn-kerkon-nga-maqedonia-dhe-mali-i-zi-te-mos-hezitojne-ta-njohin-pavaresine-e-kosoves\/#breadcrumb"},"inLanguage":"en-US","potentialAction":[{"@type":"ReadAction","target":["https:\/\/www.visit-ulcinj.com\/blog\/2008\/02\/28\/oli-rehn-kerkon-nga-maqedonia-dhe-mali-i-zi-te-mos-hezitojne-ta-njohin-pavaresine-e-kosoves\/"]}]},{"@type":"BreadcrumbList","@id":"https:\/\/www.visit-ulcinj.com\/blog\/2008\/02\/28\/oli-rehn-kerkon-nga-maqedonia-dhe-mali-i-zi-te-mos-hezitojne-ta-njohin-pavaresine-e-kosoves\/#breadcrumb","itemListElement":[{"@type":"ListItem","position":1,"name":"Oli Rehn k\u00ebrkon nga Maqedonia dhe Mali i Zi t\u00eb mos hezitojn\u00eb ta njohin pavar\u00ebsin\u00eb e Kosov\u00ebs"}]},{"@type":"Person","@id":"https:\/\/www.visit-ulcinj.com\/blog\/#\/schema\/person\/dcab619c614d3038751c63bc2aadc06d","name":"ulqini","sameAs":["http:\/\/www.visit-ulcinj.com"],"url":"https:\/\/www.visit-ulcinj.com\/blog\/author\/admin\/"}]}},"jetpack_featured_media_url":"","jetpack_sharing_enabled":true,"jetpack_shortlink":"https:\/\/wp.me\/pe6lTn-b6","_links":{"self":[{"href":"https:\/\/www.visit-ulcinj.com\/blog\/wp-json\/wp\/v2\/posts\/688"}],"collection":[{"href":"https:\/\/www.visit-ulcinj.com\/blog\/wp-json\/wp\/v2\/posts"}],"about":[{"href":"https:\/\/www.visit-ulcinj.com\/blog\/wp-json\/wp\/v2\/types\/post"}],"author":[{"embeddable":true,"href":"https:\/\/www.visit-ulcinj.com\/blog\/wp-json\/wp\/v2\/users\/1"}],"replies":[{"embeddable":true,"href":"https:\/\/www.visit-ulcinj.com\/blog\/wp-json\/wp\/v2\/comments?post=688"}],"version-history":[{"count":0,"href":"https:\/\/www.visit-ulcinj.com\/blog\/wp-json\/wp\/v2\/posts\/688\/revisions"}],"wp:attachment":[{"href":"https:\/\/www.visit-ulcinj.com\/blog\/wp-json\/wp\/v2\/media?parent=688"}],"wp:term":[{"taxonomy":"category","embeddable":true,"href":"https:\/\/www.visit-ulcinj.com\/blog\/wp-json\/wp\/v2\/categories?post=688"},{"taxonomy":"post_tag","embeddable":true,"href":"https:\/\/www.visit-ulcinj.com\/blog\/wp-json\/wp\/v2\/tags?post=688"}],"curies":[{"name":"wp","href":"https:\/\/api.w.org\/{rel}","templated":true}]}}