{"id":68803,"date":"2013-02-15T16:29:53","date_gmt":"2013-02-15T15:29:53","guid":{"rendered":"http:\/\/www.visit-ulcinj.com\/blog\/?p=68803"},"modified":"2013-02-15T16:42:08","modified_gmt":"2013-02-15T15:42:08","slug":"knsh-ja-uron-5vjetorin-e-pavaresise-se-kosoves","status":"publish","type":"post","link":"https:\/\/www.visit-ulcinj.com\/blog\/2013\/02\/15\/knsh-ja-uron-5vjetorin-e-pavaresise-se-kosoves\/","title":{"rendered":"KNSH-ja uron 5vjetorin e pavar\u00ebsis\u00eb s\u00eb Kosov\u00ebs"},"content":{"rendered":"<p style=\"text-align: left;\"><a href=\"http:\/\/www.visit-ulcinj.com\/blog\/wp-content\/uploads\/2011\/03\/KNSH_MZ_logo.jpg\"><img loading=\"lazy\" class=\"alignleft size-full wp-image-45189\" title=\"KNSH_MZ_logo\" alt=\"\" src=\"http:\/\/www.visit-ulcinj.com\/blog\/wp-content\/uploads\/2011\/03\/KNSH_MZ_logo.jpg\" width=\"318\" height=\"142\" srcset=\"https:\/\/www.visit-ulcinj.com\/blog\/wp-content\/uploads\/2011\/03\/KNSH_MZ_logo.jpg 318w, https:\/\/www.visit-ulcinj.com\/blog\/wp-content\/uploads\/2011\/03\/KNSH_MZ_logo-300x133.jpg 300w\" sizes=\"(max-width: 318px) 100vw, 318px\" \/><\/a>K\u00cbSHILLI NACIONAL I SHQIPTAR\u00cbVE N\u00cb MALIN E ZI<\/p>\n<p style=\"text-align: left;\">NACIONALNI SAVJET ALBANACA U CRNOJ GORI<\/p>\n<p style=\"text-align: left;\">ALBANIAN NATIONAL COUNCIL IN MONTENEGRO<\/p>\n<p>Nr.12|13<\/p>\n<p>Ulqin, m\u00eb\u00a0 14.02 2013<\/p>\n<p>&nbsp;<\/p>\n<p align=\"center\"><b><span style=\"text-decoration: underline;\">Njoftim p\u00ebr Media<\/span><\/b><\/p>\n<p>&nbsp;<\/p>\n<p>Kryetari i K\u00ebshillit Nacional t\u00eb Shqiptar\u00ebve n\u00eb Malin e Zi\u00a0 z. <b>Tahir Tahiri<\/b>, me rastin e \u00a0\u00a0e 5 vjetorit t\u00eb pavar\u00ebsis\u00eb, i ka d\u00ebrguar,<\/p>\n<p>&nbsp;<\/p>\n<p align=\"center\">URIM \u00a0\u00a0PRESIDENTES \u00a0S\u00cb \u00a0REPUBLIK\u00cbS \u00a0S\u00cb \u00a0KOSOV\u00cbS<\/p>\n<p><b>\u00a0<\/b><\/p>\n<p align=\"center\"><b>Znj.\u00a0 ATIFETE JAHJAGA<\/b><\/p>\n<p><b>\u00a0<\/b><\/p>\n<p>&nbsp;<\/p>\n<p>E Nderuara\u00a0 znj. Presidente ,<\/p>\n<p>&nbsp;<\/p>\n<p>N\u00eb em\u00ebr t\u00eb K\u00ebshillit Nacional t\u00eb Shqiptar\u00ebve n\u00eb Malin e Zi \u00a0dhe n\u00eb emrin tim, pranoni urimet ma t\u00eb sinqerta dhe v\u00ebllaz\u00ebnore\u00a0 me rastin e\u00a0 5vjetorit t\u00eb pavar\u00ebsis\u00eb s\u00eb Kosov\u00ebs.<\/p>\n<p>N\u00eb k\u00ebt\u00eb p\u00ebrvjetor t\u00eb r\u00ebnd\u00ebsish\u00ebm p\u00ebr popullin e Kosov\u00ebs, mbar\u00eb kombi Shqiptar\u00eb,por dhe ne shqiptar\u00ebt n\u00eb Malin e Zi, \u00a0\u00a0g\u00ebzohemi \u00a0p\u00ebr \u00a0\u00a0Republik\u00ebn e\u00a0 \u00a0Kosov\u00ebs si shtet i pavarur .<\/p>\n<p>Ne shqiptar\u00ebt n\u00eb Malin e Zi, vler\u00ebsojn\u00eb lart\u00eb \u00a0\u00a0\u00a0angazhimin\u00a0 Tuaj n\u00eb\u00a0 zgjidhjen e \u00a0\u00a0problemeve \u00a0\u00a0me t\u00eb cilat\u00a0 ndeshet sot \u00a0shteti i ri i Kosov\u00ebs, si dhe kontributin e madh p\u00ebr forcimin e Institucioneve t\u00eb shtetit t\u00eb\u00a0 Kosov\u00ebs .<\/p>\n<p>Urojm\u00eb ,\u00a0 q\u00eb Republika e Kosov\u00ebs, fal\u00eb p\u00ebrkushtimit Tuaj dhe Istitucioneve t\u00eb tjera Kosov\u00ebs,faktorit\u00a0 politik,si dhe \u00a0\u00a0t\u00eb aleat\u00ebve tan\u00eb n\u00eb bot\u00eb, me n\u00eb krye Shtetet e Bashkuara t\u00eb Amerik\u00ebs,\u00a0 shum\u00eb shpejt t\u00eb b\u00ebhet pjes\u00eb e Bashk\u00ebsis\u00eb Europiane dhe\u00a0 Aleanc\u00ebs s\u00eb madhe Euroatlantike.<\/p>\n<p>Arritjet i shtetit t\u00eb Kosov\u00ebs znj. \u00a0Presidente, jan\u00eb nj\u00eb g\u00ebzim i madh p\u00ebr t\u00eb gjith\u00eb Shqiptar\u00ebt kudo q\u00eb ndodhen,duke p\u00ebrfshi edhe ne shqiptar\u00ebt si popull autokton n\u00eb \u00a0trevat e veta st\u00ebrgjyshnore n\u00eb Malin e Zi.<\/p>\n<p>Kryetari i K\u00ebshillit Nacional t\u00eb Shqiptar\u00ebve \u00a0z. Tahir Tahiri, telegram urimi i d\u00ebrgoi edhe Kryetarit t\u00eb Parlamentit t\u00eb Republik\u00ebs s\u00eb\u00a0 Kosov\u00ebs Z . Jakup Krasniqi dhe Kryeministrit\u00a0 z.Hashim Tha\u00e7i.<\/p>\n<p>&nbsp;<\/p>\n<p>SH\u00cbRBIMI P\u00cbR INFORMIM<\/p>\n<p><strong>Kryetari i K\u00ebshillit Nacional t\u00eb Shqiptar\u00ebve n\u00eb Malin e Zi\u00a0 z. Tahir Tahiri, me rastin e \u00a0\u00a0e 5 vjetorit t\u00eb pavar\u00ebsis\u00eb, i ka d\u00ebrguar \u00a0Urim \u00a0Kryeministrit \u00a0t\u00eb \u00a0Republik\u00ebs \u00a0s\u00eb \u00a0Kosov\u00ebs\u00a0 z.Hashim Tha\u00e7i, ku\u00a0 thuhet:<\/strong><\/p>\n<p>&nbsp;<\/p>\n<p>&nbsp;<\/p>\n<p>I Nderuar\u00a0 z. Kryeminist\u00ebr , THA\u00c7I<\/p>\n<p>&nbsp;<\/p>\n<p>N\u00eb em\u00ebr t\u00eb K\u00ebshillit Nacional t\u00eb Shqiptar\u00ebve n\u00eb Malin e Zi \u00a0dhe n\u00eb emrin tim, pranoni urimet ma t\u00eb sinqerta dhe v\u00ebllaz\u00ebnore\u00a0 me rastin e\u00a0 4 vjetorit t\u00eb pavar\u00ebsis\u00eb s\u00eb Kosov\u00ebs.<\/p>\n<p>N\u00eb k\u00ebt\u00eb p\u00ebrvjetor t\u00eb r\u00ebnd\u00ebsish\u00ebm p\u00ebr popullin e Kosov\u00ebs, mbar\u00eb kombi Shqiptar\u00eb,por dhe ne shqiptar\u00ebt n\u00eb Malin e Zi, \u00a0\u00a0g\u00ebzohemi \u00a0p\u00ebr \u00a0\u00a0Republik\u00ebn e\u00a0 \u00a0Kosov\u00ebs si shtet i pavarur .<\/p>\n<p>Ne shqiptar\u00ebt n\u00eb Malin e Zi vler\u00ebsojn\u00eb lart\u00eb \u00a0angazhimin\u00a0 Tuaj n\u00eb\u00a0 zgjidhjen e \u00a0\u00a0problemeve komplekse me t\u00eb cilat\u00a0 ndeshet sot, shteti i ri i Kosov\u00ebs.<\/p>\n<p>Urojm\u00eb ,\u00a0 q\u00eb Republika e Kosov\u00ebs, fal\u00eb p\u00ebrkushtimit Tuaj dhe mbar\u00eb\u00a0 faktorit\u00a0 politik, me ndihmen edhe t\u00eb aleat\u00ebve tan\u00eb n\u00eb bot\u00eb me n\u00eb krye Shtetet e Bashkuara t\u00eb Amerik\u00ebs,\u00a0 shum\u00eb shpejt t\u00eb b\u00ebhet pjes\u00eb e Bashk\u00ebsis\u00eb Europiane dhe\u00a0 Aleanc\u00ebs s\u00eb madhe Euroatlantike.<\/p>\n<p>Arritjet i shtetit t\u00eb Kosov\u00ebs z. Kryeminist\u00ebr jan\u00eb nj\u00eb g\u00ebzim i madh p\u00ebr t\u00eb gjith\u00eb Shqiptar\u00ebt kudo q\u00eb ndodhen,duke p\u00ebrfshi edhe ne shqiptar\u00ebt si popull autokton n\u00eb \u00a0trevat e veta st\u00ebrgjyshnore n\u00eb Malin e Zi.<\/p>\n<p>Kryetari i K\u00ebshillit Nacional t\u00eb Shqiptar\u00ebve \u00a0z. Tahir Tahiri, telegram urimi i d\u00ebrgoi edhe Kryetar\u00ebs s\u00eb Republik\u00ebs s\u00eb\u00a0 Kosov\u00ebs Znj. Atifete Jahjaga.<\/p>\n<p>&nbsp;<\/p>\n<p>KOMISIONI PER INFORMIM<\/p>\n","protected":false},"excerpt":{"rendered":"<p>K\u00cbSHILLI NACIONAL I SHQIPTAR\u00cbVE N\u00cb MALIN E ZI NACIONALNI SAVJET ALBANACA U CRNOJ GORI ALBANIAN NATIONAL COUNCIL IN MONTENEGRO Nr.12|13 Ulqin, m\u00eb\u00a0 14.02 2013 &nbsp; Njoftim p\u00ebr Media &nbsp; Kryetari i K\u00ebshillit Nacional t\u00eb Shqiptar\u00ebve n\u00eb Malin e Zi\u00a0 z. Tahir Tahiri, me rastin e \u00a0\u00a0e 5 vjetorit t\u00eb pavar\u00ebsis\u00eb, i ka d\u00ebrguar, &nbsp; URIM [&hellip;]<\/p>\n","protected":false},"author":1,"featured_media":0,"comment_status":"open","ping_status":"closed","sticky":false,"template":"","format":"standard","meta":{"spay_email":"","jetpack_publicize_message":"","jetpack_is_tweetstorm":false,"jetpack_publicize_feature_enabled":true},"categories":[14],"tags":[11340,7068],"jetpack_publicize_connections":[],"yoast_head":"<!-- This site is optimized with the Yoast SEO plugin v19.1 - https:\/\/yoast.com\/wordpress\/plugins\/seo\/ -->\n<title>KNSH-ja uron 5vjetorin e pavar\u00ebsis\u00eb s\u00eb Kosov\u00ebs - Lajme nga Ulqini<\/title>\n<meta name=\"description\" content=\"K\u00cbSHILLI NACIONAL I SHQIPTAR\u00cbVE N\u00cb MALIN E ZI NACIONALNI SAVJET ALBANACA U CRNOJ GORI ALBANIAN NATIONAL COUNCIL IN MONTENEGRO Nr.12|13 Ulqin, m\u00eb\u00a0 14.02\" \/>\n<meta name=\"robots\" content=\"index, follow, max-snippet:-1, max-image-preview:large, max-video-preview:-1\" \/>\n<link rel=\"canonical\" href=\"https:\/\/www.visit-ulcinj.com\/blog\/2013\/02\/15\/knsh-ja-uron-5vjetorin-e-pavaresise-se-kosoves\/\" \/>\n<meta property=\"og:locale\" content=\"en_US\" \/>\n<meta property=\"og:type\" content=\"article\" \/>\n<meta property=\"og:title\" content=\"KNSH-ja uron 5vjetorin e pavar\u00ebsis\u00eb s\u00eb Kosov\u00ebs - Lajme nga Ulqini\" \/>\n<meta property=\"og:description\" content=\"K\u00cbSHILLI NACIONAL I SHQIPTAR\u00cbVE N\u00cb MALIN E ZI NACIONALNI SAVJET ALBANACA U CRNOJ GORI ALBANIAN NATIONAL COUNCIL IN MONTENEGRO Nr.12|13 Ulqin, m\u00eb\u00a0 14.02\" \/>\n<meta property=\"og:url\" content=\"https:\/\/www.visit-ulcinj.com\/blog\/2013\/02\/15\/knsh-ja-uron-5vjetorin-e-pavaresise-se-kosoves\/\" \/>\n<meta property=\"og:site_name\" content=\"Lajme nga Ulqini\" \/>\n<meta property=\"article:published_time\" content=\"2013-02-15T15:29:53+00:00\" \/>\n<meta property=\"article:modified_time\" content=\"2013-02-15T15:42:08+00:00\" \/>\n<meta property=\"og:image\" content=\"http:\/\/www.visit-ulcinj.com\/blog\/wp-content\/uploads\/2011\/03\/KNSH_MZ_logo.jpg\" \/>\n<meta name=\"twitter:label1\" content=\"Written by\" \/>\n\t<meta name=\"twitter:data1\" content=\"ulqini\" \/>\n\t<meta name=\"twitter:label2\" content=\"Est. reading time\" \/>\n\t<meta name=\"twitter:data2\" content=\"3 minutes\" \/>\n<script type=\"application\/ld+json\" class=\"yoast-schema-graph\">{\"@context\":\"https:\/\/schema.org\",\"@graph\":[{\"@type\":\"WebSite\",\"@id\":\"https:\/\/www.visit-ulcinj.com\/blog\/#website\",\"url\":\"https:\/\/www.visit-ulcinj.com\/blog\/\",\"name\":\"Lajme nga Ulqini\",\"description\":\"Lajme,Vijesti,Ulqini,Ulqin,Crna Gora,Mali i Zi\",\"potentialAction\":[{\"@type\":\"SearchAction\",\"target\":{\"@type\":\"EntryPoint\",\"urlTemplate\":\"https:\/\/www.visit-ulcinj.com\/blog\/?s={search_term_string}\"},\"query-input\":\"required name=search_term_string\"}],\"inLanguage\":\"en-US\"},{\"@type\":\"ImageObject\",\"inLanguage\":\"en-US\",\"@id\":\"https:\/\/www.visit-ulcinj.com\/blog\/2013\/02\/15\/knsh-ja-uron-5vjetorin-e-pavaresise-se-kosoves\/#primaryimage\",\"url\":\"https:\/\/www.visit-ulcinj.com\/blog\/wp-content\/uploads\/2011\/03\/KNSH_MZ_logo.jpg\",\"contentUrl\":\"https:\/\/www.visit-ulcinj.com\/blog\/wp-content\/uploads\/2011\/03\/KNSH_MZ_logo.jpg\",\"width\":\"318\",\"height\":\"142\"},{\"@type\":\"WebPage\",\"@id\":\"https:\/\/www.visit-ulcinj.com\/blog\/2013\/02\/15\/knsh-ja-uron-5vjetorin-e-pavaresise-se-kosoves\/#webpage\",\"url\":\"https:\/\/www.visit-ulcinj.com\/blog\/2013\/02\/15\/knsh-ja-uron-5vjetorin-e-pavaresise-se-kosoves\/\",\"name\":\"KNSH-ja uron 5vjetorin e pavar\u00ebsis\u00eb s\u00eb Kosov\u00ebs - Lajme nga Ulqini\",\"isPartOf\":{\"@id\":\"https:\/\/www.visit-ulcinj.com\/blog\/#website\"},\"primaryImageOfPage\":{\"@id\":\"https:\/\/www.visit-ulcinj.com\/blog\/2013\/02\/15\/knsh-ja-uron-5vjetorin-e-pavaresise-se-kosoves\/#primaryimage\"},\"datePublished\":\"2013-02-15T15:29:53+00:00\",\"dateModified\":\"2013-02-15T15:42:08+00:00\",\"author\":{\"@id\":\"https:\/\/www.visit-ulcinj.com\/blog\/#\/schema\/person\/dcab619c614d3038751c63bc2aadc06d\"},\"description\":\"K\u00cbSHILLI NACIONAL I SHQIPTAR\u00cbVE N\u00cb MALIN E ZI NACIONALNI SAVJET ALBANACA U CRNOJ GORI ALBANIAN NATIONAL COUNCIL IN MONTENEGRO Nr.12|13 Ulqin, m\u00eb\u00a0 14.02\",\"breadcrumb\":{\"@id\":\"https:\/\/www.visit-ulcinj.com\/blog\/2013\/02\/15\/knsh-ja-uron-5vjetorin-e-pavaresise-se-kosoves\/#breadcrumb\"},\"inLanguage\":\"en-US\",\"potentialAction\":[{\"@type\":\"ReadAction\",\"target\":[\"https:\/\/www.visit-ulcinj.com\/blog\/2013\/02\/15\/knsh-ja-uron-5vjetorin-e-pavaresise-se-kosoves\/\"]}]},{\"@type\":\"BreadcrumbList\",\"@id\":\"https:\/\/www.visit-ulcinj.com\/blog\/2013\/02\/15\/knsh-ja-uron-5vjetorin-e-pavaresise-se-kosoves\/#breadcrumb\",\"itemListElement\":[{\"@type\":\"ListItem\",\"position\":1,\"name\":\"KNSH-ja uron 5vjetorin e pavar\u00ebsis\u00eb s\u00eb Kosov\u00ebs\"}]},{\"@type\":\"Person\",\"@id\":\"https:\/\/www.visit-ulcinj.com\/blog\/#\/schema\/person\/dcab619c614d3038751c63bc2aadc06d\",\"name\":\"ulqini\",\"sameAs\":[\"http:\/\/www.visit-ulcinj.com\"],\"url\":\"https:\/\/www.visit-ulcinj.com\/blog\/author\/admin\/\"}]}<\/script>\n<!-- \/ Yoast SEO plugin. -->","yoast_head_json":{"title":"KNSH-ja uron 5vjetorin e pavar\u00ebsis\u00eb s\u00eb Kosov\u00ebs - Lajme nga Ulqini","description":"K\u00cbSHILLI NACIONAL I SHQIPTAR\u00cbVE N\u00cb MALIN E ZI NACIONALNI SAVJET ALBANACA U CRNOJ GORI ALBANIAN NATIONAL COUNCIL IN MONTENEGRO Nr.12|13 Ulqin, m\u00eb\u00a0 14.02","robots":{"index":"index","follow":"follow","max-snippet":"max-snippet:-1","max-image-preview":"max-image-preview:large","max-video-preview":"max-video-preview:-1"},"canonical":"https:\/\/www.visit-ulcinj.com\/blog\/2013\/02\/15\/knsh-ja-uron-5vjetorin-e-pavaresise-se-kosoves\/","og_locale":"en_US","og_type":"article","og_title":"KNSH-ja uron 5vjetorin e pavar\u00ebsis\u00eb s\u00eb Kosov\u00ebs - Lajme nga Ulqini","og_description":"K\u00cbSHILLI NACIONAL I SHQIPTAR\u00cbVE N\u00cb MALIN E ZI NACIONALNI SAVJET ALBANACA U CRNOJ GORI ALBANIAN NATIONAL COUNCIL IN MONTENEGRO Nr.12|13 Ulqin, m\u00eb\u00a0 14.02","og_url":"https:\/\/www.visit-ulcinj.com\/blog\/2013\/02\/15\/knsh-ja-uron-5vjetorin-e-pavaresise-se-kosoves\/","og_site_name":"Lajme nga Ulqini","article_published_time":"2013-02-15T15:29:53+00:00","article_modified_time":"2013-02-15T15:42:08+00:00","og_image":[{"url":"http:\/\/www.visit-ulcinj.com\/blog\/wp-content\/uploads\/2011\/03\/KNSH_MZ_logo.jpg"}],"twitter_misc":{"Written by":"ulqini","Est. reading time":"3 minutes"},"schema":{"@context":"https:\/\/schema.org","@graph":[{"@type":"WebSite","@id":"https:\/\/www.visit-ulcinj.com\/blog\/#website","url":"https:\/\/www.visit-ulcinj.com\/blog\/","name":"Lajme nga Ulqini","description":"Lajme,Vijesti,Ulqini,Ulqin,Crna Gora,Mali i Zi","potentialAction":[{"@type":"SearchAction","target":{"@type":"EntryPoint","urlTemplate":"https:\/\/www.visit-ulcinj.com\/blog\/?s={search_term_string}"},"query-input":"required name=search_term_string"}],"inLanguage":"en-US"},{"@type":"ImageObject","inLanguage":"en-US","@id":"https:\/\/www.visit-ulcinj.com\/blog\/2013\/02\/15\/knsh-ja-uron-5vjetorin-e-pavaresise-se-kosoves\/#primaryimage","url":"https:\/\/www.visit-ulcinj.com\/blog\/wp-content\/uploads\/2011\/03\/KNSH_MZ_logo.jpg","contentUrl":"https:\/\/www.visit-ulcinj.com\/blog\/wp-content\/uploads\/2011\/03\/KNSH_MZ_logo.jpg","width":"318","height":"142"},{"@type":"WebPage","@id":"https:\/\/www.visit-ulcinj.com\/blog\/2013\/02\/15\/knsh-ja-uron-5vjetorin-e-pavaresise-se-kosoves\/#webpage","url":"https:\/\/www.visit-ulcinj.com\/blog\/2013\/02\/15\/knsh-ja-uron-5vjetorin-e-pavaresise-se-kosoves\/","name":"KNSH-ja uron 5vjetorin e pavar\u00ebsis\u00eb s\u00eb Kosov\u00ebs - Lajme nga Ulqini","isPartOf":{"@id":"https:\/\/www.visit-ulcinj.com\/blog\/#website"},"primaryImageOfPage":{"@id":"https:\/\/www.visit-ulcinj.com\/blog\/2013\/02\/15\/knsh-ja-uron-5vjetorin-e-pavaresise-se-kosoves\/#primaryimage"},"datePublished":"2013-02-15T15:29:53+00:00","dateModified":"2013-02-15T15:42:08+00:00","author":{"@id":"https:\/\/www.visit-ulcinj.com\/blog\/#\/schema\/person\/dcab619c614d3038751c63bc2aadc06d"},"description":"K\u00cbSHILLI NACIONAL I SHQIPTAR\u00cbVE N\u00cb MALIN E ZI NACIONALNI SAVJET ALBANACA U CRNOJ GORI ALBANIAN NATIONAL COUNCIL IN MONTENEGRO Nr.12|13 Ulqin, m\u00eb\u00a0 14.02","breadcrumb":{"@id":"https:\/\/www.visit-ulcinj.com\/blog\/2013\/02\/15\/knsh-ja-uron-5vjetorin-e-pavaresise-se-kosoves\/#breadcrumb"},"inLanguage":"en-US","potentialAction":[{"@type":"ReadAction","target":["https:\/\/www.visit-ulcinj.com\/blog\/2013\/02\/15\/knsh-ja-uron-5vjetorin-e-pavaresise-se-kosoves\/"]}]},{"@type":"BreadcrumbList","@id":"https:\/\/www.visit-ulcinj.com\/blog\/2013\/02\/15\/knsh-ja-uron-5vjetorin-e-pavaresise-se-kosoves\/#breadcrumb","itemListElement":[{"@type":"ListItem","position":1,"name":"KNSH-ja uron 5vjetorin e pavar\u00ebsis\u00eb s\u00eb Kosov\u00ebs"}]},{"@type":"Person","@id":"https:\/\/www.visit-ulcinj.com\/blog\/#\/schema\/person\/dcab619c614d3038751c63bc2aadc06d","name":"ulqini","sameAs":["http:\/\/www.visit-ulcinj.com"],"url":"https:\/\/www.visit-ulcinj.com\/blog\/author\/admin\/"}]}},"jetpack_featured_media_url":"","jetpack_sharing_enabled":true,"jetpack_shortlink":"https:\/\/wp.me\/pe6lTn-hTJ","_links":{"self":[{"href":"https:\/\/www.visit-ulcinj.com\/blog\/wp-json\/wp\/v2\/posts\/68803"}],"collection":[{"href":"https:\/\/www.visit-ulcinj.com\/blog\/wp-json\/wp\/v2\/posts"}],"about":[{"href":"https:\/\/www.visit-ulcinj.com\/blog\/wp-json\/wp\/v2\/types\/post"}],"author":[{"embeddable":true,"href":"https:\/\/www.visit-ulcinj.com\/blog\/wp-json\/wp\/v2\/users\/1"}],"replies":[{"embeddable":true,"href":"https:\/\/www.visit-ulcinj.com\/blog\/wp-json\/wp\/v2\/comments?post=68803"}],"version-history":[{"count":4,"href":"https:\/\/www.visit-ulcinj.com\/blog\/wp-json\/wp\/v2\/posts\/68803\/revisions"}],"predecessor-version":[{"id":68807,"href":"https:\/\/www.visit-ulcinj.com\/blog\/wp-json\/wp\/v2\/posts\/68803\/revisions\/68807"}],"wp:attachment":[{"href":"https:\/\/www.visit-ulcinj.com\/blog\/wp-json\/wp\/v2\/media?parent=68803"}],"wp:term":[{"taxonomy":"category","embeddable":true,"href":"https:\/\/www.visit-ulcinj.com\/blog\/wp-json\/wp\/v2\/categories?post=68803"},{"taxonomy":"post_tag","embeddable":true,"href":"https:\/\/www.visit-ulcinj.com\/blog\/wp-json\/wp\/v2\/tags?post=68803"}],"curies":[{"name":"wp","href":"https:\/\/api.w.org\/{rel}","templated":true}]}}