{"id":68808,"date":"2013-02-15T19:01:26","date_gmt":"2013-02-15T18:01:26","guid":{"rendered":"http:\/\/www.visit-ulcinj.com\/blog\/?p=68808"},"modified":"2013-02-15T19:02:28","modified_gmt":"2013-02-15T18:02:28","slug":"i-sanelovi-parfemi-mirisu-na-ulcinj","status":"publish","type":"post","link":"https:\/\/www.visit-ulcinj.com\/blog\/2013\/02\/15\/i-sanelovi-parfemi-mirisu-na-ulcinj\/","title":{"rendered":"I \u0160anelovi parfemi miri\u0161u na Ulcinj"},"content":{"rendered":"<p><strong>Svo eteri\u010dno ulje koje u Kodrama proizvede Jusuf Katana ide na zapadno tr\u017ei\u0161te<br \/>\n<a href=\"http:\/\/www.visit-ulcinj.com\/blog\/wp-content\/uploads\/2013\/02\/ChanelChance2003France.jpg\"><img loading=\"lazy\" class=\"alignleft  wp-image-68810\" alt=\"ChanelChance2003France\" src=\"http:\/\/www.visit-ulcinj.com\/blog\/wp-content\/uploads\/2013\/02\/ChanelChance2003France.jpg\" width=\"508\" height=\"600\" \/><\/a><br \/>\n<\/strong><\/p>\n<p>Ulcinj je grad prepoznatljiv u Evropi po nestvarnim prirodnim ljepotama &#8211; drevnom Starom gradu, veli\u010danstvenoj obali, misti\u010dnoj Bojani i \u0160askom jezeru, Adi i Valdanosu. Nadaleko je \u010duvena i ulcinjska lubenica, ali i maslinjaci i prirodno maslinovo ulje. Ali u Crnoj Gori malo ko zna da je Ulcinj vode\u0107i balkanski grad po proizvodnji etere\u010dnih ulja i za\u010dinskog bilja. Zato to dobro znaju \u010duvene farmaceutske i kozmeti\u010dke ku\u0107e u Austriji, Njema\u010dkoj, Francuskoj, a posebno u Americi.<\/p>\n<div id=\"attachment_68809\" style=\"width: 518px\" class=\"wp-caption alignleft\"><a href=\"http:\/\/www.visit-ulcinj.com\/blog\/wp-content\/uploads\/2013\/02\/Jusuf-Katana-Ulcinj.jpg\"><img aria-describedby=\"caption-attachment-68809\" loading=\"lazy\" class=\" wp-image-68809\" alt=\"Jusuf Katana Ulcinj\" src=\"http:\/\/www.visit-ulcinj.com\/blog\/wp-content\/uploads\/2013\/02\/Jusuf-Katana-Ulcinj.jpg\" width=\"508\" height=\"360\" \/><\/a><p id=\"caption-attachment-68809\" class=\"wp-caption-text\">Foto: Samir Adrovi\u0107<\/p><\/div>\n<p>Sve \u0161to preradi u svom pogonu u Kodrama, mje\u0161tanin Jusuf Katana izveze na evropsko i ameri\u010dko tr\u017ei\u0161te. U daljem procesu dorade ili prerade, to isto ulje u vidu nekih drugih proizvoda, na\u0107i \u0107e se i na crnogorskom tr\u017ei\u0161tu ali po neuporedivo ve\u0107im cijenama a malo ko \u0107e i znati da je osnovna sirovina proizvedena ba\u0161 u na\u0161oj zemlji&#8230;<\/p>\n<p>Katana je zavr\u0161io poljoprivredni fakultet i njegov pogon za preradu ljekovitog, odnosno aromati\u010dnog bilja datira iz 1986. godine. Njegov pogon je najve\u0107eg kapaciteta na Balkanu a njegovi poslovni prijatelji \u0161irom Evrope i Amerike slo\u017eni su u ocjeni da se radi o najkvalitetnijoj proizvodnji i eteri\u010dnom ulju. Pogon posluje u sastavu firme \u201cFlores trade\u201d.<\/p>\n<p>Zanat je prije toga ispekao kod jednog prijatelja u Italiji. Danima je tamo otkrivao tajne tehnologije kojom se danas veoma uspje\u0161no bavi.<\/p>\n<p>\u201cSvako ko se bavi ovim poslom ima svoje tajne i \u010duva ih za sebe. I moj prijatelj u Italiji je imao svoje koje mi nikad nije rekao. Danas ih imam i ja i kada prestanem da se bavim ovim poslom re\u0107i \u0107u ih svojoj djeci koja \u0107e naslijediti posao a oni njihovoj i tako sa koljena na koljeno. Jer ovo nije posao za jedan \u017eivotni ciklus\u201d, ka\u017ee Katana dok u svojoj kancelariji iznad pogona obja\u0161njava kako otkupljuje i prera\u0111uje bilje.<\/p>\n<p>\u201cDa bi \u010dovjek mogao da se bavi ovim poslom, mora biti ekspert. To prvo zna\u010di da umije da otkupljuje bilje jer recimo nije ista kleka iz Pljevalja, Ro\u017eaja ili ona sa Kosova\u201d, ka\u017ee i otkriva da je najbolja pljevaljska kleka i ona iz Delibatske pe\u0161\u010dare. Otkriva i da je bilje najbolje sa visoravni jer je tokom cijelog dana izlo\u017eeno suncu.<\/p>\n<p><strong><a href=\"http:\/\/www.vijesti.me\/vijesti\/i-sanelovi-parfemi-mirisu-ulcinj-clanak-113191\" target=\"_blank\">Op\u0161irnije \u010ditajte u \u0161tampanom izdanju Vijesti Online<\/a><br \/>\n<\/strong><\/p>\n","protected":false},"excerpt":{"rendered":"<p>Svo eteri\u010dno ulje koje u Kodrama proizvede Jusuf Katana ide na zapadno tr\u017ei\u0161te Ulcinj je grad prepoznatljiv u Evropi po nestvarnim prirodnim ljepotama &#8211; drevnom Starom gradu, veli\u010danstvenoj obali, misti\u010dnoj Bojani i \u0160askom jezeru, Adi i Valdanosu. Nadaleko je \u010duvena i ulcinjska lubenica, ali i maslinjaci i prirodno maslinovo ulje. Ali u Crnoj Gori malo [&hellip;]<\/p>\n","protected":false},"author":1,"featured_media":0,"comment_status":"open","ping_status":"closed","sticky":false,"template":"","format":"standard","meta":{"spay_email":"","jetpack_publicize_message":"","jetpack_is_tweetstorm":false,"jetpack_publicize_feature_enabled":true},"categories":[6950],"tags":[21880,19],"jetpack_publicize_connections":[],"yoast_head":"<!-- This site is optimized with the Yoast SEO plugin v19.1 - https:\/\/yoast.com\/wordpress\/plugins\/seo\/ -->\n<title>I \u0160anelovi parfemi miri\u0161u na Ulcinj - Lajme nga Ulqini<\/title>\n<meta name=\"description\" content=\"Svo eteri\u010dno ulje koje u Kodrama proizvede Jusuf Katana ide na zapadno tr\u017ei\u0161te Ulcinj je grad prepoznatljiv u Evropi po nestvarnim prirodnim ljepotama -\" \/>\n<meta name=\"robots\" content=\"index, follow, max-snippet:-1, max-image-preview:large, max-video-preview:-1\" \/>\n<link rel=\"canonical\" href=\"https:\/\/www.visit-ulcinj.com\/blog\/2013\/02\/15\/i-sanelovi-parfemi-mirisu-na-ulcinj\/\" \/>\n<meta property=\"og:locale\" content=\"en_US\" \/>\n<meta property=\"og:type\" content=\"article\" \/>\n<meta property=\"og:title\" content=\"I \u0160anelovi parfemi miri\u0161u na Ulcinj - Lajme nga Ulqini\" \/>\n<meta property=\"og:description\" content=\"Svo eteri\u010dno ulje koje u Kodrama proizvede Jusuf Katana ide na zapadno tr\u017ei\u0161te Ulcinj je grad prepoznatljiv u Evropi po nestvarnim prirodnim ljepotama -\" \/>\n<meta property=\"og:url\" content=\"https:\/\/www.visit-ulcinj.com\/blog\/2013\/02\/15\/i-sanelovi-parfemi-mirisu-na-ulcinj\/\" \/>\n<meta property=\"og:site_name\" content=\"Lajme nga Ulqini\" \/>\n<meta property=\"article:published_time\" content=\"2013-02-15T18:01:26+00:00\" \/>\n<meta property=\"article:modified_time\" content=\"2013-02-15T18:02:28+00:00\" \/>\n<meta property=\"og:image\" content=\"http:\/\/www.visit-ulcinj.com\/blog\/wp-content\/uploads\/2013\/02\/ChanelChance2003France.jpg\" \/>\n<meta name=\"twitter:label1\" content=\"Written by\" \/>\n\t<meta name=\"twitter:data1\" content=\"ulqini\" \/>\n\t<meta name=\"twitter:label2\" content=\"Est. reading time\" \/>\n\t<meta name=\"twitter:data2\" content=\"2 minutes\" \/>\n<script type=\"application\/ld+json\" class=\"yoast-schema-graph\">{\"@context\":\"https:\/\/schema.org\",\"@graph\":[{\"@type\":\"WebSite\",\"@id\":\"https:\/\/www.visit-ulcinj.com\/blog\/#website\",\"url\":\"https:\/\/www.visit-ulcinj.com\/blog\/\",\"name\":\"Lajme nga Ulqini\",\"description\":\"Lajme,Vijesti,Ulqini,Ulqin,Crna Gora,Mali i Zi\",\"potentialAction\":[{\"@type\":\"SearchAction\",\"target\":{\"@type\":\"EntryPoint\",\"urlTemplate\":\"https:\/\/www.visit-ulcinj.com\/blog\/?s={search_term_string}\"},\"query-input\":\"required name=search_term_string\"}],\"inLanguage\":\"en-US\"},{\"@type\":\"ImageObject\",\"inLanguage\":\"en-US\",\"@id\":\"https:\/\/www.visit-ulcinj.com\/blog\/2013\/02\/15\/i-sanelovi-parfemi-mirisu-na-ulcinj\/#primaryimage\",\"url\":\"https:\/\/www.visit-ulcinj.com\/blog\/wp-content\/uploads\/2013\/02\/ChanelChance2003France.jpg\",\"contentUrl\":\"https:\/\/www.visit-ulcinj.com\/blog\/wp-content\/uploads\/2013\/02\/ChanelChance2003France.jpg\",\"width\":787,\"height\":1023},{\"@type\":\"WebPage\",\"@id\":\"https:\/\/www.visit-ulcinj.com\/blog\/2013\/02\/15\/i-sanelovi-parfemi-mirisu-na-ulcinj\/#webpage\",\"url\":\"https:\/\/www.visit-ulcinj.com\/blog\/2013\/02\/15\/i-sanelovi-parfemi-mirisu-na-ulcinj\/\",\"name\":\"I \u0160anelovi parfemi miri\u0161u na Ulcinj - Lajme nga Ulqini\",\"isPartOf\":{\"@id\":\"https:\/\/www.visit-ulcinj.com\/blog\/#website\"},\"primaryImageOfPage\":{\"@id\":\"https:\/\/www.visit-ulcinj.com\/blog\/2013\/02\/15\/i-sanelovi-parfemi-mirisu-na-ulcinj\/#primaryimage\"},\"datePublished\":\"2013-02-15T18:01:26+00:00\",\"dateModified\":\"2013-02-15T18:02:28+00:00\",\"author\":{\"@id\":\"https:\/\/www.visit-ulcinj.com\/blog\/#\/schema\/person\/dcab619c614d3038751c63bc2aadc06d\"},\"description\":\"Svo eteri\u010dno ulje koje u Kodrama proizvede Jusuf Katana ide na zapadno tr\u017ei\u0161te Ulcinj je grad prepoznatljiv u Evropi po nestvarnim prirodnim ljepotama -\",\"breadcrumb\":{\"@id\":\"https:\/\/www.visit-ulcinj.com\/blog\/2013\/02\/15\/i-sanelovi-parfemi-mirisu-na-ulcinj\/#breadcrumb\"},\"inLanguage\":\"en-US\",\"potentialAction\":[{\"@type\":\"ReadAction\",\"target\":[\"https:\/\/www.visit-ulcinj.com\/blog\/2013\/02\/15\/i-sanelovi-parfemi-mirisu-na-ulcinj\/\"]}]},{\"@type\":\"BreadcrumbList\",\"@id\":\"https:\/\/www.visit-ulcinj.com\/blog\/2013\/02\/15\/i-sanelovi-parfemi-mirisu-na-ulcinj\/#breadcrumb\",\"itemListElement\":[{\"@type\":\"ListItem\",\"position\":1,\"name\":\"I \u0160anelovi parfemi miri\u0161u na Ulcinj\"}]},{\"@type\":\"Person\",\"@id\":\"https:\/\/www.visit-ulcinj.com\/blog\/#\/schema\/person\/dcab619c614d3038751c63bc2aadc06d\",\"name\":\"ulqini\",\"sameAs\":[\"http:\/\/www.visit-ulcinj.com\"],\"url\":\"https:\/\/www.visit-ulcinj.com\/blog\/author\/admin\/\"}]}<\/script>\n<!-- \/ Yoast SEO plugin. -->","yoast_head_json":{"title":"I \u0160anelovi parfemi miri\u0161u na Ulcinj - Lajme nga Ulqini","description":"Svo eteri\u010dno ulje koje u Kodrama proizvede Jusuf Katana ide na zapadno tr\u017ei\u0161te Ulcinj je grad prepoznatljiv u Evropi po nestvarnim prirodnim ljepotama -","robots":{"index":"index","follow":"follow","max-snippet":"max-snippet:-1","max-image-preview":"max-image-preview:large","max-video-preview":"max-video-preview:-1"},"canonical":"https:\/\/www.visit-ulcinj.com\/blog\/2013\/02\/15\/i-sanelovi-parfemi-mirisu-na-ulcinj\/","og_locale":"en_US","og_type":"article","og_title":"I \u0160anelovi parfemi miri\u0161u na Ulcinj - Lajme nga Ulqini","og_description":"Svo eteri\u010dno ulje koje u Kodrama proizvede Jusuf Katana ide na zapadno tr\u017ei\u0161te Ulcinj je grad prepoznatljiv u Evropi po nestvarnim prirodnim ljepotama -","og_url":"https:\/\/www.visit-ulcinj.com\/blog\/2013\/02\/15\/i-sanelovi-parfemi-mirisu-na-ulcinj\/","og_site_name":"Lajme nga Ulqini","article_published_time":"2013-02-15T18:01:26+00:00","article_modified_time":"2013-02-15T18:02:28+00:00","og_image":[{"url":"http:\/\/www.visit-ulcinj.com\/blog\/wp-content\/uploads\/2013\/02\/ChanelChance2003France.jpg"}],"twitter_misc":{"Written by":"ulqini","Est. reading time":"2 minutes"},"schema":{"@context":"https:\/\/schema.org","@graph":[{"@type":"WebSite","@id":"https:\/\/www.visit-ulcinj.com\/blog\/#website","url":"https:\/\/www.visit-ulcinj.com\/blog\/","name":"Lajme nga Ulqini","description":"Lajme,Vijesti,Ulqini,Ulqin,Crna Gora,Mali i Zi","potentialAction":[{"@type":"SearchAction","target":{"@type":"EntryPoint","urlTemplate":"https:\/\/www.visit-ulcinj.com\/blog\/?s={search_term_string}"},"query-input":"required name=search_term_string"}],"inLanguage":"en-US"},{"@type":"ImageObject","inLanguage":"en-US","@id":"https:\/\/www.visit-ulcinj.com\/blog\/2013\/02\/15\/i-sanelovi-parfemi-mirisu-na-ulcinj\/#primaryimage","url":"https:\/\/www.visit-ulcinj.com\/blog\/wp-content\/uploads\/2013\/02\/ChanelChance2003France.jpg","contentUrl":"https:\/\/www.visit-ulcinj.com\/blog\/wp-content\/uploads\/2013\/02\/ChanelChance2003France.jpg","width":787,"height":1023},{"@type":"WebPage","@id":"https:\/\/www.visit-ulcinj.com\/blog\/2013\/02\/15\/i-sanelovi-parfemi-mirisu-na-ulcinj\/#webpage","url":"https:\/\/www.visit-ulcinj.com\/blog\/2013\/02\/15\/i-sanelovi-parfemi-mirisu-na-ulcinj\/","name":"I \u0160anelovi parfemi miri\u0161u na Ulcinj - Lajme nga Ulqini","isPartOf":{"@id":"https:\/\/www.visit-ulcinj.com\/blog\/#website"},"primaryImageOfPage":{"@id":"https:\/\/www.visit-ulcinj.com\/blog\/2013\/02\/15\/i-sanelovi-parfemi-mirisu-na-ulcinj\/#primaryimage"},"datePublished":"2013-02-15T18:01:26+00:00","dateModified":"2013-02-15T18:02:28+00:00","author":{"@id":"https:\/\/www.visit-ulcinj.com\/blog\/#\/schema\/person\/dcab619c614d3038751c63bc2aadc06d"},"description":"Svo eteri\u010dno ulje koje u Kodrama proizvede Jusuf Katana ide na zapadno tr\u017ei\u0161te Ulcinj je grad prepoznatljiv u Evropi po nestvarnim prirodnim ljepotama -","breadcrumb":{"@id":"https:\/\/www.visit-ulcinj.com\/blog\/2013\/02\/15\/i-sanelovi-parfemi-mirisu-na-ulcinj\/#breadcrumb"},"inLanguage":"en-US","potentialAction":[{"@type":"ReadAction","target":["https:\/\/www.visit-ulcinj.com\/blog\/2013\/02\/15\/i-sanelovi-parfemi-mirisu-na-ulcinj\/"]}]},{"@type":"BreadcrumbList","@id":"https:\/\/www.visit-ulcinj.com\/blog\/2013\/02\/15\/i-sanelovi-parfemi-mirisu-na-ulcinj\/#breadcrumb","itemListElement":[{"@type":"ListItem","position":1,"name":"I \u0160anelovi parfemi miri\u0161u na Ulcinj"}]},{"@type":"Person","@id":"https:\/\/www.visit-ulcinj.com\/blog\/#\/schema\/person\/dcab619c614d3038751c63bc2aadc06d","name":"ulqini","sameAs":["http:\/\/www.visit-ulcinj.com"],"url":"https:\/\/www.visit-ulcinj.com\/blog\/author\/admin\/"}]}},"jetpack_featured_media_url":"","jetpack_sharing_enabled":true,"jetpack_shortlink":"https:\/\/wp.me\/pe6lTn-hTO","_links":{"self":[{"href":"https:\/\/www.visit-ulcinj.com\/blog\/wp-json\/wp\/v2\/posts\/68808"}],"collection":[{"href":"https:\/\/www.visit-ulcinj.com\/blog\/wp-json\/wp\/v2\/posts"}],"about":[{"href":"https:\/\/www.visit-ulcinj.com\/blog\/wp-json\/wp\/v2\/types\/post"}],"author":[{"embeddable":true,"href":"https:\/\/www.visit-ulcinj.com\/blog\/wp-json\/wp\/v2\/users\/1"}],"replies":[{"embeddable":true,"href":"https:\/\/www.visit-ulcinj.com\/blog\/wp-json\/wp\/v2\/comments?post=68808"}],"version-history":[{"count":3,"href":"https:\/\/www.visit-ulcinj.com\/blog\/wp-json\/wp\/v2\/posts\/68808\/revisions"}],"predecessor-version":[{"id":68813,"href":"https:\/\/www.visit-ulcinj.com\/blog\/wp-json\/wp\/v2\/posts\/68808\/revisions\/68813"}],"wp:attachment":[{"href":"https:\/\/www.visit-ulcinj.com\/blog\/wp-json\/wp\/v2\/media?parent=68808"}],"wp:term":[{"taxonomy":"category","embeddable":true,"href":"https:\/\/www.visit-ulcinj.com\/blog\/wp-json\/wp\/v2\/categories?post=68808"},{"taxonomy":"post_tag","embeddable":true,"href":"https:\/\/www.visit-ulcinj.com\/blog\/wp-json\/wp\/v2\/tags?post=68808"}],"curies":[{"name":"wp","href":"https:\/\/api.w.org\/{rel}","templated":true}]}}