{"id":68814,"date":"2013-02-16T09:08:28","date_gmt":"2013-02-16T08:08:28","guid":{"rendered":"http:\/\/www.visit-ulcinj.com\/blog\/?p=68814"},"modified":"2013-02-18T18:50:29","modified_gmt":"2013-02-18T17:50:29","slug":"kryetari-cungu-nenshkraun-kontrat-per-parkingun-e-stacionit-te-vjeter-te-autobuseve","status":"publish","type":"post","link":"https:\/\/www.visit-ulcinj.com\/blog\/2013\/02\/16\/kryetari-cungu-nenshkraun-kontrat-per-parkingun-e-stacionit-te-vjeter-te-autobuseve\/","title":{"rendered":"Kryetari Cungu n\u00ebnshkraun Kontrat p\u00ebr \u201cParkingun e Stacionit t\u00eb vjet\u00ebr t\u00eb autobus\u00ebve\u201d"},"content":{"rendered":"<p><strong><a href=\"http:\/\/www.visit-ulcinj.com\/blog\/wp-content\/uploads\/2013\/02\/Kryetari-Cungu-dhe-nenkryetari-i-Bashkesis\u00eb-Islame-t\u00eb-Ulqinit-Gazmend-Dollaku_kontrata.jpg\"><img loading=\"lazy\" class=\"alignleft  wp-image-68819\" alt=\"Kryetari Cungu dhe nenkryetari i Bashkesis\u00eb Islame t\u00eb Ulqinit Gazmend Dollaku_kontrata\" src=\"http:\/\/www.visit-ulcinj.com\/blog\/wp-content\/uploads\/2013\/02\/Kryetari-Cungu-dhe-nenkryetari-i-Bashkesis\u00eb-Islame-t\u00eb-Ulqinit-Gazmend-Dollaku_kontrata.jpg\" width=\"508\" height=\"360\" \/><\/a>N\u00ebnshkruhet Kontrata p\u00ebr dh\u00ebnien n\u00eb shfryt\u00ebzim t\u00eb patundshm\u00ebris\u00eb \u201cHap\u00ebsira e parkingut te Stacioni i vjet\u00ebr i autobus\u00ebve\u201d<\/strong><\/p>\n<p>N\u00eb pajtim me dispozitat e Vendimit t\u00eb Kuvendit t\u00eb Komun\u00ebs s\u00eb Ulqinit p\u00ebr dh\u00ebnien n\u00eb shfryt\u00ebzim t\u00eb patundshm\u00ebris\u00eb pa kompensim Bashk\u00ebsis\u00eb Islame Ulqin, sot \u00ebsht\u00eb n\u00ebnshkruar Kontrata p\u00ebr dh\u00ebnien n\u00eb shfryt\u00ebzim t\u00eb patundshm\u00ebris\u00eb &#8220;Hap\u00ebsira e parkingut te Stacioni i vjet\u00ebr i autobus\u00ebve&#8221;. Kontrat\u00ebn e kan\u00eb n\u00ebnshkruar Kryetari Cungu dhe n\u00ebnkryetari i Bashk\u00ebsis\u00eb Islame t\u00eb Ulqinit Gazmend Dollaku.<\/p>\n<p><strong>Municipality of Ulcinj \/ Op\u0161tina Ulcinj \/ Komuna e Ulqinit<\/strong><br \/>\nTel: +382 30 412 050<br \/>\nFax: +382 30 412 413<br \/>\nAdresa: Bul. Skenderbeu bb, 85360 Ulcinj, MNE<\/p>\n<p><a href=\"http:\/\/www.visit-ulcinj.com\/blog\/wp-content\/uploads\/2013\/02\/Kryetari-Cungu-dhe-nenkryetari-i-Bashkesis\u00eb-Islame-t\u00eb-Ulqinit-Gazmend-Dollaku_kontrata.2.jpg\"><img loading=\"lazy\" class=\"alignleft  wp-image-68817\" alt=\"Kryetari Cungu dhe nenkryetari i Bashkesis\u00eb Islame t\u00eb Ulqinit Gazmend Dollaku_kontrata.2\" src=\"http:\/\/www.visit-ulcinj.com\/blog\/wp-content\/uploads\/2013\/02\/Kryetari-Cungu-dhe-nenkryetari-i-Bashkesis\u00eb-Islame-t\u00eb-Ulqinit-Gazmend-Dollaku_kontrata.2.jpg\" width=\"508\" height=\"300\" \/><\/a><\/p>\n<p>U skladu sa odredbama Odluke Skupstine opstine Ulcinj o davanju na koriscenje nekretnine bez naknade Islamskoj vjerskoj zajednici Ulcinj(Sl.Iist CG-opstinski propisi br.4\/ 13-13 8) , ugovorne strane<\/p>\n<p><b>1. Opstina Ulcinj, koju zastupa Predsjednik Opstine Nazif Cungu,<\/b><\/p>\n<p><b>2. Islamska vjerska zajednica Ulcinj, koj u zastupa predsjednik IVZ Ulcinj Gazmend Dollaku <\/b>,<\/p>\n<p><b>Dana 15.02.2013.godine zakljucuju<\/b><\/p>\n<p style=\"text-align: center;\"><b>UGOVOR 0 DA V ANJU NA KORISCENJE NEPOKRETNOSTI BEZ NAKNADE<\/b><\/p>\n<p align=\"center\"><b>\u00a0Clan 1.<\/b><\/p>\n<p>Opstina Ulcinj je nosilac prava raspolaganja na kat. parceli br. 1406\/2, po namjeni parking, upisana u LN.br.604 KO Ulcinj Svojina Crne Gore-nosilac prava raspolaganja Opstina Ulcinj u povrsini od 1796 m2.<\/p>\n<p align=\"center\">\u00a0<b>Clan 2.<\/b><\/p>\n<p>Nepokretnost iz clana I. ovog Ugovor Opstina Ulcinj daje na koriscenje bez naknade lslamskoj vjerskoj zajednici-Ulcinj, do konacnog rjesenja svojinsko-pravnog statusa predmetne nepokretnosti i njenog privodenja namjeni u skladu sa usvojenim urbanistickim dokumentima.<\/p>\n<p align=\"center\">\u00a0<b>Clan 3.<\/b><\/p>\n<p>IVZ Ulcinj se obavezuje da ce se prema predmetnoj nepokretnosti odnositi sa paznjom dobrog privrednika i domacina.<\/p>\n<p>IVZ Ulcinj bez saglasnosti Opstine Ulcinjz ne smije na predmetnoj nepokretnosti izvoditi nikakve gradevinske iii slicne radove, koje prelaze potrebe odrzavanja nepokretnosti.<\/p>\n<p>IVZ Ulcinj je duzna da predmetnu nepokretnost koristi u skladu sa namjenom koja je za istu odredena(parking).<\/p>\n<p>u slucaju nepostovanja ove odredbe, ugovor se smatra raskinutim i rvz Ulcinj je duzna osloboditi predmetnu nepokretnsot u roku od 8(osam) dana, pod prijetnjom prinudnog izvrsenja.<\/p>\n<p align=\"center\">\u00a0<b>Clan 4.<\/b><\/p>\n<p>Nepokretnosti koje su predmet ovog Ugovora se IVZ Ulcinj daju na koriscenje bez naknade.<\/p>\n<p align=\"center\">\u00a0<b>Clan 5.<\/b><\/p>\n<p>Na sva pitanja koja nijesu uredena ovim Ugovorom primenjivace se odredbe Zakona o drzavnoj imovini i Zakona o obligacionim odnosima.<\/p>\n<p align=\"center\">\u00a0<b>Clan 6.<\/b><\/p>\n<p>U slucaju spora, utvrduje se nadleznost Osnovnog suda u Ulcinju.<\/p>\n<p align=\"center\">\u00a0<b>Clan 7.<\/b><\/p>\n<p>Ovaj ugovor je sacmJen u dovoljan broj primjeraka, od kojih svaka ugovorena strana zaddava po jedan.<br \/>\n<a href=\"http:\/\/www.visit-ulcinj.com\/blog\/wp-content\/uploads\/2013\/02\/Ugovor_Cungu_Islamska-zajednica-Ulcinja.jpg\"><img loading=\"lazy\" class=\"alignleft  wp-image-68815\" alt=\"Ugovor_Cungu_Islamska zajednica Ulcinja\" src=\"http:\/\/www.visit-ulcinj.com\/blog\/wp-content\/uploads\/2013\/02\/Ugovor_Cungu_Islamska-zajednica-Ulcinja.jpg\" width=\"508\" height=\"116\" \/><\/a><br \/>\n\n\t\t<style type=\"text\/css\">\n\t\t\t#gallery-1 {\n\t\t\t\tmargin: auto;\n\t\t\t}\n\t\t\t#gallery-1 .gallery-item {\n\t\t\t\tfloat: left;\n\t\t\t\tmargin-top: 10px;\n\t\t\t\ttext-align: center;\n\t\t\t\twidth: 33%;\n\t\t\t}\n\t\t\t#gallery-1 img {\n\t\t\t\tborder: 2px solid #cfcfcf;\n\t\t\t}\n\t\t\t#gallery-1 .gallery-caption {\n\t\t\t\tmargin-left: 0;\n\t\t\t}\n\t\t\t\/* see gallery_shortcode() in wp-includes\/media.php *\/\n\t\t<\/style>\n\t\t<div id='gallery-1' class='gallery galleryid-68814 gallery-columns-3 gallery-size-thumbnail'><dl class='gallery-item'>\n\t\t\t<dt class='gallery-icon landscape'>\n\t\t\t\t<a href='https:\/\/www.visit-ulcinj.com\/blog\/2013\/02\/16\/kryetari-cungu-nenshkraun-kontrat-per-parkingun-e-stacionit-te-vjeter-te-autobuseve\/kryetari-cungu-dhe-nenkryetari-i-bashkesise-islame-te-ulqinit-gazmend-dollaku_kontrata-2\/'><img width=\"150\" height=\"150\" src=\"https:\/\/www.visit-ulcinj.com\/blog\/wp-content\/uploads\/2013\/02\/Kryetari-Cungu-dhe-nenkryetari-i-Bashkesis\u00eb-Islame-t\u00eb-Ulqinit-Gazmend-Dollaku_kontrata.2-150x150.jpg\" class=\"attachment-thumbnail size-thumbnail\" alt=\"\" loading=\"lazy\" \/><\/a>\n\t\t\t<\/dt><\/dl><dl class='gallery-item'>\n\t\t\t<dt class='gallery-icon landscape'>\n\t\t\t\t<a href='https:\/\/www.visit-ulcinj.com\/blog\/2013\/02\/16\/kryetari-cungu-nenshkraun-kontrat-per-parkingun-e-stacionit-te-vjeter-te-autobuseve\/kryetari-cungu-dhe-nenkryetari-i-bashkesise-islame-te-ulqinit-gazmend-dollaku_kontrata-3\/'><img width=\"150\" height=\"150\" src=\"https:\/\/www.visit-ulcinj.com\/blog\/wp-content\/uploads\/2013\/02\/Kryetari-Cungu-dhe-nenkryetari-i-Bashkesis\u00eb-Islame-t\u00eb-Ulqinit-Gazmend-Dollaku_kontrata.3-150x150.jpg\" class=\"attachment-thumbnail size-thumbnail\" alt=\"\" loading=\"lazy\" \/><\/a>\n\t\t\t<\/dt><\/dl><dl class='gallery-item'>\n\t\t\t<dt class='gallery-icon landscape'>\n\t\t\t\t<a href='https:\/\/www.visit-ulcinj.com\/blog\/2013\/02\/16\/kryetari-cungu-nenshkraun-kontrat-per-parkingun-e-stacionit-te-vjeter-te-autobuseve\/kryetari-cungu-dhe-nenkryetari-i-bashkesise-islame-te-ulqinit-gazmend-dollaku_kontrata-1\/'><img width=\"150\" height=\"150\" src=\"https:\/\/www.visit-ulcinj.com\/blog\/wp-content\/uploads\/2013\/02\/Kryetari-Cungu-dhe-nenkryetari-i-Bashkesis\u00eb-Islame-t\u00eb-Ulqinit-Gazmend-Dollaku_kontrata.1-150x150.jpg\" class=\"attachment-thumbnail size-thumbnail\" alt=\"\" loading=\"lazy\" \/><\/a>\n\t\t\t<\/dt><\/dl><br style=\"clear: both\" \/>\n\t\t<\/div>\n<\/p>\n","protected":false},"excerpt":{"rendered":"<p>N\u00ebnshkruhet Kontrata p\u00ebr dh\u00ebnien n\u00eb shfryt\u00ebzim t\u00eb patundshm\u00ebris\u00eb \u201cHap\u00ebsira e parkingut te Stacioni i vjet\u00ebr i autobus\u00ebve\u201d N\u00eb pajtim me dispozitat e Vendimit t\u00eb Kuvendit t\u00eb Komun\u00ebs s\u00eb Ulqinit p\u00ebr dh\u00ebnien n\u00eb shfryt\u00ebzim t\u00eb patundshm\u00ebris\u00eb pa kompensim Bashk\u00ebsis\u00eb Islame Ulqin, sot \u00ebsht\u00eb n\u00ebnshkruar Kontrata p\u00ebr dh\u00ebnien n\u00eb shfryt\u00ebzim t\u00eb patundshm\u00ebris\u00eb &#8220;Hap\u00ebsira e parkingut te Stacioni [&hellip;]<\/p>\n","protected":false},"author":1,"featured_media":0,"comment_status":"open","ping_status":"closed","sticky":false,"template":"","format":"standard","meta":{"spay_email":"","jetpack_publicize_message":"","jetpack_is_tweetstorm":false,"jetpack_publicize_feature_enabled":true},"categories":[1,6],"tags":[21613,297,118,1035],"jetpack_publicize_connections":[],"yoast_head":"<!-- This site is optimized with the Yoast SEO plugin v19.1 - https:\/\/yoast.com\/wordpress\/plugins\/seo\/ -->\n<title>Kryetari Cungu n\u00ebnshkraun Kontrat p\u00ebr \u201cParkingun e Stacionit t\u00eb vjet\u00ebr t\u00eb autobus\u00ebve\u201d - Lajme nga Ulqini<\/title>\n<meta name=\"description\" content=\"N\u00ebnshkruhet Kontrata p\u00ebr dh\u00ebnien n\u00eb shfryt\u00ebzim t\u00eb patundshm\u00ebris\u00eb \u201cHap\u00ebsira e parkingut te Stacioni i vjet\u00ebr i autobus\u00ebve\u201d N\u00eb pajtim me dispozitat e\" \/>\n<meta name=\"robots\" content=\"index, follow, max-snippet:-1, max-image-preview:large, max-video-preview:-1\" \/>\n<link rel=\"canonical\" href=\"https:\/\/www.visit-ulcinj.com\/blog\/2013\/02\/16\/kryetari-cungu-nenshkraun-kontrat-per-parkingun-e-stacionit-te-vjeter-te-autobuseve\/\" \/>\n<meta property=\"og:locale\" content=\"en_US\" \/>\n<meta property=\"og:type\" content=\"article\" \/>\n<meta property=\"og:title\" content=\"Kryetari Cungu n\u00ebnshkraun Kontrat p\u00ebr \u201cParkingun e Stacionit t\u00eb vjet\u00ebr t\u00eb autobus\u00ebve\u201d - Lajme nga Ulqini\" \/>\n<meta property=\"og:description\" content=\"N\u00ebnshkruhet Kontrata p\u00ebr dh\u00ebnien n\u00eb shfryt\u00ebzim t\u00eb patundshm\u00ebris\u00eb \u201cHap\u00ebsira e parkingut te Stacioni i vjet\u00ebr i autobus\u00ebve\u201d N\u00eb pajtim me dispozitat e\" \/>\n<meta property=\"og:url\" content=\"https:\/\/www.visit-ulcinj.com\/blog\/2013\/02\/16\/kryetari-cungu-nenshkraun-kontrat-per-parkingun-e-stacionit-te-vjeter-te-autobuseve\/\" \/>\n<meta property=\"og:site_name\" content=\"Lajme nga Ulqini\" \/>\n<meta property=\"article:published_time\" content=\"2013-02-16T08:08:28+00:00\" \/>\n<meta property=\"article:modified_time\" content=\"2013-02-18T17:50:29+00:00\" \/>\n<meta property=\"og:image\" content=\"https:\/\/www.visit-ulcinj.com\/blog\/wp-content\/uploads\/2013\/02\/Kryetari-Cungu-dhe-nenkryetari-i-Bashkesis\u00eb-Islame-t\u00eb-Ulqinit-Gazmend-Dollaku_kontrata.2-150x150.jpg\" \/>\n<meta name=\"twitter:label1\" content=\"Written by\" \/>\n\t<meta name=\"twitter:data1\" content=\"ulqini\" \/>\n\t<meta name=\"twitter:label2\" content=\"Est. reading time\" \/>\n\t<meta name=\"twitter:data2\" content=\"2 minutes\" \/>\n<script type=\"application\/ld+json\" class=\"yoast-schema-graph\">{\"@context\":\"https:\/\/schema.org\",\"@graph\":[{\"@type\":\"WebSite\",\"@id\":\"https:\/\/www.visit-ulcinj.com\/blog\/#website\",\"url\":\"https:\/\/www.visit-ulcinj.com\/blog\/\",\"name\":\"Lajme nga Ulqini\",\"description\":\"Lajme,Vijesti,Ulqini,Ulqin,Crna Gora,Mali i Zi\",\"potentialAction\":[{\"@type\":\"SearchAction\",\"target\":{\"@type\":\"EntryPoint\",\"urlTemplate\":\"https:\/\/www.visit-ulcinj.com\/blog\/?s={search_term_string}\"},\"query-input\":\"required name=search_term_string\"}],\"inLanguage\":\"en-US\"},{\"@type\":\"ImageObject\",\"inLanguage\":\"en-US\",\"@id\":\"https:\/\/www.visit-ulcinj.com\/blog\/2013\/02\/16\/kryetari-cungu-nenshkraun-kontrat-per-parkingun-e-stacionit-te-vjeter-te-autobuseve\/#primaryimage\",\"url\":\"https:\/\/www.visit-ulcinj.com\/blog\/wp-content\/uploads\/2013\/02\/Ugovor_Cungu_Islamska-zajednica-Ulcinja.jpg\",\"contentUrl\":\"https:\/\/www.visit-ulcinj.com\/blog\/wp-content\/uploads\/2013\/02\/Ugovor_Cungu_Islamska-zajednica-Ulcinja.jpg\",\"width\":659,\"height\":116},{\"@type\":\"WebPage\",\"@id\":\"https:\/\/www.visit-ulcinj.com\/blog\/2013\/02\/16\/kryetari-cungu-nenshkraun-kontrat-per-parkingun-e-stacionit-te-vjeter-te-autobuseve\/#webpage\",\"url\":\"https:\/\/www.visit-ulcinj.com\/blog\/2013\/02\/16\/kryetari-cungu-nenshkraun-kontrat-per-parkingun-e-stacionit-te-vjeter-te-autobuseve\/\",\"name\":\"Kryetari Cungu n\u00ebnshkraun Kontrat p\u00ebr \u201cParkingun e Stacionit t\u00eb vjet\u00ebr t\u00eb autobus\u00ebve\u201d - Lajme nga Ulqini\",\"isPartOf\":{\"@id\":\"https:\/\/www.visit-ulcinj.com\/blog\/#website\"},\"primaryImageOfPage\":{\"@id\":\"https:\/\/www.visit-ulcinj.com\/blog\/2013\/02\/16\/kryetari-cungu-nenshkraun-kontrat-per-parkingun-e-stacionit-te-vjeter-te-autobuseve\/#primaryimage\"},\"datePublished\":\"2013-02-16T08:08:28+00:00\",\"dateModified\":\"2013-02-18T17:50:29+00:00\",\"author\":{\"@id\":\"https:\/\/www.visit-ulcinj.com\/blog\/#\/schema\/person\/dcab619c614d3038751c63bc2aadc06d\"},\"description\":\"N\u00ebnshkruhet Kontrata p\u00ebr dh\u00ebnien n\u00eb shfryt\u00ebzim t\u00eb patundshm\u00ebris\u00eb \u201cHap\u00ebsira e parkingut te Stacioni i vjet\u00ebr i autobus\u00ebve\u201d N\u00eb pajtim me dispozitat e\",\"breadcrumb\":{\"@id\":\"https:\/\/www.visit-ulcinj.com\/blog\/2013\/02\/16\/kryetari-cungu-nenshkraun-kontrat-per-parkingun-e-stacionit-te-vjeter-te-autobuseve\/#breadcrumb\"},\"inLanguage\":\"en-US\",\"potentialAction\":[{\"@type\":\"ReadAction\",\"target\":[\"https:\/\/www.visit-ulcinj.com\/blog\/2013\/02\/16\/kryetari-cungu-nenshkraun-kontrat-per-parkingun-e-stacionit-te-vjeter-te-autobuseve\/\"]}]},{\"@type\":\"BreadcrumbList\",\"@id\":\"https:\/\/www.visit-ulcinj.com\/blog\/2013\/02\/16\/kryetari-cungu-nenshkraun-kontrat-per-parkingun-e-stacionit-te-vjeter-te-autobuseve\/#breadcrumb\",\"itemListElement\":[{\"@type\":\"ListItem\",\"position\":1,\"name\":\"Kryetari Cungu n\u00ebnshkraun Kontrat p\u00ebr \u201cParkingun e Stacionit t\u00eb vjet\u00ebr t\u00eb autobus\u00ebve\u201d\"}]},{\"@type\":\"Person\",\"@id\":\"https:\/\/www.visit-ulcinj.com\/blog\/#\/schema\/person\/dcab619c614d3038751c63bc2aadc06d\",\"name\":\"ulqini\",\"sameAs\":[\"http:\/\/www.visit-ulcinj.com\"],\"url\":\"https:\/\/www.visit-ulcinj.com\/blog\/author\/admin\/\"}]}<\/script>\n<!-- \/ Yoast SEO plugin. -->","yoast_head_json":{"title":"Kryetari Cungu n\u00ebnshkraun Kontrat p\u00ebr \u201cParkingun e Stacionit t\u00eb vjet\u00ebr t\u00eb autobus\u00ebve\u201d - Lajme nga Ulqini","description":"N\u00ebnshkruhet Kontrata p\u00ebr dh\u00ebnien n\u00eb shfryt\u00ebzim t\u00eb patundshm\u00ebris\u00eb \u201cHap\u00ebsira e parkingut te Stacioni i vjet\u00ebr i autobus\u00ebve\u201d N\u00eb pajtim me dispozitat e","robots":{"index":"index","follow":"follow","max-snippet":"max-snippet:-1","max-image-preview":"max-image-preview:large","max-video-preview":"max-video-preview:-1"},"canonical":"https:\/\/www.visit-ulcinj.com\/blog\/2013\/02\/16\/kryetari-cungu-nenshkraun-kontrat-per-parkingun-e-stacionit-te-vjeter-te-autobuseve\/","og_locale":"en_US","og_type":"article","og_title":"Kryetari Cungu n\u00ebnshkraun Kontrat p\u00ebr \u201cParkingun e Stacionit t\u00eb vjet\u00ebr t\u00eb autobus\u00ebve\u201d - Lajme nga Ulqini","og_description":"N\u00ebnshkruhet Kontrata p\u00ebr dh\u00ebnien n\u00eb shfryt\u00ebzim t\u00eb patundshm\u00ebris\u00eb \u201cHap\u00ebsira e parkingut te Stacioni i vjet\u00ebr i autobus\u00ebve\u201d N\u00eb pajtim me dispozitat e","og_url":"https:\/\/www.visit-ulcinj.com\/blog\/2013\/02\/16\/kryetari-cungu-nenshkraun-kontrat-per-parkingun-e-stacionit-te-vjeter-te-autobuseve\/","og_site_name":"Lajme nga Ulqini","article_published_time":"2013-02-16T08:08:28+00:00","article_modified_time":"2013-02-18T17:50:29+00:00","og_image":[{"url":"https:\/\/www.visit-ulcinj.com\/blog\/wp-content\/uploads\/2013\/02\/Kryetari-Cungu-dhe-nenkryetari-i-Bashkesis\u00eb-Islame-t\u00eb-Ulqinit-Gazmend-Dollaku_kontrata.2-150x150.jpg"}],"twitter_misc":{"Written by":"ulqini","Est. reading time":"2 minutes"},"schema":{"@context":"https:\/\/schema.org","@graph":[{"@type":"WebSite","@id":"https:\/\/www.visit-ulcinj.com\/blog\/#website","url":"https:\/\/www.visit-ulcinj.com\/blog\/","name":"Lajme nga Ulqini","description":"Lajme,Vijesti,Ulqini,Ulqin,Crna Gora,Mali i Zi","potentialAction":[{"@type":"SearchAction","target":{"@type":"EntryPoint","urlTemplate":"https:\/\/www.visit-ulcinj.com\/blog\/?s={search_term_string}"},"query-input":"required name=search_term_string"}],"inLanguage":"en-US"},{"@type":"ImageObject","inLanguage":"en-US","@id":"https:\/\/www.visit-ulcinj.com\/blog\/2013\/02\/16\/kryetari-cungu-nenshkraun-kontrat-per-parkingun-e-stacionit-te-vjeter-te-autobuseve\/#primaryimage","url":"https:\/\/www.visit-ulcinj.com\/blog\/wp-content\/uploads\/2013\/02\/Ugovor_Cungu_Islamska-zajednica-Ulcinja.jpg","contentUrl":"https:\/\/www.visit-ulcinj.com\/blog\/wp-content\/uploads\/2013\/02\/Ugovor_Cungu_Islamska-zajednica-Ulcinja.jpg","width":659,"height":116},{"@type":"WebPage","@id":"https:\/\/www.visit-ulcinj.com\/blog\/2013\/02\/16\/kryetari-cungu-nenshkraun-kontrat-per-parkingun-e-stacionit-te-vjeter-te-autobuseve\/#webpage","url":"https:\/\/www.visit-ulcinj.com\/blog\/2013\/02\/16\/kryetari-cungu-nenshkraun-kontrat-per-parkingun-e-stacionit-te-vjeter-te-autobuseve\/","name":"Kryetari Cungu n\u00ebnshkraun Kontrat p\u00ebr \u201cParkingun e Stacionit t\u00eb vjet\u00ebr t\u00eb autobus\u00ebve\u201d - Lajme nga Ulqini","isPartOf":{"@id":"https:\/\/www.visit-ulcinj.com\/blog\/#website"},"primaryImageOfPage":{"@id":"https:\/\/www.visit-ulcinj.com\/blog\/2013\/02\/16\/kryetari-cungu-nenshkraun-kontrat-per-parkingun-e-stacionit-te-vjeter-te-autobuseve\/#primaryimage"},"datePublished":"2013-02-16T08:08:28+00:00","dateModified":"2013-02-18T17:50:29+00:00","author":{"@id":"https:\/\/www.visit-ulcinj.com\/blog\/#\/schema\/person\/dcab619c614d3038751c63bc2aadc06d"},"description":"N\u00ebnshkruhet Kontrata p\u00ebr dh\u00ebnien n\u00eb shfryt\u00ebzim t\u00eb patundshm\u00ebris\u00eb \u201cHap\u00ebsira e parkingut te Stacioni i vjet\u00ebr i autobus\u00ebve\u201d N\u00eb pajtim me dispozitat e","breadcrumb":{"@id":"https:\/\/www.visit-ulcinj.com\/blog\/2013\/02\/16\/kryetari-cungu-nenshkraun-kontrat-per-parkingun-e-stacionit-te-vjeter-te-autobuseve\/#breadcrumb"},"inLanguage":"en-US","potentialAction":[{"@type":"ReadAction","target":["https:\/\/www.visit-ulcinj.com\/blog\/2013\/02\/16\/kryetari-cungu-nenshkraun-kontrat-per-parkingun-e-stacionit-te-vjeter-te-autobuseve\/"]}]},{"@type":"BreadcrumbList","@id":"https:\/\/www.visit-ulcinj.com\/blog\/2013\/02\/16\/kryetari-cungu-nenshkraun-kontrat-per-parkingun-e-stacionit-te-vjeter-te-autobuseve\/#breadcrumb","itemListElement":[{"@type":"ListItem","position":1,"name":"Kryetari Cungu n\u00ebnshkraun Kontrat p\u00ebr \u201cParkingun e Stacionit t\u00eb vjet\u00ebr t\u00eb autobus\u00ebve\u201d"}]},{"@type":"Person","@id":"https:\/\/www.visit-ulcinj.com\/blog\/#\/schema\/person\/dcab619c614d3038751c63bc2aadc06d","name":"ulqini","sameAs":["http:\/\/www.visit-ulcinj.com"],"url":"https:\/\/www.visit-ulcinj.com\/blog\/author\/admin\/"}]}},"jetpack_featured_media_url":"","jetpack_sharing_enabled":true,"jetpack_shortlink":"https:\/\/wp.me\/pe6lTn-hTU","_links":{"self":[{"href":"https:\/\/www.visit-ulcinj.com\/blog\/wp-json\/wp\/v2\/posts\/68814"}],"collection":[{"href":"https:\/\/www.visit-ulcinj.com\/blog\/wp-json\/wp\/v2\/posts"}],"about":[{"href":"https:\/\/www.visit-ulcinj.com\/blog\/wp-json\/wp\/v2\/types\/post"}],"author":[{"embeddable":true,"href":"https:\/\/www.visit-ulcinj.com\/blog\/wp-json\/wp\/v2\/users\/1"}],"replies":[{"embeddable":true,"href":"https:\/\/www.visit-ulcinj.com\/blog\/wp-json\/wp\/v2\/comments?post=68814"}],"version-history":[{"count":8,"href":"https:\/\/www.visit-ulcinj.com\/blog\/wp-json\/wp\/v2\/posts\/68814\/revisions"}],"predecessor-version":[{"id":68828,"href":"https:\/\/www.visit-ulcinj.com\/blog\/wp-json\/wp\/v2\/posts\/68814\/revisions\/68828"}],"wp:attachment":[{"href":"https:\/\/www.visit-ulcinj.com\/blog\/wp-json\/wp\/v2\/media?parent=68814"}],"wp:term":[{"taxonomy":"category","embeddable":true,"href":"https:\/\/www.visit-ulcinj.com\/blog\/wp-json\/wp\/v2\/categories?post=68814"},{"taxonomy":"post_tag","embeddable":true,"href":"https:\/\/www.visit-ulcinj.com\/blog\/wp-json\/wp\/v2\/tags?post=68814"}],"curies":[{"name":"wp","href":"https:\/\/api.w.org\/{rel}","templated":true}]}}