{"id":6882,"date":"2008-12-05T19:29:23","date_gmt":"2008-12-05T18:29:23","guid":{"rendered":"http:\/\/www.visit-ulcinj.com\/blog\/?p=6882"},"modified":"2008-12-05T19:29:23","modified_gmt":"2008-12-05T18:29:23","slug":"fried-eulex-i-nuk-eshte-neutral","status":"publish","type":"post","link":"https:\/\/www.visit-ulcinj.com\/blog\/2008\/12\/05\/fried-eulex-i-nuk-eshte-neutral\/","title":{"rendered":"Fried: EULEX-i nuk \u00ebsht\u00eb neutral"},"content":{"rendered":"<p><a href=\"http:\/\/www.visit-ulcinj.com\/blog\/wp-content\/uploads\/2008\/12\/daniel-fried.jpg\"><img loading=\"lazy\" class=\"alignleft size-medium wp-image-6883\" title=\"daniel-fried\" src=\"http:\/\/www.visit-ulcinj.com\/blog\/wp-content\/uploads\/2008\/12\/daniel-fried.jpg\" alt=\"\" width=\"203\" height=\"152\" \/><\/a>&#8220;EULEX-i vepron brenda korniz\u00ebs s\u00eb Rezolut\u00ebs s\u00eb K\u00ebshillit t\u00eb Sigurimit 1244, por \u00ebsht\u00eb larg t\u00eb qenit status neutral&#8221;, ka th\u00ebn\u00eb ndihm\u00ebsn\u00ebnsekretari amerikan i Shtetit p\u00ebr \u00e7\u00ebshtjet e euro-azis\u00eb, Daniel Fried.<br \/>\nNdihm\u00ebsn\u00ebnsekretari amerikan i Shtetit p\u00ebr \u00e7\u00ebshtjet e euro-azis\u00eb, Daniel Fried, ka p\u00ebrs\u00ebritur mb\u00ebshtetjen e tij p\u00ebr t\u00ebr\u00ebsin\u00eb territoriale t\u00eb Kosov\u00ebs.<br \/>\n&#8220;Kosova do t\u00eb mbetet e pandar\u00eb&#8221;, theksoi Fried.<br \/>\nDuke folur p\u00ebr vendosjen e EULEX-it, Fried p\u00ebr Radion Evropa e Lir\u00eb tha:<br \/>\n&#8220;EULEX-i e di se cili \u00ebsht\u00eb misioni. Misioni i EULEX-it n\u00eb fakt nuk \u00ebsht\u00eb aspak status neutral. Misioni i tij do t\u00eb jet\u00eb forcimi i integritetit territorial t\u00eb Kosov\u00ebs. EULEX-i vepron brenda korniz\u00ebs s\u00eb Rezolut\u00ebs s\u00eb K\u00ebshillit t\u00eb Sigurimit 1244, por \u00ebsht\u00eb larg t\u00eb qenit status neutral&#8221;, tha Fried.<br \/>\nAi shtoi se &#8220;Qeveria e Kosov\u00ebs e ka p\u00ebrkrahuar misionin e EULEX-it dhe kjo \u00ebsht\u00eb zgjedhje e men\u00e7ur p\u00ebr nj\u00eb Kosov\u00eb sovrane t\u00eb pandar\u00eb&#8221;.<br \/>\nKomentet p\u00ebr Radion Evropa e Lir\u00eb, Fried i b\u00ebri gjat\u00eb takimit t\u00eb OSBE-s\u00eb q\u00eb po mbahet n\u00eb Helsinki.<\/p>\n<p><strong>Radio Evropa e Lir\u00eb<\/strong><\/p>\n","protected":false},"excerpt":{"rendered":"<p>&#8220;EULEX-i vepron brenda korniz\u00ebs s\u00eb Rezolut\u00ebs s\u00eb K\u00ebshillit t\u00eb Sigurimit 1244, por \u00ebsht\u00eb larg t\u00eb qenit status neutral&#8221;, ka th\u00ebn\u00eb ndihm\u00ebsn\u00ebnsekretari amerikan i Shtetit p\u00ebr \u00e7\u00ebshtjet e euro-azis\u00eb, Daniel Fried. Ndihm\u00ebsn\u00ebnsekretari amerikan i Shtetit p\u00ebr \u00e7\u00ebshtjet e euro-azis\u00eb, Daniel Fried, ka p\u00ebrs\u00ebritur mb\u00ebshtetjen e tij p\u00ebr t\u00ebr\u00ebsin\u00eb territoriale t\u00eb Kosov\u00ebs. &#8220;Kosova do t\u00eb mbetet e [&hellip;]<\/p>\n","protected":false},"author":1,"featured_media":0,"comment_status":"open","ping_status":"closed","sticky":false,"template":"","format":"standard","meta":{"spay_email":"","jetpack_publicize_message":"","jetpack_is_tweetstorm":false,"jetpack_publicize_feature_enabled":true},"categories":[14],"tags":[5165],"jetpack_publicize_connections":[],"yoast_head":"<!-- This site is optimized with the Yoast SEO plugin v19.1 - https:\/\/yoast.com\/wordpress\/plugins\/seo\/ -->\n<title>Fried: EULEX-i nuk \u00ebsht\u00eb neutral - Lajme nga Ulqini<\/title>\n<meta name=\"description\" content=\"&quot;EULEX-i vepron brenda korniz\u00ebs s\u00eb Rezolut\u00ebs s\u00eb K\u00ebshillit t\u00eb Sigurimit 1244, por \u00ebsht\u00eb larg t\u00eb qenit status neutral&quot;, ka th\u00ebn\u00eb ndihm\u00ebsn\u00ebnsekretari\" \/>\n<meta name=\"robots\" content=\"index, follow, max-snippet:-1, max-image-preview:large, max-video-preview:-1\" \/>\n<link rel=\"canonical\" href=\"https:\/\/www.visit-ulcinj.com\/blog\/2008\/12\/05\/fried-eulex-i-nuk-eshte-neutral\/\" \/>\n<meta property=\"og:locale\" content=\"en_US\" \/>\n<meta property=\"og:type\" content=\"article\" \/>\n<meta property=\"og:title\" content=\"Fried: EULEX-i nuk \u00ebsht\u00eb neutral - Lajme nga Ulqini\" \/>\n<meta property=\"og:description\" content=\"&quot;EULEX-i vepron brenda korniz\u00ebs s\u00eb Rezolut\u00ebs s\u00eb K\u00ebshillit t\u00eb Sigurimit 1244, por \u00ebsht\u00eb larg t\u00eb qenit status neutral&quot;, ka th\u00ebn\u00eb ndihm\u00ebsn\u00ebnsekretari\" \/>\n<meta property=\"og:url\" content=\"https:\/\/www.visit-ulcinj.com\/blog\/2008\/12\/05\/fried-eulex-i-nuk-eshte-neutral\/\" \/>\n<meta property=\"og:site_name\" content=\"Lajme nga Ulqini\" \/>\n<meta property=\"article:published_time\" content=\"2008-12-05T18:29:23+00:00\" \/>\n<meta property=\"og:image\" content=\"http:\/\/www.visit-ulcinj.com\/blog\/wp-content\/uploads\/2008\/12\/daniel-fried.jpg\" \/>\n<meta name=\"twitter:label1\" content=\"Written by\" \/>\n\t<meta name=\"twitter:data1\" content=\"ulqini\" \/>\n\t<meta name=\"twitter:label2\" content=\"Est. reading time\" \/>\n\t<meta name=\"twitter:data2\" content=\"1 minute\" \/>\n<script type=\"application\/ld+json\" class=\"yoast-schema-graph\">{\"@context\":\"https:\/\/schema.org\",\"@graph\":[{\"@type\":\"WebSite\",\"@id\":\"https:\/\/www.visit-ulcinj.com\/blog\/#website\",\"url\":\"https:\/\/www.visit-ulcinj.com\/blog\/\",\"name\":\"Lajme nga Ulqini\",\"description\":\"Lajme,Vijesti,Ulqini,Ulqin,Crna Gora,Mali i Zi\",\"potentialAction\":[{\"@type\":\"SearchAction\",\"target\":{\"@type\":\"EntryPoint\",\"urlTemplate\":\"https:\/\/www.visit-ulcinj.com\/blog\/?s={search_term_string}\"},\"query-input\":\"required name=search_term_string\"}],\"inLanguage\":\"en-US\"},{\"@type\":\"ImageObject\",\"inLanguage\":\"en-US\",\"@id\":\"https:\/\/www.visit-ulcinj.com\/blog\/2008\/12\/05\/fried-eulex-i-nuk-eshte-neutral\/#primaryimage\",\"url\":\"http:\/\/www.visit-ulcinj.com\/blog\/wp-content\/uploads\/2008\/12\/daniel-fried.jpg\",\"contentUrl\":\"http:\/\/www.visit-ulcinj.com\/blog\/wp-content\/uploads\/2008\/12\/daniel-fried.jpg\"},{\"@type\":\"WebPage\",\"@id\":\"https:\/\/www.visit-ulcinj.com\/blog\/2008\/12\/05\/fried-eulex-i-nuk-eshte-neutral\/#webpage\",\"url\":\"https:\/\/www.visit-ulcinj.com\/blog\/2008\/12\/05\/fried-eulex-i-nuk-eshte-neutral\/\",\"name\":\"Fried: EULEX-i nuk \u00ebsht\u00eb neutral - Lajme nga Ulqini\",\"isPartOf\":{\"@id\":\"https:\/\/www.visit-ulcinj.com\/blog\/#website\"},\"primaryImageOfPage\":{\"@id\":\"https:\/\/www.visit-ulcinj.com\/blog\/2008\/12\/05\/fried-eulex-i-nuk-eshte-neutral\/#primaryimage\"},\"datePublished\":\"2008-12-05T18:29:23+00:00\",\"dateModified\":\"2008-12-05T18:29:23+00:00\",\"author\":{\"@id\":\"https:\/\/www.visit-ulcinj.com\/blog\/#\/schema\/person\/dcab619c614d3038751c63bc2aadc06d\"},\"description\":\"\\\"EULEX-i vepron brenda korniz\u00ebs s\u00eb Rezolut\u00ebs s\u00eb K\u00ebshillit t\u00eb Sigurimit 1244, por \u00ebsht\u00eb larg t\u00eb qenit status neutral\\\", ka th\u00ebn\u00eb ndihm\u00ebsn\u00ebnsekretari\",\"breadcrumb\":{\"@id\":\"https:\/\/www.visit-ulcinj.com\/blog\/2008\/12\/05\/fried-eulex-i-nuk-eshte-neutral\/#breadcrumb\"},\"inLanguage\":\"en-US\",\"potentialAction\":[{\"@type\":\"ReadAction\",\"target\":[\"https:\/\/www.visit-ulcinj.com\/blog\/2008\/12\/05\/fried-eulex-i-nuk-eshte-neutral\/\"]}]},{\"@type\":\"BreadcrumbList\",\"@id\":\"https:\/\/www.visit-ulcinj.com\/blog\/2008\/12\/05\/fried-eulex-i-nuk-eshte-neutral\/#breadcrumb\",\"itemListElement\":[{\"@type\":\"ListItem\",\"position\":1,\"name\":\"Fried: EULEX-i nuk \u00ebsht\u00eb neutral\"}]},{\"@type\":\"Person\",\"@id\":\"https:\/\/www.visit-ulcinj.com\/blog\/#\/schema\/person\/dcab619c614d3038751c63bc2aadc06d\",\"name\":\"ulqini\",\"sameAs\":[\"http:\/\/www.visit-ulcinj.com\"],\"url\":\"https:\/\/www.visit-ulcinj.com\/blog\/author\/admin\/\"}]}<\/script>\n<!-- \/ Yoast SEO plugin. -->","yoast_head_json":{"title":"Fried: EULEX-i nuk \u00ebsht\u00eb neutral - Lajme nga Ulqini","description":"\"EULEX-i vepron brenda korniz\u00ebs s\u00eb Rezolut\u00ebs s\u00eb K\u00ebshillit t\u00eb Sigurimit 1244, por \u00ebsht\u00eb larg t\u00eb qenit status neutral\", ka th\u00ebn\u00eb ndihm\u00ebsn\u00ebnsekretari","robots":{"index":"index","follow":"follow","max-snippet":"max-snippet:-1","max-image-preview":"max-image-preview:large","max-video-preview":"max-video-preview:-1"},"canonical":"https:\/\/www.visit-ulcinj.com\/blog\/2008\/12\/05\/fried-eulex-i-nuk-eshte-neutral\/","og_locale":"en_US","og_type":"article","og_title":"Fried: EULEX-i nuk \u00ebsht\u00eb neutral - Lajme nga Ulqini","og_description":"\"EULEX-i vepron brenda korniz\u00ebs s\u00eb Rezolut\u00ebs s\u00eb K\u00ebshillit t\u00eb Sigurimit 1244, por \u00ebsht\u00eb larg t\u00eb qenit status neutral\", ka th\u00ebn\u00eb ndihm\u00ebsn\u00ebnsekretari","og_url":"https:\/\/www.visit-ulcinj.com\/blog\/2008\/12\/05\/fried-eulex-i-nuk-eshte-neutral\/","og_site_name":"Lajme nga Ulqini","article_published_time":"2008-12-05T18:29:23+00:00","og_image":[{"url":"http:\/\/www.visit-ulcinj.com\/blog\/wp-content\/uploads\/2008\/12\/daniel-fried.jpg"}],"twitter_misc":{"Written by":"ulqini","Est. reading time":"1 minute"},"schema":{"@context":"https:\/\/schema.org","@graph":[{"@type":"WebSite","@id":"https:\/\/www.visit-ulcinj.com\/blog\/#website","url":"https:\/\/www.visit-ulcinj.com\/blog\/","name":"Lajme nga Ulqini","description":"Lajme,Vijesti,Ulqini,Ulqin,Crna Gora,Mali i Zi","potentialAction":[{"@type":"SearchAction","target":{"@type":"EntryPoint","urlTemplate":"https:\/\/www.visit-ulcinj.com\/blog\/?s={search_term_string}"},"query-input":"required name=search_term_string"}],"inLanguage":"en-US"},{"@type":"ImageObject","inLanguage":"en-US","@id":"https:\/\/www.visit-ulcinj.com\/blog\/2008\/12\/05\/fried-eulex-i-nuk-eshte-neutral\/#primaryimage","url":"http:\/\/www.visit-ulcinj.com\/blog\/wp-content\/uploads\/2008\/12\/daniel-fried.jpg","contentUrl":"http:\/\/www.visit-ulcinj.com\/blog\/wp-content\/uploads\/2008\/12\/daniel-fried.jpg"},{"@type":"WebPage","@id":"https:\/\/www.visit-ulcinj.com\/blog\/2008\/12\/05\/fried-eulex-i-nuk-eshte-neutral\/#webpage","url":"https:\/\/www.visit-ulcinj.com\/blog\/2008\/12\/05\/fried-eulex-i-nuk-eshte-neutral\/","name":"Fried: EULEX-i nuk \u00ebsht\u00eb neutral - Lajme nga Ulqini","isPartOf":{"@id":"https:\/\/www.visit-ulcinj.com\/blog\/#website"},"primaryImageOfPage":{"@id":"https:\/\/www.visit-ulcinj.com\/blog\/2008\/12\/05\/fried-eulex-i-nuk-eshte-neutral\/#primaryimage"},"datePublished":"2008-12-05T18:29:23+00:00","dateModified":"2008-12-05T18:29:23+00:00","author":{"@id":"https:\/\/www.visit-ulcinj.com\/blog\/#\/schema\/person\/dcab619c614d3038751c63bc2aadc06d"},"description":"\"EULEX-i vepron brenda korniz\u00ebs s\u00eb Rezolut\u00ebs s\u00eb K\u00ebshillit t\u00eb Sigurimit 1244, por \u00ebsht\u00eb larg t\u00eb qenit status neutral\", ka th\u00ebn\u00eb ndihm\u00ebsn\u00ebnsekretari","breadcrumb":{"@id":"https:\/\/www.visit-ulcinj.com\/blog\/2008\/12\/05\/fried-eulex-i-nuk-eshte-neutral\/#breadcrumb"},"inLanguage":"en-US","potentialAction":[{"@type":"ReadAction","target":["https:\/\/www.visit-ulcinj.com\/blog\/2008\/12\/05\/fried-eulex-i-nuk-eshte-neutral\/"]}]},{"@type":"BreadcrumbList","@id":"https:\/\/www.visit-ulcinj.com\/blog\/2008\/12\/05\/fried-eulex-i-nuk-eshte-neutral\/#breadcrumb","itemListElement":[{"@type":"ListItem","position":1,"name":"Fried: EULEX-i nuk \u00ebsht\u00eb neutral"}]},{"@type":"Person","@id":"https:\/\/www.visit-ulcinj.com\/blog\/#\/schema\/person\/dcab619c614d3038751c63bc2aadc06d","name":"ulqini","sameAs":["http:\/\/www.visit-ulcinj.com"],"url":"https:\/\/www.visit-ulcinj.com\/blog\/author\/admin\/"}]}},"jetpack_featured_media_url":"","jetpack_sharing_enabled":true,"jetpack_shortlink":"https:\/\/wp.me\/pe6lTn-1N0","_links":{"self":[{"href":"https:\/\/www.visit-ulcinj.com\/blog\/wp-json\/wp\/v2\/posts\/6882"}],"collection":[{"href":"https:\/\/www.visit-ulcinj.com\/blog\/wp-json\/wp\/v2\/posts"}],"about":[{"href":"https:\/\/www.visit-ulcinj.com\/blog\/wp-json\/wp\/v2\/types\/post"}],"author":[{"embeddable":true,"href":"https:\/\/www.visit-ulcinj.com\/blog\/wp-json\/wp\/v2\/users\/1"}],"replies":[{"embeddable":true,"href":"https:\/\/www.visit-ulcinj.com\/blog\/wp-json\/wp\/v2\/comments?post=6882"}],"version-history":[{"count":0,"href":"https:\/\/www.visit-ulcinj.com\/blog\/wp-json\/wp\/v2\/posts\/6882\/revisions"}],"wp:attachment":[{"href":"https:\/\/www.visit-ulcinj.com\/blog\/wp-json\/wp\/v2\/media?parent=6882"}],"wp:term":[{"taxonomy":"category","embeddable":true,"href":"https:\/\/www.visit-ulcinj.com\/blog\/wp-json\/wp\/v2\/categories?post=6882"},{"taxonomy":"post_tag","embeddable":true,"href":"https:\/\/www.visit-ulcinj.com\/blog\/wp-json\/wp\/v2\/tags?post=6882"}],"curies":[{"name":"wp","href":"https:\/\/api.w.org\/{rel}","templated":true}]}}