{"id":68832,"date":"2013-02-16T17:31:48","date_gmt":"2013-02-16T16:31:48","guid":{"rendered":"http:\/\/www.visit-ulcinj.com\/blog\/?p=68832"},"modified":"2013-02-16T17:32:36","modified_gmt":"2013-02-16T16:32:36","slug":"5-vjetori-i-pavaresise-se-kosoves-uron-partia-demokratike","status":"publish","type":"post","link":"https:\/\/www.visit-ulcinj.com\/blog\/2013\/02\/16\/5-vjetori-i-pavaresise-se-kosoves-uron-partia-demokratike\/","title":{"rendered":"5 vjetori i pavar\u00ebsis\u00eb s\u00eb Kosov\u00ebs, uron Partia Demokratike"},"content":{"rendered":"<p><strong>Telegram urimi kryetares s\u00eb Republik\u00ebs s\u00eb Kosov\u00ebs, znj.Atifete Jahjaga<\/strong><br \/>\n<a href=\"http:\/\/www.visit-ulcinj.com\/blog\/wp-content\/uploads\/2013\/02\/partiademokratike.jpg\"><img loading=\"lazy\" class=\"alignleft size-full wp-image-68833\" alt=\"partiademokratike\" src=\"http:\/\/www.visit-ulcinj.com\/blog\/wp-content\/uploads\/2013\/02\/partiademokratike.jpg\" width=\"190\" height=\"110\" \/><\/a>Me rastin e 5- vjetorit t\u00eb shpalljes s\u00eb pavar\u00ebsis\u00eb s\u00eb Republik\u00ebs s\u00eb Kosov\u00ebs,n\u00eb em\u00ebr t\u00eb Partis\u00eb Demokratike me seli n\u00eb Ulqin,Fatmir Gjeka dhe n\u00eb emrin tim personal, ju d\u00ebrgoj urimet m\u00eb t\u00eb sinqerta dhe v\u00ebllaz\u00ebrore.<\/p>\n<p>Republika e Kosov\u00ebs , fal udh\u00ebheqjes dhe prezantimit Tuaj dinjitoz, ajo n\u00eb mbar\u00eb bot\u00ebn njihet e respektohet si shtet i pavarur, serioz, partnere e denj\u00eb e aleat\u00ebve t\u00eb ardhm\u00ebris\u00eb dhe integrimeve evropiane dhe evroatlantike.<br \/>\nT\u00eb gjitha k\u00ebto rezultate t\u00eb arritura, me sakrifica dhe p\u00ebrpjekje ,k\u00ebt\u00eb 5- vjetor e b\u00ebjn\u00eb m\u00eb madheshtor, m\u00eb krenar\u00eb p\u00ebr shqiptar\u00ebt n\u00eb Republik\u00ebn e Kosov\u00ebs dhe kudo n\u00eb bot\u00eb.<\/p>\n<p>Me k\u00ebt\u00eb telegram urimi,ka p\u00ebrg\u00ebzuar edhe kryeministrin e Republik\u00ebs s\u00eb Kosov\u00ebs, Hashim Tha\u00e7i,kryetarin e Kuvendit t\u00eb Republik\u00ebs s\u00eb Kosov\u00ebs,Jakup Krasniqi, t\u00eb gjith\u00eb qytetar\u00ebt e Republik\u00ebs s\u00eb Kosov\u00ebs me rastin e k\u00ebtij jubileu t\u00eb r\u00ebnd\u00ebsish\u00ebm.<\/p>\n<p>&nbsp;<\/p>\n<p>SH\u00cbRBIMI P\u00cbR INFORMAIM I PD<\/p>\n","protected":false},"excerpt":{"rendered":"<p>Telegram urimi kryetares s\u00eb Republik\u00ebs s\u00eb Kosov\u00ebs, znj.Atifete Jahjaga Me rastin e 5- vjetorit t\u00eb shpalljes s\u00eb pavar\u00ebsis\u00eb s\u00eb Republik\u00ebs s\u00eb Kosov\u00ebs,n\u00eb em\u00ebr t\u00eb Partis\u00eb Demokratike me seli n\u00eb Ulqin,Fatmir Gjeka dhe n\u00eb emrin tim personal, ju d\u00ebrgoj urimet m\u00eb t\u00eb sinqerta dhe v\u00ebllaz\u00ebrore. Republika e Kosov\u00ebs , fal udh\u00ebheqjes dhe prezantimit Tuaj dinjitoz, ajo [&hellip;]<\/p>\n","protected":false},"author":1,"featured_media":0,"comment_status":"open","ping_status":"closed","sticky":false,"template":"","format":"standard","meta":{"spay_email":"","jetpack_publicize_message":"","jetpack_is_tweetstorm":false,"jetpack_publicize_feature_enabled":true},"categories":[6950],"tags":[11584,200],"jetpack_publicize_connections":[],"yoast_head":"<!-- This site is optimized with the Yoast SEO plugin v19.1 - https:\/\/yoast.com\/wordpress\/plugins\/seo\/ -->\n<title>5 vjetori i pavar\u00ebsis\u00eb s\u00eb Kosov\u00ebs, uron Partia Demokratike - Lajme nga Ulqini<\/title>\n<meta name=\"description\" content=\"Telegram urimi kryetares s\u00eb Republik\u00ebs s\u00eb Kosov\u00ebs, znj.Atifete Jahjaga Me rastin e 5- vjetorit t\u00eb shpalljes s\u00eb pavar\u00ebsis\u00eb s\u00eb Republik\u00ebs s\u00eb Kosov\u00ebs,n\u00eb em\u00ebr\" \/>\n<meta name=\"robots\" content=\"index, follow, max-snippet:-1, max-image-preview:large, max-video-preview:-1\" \/>\n<link rel=\"canonical\" href=\"https:\/\/www.visit-ulcinj.com\/blog\/2013\/02\/16\/5-vjetori-i-pavaresise-se-kosoves-uron-partia-demokratike\/\" \/>\n<meta property=\"og:locale\" content=\"en_US\" \/>\n<meta property=\"og:type\" content=\"article\" \/>\n<meta property=\"og:title\" content=\"5 vjetori i pavar\u00ebsis\u00eb s\u00eb Kosov\u00ebs, uron Partia Demokratike - Lajme nga Ulqini\" \/>\n<meta property=\"og:description\" content=\"Telegram urimi kryetares s\u00eb Republik\u00ebs s\u00eb Kosov\u00ebs, znj.Atifete Jahjaga Me rastin e 5- vjetorit t\u00eb shpalljes s\u00eb pavar\u00ebsis\u00eb s\u00eb Republik\u00ebs s\u00eb Kosov\u00ebs,n\u00eb em\u00ebr\" \/>\n<meta property=\"og:url\" content=\"https:\/\/www.visit-ulcinj.com\/blog\/2013\/02\/16\/5-vjetori-i-pavaresise-se-kosoves-uron-partia-demokratike\/\" \/>\n<meta property=\"og:site_name\" content=\"Lajme nga Ulqini\" \/>\n<meta property=\"article:published_time\" content=\"2013-02-16T16:31:48+00:00\" \/>\n<meta property=\"article:modified_time\" content=\"2013-02-16T16:32:36+00:00\" \/>\n<meta property=\"og:image\" content=\"http:\/\/www.visit-ulcinj.com\/blog\/wp-content\/uploads\/2013\/02\/partiademokratike.jpg\" \/>\n<meta name=\"twitter:label1\" content=\"Written by\" \/>\n\t<meta name=\"twitter:data1\" content=\"ulqini\" \/>\n\t<meta name=\"twitter:label2\" content=\"Est. reading time\" \/>\n\t<meta name=\"twitter:data2\" content=\"1 minute\" \/>\n<script type=\"application\/ld+json\" class=\"yoast-schema-graph\">{\"@context\":\"https:\/\/schema.org\",\"@graph\":[{\"@type\":\"WebSite\",\"@id\":\"https:\/\/www.visit-ulcinj.com\/blog\/#website\",\"url\":\"https:\/\/www.visit-ulcinj.com\/blog\/\",\"name\":\"Lajme nga Ulqini\",\"description\":\"Lajme,Vijesti,Ulqini,Ulqin,Crna Gora,Mali i Zi\",\"potentialAction\":[{\"@type\":\"SearchAction\",\"target\":{\"@type\":\"EntryPoint\",\"urlTemplate\":\"https:\/\/www.visit-ulcinj.com\/blog\/?s={search_term_string}\"},\"query-input\":\"required name=search_term_string\"}],\"inLanguage\":\"en-US\"},{\"@type\":\"ImageObject\",\"inLanguage\":\"en-US\",\"@id\":\"https:\/\/www.visit-ulcinj.com\/blog\/2013\/02\/16\/5-vjetori-i-pavaresise-se-kosoves-uron-partia-demokratike\/#primaryimage\",\"url\":\"https:\/\/www.visit-ulcinj.com\/blog\/wp-content\/uploads\/2013\/02\/partiademokratike.jpg\",\"contentUrl\":\"https:\/\/www.visit-ulcinj.com\/blog\/wp-content\/uploads\/2013\/02\/partiademokratike.jpg\",\"width\":190,\"height\":110},{\"@type\":\"WebPage\",\"@id\":\"https:\/\/www.visit-ulcinj.com\/blog\/2013\/02\/16\/5-vjetori-i-pavaresise-se-kosoves-uron-partia-demokratike\/#webpage\",\"url\":\"https:\/\/www.visit-ulcinj.com\/blog\/2013\/02\/16\/5-vjetori-i-pavaresise-se-kosoves-uron-partia-demokratike\/\",\"name\":\"5 vjetori i pavar\u00ebsis\u00eb s\u00eb Kosov\u00ebs, uron Partia Demokratike - Lajme nga Ulqini\",\"isPartOf\":{\"@id\":\"https:\/\/www.visit-ulcinj.com\/blog\/#website\"},\"primaryImageOfPage\":{\"@id\":\"https:\/\/www.visit-ulcinj.com\/blog\/2013\/02\/16\/5-vjetori-i-pavaresise-se-kosoves-uron-partia-demokratike\/#primaryimage\"},\"datePublished\":\"2013-02-16T16:31:48+00:00\",\"dateModified\":\"2013-02-16T16:32:36+00:00\",\"author\":{\"@id\":\"https:\/\/www.visit-ulcinj.com\/blog\/#\/schema\/person\/dcab619c614d3038751c63bc2aadc06d\"},\"description\":\"Telegram urimi kryetares s\u00eb Republik\u00ebs s\u00eb Kosov\u00ebs, znj.Atifete Jahjaga Me rastin e 5- vjetorit t\u00eb shpalljes s\u00eb pavar\u00ebsis\u00eb s\u00eb Republik\u00ebs s\u00eb Kosov\u00ebs,n\u00eb em\u00ebr\",\"breadcrumb\":{\"@id\":\"https:\/\/www.visit-ulcinj.com\/blog\/2013\/02\/16\/5-vjetori-i-pavaresise-se-kosoves-uron-partia-demokratike\/#breadcrumb\"},\"inLanguage\":\"en-US\",\"potentialAction\":[{\"@type\":\"ReadAction\",\"target\":[\"https:\/\/www.visit-ulcinj.com\/blog\/2013\/02\/16\/5-vjetori-i-pavaresise-se-kosoves-uron-partia-demokratike\/\"]}]},{\"@type\":\"BreadcrumbList\",\"@id\":\"https:\/\/www.visit-ulcinj.com\/blog\/2013\/02\/16\/5-vjetori-i-pavaresise-se-kosoves-uron-partia-demokratike\/#breadcrumb\",\"itemListElement\":[{\"@type\":\"ListItem\",\"position\":1,\"name\":\"5 vjetori i pavar\u00ebsis\u00eb s\u00eb Kosov\u00ebs, uron Partia Demokratike\"}]},{\"@type\":\"Person\",\"@id\":\"https:\/\/www.visit-ulcinj.com\/blog\/#\/schema\/person\/dcab619c614d3038751c63bc2aadc06d\",\"name\":\"ulqini\",\"sameAs\":[\"http:\/\/www.visit-ulcinj.com\"],\"url\":\"https:\/\/www.visit-ulcinj.com\/blog\/author\/admin\/\"}]}<\/script>\n<!-- \/ Yoast SEO plugin. -->","yoast_head_json":{"title":"5 vjetori i pavar\u00ebsis\u00eb s\u00eb Kosov\u00ebs, uron Partia Demokratike - Lajme nga Ulqini","description":"Telegram urimi kryetares s\u00eb Republik\u00ebs s\u00eb Kosov\u00ebs, znj.Atifete Jahjaga Me rastin e 5- vjetorit t\u00eb shpalljes s\u00eb pavar\u00ebsis\u00eb s\u00eb Republik\u00ebs s\u00eb Kosov\u00ebs,n\u00eb em\u00ebr","robots":{"index":"index","follow":"follow","max-snippet":"max-snippet:-1","max-image-preview":"max-image-preview:large","max-video-preview":"max-video-preview:-1"},"canonical":"https:\/\/www.visit-ulcinj.com\/blog\/2013\/02\/16\/5-vjetori-i-pavaresise-se-kosoves-uron-partia-demokratike\/","og_locale":"en_US","og_type":"article","og_title":"5 vjetori i pavar\u00ebsis\u00eb s\u00eb Kosov\u00ebs, uron Partia Demokratike - Lajme nga Ulqini","og_description":"Telegram urimi kryetares s\u00eb Republik\u00ebs s\u00eb Kosov\u00ebs, znj.Atifete Jahjaga Me rastin e 5- vjetorit t\u00eb shpalljes s\u00eb pavar\u00ebsis\u00eb s\u00eb Republik\u00ebs s\u00eb Kosov\u00ebs,n\u00eb em\u00ebr","og_url":"https:\/\/www.visit-ulcinj.com\/blog\/2013\/02\/16\/5-vjetori-i-pavaresise-se-kosoves-uron-partia-demokratike\/","og_site_name":"Lajme nga Ulqini","article_published_time":"2013-02-16T16:31:48+00:00","article_modified_time":"2013-02-16T16:32:36+00:00","og_image":[{"url":"http:\/\/www.visit-ulcinj.com\/blog\/wp-content\/uploads\/2013\/02\/partiademokratike.jpg"}],"twitter_misc":{"Written by":"ulqini","Est. reading time":"1 minute"},"schema":{"@context":"https:\/\/schema.org","@graph":[{"@type":"WebSite","@id":"https:\/\/www.visit-ulcinj.com\/blog\/#website","url":"https:\/\/www.visit-ulcinj.com\/blog\/","name":"Lajme nga Ulqini","description":"Lajme,Vijesti,Ulqini,Ulqin,Crna Gora,Mali i Zi","potentialAction":[{"@type":"SearchAction","target":{"@type":"EntryPoint","urlTemplate":"https:\/\/www.visit-ulcinj.com\/blog\/?s={search_term_string}"},"query-input":"required name=search_term_string"}],"inLanguage":"en-US"},{"@type":"ImageObject","inLanguage":"en-US","@id":"https:\/\/www.visit-ulcinj.com\/blog\/2013\/02\/16\/5-vjetori-i-pavaresise-se-kosoves-uron-partia-demokratike\/#primaryimage","url":"https:\/\/www.visit-ulcinj.com\/blog\/wp-content\/uploads\/2013\/02\/partiademokratike.jpg","contentUrl":"https:\/\/www.visit-ulcinj.com\/blog\/wp-content\/uploads\/2013\/02\/partiademokratike.jpg","width":190,"height":110},{"@type":"WebPage","@id":"https:\/\/www.visit-ulcinj.com\/blog\/2013\/02\/16\/5-vjetori-i-pavaresise-se-kosoves-uron-partia-demokratike\/#webpage","url":"https:\/\/www.visit-ulcinj.com\/blog\/2013\/02\/16\/5-vjetori-i-pavaresise-se-kosoves-uron-partia-demokratike\/","name":"5 vjetori i pavar\u00ebsis\u00eb s\u00eb Kosov\u00ebs, uron Partia Demokratike - Lajme nga Ulqini","isPartOf":{"@id":"https:\/\/www.visit-ulcinj.com\/blog\/#website"},"primaryImageOfPage":{"@id":"https:\/\/www.visit-ulcinj.com\/blog\/2013\/02\/16\/5-vjetori-i-pavaresise-se-kosoves-uron-partia-demokratike\/#primaryimage"},"datePublished":"2013-02-16T16:31:48+00:00","dateModified":"2013-02-16T16:32:36+00:00","author":{"@id":"https:\/\/www.visit-ulcinj.com\/blog\/#\/schema\/person\/dcab619c614d3038751c63bc2aadc06d"},"description":"Telegram urimi kryetares s\u00eb Republik\u00ebs s\u00eb Kosov\u00ebs, znj.Atifete Jahjaga Me rastin e 5- vjetorit t\u00eb shpalljes s\u00eb pavar\u00ebsis\u00eb s\u00eb Republik\u00ebs s\u00eb Kosov\u00ebs,n\u00eb em\u00ebr","breadcrumb":{"@id":"https:\/\/www.visit-ulcinj.com\/blog\/2013\/02\/16\/5-vjetori-i-pavaresise-se-kosoves-uron-partia-demokratike\/#breadcrumb"},"inLanguage":"en-US","potentialAction":[{"@type":"ReadAction","target":["https:\/\/www.visit-ulcinj.com\/blog\/2013\/02\/16\/5-vjetori-i-pavaresise-se-kosoves-uron-partia-demokratike\/"]}]},{"@type":"BreadcrumbList","@id":"https:\/\/www.visit-ulcinj.com\/blog\/2013\/02\/16\/5-vjetori-i-pavaresise-se-kosoves-uron-partia-demokratike\/#breadcrumb","itemListElement":[{"@type":"ListItem","position":1,"name":"5 vjetori i pavar\u00ebsis\u00eb s\u00eb Kosov\u00ebs, uron Partia Demokratike"}]},{"@type":"Person","@id":"https:\/\/www.visit-ulcinj.com\/blog\/#\/schema\/person\/dcab619c614d3038751c63bc2aadc06d","name":"ulqini","sameAs":["http:\/\/www.visit-ulcinj.com"],"url":"https:\/\/www.visit-ulcinj.com\/blog\/author\/admin\/"}]}},"jetpack_featured_media_url":"","jetpack_sharing_enabled":true,"jetpack_shortlink":"https:\/\/wp.me\/pe6lTn-hUc","_links":{"self":[{"href":"https:\/\/www.visit-ulcinj.com\/blog\/wp-json\/wp\/v2\/posts\/68832"}],"collection":[{"href":"https:\/\/www.visit-ulcinj.com\/blog\/wp-json\/wp\/v2\/posts"}],"about":[{"href":"https:\/\/www.visit-ulcinj.com\/blog\/wp-json\/wp\/v2\/types\/post"}],"author":[{"embeddable":true,"href":"https:\/\/www.visit-ulcinj.com\/blog\/wp-json\/wp\/v2\/users\/1"}],"replies":[{"embeddable":true,"href":"https:\/\/www.visit-ulcinj.com\/blog\/wp-json\/wp\/v2\/comments?post=68832"}],"version-history":[{"count":2,"href":"https:\/\/www.visit-ulcinj.com\/blog\/wp-json\/wp\/v2\/posts\/68832\/revisions"}],"predecessor-version":[{"id":68835,"href":"https:\/\/www.visit-ulcinj.com\/blog\/wp-json\/wp\/v2\/posts\/68832\/revisions\/68835"}],"wp:attachment":[{"href":"https:\/\/www.visit-ulcinj.com\/blog\/wp-json\/wp\/v2\/media?parent=68832"}],"wp:term":[{"taxonomy":"category","embeddable":true,"href":"https:\/\/www.visit-ulcinj.com\/blog\/wp-json\/wp\/v2\/categories?post=68832"},{"taxonomy":"post_tag","embeddable":true,"href":"https:\/\/www.visit-ulcinj.com\/blog\/wp-json\/wp\/v2\/tags?post=68832"}],"curies":[{"name":"wp","href":"https:\/\/api.w.org\/{rel}","templated":true}]}}