{"id":68846,"date":"2013-02-16T18:39:22","date_gmt":"2013-02-16T17:39:22","guid":{"rendered":"http:\/\/www.visit-ulcinj.com\/blog\/?p=68846"},"modified":"2013-02-16T18:40:02","modified_gmt":"2013-02-16T17:40:02","slug":"dzelal-hodzic-smatra-da-drzava-i-opstina-pogresno-pristupaju-problemu-sanacije-port-milene","status":"publish","type":"post","link":"https:\/\/www.visit-ulcinj.com\/blog\/2013\/02\/16\/dzelal-hodzic-smatra-da-drzava-i-opstina-pogresno-pristupaju-problemu-sanacije-port-milene\/","title":{"rendered":"Dzelal Hodzic smatra da dr\u017eava i op\u0161tina pogre\u0161no pristupaju problemu sanacije port Milene"},"content":{"rendered":"<p><strong>Ho\u0107emo ribnjak, a ne zaga\u0111enu marinu<\/strong><\/p>\n<p>Nadle\u017eni dr\u017eavni organi i Op\u0161tina Ulcinj imaju pogre\u0161an pristup rje\u0161avanju ekolo\u0161kih problema u kanalu Port Milena, smatra izvr\u0161ni direktor NVO \u201eZeleni korak\u201c D\u017eeljal Hod\u017ei\u0107. Ovaj vi\u0161edecenijski aktivista NVO sektora, koji se ekolo\u0161kom problematikom kanala, koji nosi ime crnogorske princeze i italijanske kraljice Milene bavi skoro 20 godina, tvrdi da sanaciju jednog od najve\u0107ih turisti\u010dkih potencijala Ulcinja treba rje\u0161avati kroz programske zadatke, temeljno i u nekoliko faza, a ne ad hok kako se to namjerava projektima koji su u najavi.<br \/>\n<a href=\"http:\/\/www.visit-ulcinj.com\/blog\/wp-content\/uploads\/2013\/02\/Dzelal-Hodzic_Ismet-Karamanaga.jpg\"><img loading=\"lazy\" class=\"alignleft  wp-image-68847\" alt=\"Dzelal Hodzic_Ismet Karamanaga\" src=\"http:\/\/www.visit-ulcinj.com\/blog\/wp-content\/uploads\/2013\/02\/Dzelal-Hodzic_Ismet-Karamanaga.jpg\" width=\"508\" height=\"360\" \/><\/a><br \/>\n\u2013 Port Milena je resurs i ona mo\u017ee da bude turisti\u010dki brend Ulcinja i Crne Gore. Jedinstvena po svojim specifi\u010dnostima, odnosno kalimerama, nekad poznata kao najve\u0107e mrestili\u0161te ribe na Jadranu, ona bi mogla da daje od 50 do 80 tona ribe godi\u0161nje. Taj potencijal se mora revitaliovati, i to u periodu od pet do deset godina, a za to su potrebna ogromna sredstva. Potpuno je pogre\u0161no od kanala praviti plovni put i graditi marinu koja je prljava tehnologija. Ona zaga\u0111uje prostor, i to je najve\u0107e zlo novijeg vremena \u2013 kazao je Hod\u017ei\u0107 za \u201eDan\u201c.<br \/>\nNedavno je predsjednik op\u0161tine Ulcinj Nazif Cungu izjavio da bi uskoro trebalo da po\u010dnu radovi na \u010di\u0161\u0107enju kanala Port Milena.<br \/>\n\u2013 U toku je priprema za taj posao. Napravljene su analize i sada tra\u017eimo investitora. Ja se iskreno nadam da \u0107emo i prije turisti\u010dke sezone uspjeti da o\u010distimo dobar dio kanala, rekao je Cungu. On je podsjetio da je ve\u0107 pu\u0161ten u rad kolektor za otpadne vode, te da se fekalije vi\u0161e ne ispu\u0161taju u kanal. Time su se, tvrdi Cungu, stvorili uslovi da, vlasnici hotela \u201eGrand lido\u201c, koji su po\u010detak radova na sanaciji hotela uslovljavali rje\u0161avanjem zaga\u0111enja Port Milene, kona\u010dno po\u010dnu investicioni ciklus. Projekat \u010di\u0161\u0107enja kanala uradili su Slovenci, odnosno Institut za ekologiju iz Velenja i njime je predvi\u0111eno uklanjanje natalo\u017eenog mulja i raznovrsnog otpada iz kanala. Ranije je najavljena i gradnja marine, koja je, istina, zasad samo vizija, a nedavno je iz Direkcije za saobra\u0107aj saop\u0161teno da je pri kraju gradnja novog mosta na kanalu, koji je sagra\u0111en tako da \u0107e omogu\u0107iti prolazak \u010damaca, jahti i manjih brodova. Hod\u017ei\u0107 navodi da te aktivnosti potvr\u0111uju da se problemu pristupa na kabinetski na\u010din.<br \/>\n\u2013 Centralna i lokalna vlast su pokazale da nemaju osje\u0107aj kako na pravi na\u010din rje\u0161avati ekolo\u0161ke probleme. Mi koji smo odrasli u Ulcinju znamo \u0161ta je Port Milena, \u0161ta su kalimere i smatram da imamo pravo da predlo\u017eimo kako bi taj jedinstveni prostor trebalo urediti. Kao NVO, svojevremeno smo uradili programski zadatak, koji smo poslali na vi\u0161e relevantnih adresa u Crnoj Gori: Ministarstvu ekologije i JP Morsko dobro, i oni nijesu imali primjedbi. Ovo \u0161to se sada radi je pogre\u0161an pristup. To je isto kao da prvo ho\u0107e\u0161 da gradi\u0161 sprat, a onda da poja\u010dava\u0161 temelje. Ne mo\u017ee kanal da bude plovni put. Port Milena mora da bude ribnjak i prirodna oaza koja bi s postoje\u0107im kalimerama bila prirodna atrakcija, po kojoj bi se eventualno plovilo specijalnim gondolama koje bi, tako\u0111e, bile atrakcija. Svaka kalimera bi bila revitalizovana i na njoj bi gost mogao da lovi ribu, koju bi potom nosio u restorane na obali, da tamo bude spremljena. Puteve oko kalimera trebalo bi napraviti od prirodnih materijala da to budu staze za \u0161etanje. Sve radnje na obalama trebalo bi da budu okrenute ka kanalu i vodi, a ne kao danas prema asfaltu da gosti udi\u0161u izduvne gasove automobila. Ne\u0161to sli\u010dno postoji u Makedoniji, ta\u010dnije u Strugi na Crnom Drimu. Mi \u0107emo se ovih dana obratiti resornom ministarstvu u vezi sa tim. Smatramo da jo\u0161 ima vremena da se krene pravim putem \u2013 tvrdi Hod\u017ei\u0107.<br \/>\n<a href=\"http:\/\/www.visit-ulcinj.com\/blog\/wp-content\/uploads\/2013\/02\/Dzelal-Hodzic_Ulcinj.jpg\"><img loading=\"lazy\" class=\"alignleft  wp-image-68848\" alt=\"Dzelal Hodzic_Ulcinj\" src=\"http:\/\/www.visit-ulcinj.com\/blog\/wp-content\/uploads\/2013\/02\/Dzelal-Hodzic_Ulcinj.jpg\" width=\"508\" height=\"300\" \/><\/a><br \/>\n<strong>Velika septi\u010dka jama<\/strong><br \/>\nPrema rije\u010dima Hod\u017ei\u0107a, Port Milena je kao istorijski simbol su\u017eivota Ulcinjana klimatsko-geografski fenomen, pejza\u017eni ambijentalni i ekolo\u0161ki raritet, ekonomsko-turisti\u010dki i ribolovni potencijal i duhovni i etni\u010dki identitet grada u proteklih 20 godina do\u017eivjela je nezapam\u0107enu degradaciju, uni\u0161tavanje i nipoda\u0161tavanje od strane svih struktura dru\u0161tva i trenutno se nalazi u komatoznom stanju, kao velika septi\u010dka jama. \u2013 Mi nudimo da, u partnerskom odnosu s gra\u0111anima Ulcinja \u2013 ribarima, turisti\u010dkim radnicima, vlasnicima ku\u0107ica, pansiona, restorana, intelektualcima i civilnim sektorom predstavimo zajedni\u010dki pristup rje\u0161enja problema Port Milene kroz definisanje programsko-projektnog zadatka, odnosno vizije za naredni period. Nudimo dugoro\u010dnu saradnju kroz potpisivanje memoranduma, kako bismo oja\u010dali kapacitete lokalne samouprave za izradu strate\u0161kog plana razvoja Ulcinja, lokalnog ekolo\u0161kog akcionog plana, projekta zelene ekonomije i programa po\u0161umljavanja Briske Gore, koja je izgorela u ljeto\u0161njem po\u017earu. Mi smo za sve ovo i te kako zainteresovani, ali druga strana, konkretno dr\u017eava i lokalna samouprava, zasad ne pokazuju da nas \u017eele kao partnere, isti\u010de Hod\u017ei\u0107.<\/p>\n<p><strong>Ulcinj radi, a Budva se gradi<\/p>\n<p><\/strong><\/p>\n<p><strong>Elez Vukovi\u0107, penzioner:<\/strong><br \/>\n\u2013 Ukoliko do\u0111e do rje\u0161enja ovog problema, to \u0107e biti u korist vlastodr\u017eaca, a ne u korist gra\u0111ana. Dosad je na tom podru\u010dju u\u010dinjena samo \u0161teta gra\u0111anima Ulcinja, a ukoliko bi se izgradila marina na tom podru\u010dju smatram da bismo svi mogli imati korist od toga. Treba pokrenuti \u0161to vi\u0161e projekata koje \u0107e podr\u017eati dr\u017eava, a ne da bude kao prije \u2013 Ulcinj radi \u2013 Budva se gradi!<\/p>\n<p><strong>Krsto Radulovi\u0107, penzioner:<\/strong><br \/>\n\u2013 Mislim da bi bilo neophodno sanirati lijevu i desnu obalu i odstraniti ili zatvoriti sve fekalne vode koje se ulivaju u Port Milenu. Po mom mi\u0161ljenju je idealno rje\u0161enje izgradnja divne marine koja je bogom data za to podru\u010dje, a posebno bi ribnjak pozitivno uticao na ekologiju. Smatram da bi pro\u010di\u0161\u0107avanje kanala koji spaja Port Milenu s Bojanom bilo idealno rje\u0161enje za ovaj problem, a za ovo postoji projekat koji je uradio pokojni in\u017eenjer Lazar Ban.<\/p>\n<p><strong>Hilmi Taipi, inspektor:<\/strong><br \/>\n\u2013 Po mom mi\u0161ljenju je najidealnije rje\u0161enje izgradnja marine koja bi sprije\u010dila ekolo\u0161ku katastrofu. Najva\u017enije je sprije\u010diti konstantno slivanje fekalnih voda i u\u010diniti da se pre\u010di\u0161\u0107enjem pospje\u0161i postoje\u0107a situacija. Izgradnjom marine uljep\u0161ao bi se izgled grada, privukla bi se pa\u017enja turista, a smatram da bi svi gra\u0111ani tako\u0111e imali korist od toga, naro\u010dito oni koji \u017eive u blizini Port Milene.<\/p>\n<p><strong>Va.R.<\/strong><br \/>\n<strong>Izvor: DAN<\/strong><\/p>\n<p>&nbsp;<\/p>\n","protected":false},"excerpt":{"rendered":"<p>Ho\u0107emo ribnjak, a ne zaga\u0111enu marinu Nadle\u017eni dr\u017eavni organi i Op\u0161tina Ulcinj imaju pogre\u0161an pristup rje\u0161avanju ekolo\u0161kih problema u kanalu Port Milena, smatra izvr\u0161ni direktor NVO \u201eZeleni korak\u201c D\u017eeljal Hod\u017ei\u0107. Ovaj vi\u0161edecenijski aktivista NVO sektora, koji se ekolo\u0161kom problematikom kanala, koji nosi ime crnogorske princeze i italijanske kraljice Milene bavi skoro 20 godina, tvrdi da [&hellip;]<\/p>\n","protected":false},"author":1,"featured_media":0,"comment_status":"open","ping_status":"closed","sticky":false,"template":"","format":"standard","meta":{"spay_email":"","jetpack_publicize_message":"","jetpack_is_tweetstorm":false,"jetpack_publicize_feature_enabled":true},"categories":[8337],"tags":[135,295,19],"jetpack_publicize_connections":[],"yoast_head":"<!-- This site is optimized with the Yoast SEO plugin v19.1 - https:\/\/yoast.com\/wordpress\/plugins\/seo\/ -->\n<title>Dzelal Hodzic smatra da dr\u017eava i op\u0161tina pogre\u0161no pristupaju problemu sanacije port Milene - Lajme nga Ulqini<\/title>\n<meta name=\"description\" content=\"Ho\u0107emo ribnjak, a ne zaga\u0111enu marinu Nadle\u017eni dr\u017eavni organi i Op\u0161tina Ulcinj imaju pogre\u0161an pristup rje\u0161avanju ekolo\u0161kih problema u kanalu Port Milena,\" \/>\n<meta name=\"robots\" content=\"index, follow, max-snippet:-1, max-image-preview:large, max-video-preview:-1\" \/>\n<link rel=\"canonical\" href=\"https:\/\/www.visit-ulcinj.com\/blog\/2013\/02\/16\/dzelal-hodzic-smatra-da-drzava-i-opstina-pogresno-pristupaju-problemu-sanacije-port-milene\/\" \/>\n<meta property=\"og:locale\" content=\"en_US\" \/>\n<meta property=\"og:type\" content=\"article\" \/>\n<meta property=\"og:title\" content=\"Dzelal Hodzic smatra da dr\u017eava i op\u0161tina pogre\u0161no pristupaju problemu sanacije port Milene - Lajme nga Ulqini\" \/>\n<meta property=\"og:description\" content=\"Ho\u0107emo ribnjak, a ne zaga\u0111enu marinu Nadle\u017eni dr\u017eavni organi i Op\u0161tina Ulcinj imaju pogre\u0161an pristup rje\u0161avanju ekolo\u0161kih problema u kanalu Port Milena,\" \/>\n<meta property=\"og:url\" content=\"https:\/\/www.visit-ulcinj.com\/blog\/2013\/02\/16\/dzelal-hodzic-smatra-da-drzava-i-opstina-pogresno-pristupaju-problemu-sanacije-port-milene\/\" \/>\n<meta property=\"og:site_name\" content=\"Lajme nga Ulqini\" \/>\n<meta property=\"article:published_time\" content=\"2013-02-16T17:39:22+00:00\" \/>\n<meta property=\"article:modified_time\" content=\"2013-02-16T17:40:02+00:00\" \/>\n<meta property=\"og:image\" content=\"http:\/\/www.visit-ulcinj.com\/blog\/wp-content\/uploads\/2013\/02\/Dzelal-Hodzic_Ismet-Karamanaga.jpg\" \/>\n<meta name=\"twitter:label1\" content=\"Written by\" \/>\n\t<meta name=\"twitter:data1\" content=\"ulqini\" \/>\n\t<meta name=\"twitter:label2\" content=\"Est. reading time\" \/>\n\t<meta name=\"twitter:data2\" content=\"5 minutes\" \/>\n<script type=\"application\/ld+json\" class=\"yoast-schema-graph\">{\"@context\":\"https:\/\/schema.org\",\"@graph\":[{\"@type\":\"WebSite\",\"@id\":\"https:\/\/www.visit-ulcinj.com\/blog\/#website\",\"url\":\"https:\/\/www.visit-ulcinj.com\/blog\/\",\"name\":\"Lajme nga Ulqini\",\"description\":\"Lajme,Vijesti,Ulqini,Ulqin,Crna Gora,Mali i Zi\",\"potentialAction\":[{\"@type\":\"SearchAction\",\"target\":{\"@type\":\"EntryPoint\",\"urlTemplate\":\"https:\/\/www.visit-ulcinj.com\/blog\/?s={search_term_string}\"},\"query-input\":\"required name=search_term_string\"}],\"inLanguage\":\"en-US\"},{\"@type\":\"ImageObject\",\"inLanguage\":\"en-US\",\"@id\":\"https:\/\/www.visit-ulcinj.com\/blog\/2013\/02\/16\/dzelal-hodzic-smatra-da-drzava-i-opstina-pogresno-pristupaju-problemu-sanacije-port-milene\/#primaryimage\",\"url\":\"https:\/\/www.visit-ulcinj.com\/blog\/wp-content\/uploads\/2013\/02\/Dzelal-Hodzic_Ismet-Karamanaga.jpg\",\"contentUrl\":\"https:\/\/www.visit-ulcinj.com\/blog\/wp-content\/uploads\/2013\/02\/Dzelal-Hodzic_Ismet-Karamanaga.jpg\",\"width\":847,\"height\":547},{\"@type\":\"WebPage\",\"@id\":\"https:\/\/www.visit-ulcinj.com\/blog\/2013\/02\/16\/dzelal-hodzic-smatra-da-drzava-i-opstina-pogresno-pristupaju-problemu-sanacije-port-milene\/#webpage\",\"url\":\"https:\/\/www.visit-ulcinj.com\/blog\/2013\/02\/16\/dzelal-hodzic-smatra-da-drzava-i-opstina-pogresno-pristupaju-problemu-sanacije-port-milene\/\",\"name\":\"Dzelal Hodzic smatra da dr\u017eava i op\u0161tina pogre\u0161no pristupaju problemu sanacije port Milene - Lajme nga Ulqini\",\"isPartOf\":{\"@id\":\"https:\/\/www.visit-ulcinj.com\/blog\/#website\"},\"primaryImageOfPage\":{\"@id\":\"https:\/\/www.visit-ulcinj.com\/blog\/2013\/02\/16\/dzelal-hodzic-smatra-da-drzava-i-opstina-pogresno-pristupaju-problemu-sanacije-port-milene\/#primaryimage\"},\"datePublished\":\"2013-02-16T17:39:22+00:00\",\"dateModified\":\"2013-02-16T17:40:02+00:00\",\"author\":{\"@id\":\"https:\/\/www.visit-ulcinj.com\/blog\/#\/schema\/person\/dcab619c614d3038751c63bc2aadc06d\"},\"description\":\"Ho\u0107emo ribnjak, a ne zaga\u0111enu marinu Nadle\u017eni dr\u017eavni organi i Op\u0161tina Ulcinj imaju pogre\u0161an pristup rje\u0161avanju ekolo\u0161kih problema u kanalu Port Milena,\",\"breadcrumb\":{\"@id\":\"https:\/\/www.visit-ulcinj.com\/blog\/2013\/02\/16\/dzelal-hodzic-smatra-da-drzava-i-opstina-pogresno-pristupaju-problemu-sanacije-port-milene\/#breadcrumb\"},\"inLanguage\":\"en-US\",\"potentialAction\":[{\"@type\":\"ReadAction\",\"target\":[\"https:\/\/www.visit-ulcinj.com\/blog\/2013\/02\/16\/dzelal-hodzic-smatra-da-drzava-i-opstina-pogresno-pristupaju-problemu-sanacije-port-milene\/\"]}]},{\"@type\":\"BreadcrumbList\",\"@id\":\"https:\/\/www.visit-ulcinj.com\/blog\/2013\/02\/16\/dzelal-hodzic-smatra-da-drzava-i-opstina-pogresno-pristupaju-problemu-sanacije-port-milene\/#breadcrumb\",\"itemListElement\":[{\"@type\":\"ListItem\",\"position\":1,\"name\":\"Dzelal Hodzic smatra da dr\u017eava i op\u0161tina pogre\u0161no pristupaju problemu sanacije port Milene\"}]},{\"@type\":\"Person\",\"@id\":\"https:\/\/www.visit-ulcinj.com\/blog\/#\/schema\/person\/dcab619c614d3038751c63bc2aadc06d\",\"name\":\"ulqini\",\"sameAs\":[\"http:\/\/www.visit-ulcinj.com\"],\"url\":\"https:\/\/www.visit-ulcinj.com\/blog\/author\/admin\/\"}]}<\/script>\n<!-- \/ Yoast SEO plugin. -->","yoast_head_json":{"title":"Dzelal Hodzic smatra da dr\u017eava i op\u0161tina pogre\u0161no pristupaju problemu sanacije port Milene - Lajme nga Ulqini","description":"Ho\u0107emo ribnjak, a ne zaga\u0111enu marinu Nadle\u017eni dr\u017eavni organi i Op\u0161tina Ulcinj imaju pogre\u0161an pristup rje\u0161avanju ekolo\u0161kih problema u kanalu Port Milena,","robots":{"index":"index","follow":"follow","max-snippet":"max-snippet:-1","max-image-preview":"max-image-preview:large","max-video-preview":"max-video-preview:-1"},"canonical":"https:\/\/www.visit-ulcinj.com\/blog\/2013\/02\/16\/dzelal-hodzic-smatra-da-drzava-i-opstina-pogresno-pristupaju-problemu-sanacije-port-milene\/","og_locale":"en_US","og_type":"article","og_title":"Dzelal Hodzic smatra da dr\u017eava i op\u0161tina pogre\u0161no pristupaju problemu sanacije port Milene - Lajme nga Ulqini","og_description":"Ho\u0107emo ribnjak, a ne zaga\u0111enu marinu Nadle\u017eni dr\u017eavni organi i Op\u0161tina Ulcinj imaju pogre\u0161an pristup rje\u0161avanju ekolo\u0161kih problema u kanalu Port Milena,","og_url":"https:\/\/www.visit-ulcinj.com\/blog\/2013\/02\/16\/dzelal-hodzic-smatra-da-drzava-i-opstina-pogresno-pristupaju-problemu-sanacije-port-milene\/","og_site_name":"Lajme nga Ulqini","article_published_time":"2013-02-16T17:39:22+00:00","article_modified_time":"2013-02-16T17:40:02+00:00","og_image":[{"url":"http:\/\/www.visit-ulcinj.com\/blog\/wp-content\/uploads\/2013\/02\/Dzelal-Hodzic_Ismet-Karamanaga.jpg"}],"twitter_misc":{"Written by":"ulqini","Est. reading time":"5 minutes"},"schema":{"@context":"https:\/\/schema.org","@graph":[{"@type":"WebSite","@id":"https:\/\/www.visit-ulcinj.com\/blog\/#website","url":"https:\/\/www.visit-ulcinj.com\/blog\/","name":"Lajme nga Ulqini","description":"Lajme,Vijesti,Ulqini,Ulqin,Crna Gora,Mali i Zi","potentialAction":[{"@type":"SearchAction","target":{"@type":"EntryPoint","urlTemplate":"https:\/\/www.visit-ulcinj.com\/blog\/?s={search_term_string}"},"query-input":"required name=search_term_string"}],"inLanguage":"en-US"},{"@type":"ImageObject","inLanguage":"en-US","@id":"https:\/\/www.visit-ulcinj.com\/blog\/2013\/02\/16\/dzelal-hodzic-smatra-da-drzava-i-opstina-pogresno-pristupaju-problemu-sanacije-port-milene\/#primaryimage","url":"https:\/\/www.visit-ulcinj.com\/blog\/wp-content\/uploads\/2013\/02\/Dzelal-Hodzic_Ismet-Karamanaga.jpg","contentUrl":"https:\/\/www.visit-ulcinj.com\/blog\/wp-content\/uploads\/2013\/02\/Dzelal-Hodzic_Ismet-Karamanaga.jpg","width":847,"height":547},{"@type":"WebPage","@id":"https:\/\/www.visit-ulcinj.com\/blog\/2013\/02\/16\/dzelal-hodzic-smatra-da-drzava-i-opstina-pogresno-pristupaju-problemu-sanacije-port-milene\/#webpage","url":"https:\/\/www.visit-ulcinj.com\/blog\/2013\/02\/16\/dzelal-hodzic-smatra-da-drzava-i-opstina-pogresno-pristupaju-problemu-sanacije-port-milene\/","name":"Dzelal Hodzic smatra da dr\u017eava i op\u0161tina pogre\u0161no pristupaju problemu sanacije port Milene - Lajme nga Ulqini","isPartOf":{"@id":"https:\/\/www.visit-ulcinj.com\/blog\/#website"},"primaryImageOfPage":{"@id":"https:\/\/www.visit-ulcinj.com\/blog\/2013\/02\/16\/dzelal-hodzic-smatra-da-drzava-i-opstina-pogresno-pristupaju-problemu-sanacije-port-milene\/#primaryimage"},"datePublished":"2013-02-16T17:39:22+00:00","dateModified":"2013-02-16T17:40:02+00:00","author":{"@id":"https:\/\/www.visit-ulcinj.com\/blog\/#\/schema\/person\/dcab619c614d3038751c63bc2aadc06d"},"description":"Ho\u0107emo ribnjak, a ne zaga\u0111enu marinu Nadle\u017eni dr\u017eavni organi i Op\u0161tina Ulcinj imaju pogre\u0161an pristup rje\u0161avanju ekolo\u0161kih problema u kanalu Port Milena,","breadcrumb":{"@id":"https:\/\/www.visit-ulcinj.com\/blog\/2013\/02\/16\/dzelal-hodzic-smatra-da-drzava-i-opstina-pogresno-pristupaju-problemu-sanacije-port-milene\/#breadcrumb"},"inLanguage":"en-US","potentialAction":[{"@type":"ReadAction","target":["https:\/\/www.visit-ulcinj.com\/blog\/2013\/02\/16\/dzelal-hodzic-smatra-da-drzava-i-opstina-pogresno-pristupaju-problemu-sanacije-port-milene\/"]}]},{"@type":"BreadcrumbList","@id":"https:\/\/www.visit-ulcinj.com\/blog\/2013\/02\/16\/dzelal-hodzic-smatra-da-drzava-i-opstina-pogresno-pristupaju-problemu-sanacije-port-milene\/#breadcrumb","itemListElement":[{"@type":"ListItem","position":1,"name":"Dzelal Hodzic smatra da dr\u017eava i op\u0161tina pogre\u0161no pristupaju problemu sanacije port Milene"}]},{"@type":"Person","@id":"https:\/\/www.visit-ulcinj.com\/blog\/#\/schema\/person\/dcab619c614d3038751c63bc2aadc06d","name":"ulqini","sameAs":["http:\/\/www.visit-ulcinj.com"],"url":"https:\/\/www.visit-ulcinj.com\/blog\/author\/admin\/"}]}},"jetpack_featured_media_url":"","jetpack_sharing_enabled":true,"jetpack_shortlink":"https:\/\/wp.me\/pe6lTn-hUq","_links":{"self":[{"href":"https:\/\/www.visit-ulcinj.com\/blog\/wp-json\/wp\/v2\/posts\/68846"}],"collection":[{"href":"https:\/\/www.visit-ulcinj.com\/blog\/wp-json\/wp\/v2\/posts"}],"about":[{"href":"https:\/\/www.visit-ulcinj.com\/blog\/wp-json\/wp\/v2\/types\/post"}],"author":[{"embeddable":true,"href":"https:\/\/www.visit-ulcinj.com\/blog\/wp-json\/wp\/v2\/users\/1"}],"replies":[{"embeddable":true,"href":"https:\/\/www.visit-ulcinj.com\/blog\/wp-json\/wp\/v2\/comments?post=68846"}],"version-history":[{"count":3,"href":"https:\/\/www.visit-ulcinj.com\/blog\/wp-json\/wp\/v2\/posts\/68846\/revisions"}],"predecessor-version":[{"id":68850,"href":"https:\/\/www.visit-ulcinj.com\/blog\/wp-json\/wp\/v2\/posts\/68846\/revisions\/68850"}],"wp:attachment":[{"href":"https:\/\/www.visit-ulcinj.com\/blog\/wp-json\/wp\/v2\/media?parent=68846"}],"wp:term":[{"taxonomy":"category","embeddable":true,"href":"https:\/\/www.visit-ulcinj.com\/blog\/wp-json\/wp\/v2\/categories?post=68846"},{"taxonomy":"post_tag","embeddable":true,"href":"https:\/\/www.visit-ulcinj.com\/blog\/wp-json\/wp\/v2\/tags?post=68846"}],"curies":[{"name":"wp","href":"https:\/\/api.w.org\/{rel}","templated":true}]}}