{"id":68852,"date":"2013-02-16T18:56:02","date_gmt":"2013-02-16T17:56:02","guid":{"rendered":"http:\/\/www.visit-ulcinj.com\/blog\/?p=68852"},"modified":"2013-02-16T18:56:24","modified_gmt":"2013-02-16T17:56:24","slug":"sindikat-solane-protestiukoliko-ne-bude-garancija","status":"publish","type":"post","link":"https:\/\/www.visit-ulcinj.com\/blog\/2013\/02\/16\/sindikat-solane-protestiukoliko-ne-bude-garancija\/","title":{"rendered":"Sindikat Solane: Protesti,ukoliko ne bude garancija"},"content":{"rendered":"<p>Sindikalna organizacija Solane ,,Bajo Sekuli\u0107\u201c, najavila je proteste ukoliko im nadle\u017eni organi, narednih dana ne daju garancije o opstanku Solane.<br \/>\n<a href=\"http:\/\/www.visit-ulcinj.com\/blog\/wp-content\/uploads\/2013\/02\/Na-Prodaju_Solana_Bajo-Sekulic_Ulcinj_Crna-Gora.jpg\"><img loading=\"lazy\" class=\"alignleft  wp-image-68853\" alt=\"Na-Prodaju_Solana_Bajo-Sekulic_Ulcinj_Crna-Gora\" src=\"http:\/\/www.visit-ulcinj.com\/blog\/wp-content\/uploads\/2013\/02\/Na-Prodaju_Solana_Bajo-Sekulic_Ulcinj_Crna-Gora.jpg\" width=\"508\" height=\"360\" \/><\/a><\/p>\n<p>Naime, na ju\u010dera\u0161njoj konferenciji, ta sindikalna organizacija tra\u017eila je od predsjednika op\u0161tine Ulcinj, Nazifa Cungu, da do kraja idu\u0107e sedmice, organizuje sastanak sa svim relevantnim subjektima, na kojem bi se tra\u017eile garancije za opstanak Solane i o\u010duvanje postoje\u0107ih radnih mjesta, koja predstavljaju minimum za funkcionisanje fabrike.<\/p>\n<p>&#8221; Ukoliko u roku od 10 dana Sindikalna organizacija Solana \u201cBajo Sekuli\u0107\u201d ne dobije garancije o opstanku Solane, otpo\u010de\u0107e sa organizovanjem radni\u010dkih i gra\u0111anskih protesta, te lobiranjem doma\u0107e i evropske javnosti u borbi za opstanaka Solane.&#8221; , ka\u017ee se u saop\u0161tenju predsjednika \u00a0Sindikalne organizacije Solane, Marka Mirjanovi\u0107a.<\/p>\n<p>Sindikalci su zamjerili predstavnicima \u00a0Privrednog suda, Ministarstva ekonomije i Savjeta za privatizaciju \u0161to nijesu uzeli u\u010de\u0161\u0107a na konferenciji.<\/p>\n<p>\u201cMe\u0111utim, posebno ohrabruju\u0107e bilo je pismo Agencije za za\u0161titu \u017eivotne sredine, koja je opravdala svoje odsustvo \u010dinjenicom da nemaju mandat niti svojim prisustvom mogu rje\u0161avati pitanje egzistencije zaposlenih, ali da podr\u017eavaju opstanak Solane u postoje\u0107im granicama i sa postoje\u0107om funkcijom, \u00a0a \u00a0\u0161to je u \u00a0skladu \u00a0sa \u00a0Izmjenama \u00a0i \u00a0dopunama \u00a0Prostornog \u00a0plana Crne \u00a0Gore \u00a0do \u00a02020. godine, gdje je planirano da se Solana proglasi spomenikom prirode. Njihova \u00a0i \u00a0istra\u017eivanja \u00a0me\u0111unarodnih \u00a0eksperata potvrdjuju \u00a0\u010dinjenicu \u00a0da \u00a0se \u00a0radi o najzna\u010dajnijem \u00a0stani\u0161tu \u00a0za \u00a0ptice \u00a0na Isto\u010dnoj \u00a0obali \u00a0Jadrana.Kako su u pismu istakli, \u010dinjenica \u00a0da \u00a0zna\u010daj \u00a0Solane \u00a0za \u00a0za\u0161titu biodiverziteta \u00a0zna\u010dajno \u00a0prevazilazi nacionalne \u00a0okvire \u00a0obavezuje \u00a0Crnu \u00a0Goru na \u00a0za\u0161titu \u00a0ovog \u00a0podru\u010dja, \u00a0kako bi, \u00a0u \u00a0prvom redu \u00a0migratornim, \u00a0zimovalicama \u00a0i \u00a0gnijezde\u0107im \u00a0vrstama ptica obezbijedili sigurno mjesto za odmor i ishranu\u201d, ka\u017ee se u saop\u0161tenju sindikata.<\/p>\n<p>Na vi\u0161esatnoj tematskoj konferenciji koja je ju\u010de odr\u017eana u Ulcinju u organizaciji Sindikalne organizacije Solana \u201cBajo Sekuli\u0107\u201d, svi u\u010desnici dali su jedinstvenu podr\u0161ku opstanku tog privrednog subjekta, koji je, kako su istakli, \u00a0od posebnog zna\u010daja za op\u0161tinu Ulcinj, kako sa pozicije o\u010duvanja radnih mjesta i standarda zaposlenih i njihovih porodica, tako i sa pozicije o\u010duvanja biodiverziteta i valorizacije turizma.<\/p>\n<p><strong>Izvor: CDM<\/strong><\/p>\n<!--YouTube Error: bad URL entered-->\n","protected":false},"excerpt":{"rendered":"<p>Sindikalna organizacija Solane ,,Bajo Sekuli\u0107\u201c, najavila je proteste ukoliko im nadle\u017eni organi, narednih dana ne daju garancije o opstanku Solane. Naime, na ju\u010dera\u0161njoj konferenciji, ta sindikalna organizacija tra\u017eila je od predsjednika op\u0161tine Ulcinj, Nazifa Cungu, da do kraja idu\u0107e sedmice, organizuje sastanak sa svim relevantnim subjektima, na kojem bi se tra\u017eile garancije za opstanak Solane [&hellip;]<\/p>\n","protected":false},"author":1,"featured_media":0,"comment_status":"open","ping_status":"closed","sticky":false,"template":"","format":"standard","meta":{"spay_email":"","jetpack_publicize_message":"","jetpack_is_tweetstorm":false,"jetpack_publicize_feature_enabled":true},"categories":[6950],"tags":[1968],"jetpack_publicize_connections":[],"yoast_head":"<!-- This site is optimized with the Yoast SEO plugin v19.1 - https:\/\/yoast.com\/wordpress\/plugins\/seo\/ -->\n<title>Sindikat Solane: Protesti,ukoliko ne bude garancija - Lajme nga Ulqini<\/title>\n<meta name=\"description\" content=\"Sindikalna organizacija Solane ,,Bajo Sekuli\u0107\u201c, najavila je proteste ukoliko im nadle\u017eni organi, narednih dana ne daju garancije o opstanku Solane. Naime,\" \/>\n<meta name=\"robots\" content=\"index, follow, max-snippet:-1, max-image-preview:large, max-video-preview:-1\" \/>\n<link rel=\"canonical\" href=\"https:\/\/www.visit-ulcinj.com\/blog\/2013\/02\/16\/sindikat-solane-protestiukoliko-ne-bude-garancija\/\" \/>\n<meta property=\"og:locale\" content=\"en_US\" \/>\n<meta property=\"og:type\" content=\"article\" \/>\n<meta property=\"og:title\" content=\"Sindikat Solane: Protesti,ukoliko ne bude garancija - Lajme nga Ulqini\" \/>\n<meta property=\"og:description\" content=\"Sindikalna organizacija Solane ,,Bajo Sekuli\u0107\u201c, najavila je proteste ukoliko im nadle\u017eni organi, narednih dana ne daju garancije o opstanku Solane. Naime,\" \/>\n<meta property=\"og:url\" content=\"https:\/\/www.visit-ulcinj.com\/blog\/2013\/02\/16\/sindikat-solane-protestiukoliko-ne-bude-garancija\/\" \/>\n<meta property=\"og:site_name\" content=\"Lajme nga Ulqini\" \/>\n<meta property=\"article:published_time\" content=\"2013-02-16T17:56:02+00:00\" \/>\n<meta property=\"article:modified_time\" content=\"2013-02-16T17:56:24+00:00\" \/>\n<meta property=\"og:image\" content=\"http:\/\/www.visit-ulcinj.com\/blog\/wp-content\/uploads\/2013\/02\/Na-Prodaju_Solana_Bajo-Sekulic_Ulcinj_Crna-Gora.jpg\" \/>\n<meta name=\"twitter:label1\" content=\"Written by\" \/>\n\t<meta name=\"twitter:data1\" content=\"ulqini\" \/>\n\t<meta name=\"twitter:label2\" content=\"Est. reading time\" \/>\n\t<meta name=\"twitter:data2\" content=\"2 minutes\" \/>\n<script type=\"application\/ld+json\" class=\"yoast-schema-graph\">{\"@context\":\"https:\/\/schema.org\",\"@graph\":[{\"@type\":\"WebSite\",\"@id\":\"https:\/\/www.visit-ulcinj.com\/blog\/#website\",\"url\":\"https:\/\/www.visit-ulcinj.com\/blog\/\",\"name\":\"Lajme nga Ulqini\",\"description\":\"Lajme,Vijesti,Ulqini,Ulqin,Crna Gora,Mali i Zi\",\"potentialAction\":[{\"@type\":\"SearchAction\",\"target\":{\"@type\":\"EntryPoint\",\"urlTemplate\":\"https:\/\/www.visit-ulcinj.com\/blog\/?s={search_term_string}\"},\"query-input\":\"required name=search_term_string\"}],\"inLanguage\":\"en-US\"},{\"@type\":\"ImageObject\",\"inLanguage\":\"en-US\",\"@id\":\"https:\/\/www.visit-ulcinj.com\/blog\/2013\/02\/16\/sindikat-solane-protestiukoliko-ne-bude-garancija\/#primaryimage\",\"url\":\"https:\/\/www.visit-ulcinj.com\/blog\/wp-content\/uploads\/2013\/02\/Na-Prodaju_Solana_Bajo-Sekulic_Ulcinj_Crna-Gora.jpg\",\"contentUrl\":\"https:\/\/www.visit-ulcinj.com\/blog\/wp-content\/uploads\/2013\/02\/Na-Prodaju_Solana_Bajo-Sekulic_Ulcinj_Crna-Gora.jpg\",\"width\":1064,\"height\":633},{\"@type\":\"WebPage\",\"@id\":\"https:\/\/www.visit-ulcinj.com\/blog\/2013\/02\/16\/sindikat-solane-protestiukoliko-ne-bude-garancija\/#webpage\",\"url\":\"https:\/\/www.visit-ulcinj.com\/blog\/2013\/02\/16\/sindikat-solane-protestiukoliko-ne-bude-garancija\/\",\"name\":\"Sindikat Solane: Protesti,ukoliko ne bude garancija - Lajme nga Ulqini\",\"isPartOf\":{\"@id\":\"https:\/\/www.visit-ulcinj.com\/blog\/#website\"},\"primaryImageOfPage\":{\"@id\":\"https:\/\/www.visit-ulcinj.com\/blog\/2013\/02\/16\/sindikat-solane-protestiukoliko-ne-bude-garancija\/#primaryimage\"},\"datePublished\":\"2013-02-16T17:56:02+00:00\",\"dateModified\":\"2013-02-16T17:56:24+00:00\",\"author\":{\"@id\":\"https:\/\/www.visit-ulcinj.com\/blog\/#\/schema\/person\/dcab619c614d3038751c63bc2aadc06d\"},\"description\":\"Sindikalna organizacija Solane ,,Bajo Sekuli\u0107\u201c, najavila je proteste ukoliko im nadle\u017eni organi, narednih dana ne daju garancije o opstanku Solane. Naime,\",\"breadcrumb\":{\"@id\":\"https:\/\/www.visit-ulcinj.com\/blog\/2013\/02\/16\/sindikat-solane-protestiukoliko-ne-bude-garancija\/#breadcrumb\"},\"inLanguage\":\"en-US\",\"potentialAction\":[{\"@type\":\"ReadAction\",\"target\":[\"https:\/\/www.visit-ulcinj.com\/blog\/2013\/02\/16\/sindikat-solane-protestiukoliko-ne-bude-garancija\/\"]}]},{\"@type\":\"BreadcrumbList\",\"@id\":\"https:\/\/www.visit-ulcinj.com\/blog\/2013\/02\/16\/sindikat-solane-protestiukoliko-ne-bude-garancija\/#breadcrumb\",\"itemListElement\":[{\"@type\":\"ListItem\",\"position\":1,\"name\":\"Sindikat Solane: Protesti,ukoliko ne bude garancija\"}]},{\"@type\":\"Person\",\"@id\":\"https:\/\/www.visit-ulcinj.com\/blog\/#\/schema\/person\/dcab619c614d3038751c63bc2aadc06d\",\"name\":\"ulqini\",\"sameAs\":[\"http:\/\/www.visit-ulcinj.com\"],\"url\":\"https:\/\/www.visit-ulcinj.com\/blog\/author\/admin\/\"}]}<\/script>\n<!-- \/ Yoast SEO plugin. -->","yoast_head_json":{"title":"Sindikat Solane: Protesti,ukoliko ne bude garancija - Lajme nga Ulqini","description":"Sindikalna organizacija Solane ,,Bajo Sekuli\u0107\u201c, najavila je proteste ukoliko im nadle\u017eni organi, narednih dana ne daju garancije o opstanku Solane. Naime,","robots":{"index":"index","follow":"follow","max-snippet":"max-snippet:-1","max-image-preview":"max-image-preview:large","max-video-preview":"max-video-preview:-1"},"canonical":"https:\/\/www.visit-ulcinj.com\/blog\/2013\/02\/16\/sindikat-solane-protestiukoliko-ne-bude-garancija\/","og_locale":"en_US","og_type":"article","og_title":"Sindikat Solane: Protesti,ukoliko ne bude garancija - Lajme nga Ulqini","og_description":"Sindikalna organizacija Solane ,,Bajo Sekuli\u0107\u201c, najavila je proteste ukoliko im nadle\u017eni organi, narednih dana ne daju garancije o opstanku Solane. Naime,","og_url":"https:\/\/www.visit-ulcinj.com\/blog\/2013\/02\/16\/sindikat-solane-protestiukoliko-ne-bude-garancija\/","og_site_name":"Lajme nga Ulqini","article_published_time":"2013-02-16T17:56:02+00:00","article_modified_time":"2013-02-16T17:56:24+00:00","og_image":[{"url":"http:\/\/www.visit-ulcinj.com\/blog\/wp-content\/uploads\/2013\/02\/Na-Prodaju_Solana_Bajo-Sekulic_Ulcinj_Crna-Gora.jpg"}],"twitter_misc":{"Written by":"ulqini","Est. reading time":"2 minutes"},"schema":{"@context":"https:\/\/schema.org","@graph":[{"@type":"WebSite","@id":"https:\/\/www.visit-ulcinj.com\/blog\/#website","url":"https:\/\/www.visit-ulcinj.com\/blog\/","name":"Lajme nga Ulqini","description":"Lajme,Vijesti,Ulqini,Ulqin,Crna Gora,Mali i Zi","potentialAction":[{"@type":"SearchAction","target":{"@type":"EntryPoint","urlTemplate":"https:\/\/www.visit-ulcinj.com\/blog\/?s={search_term_string}"},"query-input":"required name=search_term_string"}],"inLanguage":"en-US"},{"@type":"ImageObject","inLanguage":"en-US","@id":"https:\/\/www.visit-ulcinj.com\/blog\/2013\/02\/16\/sindikat-solane-protestiukoliko-ne-bude-garancija\/#primaryimage","url":"https:\/\/www.visit-ulcinj.com\/blog\/wp-content\/uploads\/2013\/02\/Na-Prodaju_Solana_Bajo-Sekulic_Ulcinj_Crna-Gora.jpg","contentUrl":"https:\/\/www.visit-ulcinj.com\/blog\/wp-content\/uploads\/2013\/02\/Na-Prodaju_Solana_Bajo-Sekulic_Ulcinj_Crna-Gora.jpg","width":1064,"height":633},{"@type":"WebPage","@id":"https:\/\/www.visit-ulcinj.com\/blog\/2013\/02\/16\/sindikat-solane-protestiukoliko-ne-bude-garancija\/#webpage","url":"https:\/\/www.visit-ulcinj.com\/blog\/2013\/02\/16\/sindikat-solane-protestiukoliko-ne-bude-garancija\/","name":"Sindikat Solane: Protesti,ukoliko ne bude garancija - Lajme nga Ulqini","isPartOf":{"@id":"https:\/\/www.visit-ulcinj.com\/blog\/#website"},"primaryImageOfPage":{"@id":"https:\/\/www.visit-ulcinj.com\/blog\/2013\/02\/16\/sindikat-solane-protestiukoliko-ne-bude-garancija\/#primaryimage"},"datePublished":"2013-02-16T17:56:02+00:00","dateModified":"2013-02-16T17:56:24+00:00","author":{"@id":"https:\/\/www.visit-ulcinj.com\/blog\/#\/schema\/person\/dcab619c614d3038751c63bc2aadc06d"},"description":"Sindikalna organizacija Solane ,,Bajo Sekuli\u0107\u201c, najavila je proteste ukoliko im nadle\u017eni organi, narednih dana ne daju garancije o opstanku Solane. Naime,","breadcrumb":{"@id":"https:\/\/www.visit-ulcinj.com\/blog\/2013\/02\/16\/sindikat-solane-protestiukoliko-ne-bude-garancija\/#breadcrumb"},"inLanguage":"en-US","potentialAction":[{"@type":"ReadAction","target":["https:\/\/www.visit-ulcinj.com\/blog\/2013\/02\/16\/sindikat-solane-protestiukoliko-ne-bude-garancija\/"]}]},{"@type":"BreadcrumbList","@id":"https:\/\/www.visit-ulcinj.com\/blog\/2013\/02\/16\/sindikat-solane-protestiukoliko-ne-bude-garancija\/#breadcrumb","itemListElement":[{"@type":"ListItem","position":1,"name":"Sindikat Solane: Protesti,ukoliko ne bude garancija"}]},{"@type":"Person","@id":"https:\/\/www.visit-ulcinj.com\/blog\/#\/schema\/person\/dcab619c614d3038751c63bc2aadc06d","name":"ulqini","sameAs":["http:\/\/www.visit-ulcinj.com"],"url":"https:\/\/www.visit-ulcinj.com\/blog\/author\/admin\/"}]}},"jetpack_featured_media_url":"","jetpack_sharing_enabled":true,"jetpack_shortlink":"https:\/\/wp.me\/pe6lTn-hUw","_links":{"self":[{"href":"https:\/\/www.visit-ulcinj.com\/blog\/wp-json\/wp\/v2\/posts\/68852"}],"collection":[{"href":"https:\/\/www.visit-ulcinj.com\/blog\/wp-json\/wp\/v2\/posts"}],"about":[{"href":"https:\/\/www.visit-ulcinj.com\/blog\/wp-json\/wp\/v2\/types\/post"}],"author":[{"embeddable":true,"href":"https:\/\/www.visit-ulcinj.com\/blog\/wp-json\/wp\/v2\/users\/1"}],"replies":[{"embeddable":true,"href":"https:\/\/www.visit-ulcinj.com\/blog\/wp-json\/wp\/v2\/comments?post=68852"}],"version-history":[{"count":3,"href":"https:\/\/www.visit-ulcinj.com\/blog\/wp-json\/wp\/v2\/posts\/68852\/revisions"}],"predecessor-version":[{"id":68879,"href":"https:\/\/www.visit-ulcinj.com\/blog\/wp-json\/wp\/v2\/posts\/68852\/revisions\/68879"}],"wp:attachment":[{"href":"https:\/\/www.visit-ulcinj.com\/blog\/wp-json\/wp\/v2\/media?parent=68852"}],"wp:term":[{"taxonomy":"category","embeddable":true,"href":"https:\/\/www.visit-ulcinj.com\/blog\/wp-json\/wp\/v2\/categories?post=68852"},{"taxonomy":"post_tag","embeddable":true,"href":"https:\/\/www.visit-ulcinj.com\/blog\/wp-json\/wp\/v2\/tags?post=68852"}],"curies":[{"name":"wp","href":"https:\/\/api.w.org\/{rel}","templated":true}]}}