{"id":68856,"date":"2013-02-17T19:02:13","date_gmt":"2013-02-17T18:02:13","guid":{"rendered":"http:\/\/www.visit-ulcinj.com\/blog\/?p=68856"},"modified":"2013-02-18T00:12:42","modified_gmt":"2013-02-17T23:12:42","slug":"met-gjoni-vratiti-stari-sjaj-ulcinja","status":"publish","type":"post","link":"https:\/\/www.visit-ulcinj.com\/blog\/2013\/02\/17\/met-gjoni-vratiti-stari-sjaj-ulcinja\/","title":{"rendered":"Met Gjoni: Vratiti stari sjaj Ulcinja"},"content":{"rendered":"<p>Slabu turisti\u010dku ponudu moramo pobolj\u0161ati i pokazati turisti\u010dkom tr\u017ei\u0161tu da smo spremni ugostiti i mnoge strane turiste. Vjerujem da \u0107e nastupaju\u0107a turisti\u010dka sezona u Ulcinju biti puno bolja i da \u0107emo uspjeti vratiti onaj stari sjaj Ulcinja.<br \/>\n<a href=\"http:\/\/www.visit-ulcinj.com\/blog\/wp-content\/uploads\/2013\/02\/Met-Gjoni_potpredsjednika-opstine-Ulcinj.jpg\"><img loading=\"lazy\" class=\"alignleft  wp-image-68857\" alt=\"Met Gjoni_potpredsjednika opstine Ulcinj\" src=\"http:\/\/www.visit-ulcinj.com\/blog\/wp-content\/uploads\/2013\/02\/Met-Gjoni_potpredsjednika-opstine-Ulcinj.jpg\" width=\"508\" height=\"360\" \/><\/a><\/p>\n<p><strong>Met Gjoni je jedan od trojice potpredsjednika op\u0161tine Ulcinj sa kojim razgovaramo o turizmu i onome \u0161to grad Ulcinj pru\u017ea svojim gostima, o privrednim resursima, su\u017eivotu Albanaca i Bo\u0161njaka&#8230;<\/strong><\/p>\n<p>Met Gjoni na mjesto potpredsjednika op\u0161tine Ulcinj je ispred Nacionalne stranke Albanaca. U demokratske procese u Crnoj Gori uklju\u010dio se 90-ih godina kao jedan od osniva\u010da Demokratskog Foruma Albanaca u Crnoj Gori i potpredsjednik tog Foruma a nakon toga su formirane i prve nacionalne stranke. Bio je poslanik Demokratske unije Albanaca (DUA) 1996 do 1998 godine. Nakon prijevremenih izbora, kako ka\u017ee, u godinama koje su bile vrlo te\u0161ke za sve, mi smo se tada oprijedelili za bolju politi\u010dku opciju za sve nas koja je i sada na vlasti. Nakon toga vremena odlazi u Zagreb gdje je nekoliko godina \u017eivio i radio kao magistar tehnologije. Vratio se u rodni grad gdje je zatekao privatizaciju i gdje su se mnoge fabrike prodale u bescenje me\u0111u njima i \u010duvena ulcinjska \u201cSolana\u201d od kojih je on cesto te probleme izlagao sa skupstinskom govornicom. Jedno vrijeme je bio direktor \u201cRadio Ulcinja\u201d a od 2008. do juna pro\u0161le godine je bio zamjenik ambasadora u republici Albaniji. Od pro\u0161le godine obavlja funkciju potpredsjednika op\u0161tine Ulcinj.<\/p>\n<div><strong>Kakav je privredni potencijal Ulcinja?<\/strong><\/div>\n<div><strong>Met Gjoni:<\/strong> Privredni i prirodni potencijal Ulcinja je vrlo specifi\u010dan. Nekada davno je jedan poznati svjetski geograf \u0161etaju\u0107i ovim krajevima istakao da je Ulcinju Bog podario sve \u0161to mu treba, a i \u00a0vi\u0161e od toga. Zna\u010di na\u0161 grad ima sve potencijale da bude me\u0111u razvijenijim op\u0161tinama u Crnoj Gori, ali na\u017ealost op\u0161tina Ulcinj spada u one nerazvijene op\u0161tine i ako je na primorju i ima najbolje uslove za mnoge dru\u0161tvene djelatnosti. Imamo preko 15 kilometara pje\u0161\u010dane pla\u017ee koja jo\u0161 nije iskori\u0161\u0107ena kako treba, nisu izgra\u0111eni mnogi hoteli, moteli i razni turisti\u010dki centri, a trebali bi. Nai\u0161la je velika ekonomske kriza, radi se na divlje, neplanski. Poru\u0161ena je ve\u0107ina tada\u0161njih dru\u0161tvenih hotela, stigla je privatizacija koja je dovela do toga da danas nemamo kapacitete vezane za visoki turizam, ve\u0107 za turizam iz okru\u017eenja jer nemamo ponudu da privu\u010demo prave goste iz velikih zapadnoevropskih dr\u017eava.<\/div>\n<div><a href=\"http:\/\/www.visit-ulcinj.com\/blog\/wp-content\/uploads\/2013\/02\/Met-Gjoni_potpredsjednika-opstine-Ulcinj.1.jpg\"><img loading=\"lazy\" class=\"alignleft  wp-image-68858\" alt=\"Met Gjoni_potpredsjednika opstine Ulcinj.1\" src=\"http:\/\/www.visit-ulcinj.com\/blog\/wp-content\/uploads\/2013\/02\/Met-Gjoni_potpredsjednika-opstine-Ulcinj.1.jpg\" width=\"508\" height=\"300\" \/><\/a><\/div>\n<div><strong>Kakva je struktura stanovni\u0161tva i da li se mo\u017ee \u017eivjeti od turizma?<\/strong><\/div>\n<div><strong>Met Gjoni: <\/strong>Odlukama Berlinskog kongresa Ulcinj je pripao Albaniji, me\u0111utim od 1880. godine u sastavu \u00a0je Crne Gore. Takvu su sudbinu imali i \u00a0druga mjesta poput Bara, Tuziija, Plava i Gusinja. Normalno je da vrijeme je ucinilo svoje i sve te migracije i \u00a0kretanja stanovni\u0161tva doveli su do toga da je Ulcinj sa\u010duvao to ve\u0107insko albansko stanovni\u0161tvo i ovdje prete\u017eno, preko 85 posto \u017eive Albanci. Ono \u0161to krasi ovaj grad, osim prirodnih ljepota, je svakako su\u017eivot njegovih gra\u0111ana koji mo\u017ee slu\u017eiti za primjer mnogim \u00a0gradovima na Balkanu, jer i u najte\u017eim vremenima nije bilo nikakvih me\u0111unacionalnih tenzija niti ekcesa u nijednoj nacionalnoj zajednici koja \u017eivi ovdje.<\/div>\n<div>Zna\u010di, ovdje imamo i Crnogorce, Bo\u0161njake, Rome&#8230;, ali ono \u010dime se mi ponosimo je, ponavljam, zajedni\u010dki \u017eivot svih nas bez ikakvih problema.<\/div>\n<div>Ulcinj spada u gradove sa najdu\u017eom tradicijom u turizmu na Jadranu i bio je ispred mnogih primorskih gradova, koji su u zadnjih tridesetak godina popularne destinacije. Razlog na\u0161e trenutne stagnacije u turizmu le\u017ei u malim ulaganjima. Prije samo tridesetak godina imali smo veliki priliv turista, naro\u010dito onih iz Njema\u010dke i Skandinavije, ali slaba ulaganja u na\u0161 kraj su u\u010dinila da Ulcinj nije ono \u0161to je nekada bio. Ovdje se nekada govorio njemacki kao maternji jezik. Jasno vam je \u0161ta \u017eelim re\u0107i.<\/div>\n<div><\/div>\n<div><strong>Koji su turisti vama najzna\u010dajniji i kako je protekla pro\u0161la turisti\u010dka sezona u Ulcinju. Da li je va\u0161 grad skup?<\/strong><\/div>\n<div><strong>Met Gjoni:<\/strong> Na\u0161 cilj pridobiti one goste koji su nam nekada bili najzna\u010dajniji i \u00a0dubokog d\u017eepa, one \u0161to smo nekada imali. Na\u017ealost kako su ekonomska kretanja u \u010ditavoj ovoj regiji takva kakva su, ponuda koju mi sad nudimo nije na nekom visokom nivou. U zadnjih desetak godina uglavnom imamo goste iz dr\u017eava u regionu, tj. biv\u0161e Jugoslavije, a najvi\u0161e imamo gostiju sa Kosova, koji su i \u00a0prije dolazili u Ulcinj i ovdje ljetovali. Me\u0111utim turisti\u010dka ponuda primorskih gradova se mijenja iz godine u godinu. Mnogi turisti odlaze u neke druge gradove, tako da smo u pro\u0161logodi\u0161njoj ljetnjoj sezoni imali malo manje gostiju nego ranijih godina. No \u017eelim ista\u0107i, po na\u0161im prora\u010dunima, da se svake godine polako vra\u0107aju i \u00a0turisti iz dr\u017eava zapadne Evrope kao i onih iz istocne Evrope. Tako da smo ove sezone imali i \u010cehe, Poljake, Rumune kao i goste iz BiH, Srbije, Hrvatske&#8230; Normalno je da nismo zadovoljni jer je poznato da u Ulcinju imamo najvi\u0161e sun\u010danih dana u godini \u00a0i jedne od \u00a0najljep\u0161ih pla\u017ea na \u00a0Jadranu i cilj nam je da privu\u010demo mnogo vi\u0161e gostiju nego lani. No, da bi to postigli moramo da popravimo infrastrukturu i da obezbjedimo strana ulaganja u hotele sa \u010detiri i pet zvjezdica. Onda \u0107emo mo\u0107i govoriti o visokom turizmu i biti konkurenti mnogim gradovima i \u00a0dr\u017eavama u regionu. Uzmimo primjer Albanije, njenih primorskih gradova. Albanija je za kratko vrijeme postala hit u regionu jer je poboljsala svoju turisti\u010dku ponudu, ulozili su dosta u razvoj turizma i \u00a0sada su tu gdje jesu. Eto dok sam ja bio zamjenik ambasadora u Albaniji jedna od ideja je bila da zajedno sa albanskim turisti\u010dkim gradovima ponudimo turistima zajedni\u010dki obilazak mnogih gradova, te u tih 20-15 dana gosti koji bi do\u0161li na ljetovanje u Crnu Goru imali bi ponudu da obi\u0111u i mnoge gradove ovdje, u Albaniji, Makedoniji i \u00a0na Kosovu. To bi bila jedna zajedni\u010dka turisti\u010dka ponuda i \u00a0vjerujem da \u0107e se raditi na tome i \u00a0da \u0107emo svi mi imati jednu ozbiljnu ponudu u smislu kako unaprediti turizam u ovim ju\u017enim krajevima Balkana. Zna\u010di, ne dolaze turisti samo zbog kupanja i \u00a0odlaska na pla\u017eu, ve\u0107 i \u00a0zbog ponude i \u00a0razgledanja mnogih kulturno-historijskih spomenika.<\/div>\n<div>\u0160to se ti\u010de drugog dijela va\u0161eg pitanja, po na\u0161oj statistici Ulcinj spada u veoma jeftine gradove tj. najeftinije na crnogorskom Primorju, a kako imamo i dovoljno razvijenu poljoprivredu. Mnogi na\u0161i mje\u0161tani izla\u017eu na pijaci naro\u010dito vo\u0107e koje samo ovdje u regionu mo\u017ee uspjeti, poput ju\u017enog vo\u0107a, pomorand\u017ei, limuna, banana&#8230;, te smo, vjerujem, \u00a0po tome najjeftiniji grad na Balkanu.<\/div>\n<div><strong>Kako \u017eive Albanci i Bo\u0161njaci u Ulcinju. Da li se me\u0111usobno dru\u017ee i sara\u0111uju?<\/strong><\/div>\n<div><strong>Met Gjoni: <\/strong>Ve\u0107 sam ranije rekao da su me\u0111uljudski odnosi, ne samo sa Bo\u0161njacima, ve\u0107 i sa mnogim drugim zajednicama koje ovdje \u017eive veoma dobri. Sa Bo\u0161njacima se intenzivno dru\u017eim dugi niz godina, a bo\u0161nja\u010dki poslanici u Parlamentu Crne Gore, kada sam i ja bio poslanik, moji su veliki prijatelji. Veoma dobro smo sara\u0111ivali tako da smo i dan-danas ostali veliki prijatelji. Ovdje \u017eivi veliki broj Bo\u0161njaka, naro\u010dito u vrijeme turisti\u010dke sezone. Najvi\u0161e Bo\u0161njaka ima u \u0160toju, gdje imaju svoje ku\u0107e i vikendice. Nema nikakvih razlika u zajedni\u010dkom su\u017eivotu.<\/div>\n<div><strong>U toku su razgovori Pri\u0161tine i Beograda u Briselu. Kako Albanci u Crnoj Gori gledaju na ove razgovore?<\/strong><\/div>\n<div><strong>Met Gjoni:<\/strong> Mi svakako podr\u017eavamo razgovor na temu rje\u0161avanja tih etni\u010dkih pitanja. Bilo koji nesporazum se mo\u017ee rije\u0161iti samo dijalogom i ja mislim da \u00a0u tom pravcu treba nastaviti. Na\u017ealost, inicijative su i\u0161le iz Brisela umjesto da inicijative idu sa Kosova gdje taj narod \u017eivi i gdje su svakodnevni kontakti. Smatram da polako taj dijalog ide ka pobolj\u0161anju tih odnosa i vjerujem da \u0107e srpska zajednica na Kosovu uvidjeti da je su\u017eivot sa Albancima mogu\u0107 i da je to jedino rje\u0161enje. To zna\u010di da se ne trebaju pokidati veze sa Srbijom jer smo mi toliko male dr\u017eave da moramo tra\u017eiti na\u0161a prava kroz integracione procese, a ne da se zatvaramo u neki geto i da smtatramo da ako je neko negdje u ve\u0107ini da mo\u017ee samo on vladati. Samo intregracioni procesi zna\u010de ljudska prava koja se podrazumjevaju za sve, u smislu da svaka nacija u\u017eiva maksimum prava u \u0161kolovanju, kulturi&#8230; Evo uzmimo primjer pozicije romske populacije na Balkanu koja je obespravljena. Treba vidjeti da i tu damo svoj doprinos kako bi i ta populacija uzivala svoja elementarna prava.<\/div>\n<div><a href=\"http:\/\/www.visit-ulcinj.com\/blog\/wp-content\/uploads\/2013\/02\/Met-Gjoni_potpredsjednika-opstine-Ulcinj.2.jpg\"><img loading=\"lazy\" class=\"alignleft  wp-image-68859\" alt=\"Met Gjoni_potpredsjednika opstine Ulcinj.2\" src=\"http:\/\/www.visit-ulcinj.com\/blog\/wp-content\/uploads\/2013\/02\/Met-Gjoni_potpredsjednika-opstine-Ulcinj.2.jpg\" width=\"508\" height=\"300\" \/><\/a><\/div>\n<div><strong>Koliko dijaspora poma\u017ee va\u0161 grad?<\/strong><\/div>\n<div><strong>Met Gjoni: <\/strong>Svaka dijaspora je sli\u010dna. Oni su oti\u0161li odavde ne zbog toga \u0161to im je bilo dobro ve\u0107 u potrazi za nekim boljim \u017eivotom. Zna\u010di iz ekonomskih, politi\u010dkih i drugih razloga. Svi oni tra\u017ee bolju prespektivu za svoju djecu i \u00a0svoju porodicu ali naravno ne zaboravljaju svoj rodni kraj i poma\u017eu koliko su u mogu\u0107nosti. Uzmimo primjer Plava i \u00a0Gusinja kojih ima najvi\u0161e vani, pretezno u Americi i \u00a0koji mnogo poma\u017eu i ula\u017eu u bolji kvalitetniji \u017eivot tih gra\u0111ana te nikako nisu zaboravljeni od dijaspore. Oni imaju i razne humanitarne akcije kao i \u00a0fondove kojima poma\u017eu stare, bolesne ili socijalne slu\u010dajeve u svojim mjestima i mogu poslu\u017eiti za primjer kako se trebaju ulo\u017eiti sredstva u svoja rodna mjesta. Od nekolicine njih koji \u017eive u Njujorku potekla je i \u00a0ideja da se po\u010dne graditi moderan auto-put koiji bi i\u0161ao preko Albanije i \u00a0gdje bi se u Podgoricu stizalo mnogo br\u017ee i put bi bio upola kra\u0107i. To je jedna sjajna ideja i \u00a0nadam se da \u0107e to ubrzo realizovati jer su sve oni to finansirali, tako da u budu\u0107nosti \u017eele nastaviti gradnju tog puta skoro do nas tj. do granice sa \u00a0Albanijom.<\/div>\n<div><strong>Recite nam ne\u0161to o kapitalnim projektima op\u0161tine Ulcinj u pro\u0161loj godini i planovima u 2013.?<\/strong><\/div>\n<div><strong>Met Gjoni: <\/strong>Svakako da su najzna\u010dajniji projekti vezani za infrastrukturu. Naro\u010dito je izra\u017een problem pija\u0107e vode u ljetnjim mjesecima i problem kanalizacije i \u00a0odvo\u0111enja otpada. Ovo je aktuelno ne samo u turisti\u010dkim gradovima ve\u0107 i u ostalim gradovima i ovo su na\u0161i najve\u0107i problemi. Ove godine zna\u010dajniji projekat je upravo vezan za infrastrukuru. Tu \u0107e nam pomo\u0107i njema\u010dka banka investicijom od oko 25 miliona eura. Studiju izvodljivosti \u0107emo imati do juna mjeseca a nakon toga \u0107emo po\u010deti sa radovima na terenu. Do sada su otpadne vode zavr\u0161avale u moru. Vjerujem da \u0107e ovim projektom rje\u0161iti ovaj problem.<\/div>\n<div>Jo\u0161 jedan veliki problem, kjoji sam ranije istakao, je na\u0161a slaba turisti\u010dka ponuda koju moramo pobolj\u0161ati te pokazati turisti\u010dkom tr\u017ei\u0161tu da smo spremni ugostiti i mnoge strane turiste. Vjerujem da \u0107e nastupaju\u0107a turisti\u010dka sezona u Ulcinju biti puno bolja i da \u0107emo uspjeti vratiti onaj stari sjaj Ulcinja.<\/div>\n<div><strong><a href=\"http:\/\/www.info-ks.net\/clanak.php?id=26813&amp;naziv=vratiti-stari-sjaj-ulcinja&amp;nav_id=1&amp;pod_nav=17\" target=\"_blank\">Razgovor vodio: Vinetu Gani\u0107<\/a><\/strong><\/div>\n<div><strong><a href=\"http:\/\/www.info-ks.net\/clanak.php?id=26813&amp;naziv=vratiti-stari-sjaj-ulcinja&amp;nav_id=1&amp;pod_nav=17\" target=\"_blank\">Izvor: www.info-ks.net\/<\/a><\/strong><\/div>\n","protected":false},"excerpt":{"rendered":"<p>Slabu turisti\u010dku ponudu moramo pobolj\u0161ati i pokazati turisti\u010dkom tr\u017ei\u0161tu da smo spremni ugostiti i mnoge strane turiste. Vjerujem da \u0107e nastupaju\u0107a turisti\u010dka sezona u Ulcinju biti puno bolja i da \u0107emo uspjeti vratiti onaj stari sjaj Ulcinja. Met Gjoni je jedan od trojice potpredsjednika op\u0161tine Ulcinj sa kojim razgovaramo o turizmu i onome \u0161to grad [&hellip;]<\/p>\n","protected":false},"author":1,"featured_media":0,"comment_status":"open","ping_status":"closed","sticky":false,"template":"","format":"standard","meta":{"spay_email":"","jetpack_publicize_message":"","jetpack_is_tweetstorm":false,"jetpack_publicize_feature_enabled":true},"categories":[8337],"tags":[19],"jetpack_publicize_connections":[],"yoast_head":"<!-- This site is optimized with the Yoast SEO plugin v19.1 - https:\/\/yoast.com\/wordpress\/plugins\/seo\/ -->\n<title>Met Gjoni: Vratiti stari sjaj Ulcinja - Lajme nga Ulqini<\/title>\n<meta name=\"description\" content=\"Slabu turisti\u010dku ponudu moramo pobolj\u0161ati i pokazati turisti\u010dkom tr\u017ei\u0161tu da smo spremni ugostiti i mnoge strane turiste. Vjerujem da \u0107e nastupaju\u0107a\" \/>\n<meta name=\"robots\" content=\"index, follow, max-snippet:-1, max-image-preview:large, max-video-preview:-1\" \/>\n<link rel=\"canonical\" href=\"https:\/\/www.visit-ulcinj.com\/blog\/2013\/02\/17\/met-gjoni-vratiti-stari-sjaj-ulcinja\/\" \/>\n<meta property=\"og:locale\" content=\"en_US\" \/>\n<meta property=\"og:type\" content=\"article\" \/>\n<meta property=\"og:title\" content=\"Met Gjoni: Vratiti stari sjaj Ulcinja - Lajme nga Ulqini\" \/>\n<meta property=\"og:description\" content=\"Slabu turisti\u010dku ponudu moramo pobolj\u0161ati i pokazati turisti\u010dkom tr\u017ei\u0161tu da smo spremni ugostiti i mnoge strane turiste. Vjerujem da \u0107e nastupaju\u0107a\" \/>\n<meta property=\"og:url\" content=\"https:\/\/www.visit-ulcinj.com\/blog\/2013\/02\/17\/met-gjoni-vratiti-stari-sjaj-ulcinja\/\" \/>\n<meta property=\"og:site_name\" content=\"Lajme nga Ulqini\" \/>\n<meta property=\"article:published_time\" content=\"2013-02-17T18:02:13+00:00\" \/>\n<meta property=\"article:modified_time\" content=\"2013-02-17T23:12:42+00:00\" \/>\n<meta property=\"og:image\" content=\"http:\/\/www.visit-ulcinj.com\/blog\/wp-content\/uploads\/2013\/02\/Met-Gjoni_potpredsjednika-opstine-Ulcinj.jpg\" \/>\n<meta name=\"twitter:label1\" content=\"Written by\" \/>\n\t<meta name=\"twitter:data1\" content=\"ulqini\" \/>\n\t<meta name=\"twitter:label2\" content=\"Est. reading time\" \/>\n\t<meta name=\"twitter:data2\" content=\"9 minutes\" \/>\n<script type=\"application\/ld+json\" class=\"yoast-schema-graph\">{\"@context\":\"https:\/\/schema.org\",\"@graph\":[{\"@type\":\"WebSite\",\"@id\":\"https:\/\/www.visit-ulcinj.com\/blog\/#website\",\"url\":\"https:\/\/www.visit-ulcinj.com\/blog\/\",\"name\":\"Lajme nga Ulqini\",\"description\":\"Lajme,Vijesti,Ulqini,Ulqin,Crna Gora,Mali i Zi\",\"potentialAction\":[{\"@type\":\"SearchAction\",\"target\":{\"@type\":\"EntryPoint\",\"urlTemplate\":\"https:\/\/www.visit-ulcinj.com\/blog\/?s={search_term_string}\"},\"query-input\":\"required name=search_term_string\"}],\"inLanguage\":\"en-US\"},{\"@type\":\"ImageObject\",\"inLanguage\":\"en-US\",\"@id\":\"https:\/\/www.visit-ulcinj.com\/blog\/2013\/02\/17\/met-gjoni-vratiti-stari-sjaj-ulcinja\/#primaryimage\",\"url\":\"https:\/\/www.visit-ulcinj.com\/blog\/wp-content\/uploads\/2013\/02\/Met-Gjoni_potpredsjednika-opstine-Ulcinj.jpg\",\"contentUrl\":\"https:\/\/www.visit-ulcinj.com\/blog\/wp-content\/uploads\/2013\/02\/Met-Gjoni_potpredsjednika-opstine-Ulcinj.jpg\",\"width\":640,\"height\":424},{\"@type\":\"WebPage\",\"@id\":\"https:\/\/www.visit-ulcinj.com\/blog\/2013\/02\/17\/met-gjoni-vratiti-stari-sjaj-ulcinja\/#webpage\",\"url\":\"https:\/\/www.visit-ulcinj.com\/blog\/2013\/02\/17\/met-gjoni-vratiti-stari-sjaj-ulcinja\/\",\"name\":\"Met Gjoni: Vratiti stari sjaj Ulcinja - Lajme nga Ulqini\",\"isPartOf\":{\"@id\":\"https:\/\/www.visit-ulcinj.com\/blog\/#website\"},\"primaryImageOfPage\":{\"@id\":\"https:\/\/www.visit-ulcinj.com\/blog\/2013\/02\/17\/met-gjoni-vratiti-stari-sjaj-ulcinja\/#primaryimage\"},\"datePublished\":\"2013-02-17T18:02:13+00:00\",\"dateModified\":\"2013-02-17T23:12:42+00:00\",\"author\":{\"@id\":\"https:\/\/www.visit-ulcinj.com\/blog\/#\/schema\/person\/dcab619c614d3038751c63bc2aadc06d\"},\"description\":\"Slabu turisti\u010dku ponudu moramo pobolj\u0161ati i pokazati turisti\u010dkom tr\u017ei\u0161tu da smo spremni ugostiti i mnoge strane turiste. Vjerujem da \u0107e nastupaju\u0107a\",\"breadcrumb\":{\"@id\":\"https:\/\/www.visit-ulcinj.com\/blog\/2013\/02\/17\/met-gjoni-vratiti-stari-sjaj-ulcinja\/#breadcrumb\"},\"inLanguage\":\"en-US\",\"potentialAction\":[{\"@type\":\"ReadAction\",\"target\":[\"https:\/\/www.visit-ulcinj.com\/blog\/2013\/02\/17\/met-gjoni-vratiti-stari-sjaj-ulcinja\/\"]}]},{\"@type\":\"BreadcrumbList\",\"@id\":\"https:\/\/www.visit-ulcinj.com\/blog\/2013\/02\/17\/met-gjoni-vratiti-stari-sjaj-ulcinja\/#breadcrumb\",\"itemListElement\":[{\"@type\":\"ListItem\",\"position\":1,\"name\":\"Met Gjoni: Vratiti stari sjaj Ulcinja\"}]},{\"@type\":\"Person\",\"@id\":\"https:\/\/www.visit-ulcinj.com\/blog\/#\/schema\/person\/dcab619c614d3038751c63bc2aadc06d\",\"name\":\"ulqini\",\"sameAs\":[\"http:\/\/www.visit-ulcinj.com\"],\"url\":\"https:\/\/www.visit-ulcinj.com\/blog\/author\/admin\/\"}]}<\/script>\n<!-- \/ Yoast SEO plugin. -->","yoast_head_json":{"title":"Met Gjoni: Vratiti stari sjaj Ulcinja - Lajme nga Ulqini","description":"Slabu turisti\u010dku ponudu moramo pobolj\u0161ati i pokazati turisti\u010dkom tr\u017ei\u0161tu da smo spremni ugostiti i mnoge strane turiste. Vjerujem da \u0107e nastupaju\u0107a","robots":{"index":"index","follow":"follow","max-snippet":"max-snippet:-1","max-image-preview":"max-image-preview:large","max-video-preview":"max-video-preview:-1"},"canonical":"https:\/\/www.visit-ulcinj.com\/blog\/2013\/02\/17\/met-gjoni-vratiti-stari-sjaj-ulcinja\/","og_locale":"en_US","og_type":"article","og_title":"Met Gjoni: Vratiti stari sjaj Ulcinja - Lajme nga Ulqini","og_description":"Slabu turisti\u010dku ponudu moramo pobolj\u0161ati i pokazati turisti\u010dkom tr\u017ei\u0161tu da smo spremni ugostiti i mnoge strane turiste. Vjerujem da \u0107e nastupaju\u0107a","og_url":"https:\/\/www.visit-ulcinj.com\/blog\/2013\/02\/17\/met-gjoni-vratiti-stari-sjaj-ulcinja\/","og_site_name":"Lajme nga Ulqini","article_published_time":"2013-02-17T18:02:13+00:00","article_modified_time":"2013-02-17T23:12:42+00:00","og_image":[{"url":"http:\/\/www.visit-ulcinj.com\/blog\/wp-content\/uploads\/2013\/02\/Met-Gjoni_potpredsjednika-opstine-Ulcinj.jpg"}],"twitter_misc":{"Written by":"ulqini","Est. reading time":"9 minutes"},"schema":{"@context":"https:\/\/schema.org","@graph":[{"@type":"WebSite","@id":"https:\/\/www.visit-ulcinj.com\/blog\/#website","url":"https:\/\/www.visit-ulcinj.com\/blog\/","name":"Lajme nga Ulqini","description":"Lajme,Vijesti,Ulqini,Ulqin,Crna Gora,Mali i Zi","potentialAction":[{"@type":"SearchAction","target":{"@type":"EntryPoint","urlTemplate":"https:\/\/www.visit-ulcinj.com\/blog\/?s={search_term_string}"},"query-input":"required name=search_term_string"}],"inLanguage":"en-US"},{"@type":"ImageObject","inLanguage":"en-US","@id":"https:\/\/www.visit-ulcinj.com\/blog\/2013\/02\/17\/met-gjoni-vratiti-stari-sjaj-ulcinja\/#primaryimage","url":"https:\/\/www.visit-ulcinj.com\/blog\/wp-content\/uploads\/2013\/02\/Met-Gjoni_potpredsjednika-opstine-Ulcinj.jpg","contentUrl":"https:\/\/www.visit-ulcinj.com\/blog\/wp-content\/uploads\/2013\/02\/Met-Gjoni_potpredsjednika-opstine-Ulcinj.jpg","width":640,"height":424},{"@type":"WebPage","@id":"https:\/\/www.visit-ulcinj.com\/blog\/2013\/02\/17\/met-gjoni-vratiti-stari-sjaj-ulcinja\/#webpage","url":"https:\/\/www.visit-ulcinj.com\/blog\/2013\/02\/17\/met-gjoni-vratiti-stari-sjaj-ulcinja\/","name":"Met Gjoni: Vratiti stari sjaj Ulcinja - Lajme nga Ulqini","isPartOf":{"@id":"https:\/\/www.visit-ulcinj.com\/blog\/#website"},"primaryImageOfPage":{"@id":"https:\/\/www.visit-ulcinj.com\/blog\/2013\/02\/17\/met-gjoni-vratiti-stari-sjaj-ulcinja\/#primaryimage"},"datePublished":"2013-02-17T18:02:13+00:00","dateModified":"2013-02-17T23:12:42+00:00","author":{"@id":"https:\/\/www.visit-ulcinj.com\/blog\/#\/schema\/person\/dcab619c614d3038751c63bc2aadc06d"},"description":"Slabu turisti\u010dku ponudu moramo pobolj\u0161ati i pokazati turisti\u010dkom tr\u017ei\u0161tu da smo spremni ugostiti i mnoge strane turiste. Vjerujem da \u0107e nastupaju\u0107a","breadcrumb":{"@id":"https:\/\/www.visit-ulcinj.com\/blog\/2013\/02\/17\/met-gjoni-vratiti-stari-sjaj-ulcinja\/#breadcrumb"},"inLanguage":"en-US","potentialAction":[{"@type":"ReadAction","target":["https:\/\/www.visit-ulcinj.com\/blog\/2013\/02\/17\/met-gjoni-vratiti-stari-sjaj-ulcinja\/"]}]},{"@type":"BreadcrumbList","@id":"https:\/\/www.visit-ulcinj.com\/blog\/2013\/02\/17\/met-gjoni-vratiti-stari-sjaj-ulcinja\/#breadcrumb","itemListElement":[{"@type":"ListItem","position":1,"name":"Met Gjoni: Vratiti stari sjaj Ulcinja"}]},{"@type":"Person","@id":"https:\/\/www.visit-ulcinj.com\/blog\/#\/schema\/person\/dcab619c614d3038751c63bc2aadc06d","name":"ulqini","sameAs":["http:\/\/www.visit-ulcinj.com"],"url":"https:\/\/www.visit-ulcinj.com\/blog\/author\/admin\/"}]}},"jetpack_featured_media_url":"","jetpack_sharing_enabled":true,"jetpack_shortlink":"https:\/\/wp.me\/pe6lTn-hUA","_links":{"self":[{"href":"https:\/\/www.visit-ulcinj.com\/blog\/wp-json\/wp\/v2\/posts\/68856"}],"collection":[{"href":"https:\/\/www.visit-ulcinj.com\/blog\/wp-json\/wp\/v2\/posts"}],"about":[{"href":"https:\/\/www.visit-ulcinj.com\/blog\/wp-json\/wp\/v2\/types\/post"}],"author":[{"embeddable":true,"href":"https:\/\/www.visit-ulcinj.com\/blog\/wp-json\/wp\/v2\/users\/1"}],"replies":[{"embeddable":true,"href":"https:\/\/www.visit-ulcinj.com\/blog\/wp-json\/wp\/v2\/comments?post=68856"}],"version-history":[{"count":10,"href":"https:\/\/www.visit-ulcinj.com\/blog\/wp-json\/wp\/v2\/posts\/68856\/revisions"}],"predecessor-version":[{"id":68868,"href":"https:\/\/www.visit-ulcinj.com\/blog\/wp-json\/wp\/v2\/posts\/68856\/revisions\/68868"}],"wp:attachment":[{"href":"https:\/\/www.visit-ulcinj.com\/blog\/wp-json\/wp\/v2\/media?parent=68856"}],"wp:term":[{"taxonomy":"category","embeddable":true,"href":"https:\/\/www.visit-ulcinj.com\/blog\/wp-json\/wp\/v2\/categories?post=68856"},{"taxonomy":"post_tag","embeddable":true,"href":"https:\/\/www.visit-ulcinj.com\/blog\/wp-json\/wp\/v2\/tags?post=68856"}],"curies":[{"name":"wp","href":"https:\/\/api.w.org\/{rel}","templated":true}]}}