{"id":6886,"date":"2008-12-05T19:57:09","date_gmt":"2008-12-05T18:57:09","guid":{"rendered":"http:\/\/www.visit-ulcinj.com\/blog\/?p=6886"},"modified":"2008-12-05T19:57:09","modified_gmt":"2008-12-05T18:57:09","slug":"kengetaret-edhe-pse-duan-shume-pak-dalin-ne-jeten-e-nates","status":"publish","type":"post","link":"https:\/\/www.visit-ulcinj.com\/blog\/2008\/12\/05\/kengetaret-edhe-pse-duan-shume-pak-dalin-ne-jeten-e-nates\/","title":{"rendered":"K\u00ebng\u00ebtaret edhe pse duan, shum\u00eb pak dalin n\u00eb jet\u00ebn e nat\u00ebs"},"content":{"rendered":"<p><a href=\"http:\/\/www.visit-ulcinj.com\/blog\/wp-content\/uploads\/2008\/12\/arta-bajrami.jpg\"><img loading=\"lazy\" class=\"alignleft size-medium wp-image-6887\" title=\"arta-bajrami\" src=\"http:\/\/www.visit-ulcinj.com\/blog\/wp-content\/uploads\/2008\/12\/arta-bajrami-186x300.jpg\" alt=\"\" width=\"221\" height=\"356\" \/><\/a>P\u00ebr shkak se jan\u00eb t\u00eb z\u00ebna me pun\u00eb, shumica e k\u00ebng\u00ebtareve n\u00eb Kosov\u00eb nuk gjejn\u00eb shum\u00eb koh\u00eb t\u00eb lir\u00eb p\u00ebr t\u00eb dal\u00eb n\u00ebp\u00ebr ambientet e ndryshme, pube apo diskoteka n\u00eb Prishtin\u00eb.<br \/>\nDisa prej tyre thon\u00eb se iu mungon jeta e nat\u00ebs, pasi q\u00eb jan\u00eb t\u00eb dh\u00ebna m\u00eb tep\u00ebr pas pun\u00ebs, nd\u00ebrsa nj\u00eb penges\u00eb tjet\u00ebr p\u00ebr arg\u00ebtimin e tyre, jan\u00eb edhe vendet e pakta ku mund t\u00eb jesh i lir\u00eb.<br \/>\nK\u00ebng\u00ebtarja e njohur Arta Bajrami tha p\u00ebr Kosovapress se m\u00eb her\u00ebt ka dal\u00eb rregullisht mbr\u00ebmjeve n\u00ebp\u00ebr lokalet e Prishtin\u00ebs, por q\u00eb nj\u00eb vit nuk del m\u00eb pasi q\u00eb nuk ka koh\u00eb.<br \/>\nTash shumic\u00ebn e koh\u00ebs n\u00eb mbr\u00ebmje Arta punon n\u00eb studio bashk\u00eb me t\u00eb v\u00ebllan\u00eb rreth p\u00ebrgatitjeve t\u00eb k\u00ebng\u00ebve t\u00eb reja dhe videoklipeve. K\u00ebshtu q\u00eb Arta thot\u00eb se po i mungon jeta e nat\u00ebs.<br \/>\nK\u00ebng\u00ebtarja tjet\u00ebr, e cila p\u00ebrve\u00e7 q\u00eb njihet me z\u00ebrin e saj t\u00eb ve\u00e7ant\u00eb, por edhe q\u00eb \u00e7doher\u00eb duket \u201chappy\u201d, Vesa Luma tha p\u00ebr Kosovapress se ka d\u00ebshir\u00eb t\u00eb dal\u00eb \u00e7doher\u00eb q\u00eb gjen koh\u00ebn e lir\u00eb.<br \/>\n\u201cFatkeq\u00ebsisht nuk kam koh\u00eb t\u00eb dal\u00eb shum\u00eb nat\u00ebn edhe pse m\u00eb p\u00eblqen. Dihet q\u00eb kam shum\u00eb shoq\u00ebri dhe kam d\u00ebshir\u00eb t\u00eb arg\u00ebtohem. Vesa nuk preferon ndonj\u00eb disko n\u00eb Prishtin\u00eb ku ka njer\u00ebz t\u00eb ri\u201d, tha Vesa, duke shtuar se ka d\u00ebshir\u00eb t\u00eb dal\u00eb t\u00eb pakt\u00ebn nj\u00eb her\u00eb n\u00eb dy jav\u00eb me shoq\u00ebrin\u00eb e saj.<br \/>\nNd\u00ebrsa, k\u00ebng\u00ebtarja e re n\u00eb mosh\u00eb, por me suksese t\u00eb m\u00ebdha, Adelina Berisha, ka th\u00ebn\u00eb p\u00ebr Kosovapress se ka shum\u00eb pak vende t\u00eb p\u00ebrshtatshme p\u00ebr t\u00eb kaluar koh\u00ebn e lir\u00eb, porse ka disa vende ku del gjat\u00eb koh\u00ebs s\u00eb lir\u00eb.<br \/>\n\u201cPrishtina e ka rinin\u00eb e bukur dhe rinia e b\u00ebn t\u00eb veten dhe atmosfer\u00ebn n\u00eb kryeqytet, pjes\u00eb e s\u00eb cil\u00ebs jam edhe un\u00eb nganj\u00ebher\u00eb\u201d, tha Adelina, e cila koh\u00ebve t\u00eb fundit \u00ebsht\u00eb duke p\u00ebrgatitur disa k\u00ebng\u00eb t\u00eb reja, ku nj\u00ebra nd\u00ebr to do t\u00eb jet\u00eb e lansuar edhe me videoklip.<br \/>\nKoh\u00eb p\u00ebr jet\u00ebn e nat\u00ebs ka shum\u00eb pak edhe k\u00ebng\u00ebtarja nga Durr\u00ebsi, e cila jeton n\u00eb Kosov\u00eb. \u00cbsht\u00eb fjala p\u00ebr Lorin, e cila koh\u00eb m\u00eb par\u00eb ka th\u00ebn\u00eb se i vjen keq q\u00eb nuk gjen shum\u00eb koh\u00eb t\u00eb lir\u00eb p\u00ebr t\u00eb dal\u00eb n\u00ebp\u00ebr pube apo diskoteka.<br \/>\n\u201cSi\u00e7 m\u00eb kan\u00eb th\u00ebn\u00eb, n\u00eb Prishtin\u00eb vikendet b\u00ebhen shum\u00eb mir\u00eb, por pik\u00ebrisht ato dit\u00eb zakonisht jam duke k\u00ebnduar n\u00eb Evrop\u00eb\u201d, ka th\u00ebn\u00eb Lori.<br \/>\n<strong>L.Gashi<br \/>\nKosovapress<\/strong><\/p>\n<!--YouTube Error: bad URL entered-->\n","protected":false},"excerpt":{"rendered":"<p>P\u00ebr shkak se jan\u00eb t\u00eb z\u00ebna me pun\u00eb, shumica e k\u00ebng\u00ebtareve n\u00eb Kosov\u00eb nuk gjejn\u00eb shum\u00eb koh\u00eb t\u00eb lir\u00eb p\u00ebr t\u00eb dal\u00eb n\u00ebp\u00ebr ambientet e ndryshme, pube apo diskoteka n\u00eb Prishtin\u00eb. Disa prej tyre thon\u00eb se iu mungon jeta e nat\u00ebs, pasi q\u00eb jan\u00eb t\u00eb dh\u00ebna m\u00eb tep\u00ebr pas pun\u00ebs, nd\u00ebrsa nj\u00eb penges\u00eb tjet\u00ebr p\u00ebr [&hellip;]<\/p>\n","protected":false},"author":1,"featured_media":0,"comment_status":"open","ping_status":"closed","sticky":false,"template":"","format":"standard","meta":{"spay_email":"","jetpack_publicize_message":"","jetpack_is_tweetstorm":false,"jetpack_publicize_feature_enabled":true},"categories":[1],"tags":[4955],"jetpack_publicize_connections":[],"yoast_head":"<!-- This site is optimized with the Yoast SEO plugin v19.1 - https:\/\/yoast.com\/wordpress\/plugins\/seo\/ -->\n<title>K\u00ebng\u00ebtaret edhe pse duan, shum\u00eb pak dalin n\u00eb jet\u00ebn e nat\u00ebs - Lajme nga Ulqini<\/title>\n<meta name=\"description\" content=\"P\u00ebr shkak se jan\u00eb t\u00eb z\u00ebna me pun\u00eb, shumica e k\u00ebng\u00ebtareve n\u00eb Kosov\u00eb nuk gjejn\u00eb shum\u00eb koh\u00eb t\u00eb lir\u00eb p\u00ebr t\u00eb dal\u00eb n\u00ebp\u00ebr ambientet e ndryshme, pube apo\" \/>\n<meta name=\"robots\" content=\"index, follow, max-snippet:-1, max-image-preview:large, max-video-preview:-1\" \/>\n<link rel=\"canonical\" href=\"https:\/\/www.visit-ulcinj.com\/blog\/2008\/12\/05\/kengetaret-edhe-pse-duan-shume-pak-dalin-ne-jeten-e-nates\/\" \/>\n<meta property=\"og:locale\" content=\"en_US\" \/>\n<meta property=\"og:type\" content=\"article\" \/>\n<meta property=\"og:title\" content=\"K\u00ebng\u00ebtaret edhe pse duan, shum\u00eb pak dalin n\u00eb jet\u00ebn e nat\u00ebs - Lajme nga Ulqini\" \/>\n<meta property=\"og:description\" content=\"P\u00ebr shkak se jan\u00eb t\u00eb z\u00ebna me pun\u00eb, shumica e k\u00ebng\u00ebtareve n\u00eb Kosov\u00eb nuk gjejn\u00eb shum\u00eb koh\u00eb t\u00eb lir\u00eb p\u00ebr t\u00eb dal\u00eb n\u00ebp\u00ebr ambientet e ndryshme, pube apo\" \/>\n<meta property=\"og:url\" content=\"https:\/\/www.visit-ulcinj.com\/blog\/2008\/12\/05\/kengetaret-edhe-pse-duan-shume-pak-dalin-ne-jeten-e-nates\/\" \/>\n<meta property=\"og:site_name\" content=\"Lajme nga Ulqini\" \/>\n<meta property=\"article:published_time\" content=\"2008-12-05T18:57:09+00:00\" \/>\n<meta property=\"og:image\" content=\"http:\/\/www.visit-ulcinj.com\/blog\/wp-content\/uploads\/2008\/12\/arta-bajrami-186x300.jpg\" \/>\n<meta name=\"twitter:label1\" content=\"Written by\" \/>\n\t<meta name=\"twitter:data1\" content=\"ulqini\" \/>\n\t<meta name=\"twitter:label2\" content=\"Est. reading time\" \/>\n\t<meta name=\"twitter:data2\" content=\"2 minutes\" \/>\n<script type=\"application\/ld+json\" class=\"yoast-schema-graph\">{\"@context\":\"https:\/\/schema.org\",\"@graph\":[{\"@type\":\"WebSite\",\"@id\":\"https:\/\/www.visit-ulcinj.com\/blog\/#website\",\"url\":\"https:\/\/www.visit-ulcinj.com\/blog\/\",\"name\":\"Lajme nga Ulqini\",\"description\":\"Lajme,Vijesti,Ulqini,Ulqin,Crna Gora,Mali i Zi\",\"potentialAction\":[{\"@type\":\"SearchAction\",\"target\":{\"@type\":\"EntryPoint\",\"urlTemplate\":\"https:\/\/www.visit-ulcinj.com\/blog\/?s={search_term_string}\"},\"query-input\":\"required name=search_term_string\"}],\"inLanguage\":\"en-US\"},{\"@type\":\"ImageObject\",\"inLanguage\":\"en-US\",\"@id\":\"https:\/\/www.visit-ulcinj.com\/blog\/2008\/12\/05\/kengetaret-edhe-pse-duan-shume-pak-dalin-ne-jeten-e-nates\/#primaryimage\",\"url\":\"http:\/\/www.visit-ulcinj.com\/blog\/wp-content\/uploads\/2008\/12\/arta-bajrami-186x300.jpg\",\"contentUrl\":\"http:\/\/www.visit-ulcinj.com\/blog\/wp-content\/uploads\/2008\/12\/arta-bajrami-186x300.jpg\"},{\"@type\":\"WebPage\",\"@id\":\"https:\/\/www.visit-ulcinj.com\/blog\/2008\/12\/05\/kengetaret-edhe-pse-duan-shume-pak-dalin-ne-jeten-e-nates\/#webpage\",\"url\":\"https:\/\/www.visit-ulcinj.com\/blog\/2008\/12\/05\/kengetaret-edhe-pse-duan-shume-pak-dalin-ne-jeten-e-nates\/\",\"name\":\"K\u00ebng\u00ebtaret edhe pse duan, shum\u00eb pak dalin n\u00eb jet\u00ebn e nat\u00ebs - Lajme nga Ulqini\",\"isPartOf\":{\"@id\":\"https:\/\/www.visit-ulcinj.com\/blog\/#website\"},\"primaryImageOfPage\":{\"@id\":\"https:\/\/www.visit-ulcinj.com\/blog\/2008\/12\/05\/kengetaret-edhe-pse-duan-shume-pak-dalin-ne-jeten-e-nates\/#primaryimage\"},\"datePublished\":\"2008-12-05T18:57:09+00:00\",\"dateModified\":\"2008-12-05T18:57:09+00:00\",\"author\":{\"@id\":\"https:\/\/www.visit-ulcinj.com\/blog\/#\/schema\/person\/dcab619c614d3038751c63bc2aadc06d\"},\"description\":\"P\u00ebr shkak se jan\u00eb t\u00eb z\u00ebna me pun\u00eb, shumica e k\u00ebng\u00ebtareve n\u00eb Kosov\u00eb nuk gjejn\u00eb shum\u00eb koh\u00eb t\u00eb lir\u00eb p\u00ebr t\u00eb dal\u00eb n\u00ebp\u00ebr ambientet e ndryshme, pube apo\",\"breadcrumb\":{\"@id\":\"https:\/\/www.visit-ulcinj.com\/blog\/2008\/12\/05\/kengetaret-edhe-pse-duan-shume-pak-dalin-ne-jeten-e-nates\/#breadcrumb\"},\"inLanguage\":\"en-US\",\"potentialAction\":[{\"@type\":\"ReadAction\",\"target\":[\"https:\/\/www.visit-ulcinj.com\/blog\/2008\/12\/05\/kengetaret-edhe-pse-duan-shume-pak-dalin-ne-jeten-e-nates\/\"]}]},{\"@type\":\"BreadcrumbList\",\"@id\":\"https:\/\/www.visit-ulcinj.com\/blog\/2008\/12\/05\/kengetaret-edhe-pse-duan-shume-pak-dalin-ne-jeten-e-nates\/#breadcrumb\",\"itemListElement\":[{\"@type\":\"ListItem\",\"position\":1,\"name\":\"K\u00ebng\u00ebtaret edhe pse duan, shum\u00eb pak dalin n\u00eb jet\u00ebn e nat\u00ebs\"}]},{\"@type\":\"Person\",\"@id\":\"https:\/\/www.visit-ulcinj.com\/blog\/#\/schema\/person\/dcab619c614d3038751c63bc2aadc06d\",\"name\":\"ulqini\",\"sameAs\":[\"http:\/\/www.visit-ulcinj.com\"],\"url\":\"https:\/\/www.visit-ulcinj.com\/blog\/author\/admin\/\"}]}<\/script>\n<!-- \/ Yoast SEO plugin. -->","yoast_head_json":{"title":"K\u00ebng\u00ebtaret edhe pse duan, shum\u00eb pak dalin n\u00eb jet\u00ebn e nat\u00ebs - Lajme nga Ulqini","description":"P\u00ebr shkak se jan\u00eb t\u00eb z\u00ebna me pun\u00eb, shumica e k\u00ebng\u00ebtareve n\u00eb Kosov\u00eb nuk gjejn\u00eb shum\u00eb koh\u00eb t\u00eb lir\u00eb p\u00ebr t\u00eb dal\u00eb n\u00ebp\u00ebr ambientet e ndryshme, pube apo","robots":{"index":"index","follow":"follow","max-snippet":"max-snippet:-1","max-image-preview":"max-image-preview:large","max-video-preview":"max-video-preview:-1"},"canonical":"https:\/\/www.visit-ulcinj.com\/blog\/2008\/12\/05\/kengetaret-edhe-pse-duan-shume-pak-dalin-ne-jeten-e-nates\/","og_locale":"en_US","og_type":"article","og_title":"K\u00ebng\u00ebtaret edhe pse duan, shum\u00eb pak dalin n\u00eb jet\u00ebn e nat\u00ebs - Lajme nga Ulqini","og_description":"P\u00ebr shkak se jan\u00eb t\u00eb z\u00ebna me pun\u00eb, shumica e k\u00ebng\u00ebtareve n\u00eb Kosov\u00eb nuk gjejn\u00eb shum\u00eb koh\u00eb t\u00eb lir\u00eb p\u00ebr t\u00eb dal\u00eb n\u00ebp\u00ebr ambientet e ndryshme, pube apo","og_url":"https:\/\/www.visit-ulcinj.com\/blog\/2008\/12\/05\/kengetaret-edhe-pse-duan-shume-pak-dalin-ne-jeten-e-nates\/","og_site_name":"Lajme nga Ulqini","article_published_time":"2008-12-05T18:57:09+00:00","og_image":[{"url":"http:\/\/www.visit-ulcinj.com\/blog\/wp-content\/uploads\/2008\/12\/arta-bajrami-186x300.jpg"}],"twitter_misc":{"Written by":"ulqini","Est. reading time":"2 minutes"},"schema":{"@context":"https:\/\/schema.org","@graph":[{"@type":"WebSite","@id":"https:\/\/www.visit-ulcinj.com\/blog\/#website","url":"https:\/\/www.visit-ulcinj.com\/blog\/","name":"Lajme nga Ulqini","description":"Lajme,Vijesti,Ulqini,Ulqin,Crna Gora,Mali i Zi","potentialAction":[{"@type":"SearchAction","target":{"@type":"EntryPoint","urlTemplate":"https:\/\/www.visit-ulcinj.com\/blog\/?s={search_term_string}"},"query-input":"required name=search_term_string"}],"inLanguage":"en-US"},{"@type":"ImageObject","inLanguage":"en-US","@id":"https:\/\/www.visit-ulcinj.com\/blog\/2008\/12\/05\/kengetaret-edhe-pse-duan-shume-pak-dalin-ne-jeten-e-nates\/#primaryimage","url":"http:\/\/www.visit-ulcinj.com\/blog\/wp-content\/uploads\/2008\/12\/arta-bajrami-186x300.jpg","contentUrl":"http:\/\/www.visit-ulcinj.com\/blog\/wp-content\/uploads\/2008\/12\/arta-bajrami-186x300.jpg"},{"@type":"WebPage","@id":"https:\/\/www.visit-ulcinj.com\/blog\/2008\/12\/05\/kengetaret-edhe-pse-duan-shume-pak-dalin-ne-jeten-e-nates\/#webpage","url":"https:\/\/www.visit-ulcinj.com\/blog\/2008\/12\/05\/kengetaret-edhe-pse-duan-shume-pak-dalin-ne-jeten-e-nates\/","name":"K\u00ebng\u00ebtaret edhe pse duan, shum\u00eb pak dalin n\u00eb jet\u00ebn e nat\u00ebs - Lajme nga Ulqini","isPartOf":{"@id":"https:\/\/www.visit-ulcinj.com\/blog\/#website"},"primaryImageOfPage":{"@id":"https:\/\/www.visit-ulcinj.com\/blog\/2008\/12\/05\/kengetaret-edhe-pse-duan-shume-pak-dalin-ne-jeten-e-nates\/#primaryimage"},"datePublished":"2008-12-05T18:57:09+00:00","dateModified":"2008-12-05T18:57:09+00:00","author":{"@id":"https:\/\/www.visit-ulcinj.com\/blog\/#\/schema\/person\/dcab619c614d3038751c63bc2aadc06d"},"description":"P\u00ebr shkak se jan\u00eb t\u00eb z\u00ebna me pun\u00eb, shumica e k\u00ebng\u00ebtareve n\u00eb Kosov\u00eb nuk gjejn\u00eb shum\u00eb koh\u00eb t\u00eb lir\u00eb p\u00ebr t\u00eb dal\u00eb n\u00ebp\u00ebr ambientet e ndryshme, pube apo","breadcrumb":{"@id":"https:\/\/www.visit-ulcinj.com\/blog\/2008\/12\/05\/kengetaret-edhe-pse-duan-shume-pak-dalin-ne-jeten-e-nates\/#breadcrumb"},"inLanguage":"en-US","potentialAction":[{"@type":"ReadAction","target":["https:\/\/www.visit-ulcinj.com\/blog\/2008\/12\/05\/kengetaret-edhe-pse-duan-shume-pak-dalin-ne-jeten-e-nates\/"]}]},{"@type":"BreadcrumbList","@id":"https:\/\/www.visit-ulcinj.com\/blog\/2008\/12\/05\/kengetaret-edhe-pse-duan-shume-pak-dalin-ne-jeten-e-nates\/#breadcrumb","itemListElement":[{"@type":"ListItem","position":1,"name":"K\u00ebng\u00ebtaret edhe pse duan, shum\u00eb pak dalin n\u00eb jet\u00ebn e nat\u00ebs"}]},{"@type":"Person","@id":"https:\/\/www.visit-ulcinj.com\/blog\/#\/schema\/person\/dcab619c614d3038751c63bc2aadc06d","name":"ulqini","sameAs":["http:\/\/www.visit-ulcinj.com"],"url":"https:\/\/www.visit-ulcinj.com\/blog\/author\/admin\/"}]}},"jetpack_featured_media_url":"","jetpack_sharing_enabled":true,"jetpack_shortlink":"https:\/\/wp.me\/pe6lTn-1N4","_links":{"self":[{"href":"https:\/\/www.visit-ulcinj.com\/blog\/wp-json\/wp\/v2\/posts\/6886"}],"collection":[{"href":"https:\/\/www.visit-ulcinj.com\/blog\/wp-json\/wp\/v2\/posts"}],"about":[{"href":"https:\/\/www.visit-ulcinj.com\/blog\/wp-json\/wp\/v2\/types\/post"}],"author":[{"embeddable":true,"href":"https:\/\/www.visit-ulcinj.com\/blog\/wp-json\/wp\/v2\/users\/1"}],"replies":[{"embeddable":true,"href":"https:\/\/www.visit-ulcinj.com\/blog\/wp-json\/wp\/v2\/comments?post=6886"}],"version-history":[{"count":0,"href":"https:\/\/www.visit-ulcinj.com\/blog\/wp-json\/wp\/v2\/posts\/6886\/revisions"}],"wp:attachment":[{"href":"https:\/\/www.visit-ulcinj.com\/blog\/wp-json\/wp\/v2\/media?parent=6886"}],"wp:term":[{"taxonomy":"category","embeddable":true,"href":"https:\/\/www.visit-ulcinj.com\/blog\/wp-json\/wp\/v2\/categories?post=6886"},{"taxonomy":"post_tag","embeddable":true,"href":"https:\/\/www.visit-ulcinj.com\/blog\/wp-json\/wp\/v2\/tags?post=6886"}],"curies":[{"name":"wp","href":"https:\/\/api.w.org\/{rel}","templated":true}]}}