{"id":68874,"date":"2013-02-18T08:27:28","date_gmt":"2013-02-18T07:27:28","guid":{"rendered":"http:\/\/www.visit-ulcinj.com\/blog\/?p=68874"},"modified":"2013-02-18T19:45:05","modified_gmt":"2013-02-18T18:45:05","slug":"puthja-e-zjarrte-e-inves-dhe-hetemit","status":"publish","type":"post","link":"https:\/\/www.visit-ulcinj.com\/blog\/2013\/02\/18\/puthja-e-zjarrte-e-inves-dhe-hetemit\/","title":{"rendered":"Puthja e \u2018zjarrt\u00eb\u2019 e Inv\u00ebs dhe Hetemit"},"content":{"rendered":"<p><a href=\"http:\/\/www.visit-ulcinj.com\/blog\/wp-content\/uploads\/2013\/02\/Inva-mula-dhe-Hetemi.jpg\"><img loading=\"lazy\" class=\"alignleft  wp-image-68875\" alt=\"Inva mula dhe Hetemi\" src=\"http:\/\/www.visit-ulcinj.com\/blog\/wp-content\/uploads\/2013\/02\/Inva-mula-dhe-Hetemi.jpg\" width=\"508\" height=\"360\" \/><\/a>Kan\u00eb treguar se jan\u00eb m\u00eb t\u00eb dashuruar se kurr\u00eb. Kan\u00eb gjetur dit\u00ebn ideale p\u00ebr ta b\u00ebr\u00eb k\u00ebt\u00eb gj\u00eb. Hetem Ramadani dhe sopranoja e njohur shqiptare Inva Mula, kan\u00eb postuar n\u00eb profilin e tyre n\u00eb \u201cFacebook\u201d ndoshta puthjen e par\u00eb intime n\u00eb publik.<\/p>\n<p>Fotoja, n\u00eb t\u00eb cil\u00ebn \u00e7ifti \u00ebsht\u00eb duke u puthur, ka b\u00ebr\u00eb nj\u00eb buj\u00eb t\u00eb madhe n\u00eb rrjetin social. Kjo, p\u00ebr faktin se gjithmon\u00eb \u00e7ifti \u00ebsht\u00eb treguar tep\u00ebr i rezervuar p\u00ebr lidhjen e tyre intime.<\/p>\n<p>Kujtojm\u00eb k\u00ebtu, se gjat\u00eb intervist\u00ebs s\u00eb tyre t\u00eb par\u00eb si \u00e7ift, ata i drejtoheshin nj\u00ebri-tjetrit me \u2018zoti\u2019 dhe \u2018zonja\u2019. Ndoshta pik\u00ebrisht nisur nga ky lloj kujdesi p\u00ebr jet\u00ebn intime, kjo foto e \u00e7iftit duke shk\u00ebmbyer k\u00ebt\u00eb puthje krijoi nj\u00eb kureshtje t\u00eb madhe mediatike. Ve\u00e7 puthjes, \u00e7ifti i famsh\u00ebm vjen me nj\u00eb tjet\u00ebr risi. Pasioni dhe p\u00ebrkushtimi i z.Ramadani p\u00ebr meditimin, duket se do t\u00eb p\u00ebrhapet e do t\u00eb b\u00ebhet pjes\u00eb e jet\u00ebs s\u00eb shum\u00eb shqiptar\u00ebve.<\/p>\n<p>Ai ka marr\u00eb nj\u00eb iniciativ\u00eb tejet t\u00eb ve\u00e7ant\u00eb, duke organizuar seanca falas p\u00ebr k\u00ebdo q\u00eb do t\u00eb meditoj\u00eb. Ja \u00e7far\u00eb shkruan ai n\u00eb profilin e tij t\u00eb \u201cFacebook\u201d-ut: \u201cT\u00eb dashur miq, ashtu si\u00e7 ju kam v\u00ebn\u00eb n\u00eb dijeni para disa dit\u00ebsh, k\u00ebt\u00eb fundjav\u00eb do t\u00eb nisim projektin e meditimit p\u00ebr shqiptar\u00ebt. T\u00eb gjith\u00eb ju q\u00eb jeni t\u00eb interesuar, ju lutem t\u00eb regjistroheni duke d\u00ebrguar nj\u00eb e-mail n\u00eb adres\u00ebn: meditimialbania @gmail.com. Fillimisht do t\u00eb nisim me dy grupet e para me nga 15 vet\u00eb, me nj\u00eb nga trajner\u00ebt m\u00eb t\u00eb famsh\u00ebm n\u00eb k\u00ebt\u00eb fush\u00eb, z. Mladen Juricev. M\u00eb pas, duke par\u00eb interesin tuaj, n\u00ebse k\u00ebrkesa \u00ebsht\u00eb p\u00ebr t\u00eb krijuar grupe t\u00eb reja, un\u00eb do t\u00eb jem i gatsh\u00ebm t\u00eb investoj edhe m\u00eb tej, n\u00eb m\u00ebnyr\u00eb q\u00eb t\u2019u jap mund\u00ebsin\u00eb t\u00eb gjith\u00eb t\u00eb interesuarve.<\/p>\n<p>Fillimisht prioritet do t\u00eb ken\u00eb miqt\u00eb e \u2018Facebook\u2019-ut dhe ata q\u00eb do t\u00eb regjistrohen t\u00eb par\u00ebt. N\u00eb k\u00ebt\u00eb projekt jan\u00eb t\u00eb gjith\u00eb t\u00eb barabart\u00eb, dhe k\u00ebt\u00eb mund\u00ebsi e ofroj p\u00ebr t\u00eb gjith\u00eb pa dallim statusi, gjinie, profesioni, ekonomie apo feje. Q\u00ebllimi im i vet\u00ebm \u00ebsht\u00eb t\u2019u ofroj shqiptar\u00ebve nj\u00eb mund\u00ebsi p\u00ebr t\u00eb zhvilluar veten dhe mendjen e tyre. Kurset e meditimit do t\u00eb jen\u00eb t\u00eb gjitha falas. Ky \u00ebsht\u00eb nj\u00eb projekt q\u00eb un\u00eb e kam premtuar p\u00ebr shqiptar\u00ebt e t\u00eb gjitha trevave dhe mb\u00ebshtetet financiarisht nga d\u00ebshira ime e mir\u00eb p\u00ebr t\u2019u dh\u00ebn\u00eb shqiptar\u00ebve q\u00eb nuk kan\u00eb mund\u00ebsi t\u00eb paguajn\u00eb, t\u00eb m\u00ebsojn\u00eb teknikat e meditimit me profesor\u00ebt m\u00eb t\u00eb mir\u00eb t\u00eb k\u00ebsaj fushe. P\u00ebr m\u00eb shum\u00eb detaje kontaktoni n\u00eb: meditimialbania @gmail.com dhe regjistrohuni p\u00ebr t\u2019u b\u00ebr\u00eb pjes\u00eb e k\u00ebtij projekti. Good luck!\u201d<\/p>\n<p>&nbsp;<\/p>\n<p><strong>Fishmedia.info<br \/>\n<!--YouTube Error: bad URL entered--><br \/>\n<\/strong><\/p>\n","protected":false},"excerpt":{"rendered":"<p>Kan\u00eb treguar se jan\u00eb m\u00eb t\u00eb dashuruar se kurr\u00eb. Kan\u00eb gjetur dit\u00ebn ideale p\u00ebr ta b\u00ebr\u00eb k\u00ebt\u00eb gj\u00eb. Hetem Ramadani dhe sopranoja e njohur shqiptare Inva Mula, kan\u00eb postuar n\u00eb profilin e tyre n\u00eb \u201cFacebook\u201d ndoshta puthjen e par\u00eb intime n\u00eb publik. Fotoja, n\u00eb t\u00eb cil\u00ebn \u00e7ifti \u00ebsht\u00eb duke u puthur, ka b\u00ebr\u00eb nj\u00eb buj\u00eb [&hellip;]<\/p>\n","protected":false},"author":1,"featured_media":0,"comment_status":"open","ping_status":"closed","sticky":false,"template":"","format":"standard","meta":{"spay_email":"","jetpack_publicize_message":"","jetpack_is_tweetstorm":false,"jetpack_publicize_feature_enabled":true},"categories":[1],"tags":[],"jetpack_publicize_connections":[],"yoast_head":"<!-- This site is optimized with the Yoast SEO plugin v19.1 - https:\/\/yoast.com\/wordpress\/plugins\/seo\/ -->\n<title>Puthja e \u2018zjarrt\u00eb\u2019 e Inv\u00ebs dhe Hetemit - Lajme nga Ulqini<\/title>\n<meta name=\"description\" content=\"Kan\u00eb treguar se jan\u00eb m\u00eb t\u00eb dashuruar se kurr\u00eb. Kan\u00eb gjetur dit\u00ebn ideale p\u00ebr ta b\u00ebr\u00eb k\u00ebt\u00eb gj\u00eb. Hetem Ramadani dhe sopranoja e njohur shqiptare Inva Mula,\" \/>\n<meta name=\"robots\" content=\"index, follow, max-snippet:-1, max-image-preview:large, max-video-preview:-1\" \/>\n<link rel=\"canonical\" href=\"https:\/\/www.visit-ulcinj.com\/blog\/2013\/02\/18\/puthja-e-zjarrte-e-inves-dhe-hetemit\/\" \/>\n<meta property=\"og:locale\" content=\"en_US\" \/>\n<meta property=\"og:type\" content=\"article\" \/>\n<meta property=\"og:title\" content=\"Puthja e \u2018zjarrt\u00eb\u2019 e Inv\u00ebs dhe Hetemit - Lajme nga Ulqini\" \/>\n<meta property=\"og:description\" content=\"Kan\u00eb treguar se jan\u00eb m\u00eb t\u00eb dashuruar se kurr\u00eb. Kan\u00eb gjetur dit\u00ebn ideale p\u00ebr ta b\u00ebr\u00eb k\u00ebt\u00eb gj\u00eb. Hetem Ramadani dhe sopranoja e njohur shqiptare Inva Mula,\" \/>\n<meta property=\"og:url\" content=\"https:\/\/www.visit-ulcinj.com\/blog\/2013\/02\/18\/puthja-e-zjarrte-e-inves-dhe-hetemit\/\" \/>\n<meta property=\"og:site_name\" content=\"Lajme nga Ulqini\" \/>\n<meta property=\"article:published_time\" content=\"2013-02-18T07:27:28+00:00\" \/>\n<meta property=\"article:modified_time\" content=\"2013-02-18T18:45:05+00:00\" \/>\n<meta property=\"og:image\" content=\"http:\/\/www.visit-ulcinj.com\/blog\/wp-content\/uploads\/2013\/02\/Inva-mula-dhe-Hetemi.jpg\" \/>\n<meta name=\"twitter:label1\" content=\"Written by\" \/>\n\t<meta name=\"twitter:data1\" content=\"ulqini\" \/>\n\t<meta name=\"twitter:label2\" content=\"Est. reading time\" \/>\n\t<meta name=\"twitter:data2\" content=\"3 minutes\" \/>\n<script type=\"application\/ld+json\" class=\"yoast-schema-graph\">{\"@context\":\"https:\/\/schema.org\",\"@graph\":[{\"@type\":\"WebSite\",\"@id\":\"https:\/\/www.visit-ulcinj.com\/blog\/#website\",\"url\":\"https:\/\/www.visit-ulcinj.com\/blog\/\",\"name\":\"Lajme nga Ulqini\",\"description\":\"Lajme,Vijesti,Ulqini,Ulqin,Crna Gora,Mali i Zi\",\"potentialAction\":[{\"@type\":\"SearchAction\",\"target\":{\"@type\":\"EntryPoint\",\"urlTemplate\":\"https:\/\/www.visit-ulcinj.com\/blog\/?s={search_term_string}\"},\"query-input\":\"required name=search_term_string\"}],\"inLanguage\":\"en-US\"},{\"@type\":\"ImageObject\",\"inLanguage\":\"en-US\",\"@id\":\"https:\/\/www.visit-ulcinj.com\/blog\/2013\/02\/18\/puthja-e-zjarrte-e-inves-dhe-hetemit\/#primaryimage\",\"url\":\"https:\/\/www.visit-ulcinj.com\/blog\/wp-content\/uploads\/2013\/02\/Inva-mula-dhe-Hetemi.jpg\",\"contentUrl\":\"https:\/\/www.visit-ulcinj.com\/blog\/wp-content\/uploads\/2013\/02\/Inva-mula-dhe-Hetemi.jpg\",\"width\":700,\"height\":388},{\"@type\":\"WebPage\",\"@id\":\"https:\/\/www.visit-ulcinj.com\/blog\/2013\/02\/18\/puthja-e-zjarrte-e-inves-dhe-hetemit\/#webpage\",\"url\":\"https:\/\/www.visit-ulcinj.com\/blog\/2013\/02\/18\/puthja-e-zjarrte-e-inves-dhe-hetemit\/\",\"name\":\"Puthja e \u2018zjarrt\u00eb\u2019 e Inv\u00ebs dhe Hetemit - Lajme nga Ulqini\",\"isPartOf\":{\"@id\":\"https:\/\/www.visit-ulcinj.com\/blog\/#website\"},\"primaryImageOfPage\":{\"@id\":\"https:\/\/www.visit-ulcinj.com\/blog\/2013\/02\/18\/puthja-e-zjarrte-e-inves-dhe-hetemit\/#primaryimage\"},\"datePublished\":\"2013-02-18T07:27:28+00:00\",\"dateModified\":\"2013-02-18T18:45:05+00:00\",\"author\":{\"@id\":\"https:\/\/www.visit-ulcinj.com\/blog\/#\/schema\/person\/dcab619c614d3038751c63bc2aadc06d\"},\"description\":\"Kan\u00eb treguar se jan\u00eb m\u00eb t\u00eb dashuruar se kurr\u00eb. Kan\u00eb gjetur dit\u00ebn ideale p\u00ebr ta b\u00ebr\u00eb k\u00ebt\u00eb gj\u00eb. Hetem Ramadani dhe sopranoja e njohur shqiptare Inva Mula,\",\"breadcrumb\":{\"@id\":\"https:\/\/www.visit-ulcinj.com\/blog\/2013\/02\/18\/puthja-e-zjarrte-e-inves-dhe-hetemit\/#breadcrumb\"},\"inLanguage\":\"en-US\",\"potentialAction\":[{\"@type\":\"ReadAction\",\"target\":[\"https:\/\/www.visit-ulcinj.com\/blog\/2013\/02\/18\/puthja-e-zjarrte-e-inves-dhe-hetemit\/\"]}]},{\"@type\":\"BreadcrumbList\",\"@id\":\"https:\/\/www.visit-ulcinj.com\/blog\/2013\/02\/18\/puthja-e-zjarrte-e-inves-dhe-hetemit\/#breadcrumb\",\"itemListElement\":[{\"@type\":\"ListItem\",\"position\":1,\"name\":\"Puthja e \u2018zjarrt\u00eb\u2019 e Inv\u00ebs dhe Hetemit\"}]},{\"@type\":\"Person\",\"@id\":\"https:\/\/www.visit-ulcinj.com\/blog\/#\/schema\/person\/dcab619c614d3038751c63bc2aadc06d\",\"name\":\"ulqini\",\"sameAs\":[\"http:\/\/www.visit-ulcinj.com\"],\"url\":\"https:\/\/www.visit-ulcinj.com\/blog\/author\/admin\/\"}]}<\/script>\n<!-- \/ Yoast SEO plugin. -->","yoast_head_json":{"title":"Puthja e \u2018zjarrt\u00eb\u2019 e Inv\u00ebs dhe Hetemit - Lajme nga Ulqini","description":"Kan\u00eb treguar se jan\u00eb m\u00eb t\u00eb dashuruar se kurr\u00eb. Kan\u00eb gjetur dit\u00ebn ideale p\u00ebr ta b\u00ebr\u00eb k\u00ebt\u00eb gj\u00eb. Hetem Ramadani dhe sopranoja e njohur shqiptare Inva Mula,","robots":{"index":"index","follow":"follow","max-snippet":"max-snippet:-1","max-image-preview":"max-image-preview:large","max-video-preview":"max-video-preview:-1"},"canonical":"https:\/\/www.visit-ulcinj.com\/blog\/2013\/02\/18\/puthja-e-zjarrte-e-inves-dhe-hetemit\/","og_locale":"en_US","og_type":"article","og_title":"Puthja e \u2018zjarrt\u00eb\u2019 e Inv\u00ebs dhe Hetemit - Lajme nga Ulqini","og_description":"Kan\u00eb treguar se jan\u00eb m\u00eb t\u00eb dashuruar se kurr\u00eb. Kan\u00eb gjetur dit\u00ebn ideale p\u00ebr ta b\u00ebr\u00eb k\u00ebt\u00eb gj\u00eb. Hetem Ramadani dhe sopranoja e njohur shqiptare Inva Mula,","og_url":"https:\/\/www.visit-ulcinj.com\/blog\/2013\/02\/18\/puthja-e-zjarrte-e-inves-dhe-hetemit\/","og_site_name":"Lajme nga Ulqini","article_published_time":"2013-02-18T07:27:28+00:00","article_modified_time":"2013-02-18T18:45:05+00:00","og_image":[{"url":"http:\/\/www.visit-ulcinj.com\/blog\/wp-content\/uploads\/2013\/02\/Inva-mula-dhe-Hetemi.jpg"}],"twitter_misc":{"Written by":"ulqini","Est. reading time":"3 minutes"},"schema":{"@context":"https:\/\/schema.org","@graph":[{"@type":"WebSite","@id":"https:\/\/www.visit-ulcinj.com\/blog\/#website","url":"https:\/\/www.visit-ulcinj.com\/blog\/","name":"Lajme nga Ulqini","description":"Lajme,Vijesti,Ulqini,Ulqin,Crna Gora,Mali i Zi","potentialAction":[{"@type":"SearchAction","target":{"@type":"EntryPoint","urlTemplate":"https:\/\/www.visit-ulcinj.com\/blog\/?s={search_term_string}"},"query-input":"required name=search_term_string"}],"inLanguage":"en-US"},{"@type":"ImageObject","inLanguage":"en-US","@id":"https:\/\/www.visit-ulcinj.com\/blog\/2013\/02\/18\/puthja-e-zjarrte-e-inves-dhe-hetemit\/#primaryimage","url":"https:\/\/www.visit-ulcinj.com\/blog\/wp-content\/uploads\/2013\/02\/Inva-mula-dhe-Hetemi.jpg","contentUrl":"https:\/\/www.visit-ulcinj.com\/blog\/wp-content\/uploads\/2013\/02\/Inva-mula-dhe-Hetemi.jpg","width":700,"height":388},{"@type":"WebPage","@id":"https:\/\/www.visit-ulcinj.com\/blog\/2013\/02\/18\/puthja-e-zjarrte-e-inves-dhe-hetemit\/#webpage","url":"https:\/\/www.visit-ulcinj.com\/blog\/2013\/02\/18\/puthja-e-zjarrte-e-inves-dhe-hetemit\/","name":"Puthja e \u2018zjarrt\u00eb\u2019 e Inv\u00ebs dhe Hetemit - Lajme nga Ulqini","isPartOf":{"@id":"https:\/\/www.visit-ulcinj.com\/blog\/#website"},"primaryImageOfPage":{"@id":"https:\/\/www.visit-ulcinj.com\/blog\/2013\/02\/18\/puthja-e-zjarrte-e-inves-dhe-hetemit\/#primaryimage"},"datePublished":"2013-02-18T07:27:28+00:00","dateModified":"2013-02-18T18:45:05+00:00","author":{"@id":"https:\/\/www.visit-ulcinj.com\/blog\/#\/schema\/person\/dcab619c614d3038751c63bc2aadc06d"},"description":"Kan\u00eb treguar se jan\u00eb m\u00eb t\u00eb dashuruar se kurr\u00eb. Kan\u00eb gjetur dit\u00ebn ideale p\u00ebr ta b\u00ebr\u00eb k\u00ebt\u00eb gj\u00eb. Hetem Ramadani dhe sopranoja e njohur shqiptare Inva Mula,","breadcrumb":{"@id":"https:\/\/www.visit-ulcinj.com\/blog\/2013\/02\/18\/puthja-e-zjarrte-e-inves-dhe-hetemit\/#breadcrumb"},"inLanguage":"en-US","potentialAction":[{"@type":"ReadAction","target":["https:\/\/www.visit-ulcinj.com\/blog\/2013\/02\/18\/puthja-e-zjarrte-e-inves-dhe-hetemit\/"]}]},{"@type":"BreadcrumbList","@id":"https:\/\/www.visit-ulcinj.com\/blog\/2013\/02\/18\/puthja-e-zjarrte-e-inves-dhe-hetemit\/#breadcrumb","itemListElement":[{"@type":"ListItem","position":1,"name":"Puthja e \u2018zjarrt\u00eb\u2019 e Inv\u00ebs dhe Hetemit"}]},{"@type":"Person","@id":"https:\/\/www.visit-ulcinj.com\/blog\/#\/schema\/person\/dcab619c614d3038751c63bc2aadc06d","name":"ulqini","sameAs":["http:\/\/www.visit-ulcinj.com"],"url":"https:\/\/www.visit-ulcinj.com\/blog\/author\/admin\/"}]}},"jetpack_featured_media_url":"","jetpack_sharing_enabled":true,"jetpack_shortlink":"https:\/\/wp.me\/pe6lTn-hUS","_links":{"self":[{"href":"https:\/\/www.visit-ulcinj.com\/blog\/wp-json\/wp\/v2\/posts\/68874"}],"collection":[{"href":"https:\/\/www.visit-ulcinj.com\/blog\/wp-json\/wp\/v2\/posts"}],"about":[{"href":"https:\/\/www.visit-ulcinj.com\/blog\/wp-json\/wp\/v2\/types\/post"}],"author":[{"embeddable":true,"href":"https:\/\/www.visit-ulcinj.com\/blog\/wp-json\/wp\/v2\/users\/1"}],"replies":[{"embeddable":true,"href":"https:\/\/www.visit-ulcinj.com\/blog\/wp-json\/wp\/v2\/comments?post=68874"}],"version-history":[{"count":4,"href":"https:\/\/www.visit-ulcinj.com\/blog\/wp-json\/wp\/v2\/posts\/68874\/revisions"}],"predecessor-version":[{"id":68878,"href":"https:\/\/www.visit-ulcinj.com\/blog\/wp-json\/wp\/v2\/posts\/68874\/revisions\/68878"}],"wp:attachment":[{"href":"https:\/\/www.visit-ulcinj.com\/blog\/wp-json\/wp\/v2\/media?parent=68874"}],"wp:term":[{"taxonomy":"category","embeddable":true,"href":"https:\/\/www.visit-ulcinj.com\/blog\/wp-json\/wp\/v2\/categories?post=68874"},{"taxonomy":"post_tag","embeddable":true,"href":"https:\/\/www.visit-ulcinj.com\/blog\/wp-json\/wp\/v2\/tags?post=68874"}],"curies":[{"name":"wp","href":"https:\/\/api.w.org\/{rel}","templated":true}]}}