{"id":68884,"date":"2013-02-18T18:21:06","date_gmt":"2013-02-18T17:21:06","guid":{"rendered":"http:\/\/www.visit-ulcinj.com\/blog\/?p=68884"},"modified":"2013-02-25T15:45:39","modified_gmt":"2013-02-25T14:45:39","slug":"ne-festivalin-e-viii-te-kenges-per-femije-fituese-hafize-lamoja","status":"publish","type":"post","link":"https:\/\/www.visit-ulcinj.com\/blog\/2013\/02\/18\/ne-festivalin-e-viii-te-kenges-per-femije-fituese-hafize-lamoja\/","title":{"rendered":"N\u00eb Festivalin e VIII t\u00eb k\u00ebng\u00ebs p\u00ebr f\u00ebmij\u00eb &#8211; fituese Hafize Lamoja"},"content":{"rendered":"<p><a href=\"http:\/\/www.visit-ulcinj.com\/blog\/wp-content\/uploads\/2013\/02\/Hafize-Lamoja.jpg\"><img loading=\"lazy\" class=\"alignleft  wp-image-68885\" alt=\"Hafize Lamoja\" src=\"http:\/\/www.visit-ulcinj.com\/blog\/wp-content\/uploads\/2013\/02\/Hafize-Lamoja.jpg\" width=\"508\" height=\"360\" \/><\/a><\/p>\n<p><strong>\u00c7mimi i Par\u00eb p\u00ebr Hafize Lamon<\/strong><\/p>\n<p>Fituese e edicionit t\u00eb 8-t\u00eb t\u00eb\u00a0Festivalit t\u00eb K\u00ebng\u00ebs p\u00ebr F\u00ebmij\u00eb \u201cUlqini\u00a02013\u201d, i cili u mbajt t\u00eb shtun\u00ebn n\u00eb\u00a0pallatin e Qendr\u00ebs Kulturore t\u00eb Ulqinit,\u00a0\u00ebsht\u00eb k\u00ebng\u00ebtarja e re nga Ulqini,\u00a0Hafize Lamoja. K\u00ebnga e saj \u201cFluturoj si\u00a0shqipe\u201d, me tekst t\u00eb Cani Lazos, nd\u00ebrsa\u00a0muzik\u00eb dhe orkestrim t\u00eb Sefer Hajrullahut,\u00a0u vler\u00ebsua me \u00c7mimin e Par\u00eb\u00a0nga juria e Festivalit n\u00eb p\u00ebrb\u00ebrje Ali\u00a0Salaj, publicist dhe kritik arti, Gjylije\u00a0Pelinku, studente e solok\u00ebndimit n\u00eb\u00a0Akademin\u00eb e Arteve n\u00eb Tiran\u00eb dhe\u00a0Hysejn Hasanaga, muzikant. N\u00eb edicionin\u00a0e vitit t\u00eb kaluar t\u00eb k\u00ebtij festivali,\u00a0Hafize Lamoja ka fituar \u00c7mimin p\u00ebr interpretimin\u00a0m\u00eb t\u00eb mir\u00eb.\u00a0\u00c7mimi p\u00ebr vendin e dyt\u00eb i ka takuar\u00a0k\u00ebng\u00ebtares nga Shkodra, Niki Mjeda, p\u00ebr k\u00ebng\u00ebn \u201cNj\u00eb lahut\u00eb e nj\u00eb flamur\u201d,\u00a0me tekst t\u00eb Alfred \u00c7apalikut, kurse\u00a0muzik\u00eb dhe orkestrim t\u00eb Zef \u00c7ob\u00ebs,\u00a0nd\u00ebrsa \u00c7mimi p\u00ebr vendin e tret\u00eb\u00a0k\u00ebng\u00ebtarit Rron Morina nga Gjakova,\u00a0p\u00ebr k\u00ebng\u00ebn \u201cRrena autogol\u201d, me tekst\u00a0t\u00eb Jorgo Papingjit, nd\u00ebrsa me muzik\u00eb\u00a0dhe orkestrim t\u00eb Roland Gulit.\u00a0P\u00ebrve\u00e7 \u00e7mimeve p\u00ebr tre vendet e para,\u00a0n\u00eb edicionin e sivjetsh\u00ebm jan\u00eb ndar\u00eb\u00a0edhe kat\u00ebr \u00e7mime t\u00eb tjera. K\u00ebshtu \u00c7mimin\u00a0p\u00ebr interpretimin m\u00eb t\u00eb mir\u00eb e\u00a0fitoi Dorina \u00c7oba p\u00ebr k\u00ebng\u00ebn \u201cMami,\u00a0babi\u201d, \u00c7mimin p\u00ebr tekstin m\u00eb t\u00eb mir\u00eb k\u00ebnga \u201cFluturo si flutur\u201d, me tekst t\u00eb\u00a0Anton Lulgjurajt dhe e k\u00ebnduar nga\u00a0Arta Lamoja, \u00c7mimi p\u00ebr komponimin\u00a0m\u00eb t\u00eb mir\u00eb k\u00ebnga \u201cZhurka pod maskama\u201d\u00a0e kompozuar nga Islam Axhemi,\u00a0kurse e interpretuar nga dueti\u00a0Aleksandra Pepgjonoviq \u2013 Anastasija\u00a0Dragoviq, si dhe \u00c7mimi Special \u201cFiqiri\u00a0Hasanaga\u201d iu nda vog\u00eblushes Emi\u00a0Milla. Organizatori ka ndar\u00eb po ashtu\u00a0mir\u00ebnjohje p\u00ebr t\u00eb gjith\u00eb pjes\u00ebmarr\u00ebsit\u00a0e Festivalit.\u00a0P\u00ebr dallim prej viteve t\u00eb tjera kur Festivali\u00a0mbahej dy net, edicioni i k\u00ebtij\u00a0viti zgjati vet\u00ebm nj\u00eb nat\u00eb, gj\u00eb q\u00eb nga\u00a0organizatori u arsyetua me munges\u00ebn\u00a0e mjeteve financiare. N\u00eb festival kan\u00eb\u00a0konkurruar 20 k\u00ebng\u00eb t\u00eb f\u00ebmij\u00ebve nga\u00a0Ulqini, Shkodra, Gjakova dhe Prishtina.\u00a0Festivali i K\u00ebng\u00ebs p\u00ebr F\u00ebmij\u00eb \u201cUlqini\u00a02013\u201d u organizua nga Qendra Kulturore\u00a0e Ulqinit, me mb\u00ebshtetjen e\u00a0Komun\u00ebs s\u00eb Ulqinit dhe Organizat\u00ebs\u00a0Turistike t\u00eb Ulqinit.<\/p>\n<p>(Kohapress)<\/p>\n","protected":false},"excerpt":{"rendered":"<p>\u00c7mimi i Par\u00eb p\u00ebr Hafize Lamon Fituese e edicionit t\u00eb 8-t\u00eb t\u00eb\u00a0Festivalit t\u00eb K\u00ebng\u00ebs p\u00ebr F\u00ebmij\u00eb \u201cUlqini\u00a02013\u201d, i cili u mbajt t\u00eb shtun\u00ebn n\u00eb\u00a0pallatin e Qendr\u00ebs Kulturore t\u00eb Ulqinit,\u00a0\u00ebsht\u00eb k\u00ebng\u00ebtarja e re nga Ulqini,\u00a0Hafize Lamoja. K\u00ebnga e saj \u201cFluturoj si\u00a0shqipe\u201d, me tekst t\u00eb Cani Lazos, nd\u00ebrsa\u00a0muzik\u00eb dhe orkestrim t\u00eb Sefer Hajrullahut,\u00a0u vler\u00ebsua me \u00c7mimin e [&hellip;]<\/p>\n","protected":false},"author":1,"featured_media":0,"comment_status":"open","ping_status":"closed","sticky":false,"template":"","format":"standard","meta":{"spay_email":"","jetpack_publicize_message":"","jetpack_is_tweetstorm":false,"jetpack_publicize_feature_enabled":true},"categories":[4,1],"tags":[21881,19594,21882,21883,200,18],"jetpack_publicize_connections":[],"yoast_head":"<!-- This site is optimized with the Yoast SEO plugin v19.1 - https:\/\/yoast.com\/wordpress\/plugins\/seo\/ -->\n<title>N\u00eb Festivalin e VIII t\u00eb k\u00ebng\u00ebs p\u00ebr f\u00ebmij\u00eb - fituese Hafize Lamoja - Lajme nga Ulqini<\/title>\n<meta name=\"description\" content=\"\u00c7mimi i Par\u00eb p\u00ebr Hafize Lamon Fituese e edicionit t\u00eb 8-t\u00eb t\u00eb\u00a0Festivalit t\u00eb K\u00ebng\u00ebs p\u00ebr F\u00ebmij\u00eb \u201cUlqini\u00a02013\u201d, i cili u mbajt t\u00eb shtun\u00ebn n\u00eb\u00a0pallatin e\" \/>\n<meta name=\"robots\" content=\"index, follow, max-snippet:-1, max-image-preview:large, max-video-preview:-1\" \/>\n<link rel=\"canonical\" href=\"https:\/\/www.visit-ulcinj.com\/blog\/2013\/02\/18\/ne-festivalin-e-viii-te-kenges-per-femije-fituese-hafize-lamoja\/\" \/>\n<meta property=\"og:locale\" content=\"en_US\" \/>\n<meta property=\"og:type\" content=\"article\" \/>\n<meta property=\"og:title\" content=\"N\u00eb Festivalin e VIII t\u00eb k\u00ebng\u00ebs p\u00ebr f\u00ebmij\u00eb - fituese Hafize Lamoja - Lajme nga Ulqini\" \/>\n<meta property=\"og:description\" content=\"\u00c7mimi i Par\u00eb p\u00ebr Hafize Lamon Fituese e edicionit t\u00eb 8-t\u00eb t\u00eb\u00a0Festivalit t\u00eb K\u00ebng\u00ebs p\u00ebr F\u00ebmij\u00eb \u201cUlqini\u00a02013\u201d, i cili u mbajt t\u00eb shtun\u00ebn n\u00eb\u00a0pallatin e\" \/>\n<meta property=\"og:url\" content=\"https:\/\/www.visit-ulcinj.com\/blog\/2013\/02\/18\/ne-festivalin-e-viii-te-kenges-per-femije-fituese-hafize-lamoja\/\" \/>\n<meta property=\"og:site_name\" content=\"Lajme nga Ulqini\" \/>\n<meta property=\"article:published_time\" content=\"2013-02-18T17:21:06+00:00\" \/>\n<meta property=\"article:modified_time\" content=\"2013-02-25T14:45:39+00:00\" \/>\n<meta property=\"og:image\" content=\"http:\/\/www.visit-ulcinj.com\/blog\/wp-content\/uploads\/2013\/02\/Hafize-Lamoja.jpg\" \/>\n<meta name=\"twitter:label1\" content=\"Written by\" \/>\n\t<meta name=\"twitter:data1\" content=\"ulqini\" \/>\n\t<meta name=\"twitter:label2\" content=\"Est. reading time\" \/>\n\t<meta name=\"twitter:data2\" content=\"2 minutes\" \/>\n<script type=\"application\/ld+json\" class=\"yoast-schema-graph\">{\"@context\":\"https:\/\/schema.org\",\"@graph\":[{\"@type\":\"WebSite\",\"@id\":\"https:\/\/www.visit-ulcinj.com\/blog\/#website\",\"url\":\"https:\/\/www.visit-ulcinj.com\/blog\/\",\"name\":\"Lajme nga Ulqini\",\"description\":\"Lajme,Vijesti,Ulqini,Ulqin,Crna Gora,Mali i Zi\",\"potentialAction\":[{\"@type\":\"SearchAction\",\"target\":{\"@type\":\"EntryPoint\",\"urlTemplate\":\"https:\/\/www.visit-ulcinj.com\/blog\/?s={search_term_string}\"},\"query-input\":\"required name=search_term_string\"}],\"inLanguage\":\"en-US\"},{\"@type\":\"ImageObject\",\"inLanguage\":\"en-US\",\"@id\":\"https:\/\/www.visit-ulcinj.com\/blog\/2013\/02\/18\/ne-festivalin-e-viii-te-kenges-per-femije-fituese-hafize-lamoja\/#primaryimage\",\"url\":\"http:\/\/www.visit-ulcinj.com\/blog\/wp-content\/uploads\/2013\/02\/Hafize-Lamoja.jpg\",\"contentUrl\":\"http:\/\/www.visit-ulcinj.com\/blog\/wp-content\/uploads\/2013\/02\/Hafize-Lamoja.jpg\"},{\"@type\":\"WebPage\",\"@id\":\"https:\/\/www.visit-ulcinj.com\/blog\/2013\/02\/18\/ne-festivalin-e-viii-te-kenges-per-femije-fituese-hafize-lamoja\/#webpage\",\"url\":\"https:\/\/www.visit-ulcinj.com\/blog\/2013\/02\/18\/ne-festivalin-e-viii-te-kenges-per-femije-fituese-hafize-lamoja\/\",\"name\":\"N\u00eb Festivalin e VIII t\u00eb k\u00ebng\u00ebs p\u00ebr f\u00ebmij\u00eb - fituese Hafize Lamoja - Lajme nga Ulqini\",\"isPartOf\":{\"@id\":\"https:\/\/www.visit-ulcinj.com\/blog\/#website\"},\"primaryImageOfPage\":{\"@id\":\"https:\/\/www.visit-ulcinj.com\/blog\/2013\/02\/18\/ne-festivalin-e-viii-te-kenges-per-femije-fituese-hafize-lamoja\/#primaryimage\"},\"datePublished\":\"2013-02-18T17:21:06+00:00\",\"dateModified\":\"2013-02-25T14:45:39+00:00\",\"author\":{\"@id\":\"https:\/\/www.visit-ulcinj.com\/blog\/#\/schema\/person\/dcab619c614d3038751c63bc2aadc06d\"},\"description\":\"\u00c7mimi i Par\u00eb p\u00ebr Hafize Lamon Fituese e edicionit t\u00eb 8-t\u00eb t\u00eb\u00a0Festivalit t\u00eb K\u00ebng\u00ebs p\u00ebr F\u00ebmij\u00eb \u201cUlqini\u00a02013\u201d, i cili u mbajt t\u00eb shtun\u00ebn n\u00eb\u00a0pallatin e\",\"breadcrumb\":{\"@id\":\"https:\/\/www.visit-ulcinj.com\/blog\/2013\/02\/18\/ne-festivalin-e-viii-te-kenges-per-femije-fituese-hafize-lamoja\/#breadcrumb\"},\"inLanguage\":\"en-US\",\"potentialAction\":[{\"@type\":\"ReadAction\",\"target\":[\"https:\/\/www.visit-ulcinj.com\/blog\/2013\/02\/18\/ne-festivalin-e-viii-te-kenges-per-femije-fituese-hafize-lamoja\/\"]}]},{\"@type\":\"BreadcrumbList\",\"@id\":\"https:\/\/www.visit-ulcinj.com\/blog\/2013\/02\/18\/ne-festivalin-e-viii-te-kenges-per-femije-fituese-hafize-lamoja\/#breadcrumb\",\"itemListElement\":[{\"@type\":\"ListItem\",\"position\":1,\"name\":\"N\u00eb Festivalin e VIII t\u00eb k\u00ebng\u00ebs p\u00ebr f\u00ebmij\u00eb &#8211; fituese Hafize Lamoja\"}]},{\"@type\":\"Person\",\"@id\":\"https:\/\/www.visit-ulcinj.com\/blog\/#\/schema\/person\/dcab619c614d3038751c63bc2aadc06d\",\"name\":\"ulqini\",\"sameAs\":[\"http:\/\/www.visit-ulcinj.com\"],\"url\":\"https:\/\/www.visit-ulcinj.com\/blog\/author\/admin\/\"}]}<\/script>\n<!-- \/ Yoast SEO plugin. -->","yoast_head_json":{"title":"N\u00eb Festivalin e VIII t\u00eb k\u00ebng\u00ebs p\u00ebr f\u00ebmij\u00eb - fituese Hafize Lamoja - Lajme nga Ulqini","description":"\u00c7mimi i Par\u00eb p\u00ebr Hafize Lamon Fituese e edicionit t\u00eb 8-t\u00eb t\u00eb\u00a0Festivalit t\u00eb K\u00ebng\u00ebs p\u00ebr F\u00ebmij\u00eb \u201cUlqini\u00a02013\u201d, i cili u mbajt t\u00eb shtun\u00ebn n\u00eb\u00a0pallatin e","robots":{"index":"index","follow":"follow","max-snippet":"max-snippet:-1","max-image-preview":"max-image-preview:large","max-video-preview":"max-video-preview:-1"},"canonical":"https:\/\/www.visit-ulcinj.com\/blog\/2013\/02\/18\/ne-festivalin-e-viii-te-kenges-per-femije-fituese-hafize-lamoja\/","og_locale":"en_US","og_type":"article","og_title":"N\u00eb Festivalin e VIII t\u00eb k\u00ebng\u00ebs p\u00ebr f\u00ebmij\u00eb - fituese Hafize Lamoja - Lajme nga Ulqini","og_description":"\u00c7mimi i Par\u00eb p\u00ebr Hafize Lamon Fituese e edicionit t\u00eb 8-t\u00eb t\u00eb\u00a0Festivalit t\u00eb K\u00ebng\u00ebs p\u00ebr F\u00ebmij\u00eb \u201cUlqini\u00a02013\u201d, i cili u mbajt t\u00eb shtun\u00ebn n\u00eb\u00a0pallatin e","og_url":"https:\/\/www.visit-ulcinj.com\/blog\/2013\/02\/18\/ne-festivalin-e-viii-te-kenges-per-femije-fituese-hafize-lamoja\/","og_site_name":"Lajme nga Ulqini","article_published_time":"2013-02-18T17:21:06+00:00","article_modified_time":"2013-02-25T14:45:39+00:00","og_image":[{"url":"http:\/\/www.visit-ulcinj.com\/blog\/wp-content\/uploads\/2013\/02\/Hafize-Lamoja.jpg"}],"twitter_misc":{"Written by":"ulqini","Est. reading time":"2 minutes"},"schema":{"@context":"https:\/\/schema.org","@graph":[{"@type":"WebSite","@id":"https:\/\/www.visit-ulcinj.com\/blog\/#website","url":"https:\/\/www.visit-ulcinj.com\/blog\/","name":"Lajme nga Ulqini","description":"Lajme,Vijesti,Ulqini,Ulqin,Crna Gora,Mali i Zi","potentialAction":[{"@type":"SearchAction","target":{"@type":"EntryPoint","urlTemplate":"https:\/\/www.visit-ulcinj.com\/blog\/?s={search_term_string}"},"query-input":"required name=search_term_string"}],"inLanguage":"en-US"},{"@type":"ImageObject","inLanguage":"en-US","@id":"https:\/\/www.visit-ulcinj.com\/blog\/2013\/02\/18\/ne-festivalin-e-viii-te-kenges-per-femije-fituese-hafize-lamoja\/#primaryimage","url":"http:\/\/www.visit-ulcinj.com\/blog\/wp-content\/uploads\/2013\/02\/Hafize-Lamoja.jpg","contentUrl":"http:\/\/www.visit-ulcinj.com\/blog\/wp-content\/uploads\/2013\/02\/Hafize-Lamoja.jpg"},{"@type":"WebPage","@id":"https:\/\/www.visit-ulcinj.com\/blog\/2013\/02\/18\/ne-festivalin-e-viii-te-kenges-per-femije-fituese-hafize-lamoja\/#webpage","url":"https:\/\/www.visit-ulcinj.com\/blog\/2013\/02\/18\/ne-festivalin-e-viii-te-kenges-per-femije-fituese-hafize-lamoja\/","name":"N\u00eb Festivalin e VIII t\u00eb k\u00ebng\u00ebs p\u00ebr f\u00ebmij\u00eb - fituese Hafize Lamoja - Lajme nga Ulqini","isPartOf":{"@id":"https:\/\/www.visit-ulcinj.com\/blog\/#website"},"primaryImageOfPage":{"@id":"https:\/\/www.visit-ulcinj.com\/blog\/2013\/02\/18\/ne-festivalin-e-viii-te-kenges-per-femije-fituese-hafize-lamoja\/#primaryimage"},"datePublished":"2013-02-18T17:21:06+00:00","dateModified":"2013-02-25T14:45:39+00:00","author":{"@id":"https:\/\/www.visit-ulcinj.com\/blog\/#\/schema\/person\/dcab619c614d3038751c63bc2aadc06d"},"description":"\u00c7mimi i Par\u00eb p\u00ebr Hafize Lamon Fituese e edicionit t\u00eb 8-t\u00eb t\u00eb\u00a0Festivalit t\u00eb K\u00ebng\u00ebs p\u00ebr F\u00ebmij\u00eb \u201cUlqini\u00a02013\u201d, i cili u mbajt t\u00eb shtun\u00ebn n\u00eb\u00a0pallatin e","breadcrumb":{"@id":"https:\/\/www.visit-ulcinj.com\/blog\/2013\/02\/18\/ne-festivalin-e-viii-te-kenges-per-femije-fituese-hafize-lamoja\/#breadcrumb"},"inLanguage":"en-US","potentialAction":[{"@type":"ReadAction","target":["https:\/\/www.visit-ulcinj.com\/blog\/2013\/02\/18\/ne-festivalin-e-viii-te-kenges-per-femije-fituese-hafize-lamoja\/"]}]},{"@type":"BreadcrumbList","@id":"https:\/\/www.visit-ulcinj.com\/blog\/2013\/02\/18\/ne-festivalin-e-viii-te-kenges-per-femije-fituese-hafize-lamoja\/#breadcrumb","itemListElement":[{"@type":"ListItem","position":1,"name":"N\u00eb Festivalin e VIII t\u00eb k\u00ebng\u00ebs p\u00ebr f\u00ebmij\u00eb &#8211; fituese Hafize Lamoja"}]},{"@type":"Person","@id":"https:\/\/www.visit-ulcinj.com\/blog\/#\/schema\/person\/dcab619c614d3038751c63bc2aadc06d","name":"ulqini","sameAs":["http:\/\/www.visit-ulcinj.com"],"url":"https:\/\/www.visit-ulcinj.com\/blog\/author\/admin\/"}]}},"jetpack_featured_media_url":"","jetpack_sharing_enabled":true,"jetpack_shortlink":"https:\/\/wp.me\/pe6lTn-hV2","_links":{"self":[{"href":"https:\/\/www.visit-ulcinj.com\/blog\/wp-json\/wp\/v2\/posts\/68884"}],"collection":[{"href":"https:\/\/www.visit-ulcinj.com\/blog\/wp-json\/wp\/v2\/posts"}],"about":[{"href":"https:\/\/www.visit-ulcinj.com\/blog\/wp-json\/wp\/v2\/types\/post"}],"author":[{"embeddable":true,"href":"https:\/\/www.visit-ulcinj.com\/blog\/wp-json\/wp\/v2\/users\/1"}],"replies":[{"embeddable":true,"href":"https:\/\/www.visit-ulcinj.com\/blog\/wp-json\/wp\/v2\/comments?post=68884"}],"version-history":[{"count":6,"href":"https:\/\/www.visit-ulcinj.com\/blog\/wp-json\/wp\/v2\/posts\/68884\/revisions"}],"predecessor-version":[{"id":69216,"href":"https:\/\/www.visit-ulcinj.com\/blog\/wp-json\/wp\/v2\/posts\/68884\/revisions\/69216"}],"wp:attachment":[{"href":"https:\/\/www.visit-ulcinj.com\/blog\/wp-json\/wp\/v2\/media?parent=68884"}],"wp:term":[{"taxonomy":"category","embeddable":true,"href":"https:\/\/www.visit-ulcinj.com\/blog\/wp-json\/wp\/v2\/categories?post=68884"},{"taxonomy":"post_tag","embeddable":true,"href":"https:\/\/www.visit-ulcinj.com\/blog\/wp-json\/wp\/v2\/tags?post=68884"}],"curies":[{"name":"wp","href":"https:\/\/api.w.org\/{rel}","templated":true}]}}