{"id":68890,"date":"2013-02-18T19:01:32","date_gmt":"2013-02-18T18:01:32","guid":{"rendered":"http:\/\/www.visit-ulcinj.com\/blog\/?p=68890"},"modified":"2013-02-18T19:01:46","modified_gmt":"2013-02-18T18:01:46","slug":"sinishtaj-forca-nuk-do-te-kushtezoje-mbeshtetjen-per-filip-vujanoviqin","status":"publish","type":"post","link":"https:\/\/www.visit-ulcinj.com\/blog\/2013\/02\/18\/sinishtaj-forca-nuk-do-te-kushtezoje-mbeshtetjen-per-filip-vujanoviqin\/","title":{"rendered":"Sinishtaj: Forca nuk do t\u00eb kusht\u00ebzoj\u00eb mb\u00ebshtetjen p\u00ebr Filip Vujanoviqin"},"content":{"rendered":"<p><a href=\"http:\/\/www.visit-ulcinj.com\/blog\/wp-content\/uploads\/2013\/02\/forca-per-bashkim.jpg\"><img loading=\"lazy\" class=\"alignleft  wp-image-68891\" alt=\"forca-per-bashkim\" src=\"http:\/\/www.visit-ulcinj.com\/blog\/wp-content\/uploads\/2013\/02\/forca-per-bashkim.jpg\" width=\"508\" height=\"360\" \/><\/a>Koalicioni Forca p\u00ebr Bashkim\u00a0 nuk do ta kusht\u00ebzoj\u00eb mb\u00ebshtetjen e Filip Vujanoviqit n\u00eb zgjedhjet presidenciale me caktimin e dat\u00ebs t\u00eb mbajtjes s\u00eb referendumit n\u00eb Mal\u00ebsi, mir\u00ebpo do t\u00eb insistoj\u00eb q\u00eb ky vendim t\u00eb sillet deri n\u00eb zgjedhjet presidenciale dhe t\u00eb jet\u00eb i bazuar n\u00eb ligj, ka theksuar p\u00ebrfaq\u00ebsuesi i k\u00ebtij koalicioni Vasel Sinishtaj. Sinishtaj ka theksuar p\u00ebr agjencin\u00eb ,,MINA,, se ai askurr\u00eb nuk ka th\u00ebn\u00eb se p\u00ebrkrahjen e kandidatit t\u00eb PDS do ta kusht\u00ebzoj\u00a0 me caktimin e dat\u00ebs referendumit konsultativ. Sinishtaj ka theksuar se politika nuk nd\u00ebrtohet mbi bazat e kusht\u00ebzimeve. Ne vet\u00ebm k\u00ebrkojm\u00eb t\u00eb drejtat tona dhe ata t\u00eb plot\u00ebsojn\u00eb premtimet e veta dhe nuk k\u00ebrkojm\u00eb q\u00eb t\u00eb na dhurohet di\u00e7ka, ka theksuar Sinishtaj.<\/p>\n<p>&nbsp;<\/p>\n<p><strong>RTCG<\/strong><\/p>\n","protected":false},"excerpt":{"rendered":"<p>Koalicioni Forca p\u00ebr Bashkim\u00a0 nuk do ta kusht\u00ebzoj\u00eb mb\u00ebshtetjen e Filip Vujanoviqit n\u00eb zgjedhjet presidenciale me caktimin e dat\u00ebs t\u00eb mbajtjes s\u00eb referendumit n\u00eb Mal\u00ebsi, mir\u00ebpo do t\u00eb insistoj\u00eb q\u00eb ky vendim t\u00eb sillet deri n\u00eb zgjedhjet presidenciale dhe t\u00eb jet\u00eb i bazuar n\u00eb ligj, ka theksuar p\u00ebrfaq\u00ebsuesi i k\u00ebtij koalicioni Vasel Sinishtaj. Sinishtaj ka [&hellip;]<\/p>\n","protected":false},"author":1,"featured_media":0,"comment_status":"open","ping_status":"closed","sticky":false,"template":"","format":"standard","meta":{"spay_email":"","jetpack_publicize_message":"","jetpack_is_tweetstorm":false,"jetpack_publicize_feature_enabled":true},"categories":[14],"tags":[21884,200,18],"jetpack_publicize_connections":[],"yoast_head":"<!-- This site is optimized with the Yoast SEO plugin v19.1 - https:\/\/yoast.com\/wordpress\/plugins\/seo\/ -->\n<title>Sinishtaj: Forca nuk do t\u00eb kusht\u00ebzoj\u00eb mb\u00ebshtetjen p\u00ebr Filip Vujanoviqin - Lajme nga Ulqini<\/title>\n<meta name=\"description\" content=\"Koalicioni Forca p\u00ebr Bashkim\u00a0 nuk do ta kusht\u00ebzoj\u00eb mb\u00ebshtetjen e Filip Vujanoviqit n\u00eb zgjedhjet presidenciale me caktimin e dat\u00ebs t\u00eb mbajtjes s\u00eb\" \/>\n<meta name=\"robots\" content=\"index, follow, max-snippet:-1, max-image-preview:large, max-video-preview:-1\" \/>\n<link rel=\"canonical\" href=\"https:\/\/www.visit-ulcinj.com\/blog\/2013\/02\/18\/sinishtaj-forca-nuk-do-te-kushtezoje-mbeshtetjen-per-filip-vujanoviqin\/\" \/>\n<meta property=\"og:locale\" content=\"en_US\" \/>\n<meta property=\"og:type\" content=\"article\" \/>\n<meta property=\"og:title\" content=\"Sinishtaj: Forca nuk do t\u00eb kusht\u00ebzoj\u00eb mb\u00ebshtetjen p\u00ebr Filip Vujanoviqin - Lajme nga Ulqini\" \/>\n<meta property=\"og:description\" content=\"Koalicioni Forca p\u00ebr Bashkim\u00a0 nuk do ta kusht\u00ebzoj\u00eb mb\u00ebshtetjen e Filip Vujanoviqit n\u00eb zgjedhjet presidenciale me caktimin e dat\u00ebs t\u00eb mbajtjes s\u00eb\" \/>\n<meta property=\"og:url\" content=\"https:\/\/www.visit-ulcinj.com\/blog\/2013\/02\/18\/sinishtaj-forca-nuk-do-te-kushtezoje-mbeshtetjen-per-filip-vujanoviqin\/\" \/>\n<meta property=\"og:site_name\" content=\"Lajme nga Ulqini\" \/>\n<meta property=\"article:published_time\" content=\"2013-02-18T18:01:32+00:00\" \/>\n<meta property=\"article:modified_time\" content=\"2013-02-18T18:01:46+00:00\" \/>\n<meta property=\"og:image\" content=\"http:\/\/www.visit-ulcinj.com\/blog\/wp-content\/uploads\/2013\/02\/forca-per-bashkim.jpg\" \/>\n<meta name=\"twitter:label1\" content=\"Written by\" \/>\n\t<meta name=\"twitter:data1\" content=\"ulqini\" \/>\n\t<meta name=\"twitter:label2\" content=\"Est. reading time\" \/>\n\t<meta name=\"twitter:data2\" content=\"1 minute\" \/>\n<script type=\"application\/ld+json\" class=\"yoast-schema-graph\">{\"@context\":\"https:\/\/schema.org\",\"@graph\":[{\"@type\":\"WebSite\",\"@id\":\"https:\/\/www.visit-ulcinj.com\/blog\/#website\",\"url\":\"https:\/\/www.visit-ulcinj.com\/blog\/\",\"name\":\"Lajme nga Ulqini\",\"description\":\"Lajme,Vijesti,Ulqini,Ulqin,Crna Gora,Mali i Zi\",\"potentialAction\":[{\"@type\":\"SearchAction\",\"target\":{\"@type\":\"EntryPoint\",\"urlTemplate\":\"https:\/\/www.visit-ulcinj.com\/blog\/?s={search_term_string}\"},\"query-input\":\"required name=search_term_string\"}],\"inLanguage\":\"en-US\"},{\"@type\":\"ImageObject\",\"inLanguage\":\"en-US\",\"@id\":\"https:\/\/www.visit-ulcinj.com\/blog\/2013\/02\/18\/sinishtaj-forca-nuk-do-te-kushtezoje-mbeshtetjen-per-filip-vujanoviqin\/#primaryimage\",\"url\":\"https:\/\/www.visit-ulcinj.com\/blog\/wp-content\/uploads\/2013\/02\/forca-per-bashkim.jpg\",\"contentUrl\":\"https:\/\/www.visit-ulcinj.com\/blog\/wp-content\/uploads\/2013\/02\/forca-per-bashkim.jpg\",\"width\":960,\"height\":631},{\"@type\":\"WebPage\",\"@id\":\"https:\/\/www.visit-ulcinj.com\/blog\/2013\/02\/18\/sinishtaj-forca-nuk-do-te-kushtezoje-mbeshtetjen-per-filip-vujanoviqin\/#webpage\",\"url\":\"https:\/\/www.visit-ulcinj.com\/blog\/2013\/02\/18\/sinishtaj-forca-nuk-do-te-kushtezoje-mbeshtetjen-per-filip-vujanoviqin\/\",\"name\":\"Sinishtaj: Forca nuk do t\u00eb kusht\u00ebzoj\u00eb mb\u00ebshtetjen p\u00ebr Filip Vujanoviqin - Lajme nga Ulqini\",\"isPartOf\":{\"@id\":\"https:\/\/www.visit-ulcinj.com\/blog\/#website\"},\"primaryImageOfPage\":{\"@id\":\"https:\/\/www.visit-ulcinj.com\/blog\/2013\/02\/18\/sinishtaj-forca-nuk-do-te-kushtezoje-mbeshtetjen-per-filip-vujanoviqin\/#primaryimage\"},\"datePublished\":\"2013-02-18T18:01:32+00:00\",\"dateModified\":\"2013-02-18T18:01:46+00:00\",\"author\":{\"@id\":\"https:\/\/www.visit-ulcinj.com\/blog\/#\/schema\/person\/dcab619c614d3038751c63bc2aadc06d\"},\"description\":\"Koalicioni Forca p\u00ebr Bashkim\u00a0 nuk do ta kusht\u00ebzoj\u00eb mb\u00ebshtetjen e Filip Vujanoviqit n\u00eb zgjedhjet presidenciale me caktimin e dat\u00ebs t\u00eb mbajtjes s\u00eb\",\"breadcrumb\":{\"@id\":\"https:\/\/www.visit-ulcinj.com\/blog\/2013\/02\/18\/sinishtaj-forca-nuk-do-te-kushtezoje-mbeshtetjen-per-filip-vujanoviqin\/#breadcrumb\"},\"inLanguage\":\"en-US\",\"potentialAction\":[{\"@type\":\"ReadAction\",\"target\":[\"https:\/\/www.visit-ulcinj.com\/blog\/2013\/02\/18\/sinishtaj-forca-nuk-do-te-kushtezoje-mbeshtetjen-per-filip-vujanoviqin\/\"]}]},{\"@type\":\"BreadcrumbList\",\"@id\":\"https:\/\/www.visit-ulcinj.com\/blog\/2013\/02\/18\/sinishtaj-forca-nuk-do-te-kushtezoje-mbeshtetjen-per-filip-vujanoviqin\/#breadcrumb\",\"itemListElement\":[{\"@type\":\"ListItem\",\"position\":1,\"name\":\"Sinishtaj: Forca nuk do t\u00eb kusht\u00ebzoj\u00eb mb\u00ebshtetjen p\u00ebr Filip Vujanoviqin\"}]},{\"@type\":\"Person\",\"@id\":\"https:\/\/www.visit-ulcinj.com\/blog\/#\/schema\/person\/dcab619c614d3038751c63bc2aadc06d\",\"name\":\"ulqini\",\"sameAs\":[\"http:\/\/www.visit-ulcinj.com\"],\"url\":\"https:\/\/www.visit-ulcinj.com\/blog\/author\/admin\/\"}]}<\/script>\n<!-- \/ Yoast SEO plugin. -->","yoast_head_json":{"title":"Sinishtaj: Forca nuk do t\u00eb kusht\u00ebzoj\u00eb mb\u00ebshtetjen p\u00ebr Filip Vujanoviqin - Lajme nga Ulqini","description":"Koalicioni Forca p\u00ebr Bashkim\u00a0 nuk do ta kusht\u00ebzoj\u00eb mb\u00ebshtetjen e Filip Vujanoviqit n\u00eb zgjedhjet presidenciale me caktimin e dat\u00ebs t\u00eb mbajtjes s\u00eb","robots":{"index":"index","follow":"follow","max-snippet":"max-snippet:-1","max-image-preview":"max-image-preview:large","max-video-preview":"max-video-preview:-1"},"canonical":"https:\/\/www.visit-ulcinj.com\/blog\/2013\/02\/18\/sinishtaj-forca-nuk-do-te-kushtezoje-mbeshtetjen-per-filip-vujanoviqin\/","og_locale":"en_US","og_type":"article","og_title":"Sinishtaj: Forca nuk do t\u00eb kusht\u00ebzoj\u00eb mb\u00ebshtetjen p\u00ebr Filip Vujanoviqin - Lajme nga Ulqini","og_description":"Koalicioni Forca p\u00ebr Bashkim\u00a0 nuk do ta kusht\u00ebzoj\u00eb mb\u00ebshtetjen e Filip Vujanoviqit n\u00eb zgjedhjet presidenciale me caktimin e dat\u00ebs t\u00eb mbajtjes s\u00eb","og_url":"https:\/\/www.visit-ulcinj.com\/blog\/2013\/02\/18\/sinishtaj-forca-nuk-do-te-kushtezoje-mbeshtetjen-per-filip-vujanoviqin\/","og_site_name":"Lajme nga Ulqini","article_published_time":"2013-02-18T18:01:32+00:00","article_modified_time":"2013-02-18T18:01:46+00:00","og_image":[{"url":"http:\/\/www.visit-ulcinj.com\/blog\/wp-content\/uploads\/2013\/02\/forca-per-bashkim.jpg"}],"twitter_misc":{"Written by":"ulqini","Est. reading time":"1 minute"},"schema":{"@context":"https:\/\/schema.org","@graph":[{"@type":"WebSite","@id":"https:\/\/www.visit-ulcinj.com\/blog\/#website","url":"https:\/\/www.visit-ulcinj.com\/blog\/","name":"Lajme nga Ulqini","description":"Lajme,Vijesti,Ulqini,Ulqin,Crna Gora,Mali i Zi","potentialAction":[{"@type":"SearchAction","target":{"@type":"EntryPoint","urlTemplate":"https:\/\/www.visit-ulcinj.com\/blog\/?s={search_term_string}"},"query-input":"required name=search_term_string"}],"inLanguage":"en-US"},{"@type":"ImageObject","inLanguage":"en-US","@id":"https:\/\/www.visit-ulcinj.com\/blog\/2013\/02\/18\/sinishtaj-forca-nuk-do-te-kushtezoje-mbeshtetjen-per-filip-vujanoviqin\/#primaryimage","url":"https:\/\/www.visit-ulcinj.com\/blog\/wp-content\/uploads\/2013\/02\/forca-per-bashkim.jpg","contentUrl":"https:\/\/www.visit-ulcinj.com\/blog\/wp-content\/uploads\/2013\/02\/forca-per-bashkim.jpg","width":960,"height":631},{"@type":"WebPage","@id":"https:\/\/www.visit-ulcinj.com\/blog\/2013\/02\/18\/sinishtaj-forca-nuk-do-te-kushtezoje-mbeshtetjen-per-filip-vujanoviqin\/#webpage","url":"https:\/\/www.visit-ulcinj.com\/blog\/2013\/02\/18\/sinishtaj-forca-nuk-do-te-kushtezoje-mbeshtetjen-per-filip-vujanoviqin\/","name":"Sinishtaj: Forca nuk do t\u00eb kusht\u00ebzoj\u00eb mb\u00ebshtetjen p\u00ebr Filip Vujanoviqin - Lajme nga Ulqini","isPartOf":{"@id":"https:\/\/www.visit-ulcinj.com\/blog\/#website"},"primaryImageOfPage":{"@id":"https:\/\/www.visit-ulcinj.com\/blog\/2013\/02\/18\/sinishtaj-forca-nuk-do-te-kushtezoje-mbeshtetjen-per-filip-vujanoviqin\/#primaryimage"},"datePublished":"2013-02-18T18:01:32+00:00","dateModified":"2013-02-18T18:01:46+00:00","author":{"@id":"https:\/\/www.visit-ulcinj.com\/blog\/#\/schema\/person\/dcab619c614d3038751c63bc2aadc06d"},"description":"Koalicioni Forca p\u00ebr Bashkim\u00a0 nuk do ta kusht\u00ebzoj\u00eb mb\u00ebshtetjen e Filip Vujanoviqit n\u00eb zgjedhjet presidenciale me caktimin e dat\u00ebs t\u00eb mbajtjes s\u00eb","breadcrumb":{"@id":"https:\/\/www.visit-ulcinj.com\/blog\/2013\/02\/18\/sinishtaj-forca-nuk-do-te-kushtezoje-mbeshtetjen-per-filip-vujanoviqin\/#breadcrumb"},"inLanguage":"en-US","potentialAction":[{"@type":"ReadAction","target":["https:\/\/www.visit-ulcinj.com\/blog\/2013\/02\/18\/sinishtaj-forca-nuk-do-te-kushtezoje-mbeshtetjen-per-filip-vujanoviqin\/"]}]},{"@type":"BreadcrumbList","@id":"https:\/\/www.visit-ulcinj.com\/blog\/2013\/02\/18\/sinishtaj-forca-nuk-do-te-kushtezoje-mbeshtetjen-per-filip-vujanoviqin\/#breadcrumb","itemListElement":[{"@type":"ListItem","position":1,"name":"Sinishtaj: Forca nuk do t\u00eb kusht\u00ebzoj\u00eb mb\u00ebshtetjen p\u00ebr Filip Vujanoviqin"}]},{"@type":"Person","@id":"https:\/\/www.visit-ulcinj.com\/blog\/#\/schema\/person\/dcab619c614d3038751c63bc2aadc06d","name":"ulqini","sameAs":["http:\/\/www.visit-ulcinj.com"],"url":"https:\/\/www.visit-ulcinj.com\/blog\/author\/admin\/"}]}},"jetpack_featured_media_url":"","jetpack_sharing_enabled":true,"jetpack_shortlink":"https:\/\/wp.me\/pe6lTn-hV8","_links":{"self":[{"href":"https:\/\/www.visit-ulcinj.com\/blog\/wp-json\/wp\/v2\/posts\/68890"}],"collection":[{"href":"https:\/\/www.visit-ulcinj.com\/blog\/wp-json\/wp\/v2\/posts"}],"about":[{"href":"https:\/\/www.visit-ulcinj.com\/blog\/wp-json\/wp\/v2\/types\/post"}],"author":[{"embeddable":true,"href":"https:\/\/www.visit-ulcinj.com\/blog\/wp-json\/wp\/v2\/users\/1"}],"replies":[{"embeddable":true,"href":"https:\/\/www.visit-ulcinj.com\/blog\/wp-json\/wp\/v2\/comments?post=68890"}],"version-history":[{"count":2,"href":"https:\/\/www.visit-ulcinj.com\/blog\/wp-json\/wp\/v2\/posts\/68890\/revisions"}],"predecessor-version":[{"id":68893,"href":"https:\/\/www.visit-ulcinj.com\/blog\/wp-json\/wp\/v2\/posts\/68890\/revisions\/68893"}],"wp:attachment":[{"href":"https:\/\/www.visit-ulcinj.com\/blog\/wp-json\/wp\/v2\/media?parent=68890"}],"wp:term":[{"taxonomy":"category","embeddable":true,"href":"https:\/\/www.visit-ulcinj.com\/blog\/wp-json\/wp\/v2\/categories?post=68890"},{"taxonomy":"post_tag","embeddable":true,"href":"https:\/\/www.visit-ulcinj.com\/blog\/wp-json\/wp\/v2\/tags?post=68890"}],"curies":[{"name":"wp","href":"https:\/\/api.w.org\/{rel}","templated":true}]}}