{"id":68902,"date":"2013-02-18T19:32:55","date_gmt":"2013-02-18T18:32:55","guid":{"rendered":"http:\/\/www.visit-ulcinj.com\/blog\/?p=68902"},"modified":"2013-02-19T07:23:30","modified_gmt":"2013-02-19T06:23:30","slug":"shqiptaret-ne-zgjedhjet-presidenciale-ne-mal-te-zi-nga-sabri-salaj","status":"publish","type":"post","link":"https:\/\/www.visit-ulcinj.com\/blog\/2013\/02\/18\/shqiptaret-ne-zgjedhjet-presidenciale-ne-mal-te-zi-nga-sabri-salaj\/","title":{"rendered":"Shqiptar\u00ebt n\u00eb zgjedhjet presidenciale n\u00eb Mal t\u00eb Zi &#8211; nga Sabri Salaj"},"content":{"rendered":"<p><a href=\"http:\/\/www.visit-ulcinj.com\/blog\/wp-content\/uploads\/2013\/02\/Sabri-Salaj.jpg\"><img loading=\"lazy\" class=\"alignleft size-full wp-image-68903\" alt=\"Sabri Salaj\" src=\"http:\/\/www.visit-ulcinj.com\/blog\/wp-content\/uploads\/2013\/02\/Sabri-Salaj.jpg\" width=\"255\" height=\"260\" \/><\/a>Mr. Sabri Salaj<\/p>\n<p>N\u00eb Republiken e Malit t\u00eb Zi m\u00eb 07 prill 2013 , zhvillohen zgjedhjet p\u00ebr president\u00a0ku gara do zhvillohet nd\u00ebrmjet dy kandidat\u00ebve potencial Filip Vujanoviq nga radh\u00ebt e\u00a0partis\u00eb m\u00eb t\u00eb madhe PDS dhe Miodrag Lekiq lideri i Frontit Demokratik. N\u00eb gare do\u00a0inkuadrohen edhe kandidat tjer\u00eb por me mund\u00ebsi t\u00eb pakta p\u00ebr nj\u00eb rezultat fitues.\u00a0Situata n\u00eb t\u00eb cil\u00ebn ndodhej Mali i Zi, nuk jep shpres\u00eb se n\u00eb k\u00ebto zgjedhje sikurse edhe\u00a0n\u00eb zgjedhjet e m\u00ebparshme do ket\u00eb ndonj\u00eb surpriz\u00eb zgjedhore, gj\u00eb e cila nuk vjen si\u00a0rezultat i munges\u00ebs s\u00eb demokracis\u00eb institucionale por p\u00ebr shkak t\u00eb proceseve\u00a0nd\u00ebrkomb\u00ebtare n\u00eb t\u00eb cil\u00ebt ndodhet Mali i Zi.<br \/>\nSubjektet politike shqiptare si faktor potencial zgjedhor n\u00eb shtetin e Malit t\u00eb Zi\u00a0si dhe kontribues t\u00eb paq\u00ebs n\u00eb rajon p\u00ebrs\u00ebri vazhdojn\u00eb avazin e vjet\u00ebr pa asnj\u00eb vizion\u00a0dhe strategji p\u00ebr t\u00eb ardhmen e tyre n\u00eb Mal t\u00eb Zi.<\/p>\n<p>Duke u ndikuar dhe udh\u00ebhequr nga\u00a0kulti i individit , duke u thirur n\u00eb em\u00ebr t\u00eb patriotizmit folklorik si dhe nga mungesa e\u00a0qasjes reale ndaj funksionimit t\u00eb sistemit politik n\u00eb Mal t\u00eb Zi dhe proceseve\u00a0nd\u00ebrkomb\u00ebtare n\u00eb p\u00ebrgjith\u00ebsi subjektet politike shqiptare vazhdojn\u00eb d\u00ebshirat politike\u00a0ku secili subjekt flet n\u00eb em\u00ebr t\u00eb shqiptar\u00ebve n\u00eb Mal t\u00eb Zi duke e sh\u00ebndrruar votuesin n\u00eb\u00a0servil politik.\u00a0N\u00eb prag t\u00eb fushat\u00ebs zgjedhore partia m\u00eb e madhe n\u00eb pushtet ka vu n\u00eb l\u00ebvizje t\u00eb\u00a0gjitha mekanzimat institucional m\u00eb q\u00ebllim q\u00eb subjektet politike shqiptare t\u00eb vazhdojn\u00eb\u00a0p\u00ebrkrahjen pro kandidatit t\u00eb tyre , gj\u00eb e cila tregon edhe rend\u00ebsin\u00eb e faktorit shqiptar\u00a0n\u00eb zgjedhjen e t\u00eb parit t\u00eb shtetit.<br \/>\nHapja n\u00eb disa fronte e disa \u00e7\u00ebshtjeve m\u00eb rend\u00ebsi\u00a0n\u00ebp\u00ebrmjet aparatit propagandistik para zgjedhor e cila b\u00ebh\u00ebt m\u00eb q\u00ebllim krijimin e nj\u00eb\u00a0lloj hutie dhe p\u00ebr\u00e7arje nd\u00ebrmjet subjekteve politike , n\u00eb praparsken\u00eb ka synim\u00a0p\u00ebrkrahjen e kandidatit t\u00eb tyre, por pa avancim t\u00eb \u00e7\u00ebshtjes politike p\u00ebr shqiptar\u00ebt n\u00eb\u00a0Mal t\u00eb Zi. Kandidati tjet\u00ebr potencial i cili vjen nga rradh\u00ebt e opozit\u00ebs, pavar\u00ebsisht\u00a0p\u00ebrgaditjes profesionale dhe intelektuale , vizioni dhe qasja e nj\u00eb pjes\u00eb t\u00eb madhe t\u00eb\u00a0opozit\u00ebs si p\u00ebrkrah\u00ebs t\u00eb tij do ndikoj n\u00eb rezultatin final.<\/p>\n<p>Zgjedhjet presidenciale jan\u00eb testi i radh\u00ebs q\u00eb subjektet politike shqiptare t\u00eb ken\u00eb\u00a0mund\u00ebsi t\u00eb emancipohen politikisht. Uniteti dhe besimi nd\u00ebrmjet aktor\u00ebve politik,\u00a0toleranca ndaj mendimit ndryshe, promovimi i debatit, luftimi i politikave favorizuese e\u00a0mbi t\u00eb gjitha vullneti p\u00ebr demokratizim jan\u00eb disa nga parimet q\u00eb subjektet politike\u00a0shqiptare t\u00eb emancipohen politikisht. Duke u nisur nga kjo subjektet politike shqiptare\u00a0duhet t\u00eb formulojn\u00eb nj\u00eb koncept t\u00eb p\u00ebrbashk\u00ebt n\u00eb lidhje m\u00eb t\u00eb drejtat dhe ardhm\u00ebrin\u00eb\u00a0e tyre n\u00eb Mal t\u00eb Zi, ku si rezultat i k\u00ebsaj t\u00eb p\u00ebrcaktohen disa postulate t\u00eb cilat do jen\u00eb\u00a0kushti kryesore n\u00eb k\u00ebto zgjedhje presidenciale.<br \/>\nVazhdimi i politik\u00ebs centralizuese t\u00eb\u00a0pushtetit qendror ndaj pushtetit vendor nuk duhet kthyer m\u00eb deklarata politika duke\u00a0luajtuar rolin e m\u00eb t\u00eb mencurit por duhet vepruar n\u00eb m\u00ebnyr\u00eb institucionale konform\u00a0ligjeve dhe konventave nd\u00ebrkomb\u00ebtare, gj\u00eb e cila mund t\u00eb b\u00ebh\u00ebt vet\u00ebm nes\u00eb arrihet nj\u00eb\u00a0dialog mir\u00ebkuptimi dhe bashk\u00ebpunimi nd\u00ebrmjet aktor\u00ebve poltik\u00eb shqiptar\u00eb.<\/p>\n<p>Decentralizimi, parim i konvent\u00ebs evropiane p\u00ebr vet\u00ebqeverisje lokale si dhe nj\u00ebri\u00a0nd\u00ebr kushtet kryesore p\u00ebr antar\u00ebsimin e shteteve n\u00eb Bashk\u00ebsin\u00eb Evropiane \u00ebsht\u00eb nj\u00eb e\u00a0drejt\u00eb e cila k\u00ebrkohet vazhdimisht nga subjektet politike shqiptare. Kjo e drejt\u00eb duhet\u00a0t\u00eb implementohet n\u00ebpermjet mekanizmave institucional e jo n\u00ebp\u00ebrmjet deklaratave\u00a0politike e mediatike. Duhet strategji, vizion dhe qasje politike shum\u00ebdimensionale n\u00eb\u00a0implementimin e marr\u00ebveshjeve q\u00eb kan\u00eb t\u00eb b\u00ebjn\u00eb m\u00eb ndarjen e kompetencave t\u00eb\u00a0vet\u00ebqeverisjes lokale.<br \/>\nMarr\u00ebveshjet politike dhe juridike t\u00eb subjekteve politike\u00a0shqiptare duhet t\u00eb jen\u00eb n\u00eb p\u00ebrputhje m\u00eb konventat dhe rregullat nd\u00ebrkombat\u00ebre pjes\u00eb\u00a0e s\u00eb cil\u00ebs k\u00ebrkon t\u00eb jet\u00eb edhe Mali i Zi e jo t\u00eb jen\u00eb marr\u00ebveshje p\u00ebr interesa personale\u00a0dhe partiake t\u00eb realizuara n\u00ebp\u00ebrmjet pazar\u00ebve politike.\u00a0P\u00ebrfaq\u00ebsuesit ton\u00eb politik kan\u00eb kart\u00ebn m\u00eb t\u00eb fort\u00eb politike vot\u00ebn e qytetarit t\u00eb\u00a0cilin duhet ta p\u00ebrdorin m\u00eb dinjitet dhe p\u00ebrgjegj\u00ebsi n\u00eb p\u00ebrmisimin dhe avancimin e t\u00eb\u00a0drejtave t\u00eb shqiptar\u00ebve n\u00eb Mal t\u00eb Zi. Filozofi i madh Platoni thoshte p\u00ebr politik\u00ebn ,,se\u00a0politika \u00ebsht\u00eb arti i s\u00eb mundshm\u00ebs\u2019\u2019 prandaj n\u00eb k\u00ebto zgjedhje presidenciale subjektet\u00a0politike shqiptare duhet t\u00eb jen\u00eb unifikues , bashk\u00ebpunues n\u00eb qendrimet e tyre p\u00ebr t\u00eb\u00a0b\u00ebr\u00eb t\u00eb mundshme at\u00eb p\u00ebr t\u00eb cil\u00ebn shqiptar\u00ebt iu besuan tagrin e p\u00ebrfaq\u00ebsimit.\u00a0Krejt n\u00eb fund dua t\u00eb citoi nj\u00eb th\u00ebnie t\u00eb akademikut ton\u00eb Esat Stavilevcit i cili\u00a0thot\u00eb: ,,T\u00eb jetosh bashkarisht do t\u00eb thot\u00eb t\u00eb jetosh n\u00eb m\u00ebnyr\u00eb t\u00eb barabart\u00eb, sepse\u00a0vet\u00ebm t\u00eb barabart\u00eb mund t\u00eb jetojm\u00eb bashkarisht\u00eb\u2019\u2019.<\/p>\n","protected":false},"excerpt":{"rendered":"<p>Mr. Sabri Salaj N\u00eb Republiken e Malit t\u00eb Zi m\u00eb 07 prill 2013 , zhvillohen zgjedhjet p\u00ebr president\u00a0ku gara do zhvillohet nd\u00ebrmjet dy kandidat\u00ebve potencial Filip Vujanoviq nga radh\u00ebt e\u00a0partis\u00eb m\u00eb t\u00eb madhe PDS dhe Miodrag Lekiq lideri i Frontit Demokratik. N\u00eb gare do\u00a0inkuadrohen edhe kandidat tjer\u00eb por me mund\u00ebsi t\u00eb pakta p\u00ebr nj\u00eb rezultat [&hellip;]<\/p>\n","protected":false},"author":1,"featured_media":0,"comment_status":"open","ping_status":"closed","sticky":false,"template":"","format":"standard","meta":{"spay_email":"","jetpack_publicize_message":"","jetpack_is_tweetstorm":false,"jetpack_publicize_feature_enabled":true},"categories":[14249],"tags":[95,21616,200],"jetpack_publicize_connections":[],"yoast_head":"<!-- This site is optimized with the Yoast SEO plugin v19.1 - https:\/\/yoast.com\/wordpress\/plugins\/seo\/ -->\n<title>Shqiptar\u00ebt n\u00eb zgjedhjet presidenciale n\u00eb Mal t\u00eb Zi - nga Sabri Salaj - Lajme nga Ulqini<\/title>\n<meta name=\"description\" content=\"Mr. Sabri Salaj N\u00eb Republiken e Malit t\u00eb Zi m\u00eb 07 prill 2013 , zhvillohen zgjedhjet p\u00ebr president\u00a0ku gara do zhvillohet nd\u00ebrmjet dy kandidat\u00ebve potencial\" \/>\n<meta name=\"robots\" content=\"index, follow, max-snippet:-1, max-image-preview:large, max-video-preview:-1\" \/>\n<link rel=\"canonical\" href=\"https:\/\/www.visit-ulcinj.com\/blog\/2013\/02\/18\/shqiptaret-ne-zgjedhjet-presidenciale-ne-mal-te-zi-nga-sabri-salaj\/\" \/>\n<meta property=\"og:locale\" content=\"en_US\" \/>\n<meta property=\"og:type\" content=\"article\" \/>\n<meta property=\"og:title\" content=\"Shqiptar\u00ebt n\u00eb zgjedhjet presidenciale n\u00eb Mal t\u00eb Zi - nga Sabri Salaj - Lajme nga Ulqini\" \/>\n<meta property=\"og:description\" content=\"Mr. Sabri Salaj N\u00eb Republiken e Malit t\u00eb Zi m\u00eb 07 prill 2013 , zhvillohen zgjedhjet p\u00ebr president\u00a0ku gara do zhvillohet nd\u00ebrmjet dy kandidat\u00ebve potencial\" \/>\n<meta property=\"og:url\" content=\"https:\/\/www.visit-ulcinj.com\/blog\/2013\/02\/18\/shqiptaret-ne-zgjedhjet-presidenciale-ne-mal-te-zi-nga-sabri-salaj\/\" \/>\n<meta property=\"og:site_name\" content=\"Lajme nga Ulqini\" \/>\n<meta property=\"article:published_time\" content=\"2013-02-18T18:32:55+00:00\" \/>\n<meta property=\"article:modified_time\" content=\"2013-02-19T06:23:30+00:00\" \/>\n<meta property=\"og:image\" content=\"http:\/\/www.visit-ulcinj.com\/blog\/wp-content\/uploads\/2013\/02\/Sabri-Salaj.jpg\" \/>\n<meta name=\"twitter:label1\" content=\"Written by\" \/>\n\t<meta name=\"twitter:data1\" content=\"ulqini\" \/>\n\t<meta name=\"twitter:label2\" content=\"Est. reading time\" \/>\n\t<meta name=\"twitter:data2\" content=\"4 minutes\" \/>\n<script type=\"application\/ld+json\" class=\"yoast-schema-graph\">{\"@context\":\"https:\/\/schema.org\",\"@graph\":[{\"@type\":\"WebSite\",\"@id\":\"https:\/\/www.visit-ulcinj.com\/blog\/#website\",\"url\":\"https:\/\/www.visit-ulcinj.com\/blog\/\",\"name\":\"Lajme nga Ulqini\",\"description\":\"Lajme,Vijesti,Ulqini,Ulqin,Crna Gora,Mali i Zi\",\"potentialAction\":[{\"@type\":\"SearchAction\",\"target\":{\"@type\":\"EntryPoint\",\"urlTemplate\":\"https:\/\/www.visit-ulcinj.com\/blog\/?s={search_term_string}\"},\"query-input\":\"required name=search_term_string\"}],\"inLanguage\":\"en-US\"},{\"@type\":\"ImageObject\",\"inLanguage\":\"en-US\",\"@id\":\"https:\/\/www.visit-ulcinj.com\/blog\/2013\/02\/18\/shqiptaret-ne-zgjedhjet-presidenciale-ne-mal-te-zi-nga-sabri-salaj\/#primaryimage\",\"url\":\"https:\/\/www.visit-ulcinj.com\/blog\/wp-content\/uploads\/2013\/02\/Sabri-Salaj.jpg\",\"contentUrl\":\"https:\/\/www.visit-ulcinj.com\/blog\/wp-content\/uploads\/2013\/02\/Sabri-Salaj.jpg\",\"width\":255,\"height\":260},{\"@type\":\"WebPage\",\"@id\":\"https:\/\/www.visit-ulcinj.com\/blog\/2013\/02\/18\/shqiptaret-ne-zgjedhjet-presidenciale-ne-mal-te-zi-nga-sabri-salaj\/#webpage\",\"url\":\"https:\/\/www.visit-ulcinj.com\/blog\/2013\/02\/18\/shqiptaret-ne-zgjedhjet-presidenciale-ne-mal-te-zi-nga-sabri-salaj\/\",\"name\":\"Shqiptar\u00ebt n\u00eb zgjedhjet presidenciale n\u00eb Mal t\u00eb Zi - nga Sabri Salaj - Lajme nga Ulqini\",\"isPartOf\":{\"@id\":\"https:\/\/www.visit-ulcinj.com\/blog\/#website\"},\"primaryImageOfPage\":{\"@id\":\"https:\/\/www.visit-ulcinj.com\/blog\/2013\/02\/18\/shqiptaret-ne-zgjedhjet-presidenciale-ne-mal-te-zi-nga-sabri-salaj\/#primaryimage\"},\"datePublished\":\"2013-02-18T18:32:55+00:00\",\"dateModified\":\"2013-02-19T06:23:30+00:00\",\"author\":{\"@id\":\"https:\/\/www.visit-ulcinj.com\/blog\/#\/schema\/person\/dcab619c614d3038751c63bc2aadc06d\"},\"description\":\"Mr. Sabri Salaj N\u00eb Republiken e Malit t\u00eb Zi m\u00eb 07 prill 2013 , zhvillohen zgjedhjet p\u00ebr president\u00a0ku gara do zhvillohet nd\u00ebrmjet dy kandidat\u00ebve potencial\",\"breadcrumb\":{\"@id\":\"https:\/\/www.visit-ulcinj.com\/blog\/2013\/02\/18\/shqiptaret-ne-zgjedhjet-presidenciale-ne-mal-te-zi-nga-sabri-salaj\/#breadcrumb\"},\"inLanguage\":\"en-US\",\"potentialAction\":[{\"@type\":\"ReadAction\",\"target\":[\"https:\/\/www.visit-ulcinj.com\/blog\/2013\/02\/18\/shqiptaret-ne-zgjedhjet-presidenciale-ne-mal-te-zi-nga-sabri-salaj\/\"]}]},{\"@type\":\"BreadcrumbList\",\"@id\":\"https:\/\/www.visit-ulcinj.com\/blog\/2013\/02\/18\/shqiptaret-ne-zgjedhjet-presidenciale-ne-mal-te-zi-nga-sabri-salaj\/#breadcrumb\",\"itemListElement\":[{\"@type\":\"ListItem\",\"position\":1,\"name\":\"Shqiptar\u00ebt n\u00eb zgjedhjet presidenciale n\u00eb Mal t\u00eb Zi &#8211; nga Sabri Salaj\"}]},{\"@type\":\"Person\",\"@id\":\"https:\/\/www.visit-ulcinj.com\/blog\/#\/schema\/person\/dcab619c614d3038751c63bc2aadc06d\",\"name\":\"ulqini\",\"sameAs\":[\"http:\/\/www.visit-ulcinj.com\"],\"url\":\"https:\/\/www.visit-ulcinj.com\/blog\/author\/admin\/\"}]}<\/script>\n<!-- \/ Yoast SEO plugin. -->","yoast_head_json":{"title":"Shqiptar\u00ebt n\u00eb zgjedhjet presidenciale n\u00eb Mal t\u00eb Zi - nga Sabri Salaj - Lajme nga Ulqini","description":"Mr. Sabri Salaj N\u00eb Republiken e Malit t\u00eb Zi m\u00eb 07 prill 2013 , zhvillohen zgjedhjet p\u00ebr president\u00a0ku gara do zhvillohet nd\u00ebrmjet dy kandidat\u00ebve potencial","robots":{"index":"index","follow":"follow","max-snippet":"max-snippet:-1","max-image-preview":"max-image-preview:large","max-video-preview":"max-video-preview:-1"},"canonical":"https:\/\/www.visit-ulcinj.com\/blog\/2013\/02\/18\/shqiptaret-ne-zgjedhjet-presidenciale-ne-mal-te-zi-nga-sabri-salaj\/","og_locale":"en_US","og_type":"article","og_title":"Shqiptar\u00ebt n\u00eb zgjedhjet presidenciale n\u00eb Mal t\u00eb Zi - nga Sabri Salaj - Lajme nga Ulqini","og_description":"Mr. Sabri Salaj N\u00eb Republiken e Malit t\u00eb Zi m\u00eb 07 prill 2013 , zhvillohen zgjedhjet p\u00ebr president\u00a0ku gara do zhvillohet nd\u00ebrmjet dy kandidat\u00ebve potencial","og_url":"https:\/\/www.visit-ulcinj.com\/blog\/2013\/02\/18\/shqiptaret-ne-zgjedhjet-presidenciale-ne-mal-te-zi-nga-sabri-salaj\/","og_site_name":"Lajme nga Ulqini","article_published_time":"2013-02-18T18:32:55+00:00","article_modified_time":"2013-02-19T06:23:30+00:00","og_image":[{"url":"http:\/\/www.visit-ulcinj.com\/blog\/wp-content\/uploads\/2013\/02\/Sabri-Salaj.jpg"}],"twitter_misc":{"Written by":"ulqini","Est. reading time":"4 minutes"},"schema":{"@context":"https:\/\/schema.org","@graph":[{"@type":"WebSite","@id":"https:\/\/www.visit-ulcinj.com\/blog\/#website","url":"https:\/\/www.visit-ulcinj.com\/blog\/","name":"Lajme nga Ulqini","description":"Lajme,Vijesti,Ulqini,Ulqin,Crna Gora,Mali i Zi","potentialAction":[{"@type":"SearchAction","target":{"@type":"EntryPoint","urlTemplate":"https:\/\/www.visit-ulcinj.com\/blog\/?s={search_term_string}"},"query-input":"required name=search_term_string"}],"inLanguage":"en-US"},{"@type":"ImageObject","inLanguage":"en-US","@id":"https:\/\/www.visit-ulcinj.com\/blog\/2013\/02\/18\/shqiptaret-ne-zgjedhjet-presidenciale-ne-mal-te-zi-nga-sabri-salaj\/#primaryimage","url":"https:\/\/www.visit-ulcinj.com\/blog\/wp-content\/uploads\/2013\/02\/Sabri-Salaj.jpg","contentUrl":"https:\/\/www.visit-ulcinj.com\/blog\/wp-content\/uploads\/2013\/02\/Sabri-Salaj.jpg","width":255,"height":260},{"@type":"WebPage","@id":"https:\/\/www.visit-ulcinj.com\/blog\/2013\/02\/18\/shqiptaret-ne-zgjedhjet-presidenciale-ne-mal-te-zi-nga-sabri-salaj\/#webpage","url":"https:\/\/www.visit-ulcinj.com\/blog\/2013\/02\/18\/shqiptaret-ne-zgjedhjet-presidenciale-ne-mal-te-zi-nga-sabri-salaj\/","name":"Shqiptar\u00ebt n\u00eb zgjedhjet presidenciale n\u00eb Mal t\u00eb Zi - nga Sabri Salaj - Lajme nga Ulqini","isPartOf":{"@id":"https:\/\/www.visit-ulcinj.com\/blog\/#website"},"primaryImageOfPage":{"@id":"https:\/\/www.visit-ulcinj.com\/blog\/2013\/02\/18\/shqiptaret-ne-zgjedhjet-presidenciale-ne-mal-te-zi-nga-sabri-salaj\/#primaryimage"},"datePublished":"2013-02-18T18:32:55+00:00","dateModified":"2013-02-19T06:23:30+00:00","author":{"@id":"https:\/\/www.visit-ulcinj.com\/blog\/#\/schema\/person\/dcab619c614d3038751c63bc2aadc06d"},"description":"Mr. Sabri Salaj N\u00eb Republiken e Malit t\u00eb Zi m\u00eb 07 prill 2013 , zhvillohen zgjedhjet p\u00ebr president\u00a0ku gara do zhvillohet nd\u00ebrmjet dy kandidat\u00ebve potencial","breadcrumb":{"@id":"https:\/\/www.visit-ulcinj.com\/blog\/2013\/02\/18\/shqiptaret-ne-zgjedhjet-presidenciale-ne-mal-te-zi-nga-sabri-salaj\/#breadcrumb"},"inLanguage":"en-US","potentialAction":[{"@type":"ReadAction","target":["https:\/\/www.visit-ulcinj.com\/blog\/2013\/02\/18\/shqiptaret-ne-zgjedhjet-presidenciale-ne-mal-te-zi-nga-sabri-salaj\/"]}]},{"@type":"BreadcrumbList","@id":"https:\/\/www.visit-ulcinj.com\/blog\/2013\/02\/18\/shqiptaret-ne-zgjedhjet-presidenciale-ne-mal-te-zi-nga-sabri-salaj\/#breadcrumb","itemListElement":[{"@type":"ListItem","position":1,"name":"Shqiptar\u00ebt n\u00eb zgjedhjet presidenciale n\u00eb Mal t\u00eb Zi &#8211; nga Sabri Salaj"}]},{"@type":"Person","@id":"https:\/\/www.visit-ulcinj.com\/blog\/#\/schema\/person\/dcab619c614d3038751c63bc2aadc06d","name":"ulqini","sameAs":["http:\/\/www.visit-ulcinj.com"],"url":"https:\/\/www.visit-ulcinj.com\/blog\/author\/admin\/"}]}},"jetpack_featured_media_url":"","jetpack_sharing_enabled":true,"jetpack_shortlink":"https:\/\/wp.me\/pe6lTn-hVk","_links":{"self":[{"href":"https:\/\/www.visit-ulcinj.com\/blog\/wp-json\/wp\/v2\/posts\/68902"}],"collection":[{"href":"https:\/\/www.visit-ulcinj.com\/blog\/wp-json\/wp\/v2\/posts"}],"about":[{"href":"https:\/\/www.visit-ulcinj.com\/blog\/wp-json\/wp\/v2\/types\/post"}],"author":[{"embeddable":true,"href":"https:\/\/www.visit-ulcinj.com\/blog\/wp-json\/wp\/v2\/users\/1"}],"replies":[{"embeddable":true,"href":"https:\/\/www.visit-ulcinj.com\/blog\/wp-json\/wp\/v2\/comments?post=68902"}],"version-history":[{"count":2,"href":"https:\/\/www.visit-ulcinj.com\/blog\/wp-json\/wp\/v2\/posts\/68902\/revisions"}],"predecessor-version":[{"id":68908,"href":"https:\/\/www.visit-ulcinj.com\/blog\/wp-json\/wp\/v2\/posts\/68902\/revisions\/68908"}],"wp:attachment":[{"href":"https:\/\/www.visit-ulcinj.com\/blog\/wp-json\/wp\/v2\/media?parent=68902"}],"wp:term":[{"taxonomy":"category","embeddable":true,"href":"https:\/\/www.visit-ulcinj.com\/blog\/wp-json\/wp\/v2\/categories?post=68902"},{"taxonomy":"post_tag","embeddable":true,"href":"https:\/\/www.visit-ulcinj.com\/blog\/wp-json\/wp\/v2\/tags?post=68902"}],"curies":[{"name":"wp","href":"https:\/\/api.w.org\/{rel}","templated":true}]}}