{"id":68909,"date":"2013-02-19T16:20:05","date_gmt":"2013-02-19T15:20:05","guid":{"rendered":"http:\/\/www.visit-ulcinj.com\/blog\/?p=68909"},"modified":"2013-02-21T19:31:54","modified_gmt":"2013-02-21T18:31:54","slug":"otu-ja-pergatitet-per-hapjen-e-zyreve-turistike-ne-ulqin","status":"publish","type":"post","link":"https:\/\/www.visit-ulcinj.com\/blog\/2013\/02\/19\/otu-ja-pergatitet-per-hapjen-e-zyreve-turistike-ne-ulqin\/","title":{"rendered":"OTU-ja p\u00ebrgatitet p\u00ebr hapjen e zyreve turistike n\u00eb Ulqin"},"content":{"rendered":"<p><a href=\"http:\/\/www.visit-ulcinj.com\/blog\/wp-content\/uploads\/2011\/09\/Turisticka-Organizacija-Ulcinja.jpg\"><img loading=\"lazy\" class=\"alignleft  wp-image-50963\" title=\"Turisticka Organizacija Ulcinja\" alt=\"\" src=\"http:\/\/www.visit-ulcinj.com\/blog\/wp-content\/uploads\/2011\/09\/Turisticka-Organizacija-Ulcinja.jpg\" width=\"300\" height=\"200\" \/><\/a><\/p>\n<p style=\"text-align: center;\"><strong>KUVENDI I RREGULLT I OT ULQIN<\/strong><\/p>\n<p><strong>\u00a0<\/strong><\/p>\n<p>Me dat\u00ebn 18.02.2013 n\u00eb sal\u00ebn e vog\u00ebl t\u00eb Komun\u00ebs u mbajt Kuvendi i rregullt i Organizat\u00ebs Turistike. N\u00eb k\u00ebt\u00eb Kuvend jan\u00eb miratuar disa pika q\u00eb kajn\u00eb t\u00eb b\u00ebjn\u00eb me Raportin e pun\u00ebs dhe raportin finansijar p\u00ebr vitin 2012. \u00cbsht\u00eb konstatuar q\u00eb pavar\u00ebsisht problemeve dhe borxheve q\u00eb ka patur Organizata Turistike gjat\u00eb vitit 2012 ka arritur ta perfundoj\u00eb vitin me shum\u00eb sukses dhe me nj\u00eb realizim t\u00eb disa projekteve sic \u00ebsht\u00eb edhe katalogu i akomodimeve dhe Web Faqja e cila eshte duke u perfunduar n\u00eb tri gjuh\u00eb. Poashtu; organizata Turistike ka hapur edhe profilin e saj ne Facebook me emrin Tourist Board Ulcinj dhe fun page Turisticka Organizacija Ulcinj. An\u00ebtaret miratuan Planin e pun\u00ebs dhe Planin finansijar p\u00ebr vitin 2013.<br \/>\n<a href=\"http:\/\/www.visit-ulcinj.com\/blog\/wp-content\/uploads\/2013\/02\/Hapja-e-zyreve-turistike-n\u00eb-Ulqin.1.jpg\"><img loading=\"lazy\" class=\"alignleft  wp-image-68912\" alt=\"Hapja e zyreve turistike n\u00eb Ulqin.1\" src=\"http:\/\/www.visit-ulcinj.com\/blog\/wp-content\/uploads\/2013\/02\/Hapja-e-zyreve-turistike-n\u00eb-Ulqin.1.jpg\" width=\"508\" height=\"360\" \/><\/a><br \/>\nP\u00ebr k\u00ebt\u00eb vit buxheti eshte planifikuar me nj\u00eb sum\u00eb prej 376.000 eur, ku nga taksa e vendbanimit planifikohet suma prej 215.000 eur. Nje risi p\u00ebr buxhetin e Organizat\u00ebs Turistike \u00ebsht\u00eb edhe kontributi i an\u00ebtaresimit i cili p\u00ebr t\u00eb par\u00ebn her\u00eb fillohen t\u00eb paguhet nga ky vit dhe \u00ebsht\u00eb e planifikuar suma prej 35.000 eur. Gjat\u00eb t\u00ebr\u00eb vitit Organizata Turistike do t\u00eb organizoj\u00eb nj\u00eb seri t\u00eb manifestimeve dhe aktiviteteve duke filluar nga Dita e Ulqinit, festat e 1.Majit e duke vazhduar deri n\u00eb fund t\u00eb muajit shtator m\u00eb nj\u00eb q\u00ebllim t\u00eb zgjatjes s\u00eb sezonit turistik deri n\u00eb tetor. Gjat\u00eb sezonit poashtu priten edhe grupe te gazetar\u00ebve nga vendet e ndryshme ku do te kemi mundesin\u00eb t\u00eb b\u00ebjm\u00eb disa reportazhe dhe programe p\u00ebr Televizionet e huaja.<br \/>\n<a href=\"http:\/\/www.visit-ulcinj.com\/blog\/wp-content\/uploads\/2013\/02\/Hapja-e-zyreve-turistike-n\u00eb-Ulqin.jpg\"><img loading=\"lazy\" class=\"alignleft  wp-image-68911\" alt=\"Hapja e zyreve turistike n\u00eb Ulqin\" src=\"http:\/\/www.visit-ulcinj.com\/blog\/wp-content\/uploads\/2013\/02\/Hapja-e-zyreve-turistike-n\u00eb-Ulqin.jpg\" width=\"508\" height=\"300\" \/><\/a><\/p>\n<p>Nj\u00eb \u00e7eshtje e r\u00ebnd\u00ebsishme e cila \u00ebsht\u00eb aprovuar \u00ebsht\u00eb edhe vendimi i hapjes s\u00eb Birove Informativ ku Organizata Turistike n\u00eb bashk\u00ebpunim me Sekretarijatin per Urbanizem dhe me Agjensionin p\u00ebr zhvillim (UPIN), ka caktuar lokalitet e k\u00ebtyre birove gjegj\u00ebsisht ka ber\u00eb projektimin e tyre. \u00cbsht\u00eb vendosur q\u00eb k\u00ebto biro t\u00eb jen\u00eb ne 4 lokacione dhe at\u00eb n\u00eb hyrje t\u00eb Ulqinit, af\u00ebr Plazhit t\u00eb vog\u00ebl, n\u00eb bulevard p\u00ebr Plazh t\u00eb madh dhe n\u00eb qend\u00ebr t\u00eb Shtojit.<br \/>\n&gt;Duhet theksuar q\u00eb t\u00eb gjith\u00eb k\u00ebto materijale duhet aprovuar edhe ne Kuvendin e Komun\u00ebs s\u00eb Ulqinit.<\/p>\n<p><strong>Sh\u00ebrbimi i Organizat\u00ebs Turistike<\/strong><\/p>\n\n\t\t<style type=\"text\/css\">\n\t\t\t#gallery-1 {\n\t\t\t\tmargin: auto;\n\t\t\t}\n\t\t\t#gallery-1 .gallery-item {\n\t\t\t\tfloat: left;\n\t\t\t\tmargin-top: 10px;\n\t\t\t\ttext-align: center;\n\t\t\t\twidth: 33%;\n\t\t\t}\n\t\t\t#gallery-1 img {\n\t\t\t\tborder: 2px solid #cfcfcf;\n\t\t\t}\n\t\t\t#gallery-1 .gallery-caption {\n\t\t\t\tmargin-left: 0;\n\t\t\t}\n\t\t\t\/* see gallery_shortcode() in wp-includes\/media.php *\/\n\t\t<\/style>\n\t\t<div id='gallery-1' class='gallery galleryid-68909 gallery-columns-3 gallery-size-thumbnail'><dl class='gallery-item'>\n\t\t\t<dt class='gallery-icon landscape'>\n\t\t\t\t<a href='https:\/\/www.visit-ulcinj.com\/blog\/2013\/02\/19\/otu-ja-pergatitet-per-hapjen-e-zyreve-turistike-ne-ulqin\/hapja-e-zyreve-turistike-ne-ulqin-4\/'><img width=\"150\" height=\"150\" src=\"https:\/\/www.visit-ulcinj.com\/blog\/wp-content\/uploads\/2013\/02\/Hapja-e-zyreve-turistike-n\u00eb-Ulqin.4-150x150.jpg\" class=\"attachment-thumbnail size-thumbnail\" alt=\"\" loading=\"lazy\" \/><\/a>\n\t\t\t<\/dt><\/dl><dl class='gallery-item'>\n\t\t\t<dt class='gallery-icon landscape'>\n\t\t\t\t<a href='https:\/\/www.visit-ulcinj.com\/blog\/2013\/02\/19\/otu-ja-pergatitet-per-hapjen-e-zyreve-turistike-ne-ulqin\/hapja-e-zyreve-turistike-ne-ulqin-6\/'><img width=\"150\" height=\"150\" src=\"https:\/\/www.visit-ulcinj.com\/blog\/wp-content\/uploads\/2013\/02\/Hapja-e-zyreve-turistike-n\u00eb-Ulqin.6-150x150.jpg\" class=\"attachment-thumbnail size-thumbnail\" alt=\"\" loading=\"lazy\" \/><\/a>\n\t\t\t<\/dt><\/dl><dl class='gallery-item'>\n\t\t\t<dt class='gallery-icon landscape'>\n\t\t\t\t<a href='https:\/\/www.visit-ulcinj.com\/blog\/2013\/02\/19\/otu-ja-pergatitet-per-hapjen-e-zyreve-turistike-ne-ulqin\/hapja-e-zyreve-turistike-ne-ulqin-5\/'><img width=\"150\" height=\"150\" src=\"https:\/\/www.visit-ulcinj.com\/blog\/wp-content\/uploads\/2013\/02\/Hapja-e-zyreve-turistike-n\u00eb-Ulqin.5-150x150.jpg\" class=\"attachment-thumbnail size-thumbnail\" alt=\"\" loading=\"lazy\" \/><\/a>\n\t\t\t<\/dt><\/dl><br style=\"clear: both\" \/><dl class='gallery-item'>\n\t\t\t<dt class='gallery-icon landscape'>\n\t\t\t\t<a href='https:\/\/www.visit-ulcinj.com\/blog\/2013\/02\/19\/otu-ja-pergatitet-per-hapjen-e-zyreve-turistike-ne-ulqin\/hapja-e-zyreve-turistike-ne-ulqin-2\/'><img width=\"150\" height=\"150\" src=\"https:\/\/www.visit-ulcinj.com\/blog\/wp-content\/uploads\/2013\/02\/Hapja-e-zyreve-turistike-n\u00eb-Ulqin.2-150x150.jpg\" class=\"attachment-thumbnail size-thumbnail\" alt=\"\" loading=\"lazy\" \/><\/a>\n\t\t\t<\/dt><\/dl><dl class='gallery-item'>\n\t\t\t<dt class='gallery-icon landscape'>\n\t\t\t\t<a href='https:\/\/www.visit-ulcinj.com\/blog\/2013\/02\/19\/otu-ja-pergatitet-per-hapjen-e-zyreve-turistike-ne-ulqin\/hapja-e-zyreve-turistike-ne-ulqin-1\/'><img width=\"150\" height=\"150\" src=\"https:\/\/www.visit-ulcinj.com\/blog\/wp-content\/uploads\/2013\/02\/Hapja-e-zyreve-turistike-n\u00eb-Ulqin.1-150x150.jpg\" class=\"attachment-thumbnail size-thumbnail\" alt=\"\" loading=\"lazy\" \/><\/a>\n\t\t\t<\/dt><\/dl><dl class='gallery-item'>\n\t\t\t<dt class='gallery-icon landscape'>\n\t\t\t\t<a href='https:\/\/www.visit-ulcinj.com\/blog\/2013\/02\/19\/otu-ja-pergatitet-per-hapjen-e-zyreve-turistike-ne-ulqin\/hapja-e-zyreve-turistike-ne-ulqin-3\/'><img width=\"150\" height=\"150\" src=\"https:\/\/www.visit-ulcinj.com\/blog\/wp-content\/uploads\/2013\/02\/Hapja-e-zyreve-turistike-n\u00eb-Ulqin.3-150x150.jpg\" class=\"attachment-thumbnail size-thumbnail\" alt=\"\" loading=\"lazy\" \/><\/a>\n\t\t\t<\/dt><\/dl><br style=\"clear: both\" \/>\n\t\t<\/div>\n\n","protected":false},"excerpt":{"rendered":"<p>KUVENDI I RREGULLT I OT ULQIN \u00a0 Me dat\u00ebn 18.02.2013 n\u00eb sal\u00ebn e vog\u00ebl t\u00eb Komun\u00ebs u mbajt Kuvendi i rregullt i Organizat\u00ebs Turistike. N\u00eb k\u00ebt\u00eb Kuvend jan\u00eb miratuar disa pika q\u00eb kajn\u00eb t\u00eb b\u00ebjn\u00eb me Raportin e pun\u00ebs dhe raportin finansijar p\u00ebr vitin 2012. \u00cbsht\u00eb konstatuar q\u00eb pavar\u00ebsisht problemeve dhe borxheve q\u00eb ka patur [&hellip;]<\/p>\n","protected":false},"author":1,"featured_media":0,"comment_status":"open","ping_status":"closed","sticky":false,"template":"","format":"standard","meta":{"spay_email":"","jetpack_publicize_message":"","jetpack_is_tweetstorm":false,"jetpack_publicize_feature_enabled":true},"categories":[1,15],"tags":[21885,17703],"jetpack_publicize_connections":[],"yoast_head":"<!-- This site is optimized with the Yoast SEO plugin v19.1 - https:\/\/yoast.com\/wordpress\/plugins\/seo\/ -->\n<title>OTU-ja p\u00ebrgatitet p\u00ebr hapjen e zyreve turistike n\u00eb Ulqin - Lajme nga Ulqini<\/title>\n<meta name=\"description\" content=\"KUVENDI I RREGULLT I OT ULQIN \u00a0 Me dat\u00ebn 18.02.2013 n\u00eb sal\u00ebn e vog\u00ebl t\u00eb Komun\u00ebs u mbajt Kuvendi i rregullt i Organizat\u00ebs Turistike. N\u00eb k\u00ebt\u00eb Kuvend jan\u00eb\" \/>\n<meta name=\"robots\" content=\"index, follow, max-snippet:-1, max-image-preview:large, max-video-preview:-1\" \/>\n<link rel=\"canonical\" href=\"https:\/\/www.visit-ulcinj.com\/blog\/2013\/02\/19\/otu-ja-pergatitet-per-hapjen-e-zyreve-turistike-ne-ulqin\/\" \/>\n<meta property=\"og:locale\" content=\"en_US\" \/>\n<meta property=\"og:type\" content=\"article\" \/>\n<meta property=\"og:title\" content=\"OTU-ja p\u00ebrgatitet p\u00ebr hapjen e zyreve turistike n\u00eb Ulqin - Lajme nga Ulqini\" \/>\n<meta property=\"og:description\" content=\"KUVENDI I RREGULLT I OT ULQIN \u00a0 Me dat\u00ebn 18.02.2013 n\u00eb sal\u00ebn e vog\u00ebl t\u00eb Komun\u00ebs u mbajt Kuvendi i rregullt i Organizat\u00ebs Turistike. N\u00eb k\u00ebt\u00eb Kuvend jan\u00eb\" \/>\n<meta property=\"og:url\" content=\"https:\/\/www.visit-ulcinj.com\/blog\/2013\/02\/19\/otu-ja-pergatitet-per-hapjen-e-zyreve-turistike-ne-ulqin\/\" \/>\n<meta property=\"og:site_name\" content=\"Lajme nga Ulqini\" \/>\n<meta property=\"article:published_time\" content=\"2013-02-19T15:20:05+00:00\" \/>\n<meta property=\"article:modified_time\" content=\"2013-02-21T18:31:54+00:00\" \/>\n<meta property=\"og:image\" content=\"https:\/\/www.visit-ulcinj.com\/blog\/wp-content\/uploads\/2013\/02\/Hapja-e-zyreve-turistike-n\u00eb-Ulqin.4-150x150.jpg\" \/>\n<meta name=\"twitter:label1\" content=\"Written by\" \/>\n\t<meta name=\"twitter:data1\" content=\"ulqini\" \/>\n\t<meta name=\"twitter:label2\" content=\"Est. reading time\" \/>\n\t<meta name=\"twitter:data2\" content=\"2 minutes\" \/>\n<script type=\"application\/ld+json\" class=\"yoast-schema-graph\">{\"@context\":\"https:\/\/schema.org\",\"@graph\":[{\"@type\":\"WebSite\",\"@id\":\"https:\/\/www.visit-ulcinj.com\/blog\/#website\",\"url\":\"https:\/\/www.visit-ulcinj.com\/blog\/\",\"name\":\"Lajme nga Ulqini\",\"description\":\"Lajme,Vijesti,Ulqini,Ulqin,Crna Gora,Mali i Zi\",\"potentialAction\":[{\"@type\":\"SearchAction\",\"target\":{\"@type\":\"EntryPoint\",\"urlTemplate\":\"https:\/\/www.visit-ulcinj.com\/blog\/?s={search_term_string}\"},\"query-input\":\"required name=search_term_string\"}],\"inLanguage\":\"en-US\"},{\"@type\":\"ImageObject\",\"inLanguage\":\"en-US\",\"@id\":\"https:\/\/www.visit-ulcinj.com\/blog\/2013\/02\/19\/otu-ja-pergatitet-per-hapjen-e-zyreve-turistike-ne-ulqin\/#primaryimage\",\"url\":\"https:\/\/www.visit-ulcinj.com\/blog\/wp-content\/uploads\/2011\/09\/Turisticka-Organizacija-Ulcinja.jpg\",\"contentUrl\":\"https:\/\/www.visit-ulcinj.com\/blog\/wp-content\/uploads\/2011\/09\/Turisticka-Organizacija-Ulcinja.jpg\",\"width\":\"1000\",\"height\":\"496\"},{\"@type\":\"WebPage\",\"@id\":\"https:\/\/www.visit-ulcinj.com\/blog\/2013\/02\/19\/otu-ja-pergatitet-per-hapjen-e-zyreve-turistike-ne-ulqin\/#webpage\",\"url\":\"https:\/\/www.visit-ulcinj.com\/blog\/2013\/02\/19\/otu-ja-pergatitet-per-hapjen-e-zyreve-turistike-ne-ulqin\/\",\"name\":\"OTU-ja p\u00ebrgatitet p\u00ebr hapjen e zyreve turistike n\u00eb Ulqin - Lajme nga Ulqini\",\"isPartOf\":{\"@id\":\"https:\/\/www.visit-ulcinj.com\/blog\/#website\"},\"primaryImageOfPage\":{\"@id\":\"https:\/\/www.visit-ulcinj.com\/blog\/2013\/02\/19\/otu-ja-pergatitet-per-hapjen-e-zyreve-turistike-ne-ulqin\/#primaryimage\"},\"datePublished\":\"2013-02-19T15:20:05+00:00\",\"dateModified\":\"2013-02-21T18:31:54+00:00\",\"author\":{\"@id\":\"https:\/\/www.visit-ulcinj.com\/blog\/#\/schema\/person\/dcab619c614d3038751c63bc2aadc06d\"},\"description\":\"KUVENDI I RREGULLT I OT ULQIN \u00a0 Me dat\u00ebn 18.02.2013 n\u00eb sal\u00ebn e vog\u00ebl t\u00eb Komun\u00ebs u mbajt Kuvendi i rregullt i Organizat\u00ebs Turistike. N\u00eb k\u00ebt\u00eb Kuvend jan\u00eb\",\"breadcrumb\":{\"@id\":\"https:\/\/www.visit-ulcinj.com\/blog\/2013\/02\/19\/otu-ja-pergatitet-per-hapjen-e-zyreve-turistike-ne-ulqin\/#breadcrumb\"},\"inLanguage\":\"en-US\",\"potentialAction\":[{\"@type\":\"ReadAction\",\"target\":[\"https:\/\/www.visit-ulcinj.com\/blog\/2013\/02\/19\/otu-ja-pergatitet-per-hapjen-e-zyreve-turistike-ne-ulqin\/\"]}]},{\"@type\":\"BreadcrumbList\",\"@id\":\"https:\/\/www.visit-ulcinj.com\/blog\/2013\/02\/19\/otu-ja-pergatitet-per-hapjen-e-zyreve-turistike-ne-ulqin\/#breadcrumb\",\"itemListElement\":[{\"@type\":\"ListItem\",\"position\":1,\"name\":\"OTU-ja p\u00ebrgatitet p\u00ebr hapjen e zyreve turistike n\u00eb Ulqin\"}]},{\"@type\":\"Person\",\"@id\":\"https:\/\/www.visit-ulcinj.com\/blog\/#\/schema\/person\/dcab619c614d3038751c63bc2aadc06d\",\"name\":\"ulqini\",\"sameAs\":[\"http:\/\/www.visit-ulcinj.com\"],\"url\":\"https:\/\/www.visit-ulcinj.com\/blog\/author\/admin\/\"}]}<\/script>\n<!-- \/ Yoast SEO plugin. -->","yoast_head_json":{"title":"OTU-ja p\u00ebrgatitet p\u00ebr hapjen e zyreve turistike n\u00eb Ulqin - Lajme nga Ulqini","description":"KUVENDI I RREGULLT I OT ULQIN \u00a0 Me dat\u00ebn 18.02.2013 n\u00eb sal\u00ebn e vog\u00ebl t\u00eb Komun\u00ebs u mbajt Kuvendi i rregullt i Organizat\u00ebs Turistike. N\u00eb k\u00ebt\u00eb Kuvend jan\u00eb","robots":{"index":"index","follow":"follow","max-snippet":"max-snippet:-1","max-image-preview":"max-image-preview:large","max-video-preview":"max-video-preview:-1"},"canonical":"https:\/\/www.visit-ulcinj.com\/blog\/2013\/02\/19\/otu-ja-pergatitet-per-hapjen-e-zyreve-turistike-ne-ulqin\/","og_locale":"en_US","og_type":"article","og_title":"OTU-ja p\u00ebrgatitet p\u00ebr hapjen e zyreve turistike n\u00eb Ulqin - Lajme nga Ulqini","og_description":"KUVENDI I RREGULLT I OT ULQIN \u00a0 Me dat\u00ebn 18.02.2013 n\u00eb sal\u00ebn e vog\u00ebl t\u00eb Komun\u00ebs u mbajt Kuvendi i rregullt i Organizat\u00ebs Turistike. N\u00eb k\u00ebt\u00eb Kuvend jan\u00eb","og_url":"https:\/\/www.visit-ulcinj.com\/blog\/2013\/02\/19\/otu-ja-pergatitet-per-hapjen-e-zyreve-turistike-ne-ulqin\/","og_site_name":"Lajme nga Ulqini","article_published_time":"2013-02-19T15:20:05+00:00","article_modified_time":"2013-02-21T18:31:54+00:00","og_image":[{"url":"https:\/\/www.visit-ulcinj.com\/blog\/wp-content\/uploads\/2013\/02\/Hapja-e-zyreve-turistike-n\u00eb-Ulqin.4-150x150.jpg"}],"twitter_misc":{"Written by":"ulqini","Est. reading time":"2 minutes"},"schema":{"@context":"https:\/\/schema.org","@graph":[{"@type":"WebSite","@id":"https:\/\/www.visit-ulcinj.com\/blog\/#website","url":"https:\/\/www.visit-ulcinj.com\/blog\/","name":"Lajme nga Ulqini","description":"Lajme,Vijesti,Ulqini,Ulqin,Crna Gora,Mali i Zi","potentialAction":[{"@type":"SearchAction","target":{"@type":"EntryPoint","urlTemplate":"https:\/\/www.visit-ulcinj.com\/blog\/?s={search_term_string}"},"query-input":"required name=search_term_string"}],"inLanguage":"en-US"},{"@type":"ImageObject","inLanguage":"en-US","@id":"https:\/\/www.visit-ulcinj.com\/blog\/2013\/02\/19\/otu-ja-pergatitet-per-hapjen-e-zyreve-turistike-ne-ulqin\/#primaryimage","url":"https:\/\/www.visit-ulcinj.com\/blog\/wp-content\/uploads\/2011\/09\/Turisticka-Organizacija-Ulcinja.jpg","contentUrl":"https:\/\/www.visit-ulcinj.com\/blog\/wp-content\/uploads\/2011\/09\/Turisticka-Organizacija-Ulcinja.jpg","width":"1000","height":"496"},{"@type":"WebPage","@id":"https:\/\/www.visit-ulcinj.com\/blog\/2013\/02\/19\/otu-ja-pergatitet-per-hapjen-e-zyreve-turistike-ne-ulqin\/#webpage","url":"https:\/\/www.visit-ulcinj.com\/blog\/2013\/02\/19\/otu-ja-pergatitet-per-hapjen-e-zyreve-turistike-ne-ulqin\/","name":"OTU-ja p\u00ebrgatitet p\u00ebr hapjen e zyreve turistike n\u00eb Ulqin - Lajme nga Ulqini","isPartOf":{"@id":"https:\/\/www.visit-ulcinj.com\/blog\/#website"},"primaryImageOfPage":{"@id":"https:\/\/www.visit-ulcinj.com\/blog\/2013\/02\/19\/otu-ja-pergatitet-per-hapjen-e-zyreve-turistike-ne-ulqin\/#primaryimage"},"datePublished":"2013-02-19T15:20:05+00:00","dateModified":"2013-02-21T18:31:54+00:00","author":{"@id":"https:\/\/www.visit-ulcinj.com\/blog\/#\/schema\/person\/dcab619c614d3038751c63bc2aadc06d"},"description":"KUVENDI I RREGULLT I OT ULQIN \u00a0 Me dat\u00ebn 18.02.2013 n\u00eb sal\u00ebn e vog\u00ebl t\u00eb Komun\u00ebs u mbajt Kuvendi i rregullt i Organizat\u00ebs Turistike. N\u00eb k\u00ebt\u00eb Kuvend jan\u00eb","breadcrumb":{"@id":"https:\/\/www.visit-ulcinj.com\/blog\/2013\/02\/19\/otu-ja-pergatitet-per-hapjen-e-zyreve-turistike-ne-ulqin\/#breadcrumb"},"inLanguage":"en-US","potentialAction":[{"@type":"ReadAction","target":["https:\/\/www.visit-ulcinj.com\/blog\/2013\/02\/19\/otu-ja-pergatitet-per-hapjen-e-zyreve-turistike-ne-ulqin\/"]}]},{"@type":"BreadcrumbList","@id":"https:\/\/www.visit-ulcinj.com\/blog\/2013\/02\/19\/otu-ja-pergatitet-per-hapjen-e-zyreve-turistike-ne-ulqin\/#breadcrumb","itemListElement":[{"@type":"ListItem","position":1,"name":"OTU-ja p\u00ebrgatitet p\u00ebr hapjen e zyreve turistike n\u00eb Ulqin"}]},{"@type":"Person","@id":"https:\/\/www.visit-ulcinj.com\/blog\/#\/schema\/person\/dcab619c614d3038751c63bc2aadc06d","name":"ulqini","sameAs":["http:\/\/www.visit-ulcinj.com"],"url":"https:\/\/www.visit-ulcinj.com\/blog\/author\/admin\/"}]}},"jetpack_featured_media_url":"","jetpack_sharing_enabled":true,"jetpack_shortlink":"https:\/\/wp.me\/pe6lTn-hVr","_links":{"self":[{"href":"https:\/\/www.visit-ulcinj.com\/blog\/wp-json\/wp\/v2\/posts\/68909"}],"collection":[{"href":"https:\/\/www.visit-ulcinj.com\/blog\/wp-json\/wp\/v2\/posts"}],"about":[{"href":"https:\/\/www.visit-ulcinj.com\/blog\/wp-json\/wp\/v2\/types\/post"}],"author":[{"embeddable":true,"href":"https:\/\/www.visit-ulcinj.com\/blog\/wp-json\/wp\/v2\/users\/1"}],"replies":[{"embeddable":true,"href":"https:\/\/www.visit-ulcinj.com\/blog\/wp-json\/wp\/v2\/comments?post=68909"}],"version-history":[{"count":3,"href":"https:\/\/www.visit-ulcinj.com\/blog\/wp-json\/wp\/v2\/posts\/68909\/revisions"}],"predecessor-version":[{"id":68919,"href":"https:\/\/www.visit-ulcinj.com\/blog\/wp-json\/wp\/v2\/posts\/68909\/revisions\/68919"}],"wp:attachment":[{"href":"https:\/\/www.visit-ulcinj.com\/blog\/wp-json\/wp\/v2\/media?parent=68909"}],"wp:term":[{"taxonomy":"category","embeddable":true,"href":"https:\/\/www.visit-ulcinj.com\/blog\/wp-json\/wp\/v2\/categories?post=68909"},{"taxonomy":"post_tag","embeddable":true,"href":"https:\/\/www.visit-ulcinj.com\/blog\/wp-json\/wp\/v2\/tags?post=68909"}],"curies":[{"name":"wp","href":"https:\/\/api.w.org\/{rel}","templated":true}]}}