{"id":68951,"date":"2013-02-20T14:07:09","date_gmt":"2013-02-20T13:07:09","guid":{"rendered":"http:\/\/www.visit-ulcinj.com\/blog\/?p=68951"},"modified":"2013-02-20T14:07:31","modified_gmt":"2013-02-20T13:07:31","slug":"nazif-cungu-takoi-delegacionin-e-komunes-llukavac","status":"publish","type":"post","link":"https:\/\/www.visit-ulcinj.com\/blog\/2013\/02\/20\/nazif-cungu-takoi-delegacionin-e-komunes-llukavac\/","title":{"rendered":"Nazif Cungu takoi delegacionin e Komun\u00ebs Llukavac"},"content":{"rendered":"<p><span style=\"color: #000000;\"><strong><a href=\"http:\/\/www.visit-ulcinj.com\/blog\/wp-content\/uploads\/2013\/02\/Nazif-Cungu-Dzevada-Mujkic-Izet-Nuhanovic-Ulcinj1.jpg\"><img loading=\"lazy\" class=\"alignleft  wp-image-68952\" alt=\"Nazif Cungu-Dzevada Mujkic-Izet Nuhanovic-Ulcinj\" src=\"http:\/\/www.visit-ulcinj.com\/blog\/wp-content\/uploads\/2013\/02\/Nazif-Cungu-Dzevada-Mujkic-Izet-Nuhanovic-Ulcinj1.jpg\" width=\"508\" height=\"360\" \/><\/a>Kryetari i Komun\u00ebs s\u00eb Ulqinit Nazif Cungu \u00ebsht\u00eb takuar me delegacionin e Komun\u00ebs Llukavac<\/strong><\/span><\/p>\n<p><span style=\"color: #000000;\">Sot kryetari i Komun\u00ebs s\u00eb Ulqinit Nazif Cungu \u00ebsht\u00eb takuar me delegacionin e Komun\u00ebs Llukavac. N\u00eb p\u00ebrb\u00ebrje t\u00eb delegacionit nga Llukavaci p\u00ebrve\u00e7 Kryetarit t\u00eb Komun\u00ebs Xhevdet Mujkiq ka qen\u00eb i pranish\u00ebm edhe drejtori i panairit t\u00eb turizmit t\u00eb Llukavacit Izet Nuhanoviq.<\/span><br \/>\n<span style=\"color: #000000;\"> Komuna e Llukavacit \u00ebsht\u00eb komun\u00eb n\u00eb Kantonin e Tuzll\u00ebs n\u00eb Federat\u00ebn e Bosnjes dhe Hercegovin\u00ebs n\u00eb t\u00eb cil\u00ebn n\u00eb muajin maj \u00e7do vit organizohet panairi i turizmit i cili nj\u00ebherit \u00ebsht\u00eb panairi m\u00eb i r\u00ebnd\u00ebsish\u00ebm i turizmit n\u00eb BH.<br \/>\n<a href=\"http:\/\/www.visit-ulcinj.com\/blog\/wp-content\/uploads\/2013\/02\/Nazif-Cungu-Dzevada-Mujkic-Izet-Nuhanovic-Ulcinj.2.jpg\"><img loading=\"lazy\" class=\"alignleft  wp-image-68948\" alt=\"Nazif Cungu-Dzevada Mujkic-Izet Nuhanovic-Ulcinj.2\" src=\"http:\/\/www.visit-ulcinj.com\/blog\/wp-content\/uploads\/2013\/02\/Nazif-Cungu-Dzevada-Mujkic-Izet-Nuhanovic-Ulcinj.2.jpg\" width=\"508\" height=\"300\" \/><\/a><br \/>\n<\/span><\/p>\n<p><span style=\"color: #000000;\">N\u00eb takim p\u00ebrfaq\u00ebsuesit e t\u00eb dy komunave kan\u00eb analizuar mund\u00ebsin\u00eb e bashk\u00ebpunimit p\u00ebrve\u00e7 turizmit edhe n\u00eb segmente t\u00eb tjera t\u00eb ndrysh\u00ebm. Ata kan\u00eb vler\u00ebsuar q\u00eb bashk\u00ebpunimi i p\u00ebrbashk\u00ebt me Komun\u00ebn Velenje n\u00eb Slloveni ka pasur nj\u00eb r\u00ebnd\u00ebsi t\u00eb madhe, posa\u00e7\u00ebrisht n\u00eb projektet e financuar nga IPA fondet. Momentalisht tregu i BH \u00ebsht\u00eb nj\u00ebri prej m\u00eb t\u00eb r\u00ebnd\u00ebsishm\u00ebve p\u00ebr turizmin e Komun\u00ebs s\u00eb Ulqinit. Kryetari Cungu n\u00eb maj do t\u00eb marr\u00eb pjes\u00eb n\u00eb panairin e turizmit t\u00eb Llukavacit s\u00eb bashku me Organizat\u00ebn Turistike t\u00eb Ulqinit.<\/span><\/p>\n<p>&nbsp;<\/p>\n<p><span style=\"color: #000000;\"><strong>Municipality of Ulcinj \/ Op\u0161tina Ulcinj \/ Komuna e Ulqinit<\/strong><\/span><br \/>\n<span style=\"color: #000000;\"> Tel: +382 30 412 050<\/span><br \/>\n<span style=\"color: #000000;\"> Fax: +382 30 412 413<\/span><br \/>\n<span style=\"color: #000000;\"> Adresa: Bul. Skenderbeu bb, 85360 Ulcinj, MNE<\/span><\/p>\n","protected":false},"excerpt":{"rendered":"<p>Kryetari i Komun\u00ebs s\u00eb Ulqinit Nazif Cungu \u00ebsht\u00eb takuar me delegacionin e Komun\u00ebs Llukavac Sot kryetari i Komun\u00ebs s\u00eb Ulqinit Nazif Cungu \u00ebsht\u00eb takuar me delegacionin e Komun\u00ebs Llukavac. N\u00eb p\u00ebrb\u00ebrje t\u00eb delegacionit nga Llukavaci p\u00ebrve\u00e7 Kryetarit t\u00eb Komun\u00ebs Xhevdet Mujkiq ka qen\u00eb i pranish\u00ebm edhe drejtori i panairit t\u00eb turizmit t\u00eb Llukavacit Izet Nuhanoviq. [&hellip;]<\/p>\n","protected":false},"author":1,"featured_media":0,"comment_status":"open","ping_status":"closed","sticky":false,"template":"","format":"standard","meta":{"spay_email":"","jetpack_publicize_message":"","jetpack_is_tweetstorm":false,"jetpack_publicize_feature_enabled":true},"categories":[10],"tags":[200],"jetpack_publicize_connections":[],"yoast_head":"<!-- This site is optimized with the Yoast SEO plugin v19.1 - https:\/\/yoast.com\/wordpress\/plugins\/seo\/ -->\n<title>Nazif Cungu takoi delegacionin e Komun\u00ebs Llukavac - Lajme nga Ulqini<\/title>\n<meta name=\"description\" content=\"Kryetari i Komun\u00ebs s\u00eb Ulqinit Nazif Cungu \u00ebsht\u00eb takuar me delegacionin e Komun\u00ebs Llukavac Sot kryetari i Komun\u00ebs s\u00eb Ulqinit Nazif Cungu \u00ebsht\u00eb takuar me\" \/>\n<meta name=\"robots\" content=\"index, follow, max-snippet:-1, max-image-preview:large, max-video-preview:-1\" \/>\n<link rel=\"canonical\" href=\"https:\/\/www.visit-ulcinj.com\/blog\/2013\/02\/20\/nazif-cungu-takoi-delegacionin-e-komunes-llukavac\/\" \/>\n<meta property=\"og:locale\" content=\"en_US\" \/>\n<meta property=\"og:type\" content=\"article\" \/>\n<meta property=\"og:title\" content=\"Nazif Cungu takoi delegacionin e Komun\u00ebs Llukavac - Lajme nga Ulqini\" \/>\n<meta property=\"og:description\" content=\"Kryetari i Komun\u00ebs s\u00eb Ulqinit Nazif Cungu \u00ebsht\u00eb takuar me delegacionin e Komun\u00ebs Llukavac Sot kryetari i Komun\u00ebs s\u00eb Ulqinit Nazif Cungu \u00ebsht\u00eb takuar me\" \/>\n<meta property=\"og:url\" content=\"https:\/\/www.visit-ulcinj.com\/blog\/2013\/02\/20\/nazif-cungu-takoi-delegacionin-e-komunes-llukavac\/\" \/>\n<meta property=\"og:site_name\" content=\"Lajme nga Ulqini\" \/>\n<meta property=\"article:published_time\" content=\"2013-02-20T13:07:09+00:00\" \/>\n<meta property=\"article:modified_time\" content=\"2013-02-20T13:07:31+00:00\" \/>\n<meta property=\"og:image\" content=\"http:\/\/www.visit-ulcinj.com\/blog\/wp-content\/uploads\/2013\/02\/Nazif-Cungu-Dzevada-Mujkic-Izet-Nuhanovic-Ulcinj1.jpg\" \/>\n<meta name=\"twitter:label1\" content=\"Written by\" \/>\n\t<meta name=\"twitter:data1\" content=\"ulqini\" \/>\n\t<meta name=\"twitter:label2\" content=\"Est. reading time\" \/>\n\t<meta name=\"twitter:data2\" content=\"1 minute\" \/>\n<script type=\"application\/ld+json\" class=\"yoast-schema-graph\">{\"@context\":\"https:\/\/schema.org\",\"@graph\":[{\"@type\":\"WebSite\",\"@id\":\"https:\/\/www.visit-ulcinj.com\/blog\/#website\",\"url\":\"https:\/\/www.visit-ulcinj.com\/blog\/\",\"name\":\"Lajme nga Ulqini\",\"description\":\"Lajme,Vijesti,Ulqini,Ulqin,Crna Gora,Mali i Zi\",\"potentialAction\":[{\"@type\":\"SearchAction\",\"target\":{\"@type\":\"EntryPoint\",\"urlTemplate\":\"https:\/\/www.visit-ulcinj.com\/blog\/?s={search_term_string}\"},\"query-input\":\"required name=search_term_string\"}],\"inLanguage\":\"en-US\"},{\"@type\":\"ImageObject\",\"inLanguage\":\"en-US\",\"@id\":\"https:\/\/www.visit-ulcinj.com\/blog\/2013\/02\/20\/nazif-cungu-takoi-delegacionin-e-komunes-llukavac\/#primaryimage\",\"url\":\"https:\/\/www.visit-ulcinj.com\/blog\/wp-content\/uploads\/2013\/02\/Nazif-Cungu-Dzevada-Mujkic-Izet-Nuhanovic-Ulcinj1.jpg\",\"contentUrl\":\"https:\/\/www.visit-ulcinj.com\/blog\/wp-content\/uploads\/2013\/02\/Nazif-Cungu-Dzevada-Mujkic-Izet-Nuhanovic-Ulcinj1.jpg\",\"width\":640,\"height\":424},{\"@type\":\"WebPage\",\"@id\":\"https:\/\/www.visit-ulcinj.com\/blog\/2013\/02\/20\/nazif-cungu-takoi-delegacionin-e-komunes-llukavac\/#webpage\",\"url\":\"https:\/\/www.visit-ulcinj.com\/blog\/2013\/02\/20\/nazif-cungu-takoi-delegacionin-e-komunes-llukavac\/\",\"name\":\"Nazif Cungu takoi delegacionin e Komun\u00ebs Llukavac - Lajme nga Ulqini\",\"isPartOf\":{\"@id\":\"https:\/\/www.visit-ulcinj.com\/blog\/#website\"},\"primaryImageOfPage\":{\"@id\":\"https:\/\/www.visit-ulcinj.com\/blog\/2013\/02\/20\/nazif-cungu-takoi-delegacionin-e-komunes-llukavac\/#primaryimage\"},\"datePublished\":\"2013-02-20T13:07:09+00:00\",\"dateModified\":\"2013-02-20T13:07:31+00:00\",\"author\":{\"@id\":\"https:\/\/www.visit-ulcinj.com\/blog\/#\/schema\/person\/dcab619c614d3038751c63bc2aadc06d\"},\"description\":\"Kryetari i Komun\u00ebs s\u00eb Ulqinit Nazif Cungu \u00ebsht\u00eb takuar me delegacionin e Komun\u00ebs Llukavac Sot kryetari i Komun\u00ebs s\u00eb Ulqinit Nazif Cungu \u00ebsht\u00eb takuar me\",\"breadcrumb\":{\"@id\":\"https:\/\/www.visit-ulcinj.com\/blog\/2013\/02\/20\/nazif-cungu-takoi-delegacionin-e-komunes-llukavac\/#breadcrumb\"},\"inLanguage\":\"en-US\",\"potentialAction\":[{\"@type\":\"ReadAction\",\"target\":[\"https:\/\/www.visit-ulcinj.com\/blog\/2013\/02\/20\/nazif-cungu-takoi-delegacionin-e-komunes-llukavac\/\"]}]},{\"@type\":\"BreadcrumbList\",\"@id\":\"https:\/\/www.visit-ulcinj.com\/blog\/2013\/02\/20\/nazif-cungu-takoi-delegacionin-e-komunes-llukavac\/#breadcrumb\",\"itemListElement\":[{\"@type\":\"ListItem\",\"position\":1,\"name\":\"Nazif Cungu takoi delegacionin e Komun\u00ebs Llukavac\"}]},{\"@type\":\"Person\",\"@id\":\"https:\/\/www.visit-ulcinj.com\/blog\/#\/schema\/person\/dcab619c614d3038751c63bc2aadc06d\",\"name\":\"ulqini\",\"sameAs\":[\"http:\/\/www.visit-ulcinj.com\"],\"url\":\"https:\/\/www.visit-ulcinj.com\/blog\/author\/admin\/\"}]}<\/script>\n<!-- \/ Yoast SEO plugin. -->","yoast_head_json":{"title":"Nazif Cungu takoi delegacionin e Komun\u00ebs Llukavac - Lajme nga Ulqini","description":"Kryetari i Komun\u00ebs s\u00eb Ulqinit Nazif Cungu \u00ebsht\u00eb takuar me delegacionin e Komun\u00ebs Llukavac Sot kryetari i Komun\u00ebs s\u00eb Ulqinit Nazif Cungu \u00ebsht\u00eb takuar me","robots":{"index":"index","follow":"follow","max-snippet":"max-snippet:-1","max-image-preview":"max-image-preview:large","max-video-preview":"max-video-preview:-1"},"canonical":"https:\/\/www.visit-ulcinj.com\/blog\/2013\/02\/20\/nazif-cungu-takoi-delegacionin-e-komunes-llukavac\/","og_locale":"en_US","og_type":"article","og_title":"Nazif Cungu takoi delegacionin e Komun\u00ebs Llukavac - Lajme nga Ulqini","og_description":"Kryetari i Komun\u00ebs s\u00eb Ulqinit Nazif Cungu \u00ebsht\u00eb takuar me delegacionin e Komun\u00ebs Llukavac Sot kryetari i Komun\u00ebs s\u00eb Ulqinit Nazif Cungu \u00ebsht\u00eb takuar me","og_url":"https:\/\/www.visit-ulcinj.com\/blog\/2013\/02\/20\/nazif-cungu-takoi-delegacionin-e-komunes-llukavac\/","og_site_name":"Lajme nga Ulqini","article_published_time":"2013-02-20T13:07:09+00:00","article_modified_time":"2013-02-20T13:07:31+00:00","og_image":[{"url":"http:\/\/www.visit-ulcinj.com\/blog\/wp-content\/uploads\/2013\/02\/Nazif-Cungu-Dzevada-Mujkic-Izet-Nuhanovic-Ulcinj1.jpg"}],"twitter_misc":{"Written by":"ulqini","Est. reading time":"1 minute"},"schema":{"@context":"https:\/\/schema.org","@graph":[{"@type":"WebSite","@id":"https:\/\/www.visit-ulcinj.com\/blog\/#website","url":"https:\/\/www.visit-ulcinj.com\/blog\/","name":"Lajme nga Ulqini","description":"Lajme,Vijesti,Ulqini,Ulqin,Crna Gora,Mali i Zi","potentialAction":[{"@type":"SearchAction","target":{"@type":"EntryPoint","urlTemplate":"https:\/\/www.visit-ulcinj.com\/blog\/?s={search_term_string}"},"query-input":"required name=search_term_string"}],"inLanguage":"en-US"},{"@type":"ImageObject","inLanguage":"en-US","@id":"https:\/\/www.visit-ulcinj.com\/blog\/2013\/02\/20\/nazif-cungu-takoi-delegacionin-e-komunes-llukavac\/#primaryimage","url":"https:\/\/www.visit-ulcinj.com\/blog\/wp-content\/uploads\/2013\/02\/Nazif-Cungu-Dzevada-Mujkic-Izet-Nuhanovic-Ulcinj1.jpg","contentUrl":"https:\/\/www.visit-ulcinj.com\/blog\/wp-content\/uploads\/2013\/02\/Nazif-Cungu-Dzevada-Mujkic-Izet-Nuhanovic-Ulcinj1.jpg","width":640,"height":424},{"@type":"WebPage","@id":"https:\/\/www.visit-ulcinj.com\/blog\/2013\/02\/20\/nazif-cungu-takoi-delegacionin-e-komunes-llukavac\/#webpage","url":"https:\/\/www.visit-ulcinj.com\/blog\/2013\/02\/20\/nazif-cungu-takoi-delegacionin-e-komunes-llukavac\/","name":"Nazif Cungu takoi delegacionin e Komun\u00ebs Llukavac - Lajme nga Ulqini","isPartOf":{"@id":"https:\/\/www.visit-ulcinj.com\/blog\/#website"},"primaryImageOfPage":{"@id":"https:\/\/www.visit-ulcinj.com\/blog\/2013\/02\/20\/nazif-cungu-takoi-delegacionin-e-komunes-llukavac\/#primaryimage"},"datePublished":"2013-02-20T13:07:09+00:00","dateModified":"2013-02-20T13:07:31+00:00","author":{"@id":"https:\/\/www.visit-ulcinj.com\/blog\/#\/schema\/person\/dcab619c614d3038751c63bc2aadc06d"},"description":"Kryetari i Komun\u00ebs s\u00eb Ulqinit Nazif Cungu \u00ebsht\u00eb takuar me delegacionin e Komun\u00ebs Llukavac Sot kryetari i Komun\u00ebs s\u00eb Ulqinit Nazif Cungu \u00ebsht\u00eb takuar me","breadcrumb":{"@id":"https:\/\/www.visit-ulcinj.com\/blog\/2013\/02\/20\/nazif-cungu-takoi-delegacionin-e-komunes-llukavac\/#breadcrumb"},"inLanguage":"en-US","potentialAction":[{"@type":"ReadAction","target":["https:\/\/www.visit-ulcinj.com\/blog\/2013\/02\/20\/nazif-cungu-takoi-delegacionin-e-komunes-llukavac\/"]}]},{"@type":"BreadcrumbList","@id":"https:\/\/www.visit-ulcinj.com\/blog\/2013\/02\/20\/nazif-cungu-takoi-delegacionin-e-komunes-llukavac\/#breadcrumb","itemListElement":[{"@type":"ListItem","position":1,"name":"Nazif Cungu takoi delegacionin e Komun\u00ebs Llukavac"}]},{"@type":"Person","@id":"https:\/\/www.visit-ulcinj.com\/blog\/#\/schema\/person\/dcab619c614d3038751c63bc2aadc06d","name":"ulqini","sameAs":["http:\/\/www.visit-ulcinj.com"],"url":"https:\/\/www.visit-ulcinj.com\/blog\/author\/admin\/"}]}},"jetpack_featured_media_url":"","jetpack_sharing_enabled":true,"jetpack_shortlink":"https:\/\/wp.me\/pe6lTn-hW7","_links":{"self":[{"href":"https:\/\/www.visit-ulcinj.com\/blog\/wp-json\/wp\/v2\/posts\/68951"}],"collection":[{"href":"https:\/\/www.visit-ulcinj.com\/blog\/wp-json\/wp\/v2\/posts"}],"about":[{"href":"https:\/\/www.visit-ulcinj.com\/blog\/wp-json\/wp\/v2\/types\/post"}],"author":[{"embeddable":true,"href":"https:\/\/www.visit-ulcinj.com\/blog\/wp-json\/wp\/v2\/users\/1"}],"replies":[{"embeddable":true,"href":"https:\/\/www.visit-ulcinj.com\/blog\/wp-json\/wp\/v2\/comments?post=68951"}],"version-history":[{"count":2,"href":"https:\/\/www.visit-ulcinj.com\/blog\/wp-json\/wp\/v2\/posts\/68951\/revisions"}],"predecessor-version":[{"id":68954,"href":"https:\/\/www.visit-ulcinj.com\/blog\/wp-json\/wp\/v2\/posts\/68951\/revisions\/68954"}],"wp:attachment":[{"href":"https:\/\/www.visit-ulcinj.com\/blog\/wp-json\/wp\/v2\/media?parent=68951"}],"wp:term":[{"taxonomy":"category","embeddable":true,"href":"https:\/\/www.visit-ulcinj.com\/blog\/wp-json\/wp\/v2\/categories?post=68951"},{"taxonomy":"post_tag","embeddable":true,"href":"https:\/\/www.visit-ulcinj.com\/blog\/wp-json\/wp\/v2\/tags?post=68951"}],"curies":[{"name":"wp","href":"https:\/\/api.w.org\/{rel}","templated":true}]}}